{"id":26699,"date":"2015-02-12T18:48:23","date_gmt":"2015-02-12T18:48:23","guid":{"rendered":"http:\/\/www.tvcnoticias.com.ar\/?p=26699"},"modified":"2015-02-12T18:48:23","modified_gmt":"2015-02-12T18:48:23","slug":"ramon-flores-de-del-po-una-abuela-centenaria-video-del-programa-opiniones","status":"publish","type":"post","link":"https:\/\/www.celttv.com.ar\/index.php\/2015\/02\/12\/ramon-flores-de-del-po-una-abuela-centenaria-video-del-programa-opiniones\/","title":{"rendered":"RAMONA FLORES DE DEL P\u00d3, UNA ABUELA CENTENARIA (video del programa Opiniones)"},"content":{"rendered":"<p><a href=\"https:\/\/www.youtube.com\/watch?v=gceVN1g5Cyc\">httpv:\/\/www.youtube.com\/watch?v=gceVN1g5Cyc<\/a><\/p>\n<p>Ramona Flores de Del P\u00f3 cumpli\u00f3 el pasado mi\u00e9rcoles 11 de febrero sus \u201cj\u00f3venes\u201d 100 a\u00f1os.<\/p>\n<p>Vitalidad, de sonrisa permanente, nunca enojada&#8230; y una envidiable memoria que le permite desplegar sin inconvenientes todas las p\u00e1ginas de su historia centenaria donde hubo momentos muy buenos y tambi\u00e9n de los otros.., de los cuales supo reponerse con total entereza&#8230;<\/p>\n<p>Se desempe\u00f1\u00f3 como enfermera del Hospital Municipal, trabaj\u00f3 como personal de maestranza en la Cooperativa El\u00e9ctrica de Tornquist, limpi\u00f3 casas, cuid\u00f3 chicos&#8230; y \u201cnunca me fui enojada de ning\u00fan trabajo\u201d recuerda con orgullo.\u00a0 Un ejemplo de vida sustentado en el respeto y la honestidad. \u201cNo ten\u00edamos para comer, hab\u00eda privaciones, pero jam\u00e1s se me ocurrir\u00eda tocar nada ajeno y eso siempre se los inculqu\u00e9 a mis hijos\u201d<\/p>\n<p>Do\u00f1a Ramona fue la invitada especial del programa \u201cOpiniones\u201d, que se emite los d\u00edas mi\u00e9rcoles por Tornquist Video Cable, conducido en esta oportunidad por Marcelo Alga\u00f1araz y Miguel Herrada, \u00a0y arrib\u00f3 al estudio acompa\u00f1ada de sus hijos, nietos, bisnietos y tataranietos.<\/p>\n<p>El estudio del canal local fue mudo testigo de un programa lleno de cari\u00f1o y recuerdos, sumado a los llamados y mensajes que la gente enviaba para saludar a la centenaria abuela tornquistense.<\/p>\n<p>La Uni\u00f3n C\u00edvica Radical, representada por Silvia Pessolani y Gustavo Moroncini, entreg\u00f3 un ramo de flores a la \u201cafiliada de 100 a\u00f1os\u201d y emiti\u00f3 una resoluci\u00f3n partidaria declarando a \u201cDo\u00f1a Ramona\u201d \u201cLa Abuela del Distrito\u201d.<\/p>\n<p>La Cooperativa El\u00e9ctrica de Tornquist se hizo presente tambi\u00e9n con un ramo flores y un escrito donde homenajeaba, en nombre del consejo de administraci\u00f3n, directivos y empleado, a quien fuera empleada de la instituci\u00f3n por muchos a\u00f1os .<\/p>\n<p>En representaci\u00f3n de la instituci\u00f3n cooperativa entregaron el presente Ricardo Echevarr\u00eda y Adriana Muscillo.\u00a0 \u00a0Fabio Gonzalez result\u00f3 una de las grandes sorpresas para Ramona, ya que baj\u00f3 por la escalera del control del canal cantando, para regalarle un hermoso tango y \u201cenganchado\u201d, el feliz cumplea\u00f1os.<\/p>\n<p>El Intendente Municipal, Lic. Gustavo Trankels, en nombre de toda la comunidad, le hizo entrega de un hermoso mate que Ramona prometi\u00f3 utilizar con su familia y amistades.<\/p>\n<p>Do\u00f1a Ramona simboliza una Rosa. En su tallo, la lucha y las carencias en la vida, cuyas espinas fueron muchas veces obst\u00e1culo pero nunca impedimento para seguir luchando y al final esa flor tan Hermosa con el perfume de la \u00a0bondad y la sabidur\u00eda.<\/p>\n<p>El s\u00e1bado 21 ser\u00e1 agasajada por sus familiares en una fiesta que se realizar\u00e1 en el Centro de Jubilados.<br \/>\nNota: Miguel Herrada y Marcelo Alga\u00f1araz<\/p>\n<p>Do\u00f1a Ramona simboliza una Rosa. En su tallo, la lucha y las carencias en la vida, cuyas espinas fueron muchas veces obst\u00e1culo pero nunca impedimento para seguir luchando y al final esa flor tan Hermosa con el perfume de la\u00a0 bondad y la sabidur\u00eda.<\/p>\n<p>El s\u00e1bado 21 ser\u00e1 agasajada por sus familiares en una fiesta que se realizar\u00e1 en el Centro de Jubilados.<\/p>\n<p>Nota: Marcelo Alga\u00f1araz y Miguel Herrada<\/p>\n<p>Video del programa Opiniones:<\/p>\n<p>Operador: Fernando Baleix<\/p>\n<p>C\u00e1maras: German Svirch<\/p>\n<p>&nbsp;<\/p>\n","protected":false},"excerpt":{"rendered":"<p>httpv:\/\/www.youtube.com\/watch?v=gceVN1g5Cyc Ramona Flores de Del P\u00f3 cumpli\u00f3 el pasado mi\u00e9rcoles 11 de febrero sus \u201cj\u00f3venes\u201d 100 a\u00f1os. Vitalidad, de sonrisa permanente, nunca enojada&#8230; y una envidiable memoria que le permite desplegar sin inconvenientes todas las p\u00e1ginas de su historia centenaria donde hubo momentos muy buenos y tambi\u00e9n de los otros.., de los cuales supo reponerse [&hellip;]<\/p>\n","protected":false},"author":1,"featured_media":0,"comment_status":"closed","ping_status":"open","sticky":false,"template":"","format":"standard","meta":{"footnotes":""},"categories":[51,52,95,64],"tags":[],"class_list":["post-26699","post","type-post","status-publish","format-standard","hentry","category-comunidad","category-destacadas","category-opiniones","category-videos-destacados"],"yoast_head":"<!-- This site is optimized with the Yoast SEO plugin v19.7.1 - https:\/\/yoast.com\/wordpress\/plugins\/seo\/ -->\n<title>RAMONA FLORES DE DEL P\u00d3, UNA ABUELA CENTENARIA (video del programa Opiniones) - CELTTV<\/title>\n<meta name=\"description\" content=\"Sitio web de noticias de la localidad de Tornquist, provincia de Buenos Aires, Rep\u00fablica Argentina. Contenido propio originado por periodistas de CELTTV, el canal de TV local de la Cooperativa El\u00e9ctrica de Tornquist. Turismo, Pol\u00edtica, Sociedad, Deporte, Cultura y todo el contenido de inter\u00e9s general que la gente del pueblo y la regi\u00f3n debe conocer.\" \/>\n<meta name=\"robots\" content=\"index, follow, max-snippet:-1, max-image-preview:large, max-video-preview:-1\" \/>\n<link rel=\"canonical\" href=\"https:\/\/www.celttv.com.ar\/index.php\/2015\/02\/12\/ramon-flores-de-del-po-una-abuela-centenaria-video-del-programa-opiniones\/\" \/>\n<meta property=\"og:locale\" content=\"es_ES\" \/>\n<meta property=\"og:type\" content=\"article\" \/>\n<meta property=\"og:title\" content=\"RAMONA FLORES DE DEL P\u00d3, UNA ABUELA CENTENARIA (video del programa Opiniones) - CELTTV\" \/>\n<meta property=\"og:description\" content=\"Sitio web de noticias de la localidad de Tornquist, provincia de Buenos Aires, Rep\u00fablica Argentina. Contenido propio originado por periodistas de CELTTV, el canal de TV local de la Cooperativa El\u00e9ctrica de Tornquist. Turismo, Pol\u00edtica, Sociedad, Deporte, Cultura y todo el contenido de inter\u00e9s general que la gente del pueblo y la regi\u00f3n debe conocer.\" \/>\n<meta property=\"og:url\" content=\"https:\/\/www.celttv.com.ar\/index.php\/2015\/02\/12\/ramon-flores-de-del-po-una-abuela-centenaria-video-del-programa-opiniones\/\" \/>\n<meta property=\"og:site_name\" content=\"CELTTV\" \/>\n<meta property=\"article:publisher\" content=\"https:\/\/www.facebook.com\/celtTV\/\" \/>\n<meta property=\"article:published_time\" content=\"2015-02-12T18:48:23+00:00\" \/>\n<meta name=\"author\" content=\"ulises\" \/>\n<meta name=\"twitter:card\" content=\"summary_large_image\" \/>\n<meta name=\"twitter:label1\" content=\"Escrito por\" \/>\n\t<meta name=\"twitter:data1\" content=\"ulises\" \/>\n\t<meta name=\"twitter:label2\" content=\"Tiempo de lectura\" \/>\n\t<meta name=\"twitter:data2\" content=\"3 minutos\" \/>\n<script type=\"application\/ld+json\" class=\"yoast-schema-graph\">{\"@context\":\"https:\/\/schema.org\",\"@graph\":[{\"@type\":\"NewsArticle\",\"@id\":\"https:\/\/www.celttv.com.ar\/index.php\/2015\/02\/12\/ramon-flores-de-del-po-una-abuela-centenaria-video-del-programa-opiniones\/#article\",\"isPartOf\":{\"@id\":\"https:\/\/www.celttv.com.ar\/index.php\/2015\/02\/12\/ramon-flores-de-del-po-una-abuela-centenaria-video-del-programa-opiniones\/\"},\"author\":{\"name\":\"ulises\",\"@id\":\"https:\/\/www.celttv.com.ar\/#\/schema\/person\/6d99c072dba59953809c81446e9d0ace\"},\"headline\":\"RAMONA FLORES DE DEL P\u00d3, UNA ABUELA CENTENARIA (video del programa Opiniones)\",\"datePublished\":\"2015-02-12T18:48:23+00:00\",\"dateModified\":\"2015-02-12T18:48:23+00:00\",\"mainEntityOfPage\":{\"@id\":\"https:\/\/www.celttv.com.ar\/index.php\/2015\/02\/12\/ramon-flores-de-del-po-una-abuela-centenaria-video-del-programa-opiniones\/\"},\"wordCount\":550,\"publisher\":{\"@id\":\"https:\/\/www.celttv.com.ar\/#organization\"},\"articleSection\":[\"Comunidad\",\"Destacadas\",\"Opiniones\",\"Videos Destacados\"],\"inLanguage\":\"es\"},{\"@type\":\"WebPage\",\"@id\":\"https:\/\/www.celttv.com.ar\/index.php\/2015\/02\/12\/ramon-flores-de-del-po-una-abuela-centenaria-video-del-programa-opiniones\/\",\"url\":\"https:\/\/www.celttv.com.ar\/index.php\/2015\/02\/12\/ramon-flores-de-del-po-una-abuela-centenaria-video-del-programa-opiniones\/\",\"name\":\"RAMONA FLORES DE DEL P\u00d3, UNA ABUELA CENTENARIA (video del programa Opiniones) - CELTTV\",\"isPartOf\":{\"@id\":\"https:\/\/www.celttv.com.ar\/#website\"},\"datePublished\":\"2015-02-12T18:48:23+00:00\",\"dateModified\":\"2015-02-12T18:48:23+00:00\",\"description\":\"Sitio web de noticias de la localidad de Tornquist, provincia de Buenos Aires, Rep\u00fablica Argentina. Contenido propio originado por periodistas de CELTTV, el canal de TV local de la Cooperativa El\u00e9ctrica de Tornquist. Turismo, Pol\u00edtica, Sociedad, Deporte, Cultura y todo el contenido de inter\u00e9s general que la gente del pueblo y la regi\u00f3n debe conocer.\",\"breadcrumb\":{\"@id\":\"https:\/\/www.celttv.com.ar\/index.php\/2015\/02\/12\/ramon-flores-de-del-po-una-abuela-centenaria-video-del-programa-opiniones\/#breadcrumb\"},\"inLanguage\":\"es\",\"potentialAction\":[{\"@type\":\"ReadAction\",\"target\":[\"https:\/\/www.celttv.com.ar\/index.php\/2015\/02\/12\/ramon-flores-de-del-po-una-abuela-centenaria-video-del-programa-opiniones\/\"]}]},{\"@type\":\"BreadcrumbList\",\"@id\":\"https:\/\/www.celttv.com.ar\/index.php\/2015\/02\/12\/ramon-flores-de-del-po-una-abuela-centenaria-video-del-programa-opiniones\/#breadcrumb\",\"itemListElement\":[{\"@type\":\"ListItem\",\"position\":1,\"name\":\"Inicio\",\"item\":\"https:\/\/www.celttv.com.ar\/\"},{\"@type\":\"ListItem\",\"position\":2,\"name\":\"RAMONA FLORES DE DEL P\u00d3, UNA ABUELA CENTENARIA (video del programa Opiniones)\"}]},{\"@type\":\"WebSite\",\"@id\":\"https:\/\/www.celttv.com.ar\/#website\",\"url\":\"https:\/\/www.celttv.com.ar\/\",\"name\":\"CELTTV\",\"description\":\"Cooperativa El\u00e9ctrica de Tornquist\",\"publisher\":{\"@id\":\"https:\/\/www.celttv.com.ar\/#organization\"},\"potentialAction\":[{\"@type\":\"SearchAction\",\"target\":{\"@type\":\"EntryPoint\",\"urlTemplate\":\"https:\/\/www.celttv.com.ar\/?s={search_term_string}\"},\"query-input\":\"required name=search_term_string\"}],\"inLanguage\":\"es\"},{\"@type\":\"Organization\",\"@id\":\"https:\/\/www.celttv.com.ar\/#organization\",\"name\":\"CELTTV\",\"url\":\"https:\/\/www.celttv.com.ar\/\",\"sameAs\":[\"https:\/\/www.youtube.com\/channel\/UCz_oIt8Hig64Ub-EmcNPIhg\",\"https:\/\/www.facebook.com\/celtTV\/\"],\"logo\":{\"@type\":\"ImageObject\",\"inLanguage\":\"es\",\"@id\":\"https:\/\/www.celttv.com.ar\/#\/schema\/logo\/image\/\",\"url\":\"http:\/\/www.celttv.com.ar\/wp-content\/uploads\/2022\/08\/logo-1.png\",\"contentUrl\":\"http:\/\/www.celttv.com.ar\/wp-content\/uploads\/2022\/08\/logo-1.png\",\"width\":461,\"height\":159,\"caption\":\"CELTTV\"},\"image\":{\"@id\":\"https:\/\/www.celttv.com.ar\/#\/schema\/logo\/image\/\"}},{\"@type\":\"Person\",\"@id\":\"https:\/\/www.celttv.com.ar\/#\/schema\/person\/6d99c072dba59953809c81446e9d0ace\",\"name\":\"ulises\",\"image\":{\"@type\":\"ImageObject\",\"inLanguage\":\"es\",\"@id\":\"https:\/\/www.celttv.com.ar\/#\/schema\/person\/image\/\",\"url\":\"https:\/\/secure.gravatar.com\/avatar\/7f2c48bdc33b30088f941fb6082e555f2874c98e20cb159d7b92b50eadfce793?s=96&d=mm&r=g\",\"contentUrl\":\"https:\/\/secure.gravatar.com\/avatar\/7f2c48bdc33b30088f941fb6082e555f2874c98e20cb159d7b92b50eadfce793?s=96&d=mm&r=g\",\"caption\":\"ulises\"},\"sameAs\":[\"http:\/\/www.celttv.com.ar\"]}]}<\/script>\n<!-- \/ Yoast SEO plugin. -->","yoast_head_json":{"title":"RAMONA FLORES DE DEL P\u00d3, UNA ABUELA CENTENARIA (video del programa Opiniones) - CELTTV","description":"Sitio web de noticias de la localidad de Tornquist, provincia de Buenos Aires, Rep\u00fablica Argentina. Contenido propio originado por periodistas de CELTTV, el canal de TV local de la Cooperativa El\u00e9ctrica de Tornquist. Turismo, Pol\u00edtica, Sociedad, Deporte, Cultura y todo el contenido de inter\u00e9s general que la gente del pueblo y la regi\u00f3n debe conocer.","robots":{"index":"index","follow":"follow","max-snippet":"max-snippet:-1","max-image-preview":"max-image-preview:large","max-video-preview":"max-video-preview:-1"},"canonical":"https:\/\/www.celttv.com.ar\/index.php\/2015\/02\/12\/ramon-flores-de-del-po-una-abuela-centenaria-video-del-programa-opiniones\/","og_locale":"es_ES","og_type":"article","og_title":"RAMONA FLORES DE DEL P\u00d3, UNA ABUELA CENTENARIA (video del programa Opiniones) - CELTTV","og_description":"Sitio web de noticias de la localidad de Tornquist, provincia de Buenos Aires, Rep\u00fablica Argentina. Contenido propio originado por periodistas de CELTTV, el canal de TV local de la Cooperativa El\u00e9ctrica de Tornquist. Turismo, Pol\u00edtica, Sociedad, Deporte, Cultura y todo el contenido de inter\u00e9s general que la gente del pueblo y la regi\u00f3n debe conocer.","og_url":"https:\/\/www.celttv.com.ar\/index.php\/2015\/02\/12\/ramon-flores-de-del-po-una-abuela-centenaria-video-del-programa-opiniones\/","og_site_name":"CELTTV","article_publisher":"https:\/\/www.facebook.com\/celtTV\/","article_published_time":"2015-02-12T18:48:23+00:00","author":"ulises","twitter_card":"summary_large_image","twitter_misc":{"Escrito por":"ulises","Tiempo de lectura":"3 minutos"},"schema":{"@context":"https:\/\/schema.org","@graph":[{"@type":"NewsArticle","@id":"https:\/\/www.celttv.com.ar\/index.php\/2015\/02\/12\/ramon-flores-de-del-po-una-abuela-centenaria-video-del-programa-opiniones\/#article","isPartOf":{"@id":"https:\/\/www.celttv.com.ar\/index.php\/2015\/02\/12\/ramon-flores-de-del-po-una-abuela-centenaria-video-del-programa-opiniones\/"},"author":{"name":"ulises","@id":"https:\/\/www.celttv.com.ar\/#\/schema\/person\/6d99c072dba59953809c81446e9d0ace"},"headline":"RAMONA FLORES DE DEL P\u00d3, UNA ABUELA CENTENARIA (video del programa Opiniones)","datePublished":"2015-02-12T18:48:23+00:00","dateModified":"2015-02-12T18:48:23+00:00","mainEntityOfPage":{"@id":"https:\/\/www.celttv.com.ar\/index.php\/2015\/02\/12\/ramon-flores-de-del-po-una-abuela-centenaria-video-del-programa-opiniones\/"},"wordCount":550,"publisher":{"@id":"https:\/\/www.celttv.com.ar\/#organization"},"articleSection":["Comunidad","Destacadas","Opiniones","Videos Destacados"],"inLanguage":"es"},{"@type":"WebPage","@id":"https:\/\/www.celttv.com.ar\/index.php\/2015\/02\/12\/ramon-flores-de-del-po-una-abuela-centenaria-video-del-programa-opiniones\/","url":"https:\/\/www.celttv.com.ar\/index.php\/2015\/02\/12\/ramon-flores-de-del-po-una-abuela-centenaria-video-del-programa-opiniones\/","name":"RAMONA FLORES DE DEL P\u00d3, UNA ABUELA CENTENARIA (video del programa Opiniones) - CELTTV","isPartOf":{"@id":"https:\/\/www.celttv.com.ar\/#website"},"datePublished":"2015-02-12T18:48:23+00:00","dateModified":"2015-02-12T18:48:23+00:00","description":"Sitio web de noticias de la localidad de Tornquist, provincia de Buenos Aires, Rep\u00fablica Argentina. Contenido propio originado por periodistas de CELTTV, el canal de TV local de la Cooperativa El\u00e9ctrica de Tornquist. Turismo, Pol\u00edtica, Sociedad, Deporte, Cultura y todo el contenido de inter\u00e9s general que la gente del pueblo y la regi\u00f3n debe conocer.","breadcrumb":{"@id":"https:\/\/www.celttv.com.ar\/index.php\/2015\/02\/12\/ramon-flores-de-del-po-una-abuela-centenaria-video-del-programa-opiniones\/#breadcrumb"},"inLanguage":"es","potentialAction":[{"@type":"ReadAction","target":["https:\/\/www.celttv.com.ar\/index.php\/2015\/02\/12\/ramon-flores-de-del-po-una-abuela-centenaria-video-del-programa-opiniones\/"]}]},{"@type":"BreadcrumbList","@id":"https:\/\/www.celttv.com.ar\/index.php\/2015\/02\/12\/ramon-flores-de-del-po-una-abuela-centenaria-video-del-programa-opiniones\/#breadcrumb","itemListElement":[{"@type":"ListItem","position":1,"name":"Inicio","item":"https:\/\/www.celttv.com.ar\/"},{"@type":"ListItem","position":2,"name":"RAMONA FLORES DE DEL P\u00d3, UNA ABUELA CENTENARIA (video del programa Opiniones)"}]},{"@type":"WebSite","@id":"https:\/\/www.celttv.com.ar\/#website","url":"https:\/\/www.celttv.com.ar\/","name":"CELTTV","description":"Cooperativa El\u00e9ctrica de Tornquist","publisher":{"@id":"https:\/\/www.celttv.com.ar\/#organization"},"potentialAction":[{"@type":"SearchAction","target":{"@type":"EntryPoint","urlTemplate":"https:\/\/www.celttv.com.ar\/?s={search_term_string}"},"query-input":"required name=search_term_string"}],"inLanguage":"es"},{"@type":"Organization","@id":"https:\/\/www.celttv.com.ar\/#organization","name":"CELTTV","url":"https:\/\/www.celttv.com.ar\/","sameAs":["https:\/\/www.youtube.com\/channel\/UCz_oIt8Hig64Ub-EmcNPIhg","https:\/\/www.facebook.com\/celtTV\/"],"logo":{"@type":"ImageObject","inLanguage":"es","@id":"https:\/\/www.celttv.com.ar\/#\/schema\/logo\/image\/","url":"http:\/\/www.celttv.com.ar\/wp-content\/uploads\/2022\/08\/logo-1.png","contentUrl":"http:\/\/www.celttv.com.ar\/wp-content\/uploads\/2022\/08\/logo-1.png","width":461,"height":159,"caption":"CELTTV"},"image":{"@id":"https:\/\/www.celttv.com.ar\/#\/schema\/logo\/image\/"}},{"@type":"Person","@id":"https:\/\/www.celttv.com.ar\/#\/schema\/person\/6d99c072dba59953809c81446e9d0ace","name":"ulises","image":{"@type":"ImageObject","inLanguage":"es","@id":"https:\/\/www.celttv.com.ar\/#\/schema\/person\/image\/","url":"https:\/\/secure.gravatar.com\/avatar\/7f2c48bdc33b30088f941fb6082e555f2874c98e20cb159d7b92b50eadfce793?s=96&d=mm&r=g","contentUrl":"https:\/\/secure.gravatar.com\/avatar\/7f2c48bdc33b30088f941fb6082e555f2874c98e20cb159d7b92b50eadfce793?s=96&d=mm&r=g","caption":"ulises"},"sameAs":["http:\/\/www.celttv.com.ar"]}]}},"_links":{"self":[{"href":"https:\/\/www.celttv.com.ar\/index.php\/wp-json\/wp\/v2\/posts\/26699","targetHints":{"allow":["GET"]}}],"collection":[{"href":"https:\/\/www.celttv.com.ar\/index.php\/wp-json\/wp\/v2\/posts"}],"about":[{"href":"https:\/\/www.celttv.com.ar\/index.php\/wp-json\/wp\/v2\/types\/post"}],"author":[{"embeddable":true,"href":"https:\/\/www.celttv.com.ar\/index.php\/wp-json\/wp\/v2\/users\/1"}],"replies":[{"embeddable":true,"href":"https:\/\/www.celttv.com.ar\/index.php\/wp-json\/wp\/v2\/comments?post=26699"}],"version-history":[{"count":0,"href":"https:\/\/www.celttv.com.ar\/index.php\/wp-json\/wp\/v2\/posts\/26699\/revisions"}],"wp:attachment":[{"href":"https:\/\/www.celttv.com.ar\/index.php\/wp-json\/wp\/v2\/media?parent=26699"}],"wp:term":[{"taxonomy":"category","embeddable":true,"href":"https:\/\/www.celttv.com.ar\/index.php\/wp-json\/wp\/v2\/categories?post=26699"},{"taxonomy":"post_tag","embeddable":true,"href":"https:\/\/www.celttv.com.ar\/index.php\/wp-json\/wp\/v2\/tags?post=26699"}],"curies":[{"name":"wp","href":"https:\/\/api.w.org\/{rel}","templated":true}]}}