{"id":26703,"date":"2015-02-12T22:16:16","date_gmt":"2015-02-12T22:16:16","guid":{"rendered":"http:\/\/www.tvcnoticias.com.ar\/?p=26703"},"modified":"2015-02-12T22:16:16","modified_gmt":"2015-02-12T22:16:16","slug":"vecinos-del-distrito-firmaron-los-titulos-de-propiedad-de-sus-hogares","status":"publish","type":"post","link":"https:\/\/www.celttv.com.ar\/index.php\/2015\/02\/12\/vecinos-del-distrito-firmaron-los-titulos-de-propiedad-de-sus-hogares\/","title":{"rendered":"VECINOS DEL DISTRITO FIRMARON LOS TITULOS DE PROPIEDAD DE SUS HOGARES"},"content":{"rendered":"<p>Un total de 98 familias de nuestra comunidad particip\u00f3 en la tarde de hoy de un acto de escrituraci\u00f3n social, durante el cual firmaron por primera vez como propietarios de la casa que habitan junto a sus familias, mientras que otras 17 familias recibieron la correspondiente escritura de su vivienda.<\/p>\n<p>El evento se llev\u00f3 a cabo en el Teatro Municipal \u201cRodolfo Funke\u201d y fue encabezado por el intendente municipal, licenciado Gustavo Trankels; el director de Ejecuci\u00f3n del Instituto Provincial de la Vivienda, Pablo V\u00e1zquez; y el escribano adjunto superior de la Escriban\u00eda General de Gobierno de la Provincia de Buenos Aires, Gustavo Ponce.\u00a0 \u00a0\u201cEstamos contentos porque a trav\u00e9s de los distintos decretos y normativas que cre\u00f3 el gobernador Daniel Scioli podemos, trabajando juntos con el Instituto de la Vivienda y la Escriban\u00eda General de Gobierno, permitir que muchos de nuestros vecinos puedan contar con los papeles de la casa propia\u201d, se\u00f1al\u00f3 el jefe comunal.<\/p>\n<p>\u201cEsta iniciativa nos llena de alegr\u00eda porque sabemos lo importante que es para cada familia. Adem\u00e1s, se realiza de manera totalmente gratuita, y todos conocemos los costos de este tipo de tr\u00e1mites. Quiero destacar que la gente beneficiaria no tiene que viajar a La Plata, sino que son los organismos los que hacen el esfuerzo de venir hasta nuestro distrito para que puedan firmar\u201d, explic\u00f3.<\/p>\n<p>Por su parte, el escribano Ponce resalt\u00f3 que la tarea es \u201cconstante y continua\u201d.\u00a0 \u00a0\u201cGustavo tiene puesto el acento en todo lo relacionado con la regularizaci\u00f3n dominial y eso nos convoca cotidianamente para que podamos pasar por el distrito y tratar de resolver cuestiones que todav\u00eda est\u00e1n inconclusas.<\/p>\n<p>Las escrituras que se firmen hoy vuelven a La Plata, donde son inscriptas en el Registro de la Propiedad, y en aproximadamente 90 d\u00edas est\u00e1n listas para ser entregadas\u201d, asegur\u00f3.<\/p>\n<p>\u201cEste plan que venimos desarrollando con el Instituto de la Vivienda, la Municipalidad y la Subsecretar\u00eda de Tierras es un plan integral que puso en marcha el gobernador Scioli en el a\u00f1o 2007 y su mandato expreso es que tratemos de regularizar la mayor cantidad de situaciones dominiales posibles\u201d, afirm\u00f3.<\/p>\n<p>V\u00e1zquez, por su parte, destac\u00f3 el hecho de que las familias de nuestra comunidad puedan firmar las escrituras y resalt\u00f3 el alto grado de avance de las viviendas del Plan Plurianual Reconvertido, que se encuentran en proceso de adjudicaci\u00f3n.<\/p>\n<p>\u201cAdem\u00e1s de participar del acto de firma de escrituras vine a recorrer la obra de las viviendas que se est\u00e1n ejecutando y me voy muy contento con el avance de las mismas.<\/p>\n<p>Seguramente a mediados de marzo podr\u00edan estar entreg\u00e1ndose\u201d, confi\u00f3.<\/p>\n<p><a rel=\"attachment wp-att-26704\" href=\"http:\/\/www.tvcnoticias.com.ar\/?attachment_id=26704\"><img loading=\"lazy\" decoding=\"async\" class=\"aligncenter size-medium wp-image-26704\" title=\"DSCN1169 (1280x960) (Small)\" src=\"http:\/\/www.tvcnoticias.com.ar\/wp-content\/uploads\/2015\/02\/DSCN1169-1280x960-Small-450x337.jpg\" alt=\"\" width=\"450\" height=\"337\" \/><\/a><\/p>\n<p>Hay que destacar que las escrituras firmadas fueron gestionadas sin costo para los vecinos de la localidad, gracias al trabajo conjunto de la Escriban\u00eda General de Gobierno y la Municipalidad.<\/p>\n<p>&nbsp;<\/p>\n","protected":false},"excerpt":{"rendered":"<p>Un total de 98 familias de nuestra comunidad particip\u00f3 en la tarde de hoy de un acto de escrituraci\u00f3n social, durante el cual firmaron por primera vez como propietarios de la casa que habitan junto a sus familias, mientras que otras 17 familias recibieron la correspondiente escritura de su vivienda. El evento se llev\u00f3 a [&hellip;]<\/p>\n","protected":false},"author":1,"featured_media":0,"comment_status":"closed","ping_status":"open","sticky":false,"template":"","format":"standard","meta":{"footnotes":""},"categories":[51,52,53],"tags":[],"class_list":["post-26703","post","type-post","status-publish","format-standard","hentry","category-comunidad","category-destacadas","category-politica"],"yoast_head":"<!-- This site is optimized with the Yoast SEO plugin v19.7.1 - https:\/\/yoast.com\/wordpress\/plugins\/seo\/ -->\n<title>VECINOS DEL DISTRITO FIRMARON LOS TITULOS DE PROPIEDAD DE SUS HOGARES - CELTTV<\/title>\n<meta name=\"description\" content=\"Sitio web de noticias de la localidad de Tornquist, provincia de Buenos Aires, Rep\u00fablica Argentina. Contenido propio originado por periodistas de CELTTV, el canal de TV local de la Cooperativa El\u00e9ctrica de Tornquist. Turismo, Pol\u00edtica, Sociedad, Deporte, Cultura y todo el contenido de inter\u00e9s general que la gente del pueblo y la regi\u00f3n debe conocer.\" \/>\n<meta name=\"robots\" content=\"index, follow, max-snippet:-1, max-image-preview:large, max-video-preview:-1\" \/>\n<link rel=\"canonical\" href=\"https:\/\/www.celttv.com.ar\/index.php\/2015\/02\/12\/vecinos-del-distrito-firmaron-los-titulos-de-propiedad-de-sus-hogares\/\" \/>\n<meta property=\"og:locale\" content=\"es_ES\" \/>\n<meta property=\"og:type\" content=\"article\" \/>\n<meta property=\"og:title\" content=\"VECINOS DEL DISTRITO FIRMARON LOS TITULOS DE PROPIEDAD DE SUS HOGARES - CELTTV\" \/>\n<meta property=\"og:description\" content=\"Sitio web de noticias de la localidad de Tornquist, provincia de Buenos Aires, Rep\u00fablica Argentina. Contenido propio originado por periodistas de CELTTV, el canal de TV local de la Cooperativa El\u00e9ctrica de Tornquist. Turismo, Pol\u00edtica, Sociedad, Deporte, Cultura y todo el contenido de inter\u00e9s general que la gente del pueblo y la regi\u00f3n debe conocer.\" \/>\n<meta property=\"og:url\" content=\"https:\/\/www.celttv.com.ar\/index.php\/2015\/02\/12\/vecinos-del-distrito-firmaron-los-titulos-de-propiedad-de-sus-hogares\/\" \/>\n<meta property=\"og:site_name\" content=\"CELTTV\" \/>\n<meta property=\"article:publisher\" content=\"https:\/\/www.facebook.com\/celtTV\/\" \/>\n<meta property=\"article:published_time\" content=\"2015-02-12T22:16:16+00:00\" \/>\n<meta property=\"og:image\" content=\"http:\/\/www.tvcnoticias.com.ar\/wp-content\/uploads\/2015\/02\/DSCN1169-1280x960-Small-450x337.jpg\" \/>\n<meta name=\"author\" content=\"ulises\" \/>\n<meta name=\"twitter:card\" content=\"summary_large_image\" \/>\n<meta name=\"twitter:label1\" content=\"Escrito por\" \/>\n\t<meta name=\"twitter:data1\" content=\"ulises\" \/>\n\t<meta name=\"twitter:label2\" content=\"Tiempo de lectura\" \/>\n\t<meta name=\"twitter:data2\" content=\"2 minutos\" \/>\n<script type=\"application\/ld+json\" class=\"yoast-schema-graph\">{\"@context\":\"https:\/\/schema.org\",\"@graph\":[{\"@type\":\"NewsArticle\",\"@id\":\"https:\/\/www.celttv.com.ar\/index.php\/2015\/02\/12\/vecinos-del-distrito-firmaron-los-titulos-de-propiedad-de-sus-hogares\/#article\",\"isPartOf\":{\"@id\":\"https:\/\/www.celttv.com.ar\/index.php\/2015\/02\/12\/vecinos-del-distrito-firmaron-los-titulos-de-propiedad-de-sus-hogares\/\"},\"author\":{\"name\":\"ulises\",\"@id\":\"https:\/\/www.celttv.com.ar\/#\/schema\/person\/6d99c072dba59953809c81446e9d0ace\"},\"headline\":\"VECINOS DEL DISTRITO FIRMARON LOS TITULOS DE PROPIEDAD DE SUS HOGARES\",\"datePublished\":\"2015-02-12T22:16:16+00:00\",\"dateModified\":\"2015-02-12T22:16:16+00:00\",\"mainEntityOfPage\":{\"@id\":\"https:\/\/www.celttv.com.ar\/index.php\/2015\/02\/12\/vecinos-del-distrito-firmaron-los-titulos-de-propiedad-de-sus-hogares\/\"},\"wordCount\":493,\"publisher\":{\"@id\":\"https:\/\/www.celttv.com.ar\/#organization\"},\"articleSection\":[\"Comunidad\",\"Destacadas\",\"Pol\u00edtica\"],\"inLanguage\":\"es\"},{\"@type\":\"WebPage\",\"@id\":\"https:\/\/www.celttv.com.ar\/index.php\/2015\/02\/12\/vecinos-del-distrito-firmaron-los-titulos-de-propiedad-de-sus-hogares\/\",\"url\":\"https:\/\/www.celttv.com.ar\/index.php\/2015\/02\/12\/vecinos-del-distrito-firmaron-los-titulos-de-propiedad-de-sus-hogares\/\",\"name\":\"VECINOS DEL DISTRITO FIRMARON LOS TITULOS DE PROPIEDAD DE SUS HOGARES - CELTTV\",\"isPartOf\":{\"@id\":\"https:\/\/www.celttv.com.ar\/#website\"},\"datePublished\":\"2015-02-12T22:16:16+00:00\",\"dateModified\":\"2015-02-12T22:16:16+00:00\",\"description\":\"Sitio web de noticias de la localidad de Tornquist, provincia de Buenos Aires, Rep\u00fablica Argentina. Contenido propio originado por periodistas de CELTTV, el canal de TV local de la Cooperativa El\u00e9ctrica de Tornquist. Turismo, Pol\u00edtica, Sociedad, Deporte, Cultura y todo el contenido de inter\u00e9s general que la gente del pueblo y la regi\u00f3n debe conocer.\",\"breadcrumb\":{\"@id\":\"https:\/\/www.celttv.com.ar\/index.php\/2015\/02\/12\/vecinos-del-distrito-firmaron-los-titulos-de-propiedad-de-sus-hogares\/#breadcrumb\"},\"inLanguage\":\"es\",\"potentialAction\":[{\"@type\":\"ReadAction\",\"target\":[\"https:\/\/www.celttv.com.ar\/index.php\/2015\/02\/12\/vecinos-del-distrito-firmaron-los-titulos-de-propiedad-de-sus-hogares\/\"]}]},{\"@type\":\"BreadcrumbList\",\"@id\":\"https:\/\/www.celttv.com.ar\/index.php\/2015\/02\/12\/vecinos-del-distrito-firmaron-los-titulos-de-propiedad-de-sus-hogares\/#breadcrumb\",\"itemListElement\":[{\"@type\":\"ListItem\",\"position\":1,\"name\":\"Inicio\",\"item\":\"https:\/\/www.celttv.com.ar\/\"},{\"@type\":\"ListItem\",\"position\":2,\"name\":\"VECINOS DEL DISTRITO FIRMARON LOS TITULOS DE PROPIEDAD DE SUS HOGARES\"}]},{\"@type\":\"WebSite\",\"@id\":\"https:\/\/www.celttv.com.ar\/#website\",\"url\":\"https:\/\/www.celttv.com.ar\/\",\"name\":\"CELTTV\",\"description\":\"Cooperativa El\u00e9ctrica de Tornquist\",\"publisher\":{\"@id\":\"https:\/\/www.celttv.com.ar\/#organization\"},\"potentialAction\":[{\"@type\":\"SearchAction\",\"target\":{\"@type\":\"EntryPoint\",\"urlTemplate\":\"https:\/\/www.celttv.com.ar\/?s={search_term_string}\"},\"query-input\":\"required name=search_term_string\"}],\"inLanguage\":\"es\"},{\"@type\":\"Organization\",\"@id\":\"https:\/\/www.celttv.com.ar\/#organization\",\"name\":\"CELTTV\",\"url\":\"https:\/\/www.celttv.com.ar\/\",\"sameAs\":[\"https:\/\/www.youtube.com\/channel\/UCz_oIt8Hig64Ub-EmcNPIhg\",\"https:\/\/www.facebook.com\/celtTV\/\"],\"logo\":{\"@type\":\"ImageObject\",\"inLanguage\":\"es\",\"@id\":\"https:\/\/www.celttv.com.ar\/#\/schema\/logo\/image\/\",\"url\":\"http:\/\/www.celttv.com.ar\/wp-content\/uploads\/2022\/08\/logo-1.png\",\"contentUrl\":\"http:\/\/www.celttv.com.ar\/wp-content\/uploads\/2022\/08\/logo-1.png\",\"width\":461,\"height\":159,\"caption\":\"CELTTV\"},\"image\":{\"@id\":\"https:\/\/www.celttv.com.ar\/#\/schema\/logo\/image\/\"}},{\"@type\":\"Person\",\"@id\":\"https:\/\/www.celttv.com.ar\/#\/schema\/person\/6d99c072dba59953809c81446e9d0ace\",\"name\":\"ulises\",\"image\":{\"@type\":\"ImageObject\",\"inLanguage\":\"es\",\"@id\":\"https:\/\/www.celttv.com.ar\/#\/schema\/person\/image\/\",\"url\":\"https:\/\/secure.gravatar.com\/avatar\/7f2c48bdc33b30088f941fb6082e555f2874c98e20cb159d7b92b50eadfce793?s=96&d=mm&r=g\",\"contentUrl\":\"https:\/\/secure.gravatar.com\/avatar\/7f2c48bdc33b30088f941fb6082e555f2874c98e20cb159d7b92b50eadfce793?s=96&d=mm&r=g\",\"caption\":\"ulises\"},\"sameAs\":[\"http:\/\/www.celttv.com.ar\"]}]}<\/script>\n<!-- \/ Yoast SEO plugin. -->","yoast_head_json":{"title":"VECINOS DEL DISTRITO FIRMARON LOS TITULOS DE PROPIEDAD DE SUS HOGARES - CELTTV","description":"Sitio web de noticias de la localidad de Tornquist, provincia de Buenos Aires, Rep\u00fablica Argentina. Contenido propio originado por periodistas de CELTTV, el canal de TV local de la Cooperativa El\u00e9ctrica de Tornquist. Turismo, Pol\u00edtica, Sociedad, Deporte, Cultura y todo el contenido de inter\u00e9s general que la gente del pueblo y la regi\u00f3n debe conocer.","robots":{"index":"index","follow":"follow","max-snippet":"max-snippet:-1","max-image-preview":"max-image-preview:large","max-video-preview":"max-video-preview:-1"},"canonical":"https:\/\/www.celttv.com.ar\/index.php\/2015\/02\/12\/vecinos-del-distrito-firmaron-los-titulos-de-propiedad-de-sus-hogares\/","og_locale":"es_ES","og_type":"article","og_title":"VECINOS DEL DISTRITO FIRMARON LOS TITULOS DE PROPIEDAD DE SUS HOGARES - CELTTV","og_description":"Sitio web de noticias de la localidad de Tornquist, provincia de Buenos Aires, Rep\u00fablica Argentina. Contenido propio originado por periodistas de CELTTV, el canal de TV local de la Cooperativa El\u00e9ctrica de Tornquist. Turismo, Pol\u00edtica, Sociedad, Deporte, Cultura y todo el contenido de inter\u00e9s general que la gente del pueblo y la regi\u00f3n debe conocer.","og_url":"https:\/\/www.celttv.com.ar\/index.php\/2015\/02\/12\/vecinos-del-distrito-firmaron-los-titulos-de-propiedad-de-sus-hogares\/","og_site_name":"CELTTV","article_publisher":"https:\/\/www.facebook.com\/celtTV\/","article_published_time":"2015-02-12T22:16:16+00:00","og_image":[{"url":"http:\/\/www.tvcnoticias.com.ar\/wp-content\/uploads\/2015\/02\/DSCN1169-1280x960-Small-450x337.jpg"}],"author":"ulises","twitter_card":"summary_large_image","twitter_misc":{"Escrito por":"ulises","Tiempo de lectura":"2 minutos"},"schema":{"@context":"https:\/\/schema.org","@graph":[{"@type":"NewsArticle","@id":"https:\/\/www.celttv.com.ar\/index.php\/2015\/02\/12\/vecinos-del-distrito-firmaron-los-titulos-de-propiedad-de-sus-hogares\/#article","isPartOf":{"@id":"https:\/\/www.celttv.com.ar\/index.php\/2015\/02\/12\/vecinos-del-distrito-firmaron-los-titulos-de-propiedad-de-sus-hogares\/"},"author":{"name":"ulises","@id":"https:\/\/www.celttv.com.ar\/#\/schema\/person\/6d99c072dba59953809c81446e9d0ace"},"headline":"VECINOS DEL DISTRITO FIRMARON LOS TITULOS DE PROPIEDAD DE SUS HOGARES","datePublished":"2015-02-12T22:16:16+00:00","dateModified":"2015-02-12T22:16:16+00:00","mainEntityOfPage":{"@id":"https:\/\/www.celttv.com.ar\/index.php\/2015\/02\/12\/vecinos-del-distrito-firmaron-los-titulos-de-propiedad-de-sus-hogares\/"},"wordCount":493,"publisher":{"@id":"https:\/\/www.celttv.com.ar\/#organization"},"articleSection":["Comunidad","Destacadas","Pol\u00edtica"],"inLanguage":"es"},{"@type":"WebPage","@id":"https:\/\/www.celttv.com.ar\/index.php\/2015\/02\/12\/vecinos-del-distrito-firmaron-los-titulos-de-propiedad-de-sus-hogares\/","url":"https:\/\/www.celttv.com.ar\/index.php\/2015\/02\/12\/vecinos-del-distrito-firmaron-los-titulos-de-propiedad-de-sus-hogares\/","name":"VECINOS DEL DISTRITO FIRMARON LOS TITULOS DE PROPIEDAD DE SUS HOGARES - CELTTV","isPartOf":{"@id":"https:\/\/www.celttv.com.ar\/#website"},"datePublished":"2015-02-12T22:16:16+00:00","dateModified":"2015-02-12T22:16:16+00:00","description":"Sitio web de noticias de la localidad de Tornquist, provincia de Buenos Aires, Rep\u00fablica Argentina. Contenido propio originado por periodistas de CELTTV, el canal de TV local de la Cooperativa El\u00e9ctrica de Tornquist. Turismo, Pol\u00edtica, Sociedad, Deporte, Cultura y todo el contenido de inter\u00e9s general que la gente del pueblo y la regi\u00f3n debe conocer.","breadcrumb":{"@id":"https:\/\/www.celttv.com.ar\/index.php\/2015\/02\/12\/vecinos-del-distrito-firmaron-los-titulos-de-propiedad-de-sus-hogares\/#breadcrumb"},"inLanguage":"es","potentialAction":[{"@type":"ReadAction","target":["https:\/\/www.celttv.com.ar\/index.php\/2015\/02\/12\/vecinos-del-distrito-firmaron-los-titulos-de-propiedad-de-sus-hogares\/"]}]},{"@type":"BreadcrumbList","@id":"https:\/\/www.celttv.com.ar\/index.php\/2015\/02\/12\/vecinos-del-distrito-firmaron-los-titulos-de-propiedad-de-sus-hogares\/#breadcrumb","itemListElement":[{"@type":"ListItem","position":1,"name":"Inicio","item":"https:\/\/www.celttv.com.ar\/"},{"@type":"ListItem","position":2,"name":"VECINOS DEL DISTRITO FIRMARON LOS TITULOS DE PROPIEDAD DE SUS HOGARES"}]},{"@type":"WebSite","@id":"https:\/\/www.celttv.com.ar\/#website","url":"https:\/\/www.celttv.com.ar\/","name":"CELTTV","description":"Cooperativa El\u00e9ctrica de Tornquist","publisher":{"@id":"https:\/\/www.celttv.com.ar\/#organization"},"potentialAction":[{"@type":"SearchAction","target":{"@type":"EntryPoint","urlTemplate":"https:\/\/www.celttv.com.ar\/?s={search_term_string}"},"query-input":"required name=search_term_string"}],"inLanguage":"es"},{"@type":"Organization","@id":"https:\/\/www.celttv.com.ar\/#organization","name":"CELTTV","url":"https:\/\/www.celttv.com.ar\/","sameAs":["https:\/\/www.youtube.com\/channel\/UCz_oIt8Hig64Ub-EmcNPIhg","https:\/\/www.facebook.com\/celtTV\/"],"logo":{"@type":"ImageObject","inLanguage":"es","@id":"https:\/\/www.celttv.com.ar\/#\/schema\/logo\/image\/","url":"http:\/\/www.celttv.com.ar\/wp-content\/uploads\/2022\/08\/logo-1.png","contentUrl":"http:\/\/www.celttv.com.ar\/wp-content\/uploads\/2022\/08\/logo-1.png","width":461,"height":159,"caption":"CELTTV"},"image":{"@id":"https:\/\/www.celttv.com.ar\/#\/schema\/logo\/image\/"}},{"@type":"Person","@id":"https:\/\/www.celttv.com.ar\/#\/schema\/person\/6d99c072dba59953809c81446e9d0ace","name":"ulises","image":{"@type":"ImageObject","inLanguage":"es","@id":"https:\/\/www.celttv.com.ar\/#\/schema\/person\/image\/","url":"https:\/\/secure.gravatar.com\/avatar\/7f2c48bdc33b30088f941fb6082e555f2874c98e20cb159d7b92b50eadfce793?s=96&d=mm&r=g","contentUrl":"https:\/\/secure.gravatar.com\/avatar\/7f2c48bdc33b30088f941fb6082e555f2874c98e20cb159d7b92b50eadfce793?s=96&d=mm&r=g","caption":"ulises"},"sameAs":["http:\/\/www.celttv.com.ar"]}]}},"_links":{"self":[{"href":"https:\/\/www.celttv.com.ar\/index.php\/wp-json\/wp\/v2\/posts\/26703","targetHints":{"allow":["GET"]}}],"collection":[{"href":"https:\/\/www.celttv.com.ar\/index.php\/wp-json\/wp\/v2\/posts"}],"about":[{"href":"https:\/\/www.celttv.com.ar\/index.php\/wp-json\/wp\/v2\/types\/post"}],"author":[{"embeddable":true,"href":"https:\/\/www.celttv.com.ar\/index.php\/wp-json\/wp\/v2\/users\/1"}],"replies":[{"embeddable":true,"href":"https:\/\/www.celttv.com.ar\/index.php\/wp-json\/wp\/v2\/comments?post=26703"}],"version-history":[{"count":0,"href":"https:\/\/www.celttv.com.ar\/index.php\/wp-json\/wp\/v2\/posts\/26703\/revisions"}],"wp:attachment":[{"href":"https:\/\/www.celttv.com.ar\/index.php\/wp-json\/wp\/v2\/media?parent=26703"}],"wp:term":[{"taxonomy":"category","embeddable":true,"href":"https:\/\/www.celttv.com.ar\/index.php\/wp-json\/wp\/v2\/categories?post=26703"},{"taxonomy":"post_tag","embeddable":true,"href":"https:\/\/www.celttv.com.ar\/index.php\/wp-json\/wp\/v2\/tags?post=26703"}],"curies":[{"name":"wp","href":"https:\/\/api.w.org\/{rel}","templated":true}]}}