{"id":26762,"date":"2015-02-19T20:24:38","date_gmt":"2015-02-19T20:24:38","guid":{"rendered":"http:\/\/www.tvcnoticias.com.ar\/?p=26762"},"modified":"2015-02-19T20:24:38","modified_gmt":"2015-02-19T20:24:38","slug":"colorido-cierre-del-carnaval-2015","status":"publish","type":"post","link":"https:\/\/www.celttv.com.ar\/index.php\/2015\/02\/19\/colorido-cierre-del-carnaval-2015\/","title":{"rendered":"COLORIDO CIERRE DEL CARNAVAL 2015"},"content":{"rendered":"<p><a href=\"https:\/\/www.youtube.com\/watch?v=3f6G12ugxCc\">httpv:\/\/www.youtube.com\/watch?v=3f6G12ugxCc<\/a><\/p>\n<p><a href=\"https:\/\/www.youtube.com\/watch?v=cRQvC9dc1mg\">httpv:\/\/www.youtube.com\/watch?v=cRQvC9dc1mg<\/a><\/p>\n<p><a href=\"https:\/\/www.youtube.com\/watch?v=ZjX-28TyMYQ\">httpv:\/\/www.youtube.com\/watch?v=ZjX-28TyMYQ<\/a><\/p>\n<p><a href=\"https:\/\/www.youtube.com\/watch?v=om2PsARy2xg\">httpv:\/\/www.youtube.com\/watch?v=om2PsARy2xg<\/a><\/p>\n<p>Lucila Gerner, representante del Jard\u00edn de Infantes N\u00b0 901, fue electa como reina de los festejos por el Carnaval 2015 de la ciudad cabecera del distrito, que se cerraron en las primeras horas de hoy lunes y contaron con la organizaci\u00f3n de la Municipalidad de Tornquist, la Cooperadora del Hospital Municipal, instituciones y comerciantes.<\/p>\n<p>La Avenida Ernesto Tornquist, donde se concentr\u00f3 la celebraci\u00f3n que fue auspiciada por el Ministerio de Cultura de la Naci\u00f3n, se vio colmada por miles de vecinos que disfrutaron de una noche diferente y bailaron y cantaron al contagioso ritmo del grupo bahiense Kaiser Carabela.<\/p>\n<p>La flamante reina fue coronada por el intendente municipal, licenciado Gustavo Trankels. La primera princesa result\u00f3 Erika G\u00f3mez Montero (Escuela Folkl\u00f3rica Municipal) y la segunda Sof\u00eda Lacasta (Tres en Uno Eventos), mientras que Leonela Colipil (Biblioteca de Tres Picos) se convirti\u00f3 en Miss Simpat\u00eda y Mar\u00eda Jos\u00e9 Fern\u00e1ndez (Bilblioteca de Sierra de la Ventana) en Miss Elegancia.<\/p>\n<p>\u201cEstamos plenamente satisfechos por el \u00e9xito que tuvo esta convocatoria. La gente se sum\u00f3 en gran medida. Ver la alegr\u00eda de los chicos y grandes que vinieron a participar nos hace sentir satisfechos\u201d, se\u00f1al\u00f3 el intendente Trankels, quien destac\u00f3 y valor\u00f3 el trabajo de las diferentes \u00e1reas municipales que participaron en la organizaci\u00f3n.<\/p>\n<p>\u201cQuiero agradecerle a la ministra de Cultura de la Naci\u00f3n, Teresa Parodi, y su equipo de trabajo, por el apoyo recibido para la celebraci\u00f3n; a las instituciones, especialmente a la Cooperadora del Hospital Municipal, a los Bomberos Voluntarios, la C\u00e1mara de Comercio, la Cooperativa El\u00e9ctrica, la Cooperativa Obrera y las que estuvieron a cargo de los puestos gastron\u00f3micos\u201d, agreg\u00f3.<\/p>\n<p>El jefe comunal tambi\u00e9n destac\u00f3 a quienes formaron parte del desfile con carrozas, murgas o un disfraz, y a las j\u00f3venes que concursaron en la elecci\u00f3n de la reina.<\/p>\n<p>\u201cEs much\u00edsima la gente que nos dio una mano para que la fiesta resulte un \u00e9xito\u201d, dijo.<\/p>\n<p>Uno de los aspectos salientes de la organizaci\u00f3n result\u00f3 la premiaci\u00f3n para disfraces o carrozas realizadas con materiales reciclados y el canje efectuado con los tarros de espuma por parte de la Secretar\u00eda de Producci\u00f3n y Medio Ambiente.<\/p>\n<p>\u201cReconocer a esos disfraces es una forma de generar conciencia, al igual que la devoluci\u00f3n de los tarros de espuma, que son peque\u00f1eces que ayudan a que todos vayamos internalizando la necesidad de reutilizar, reciclar y reducir los residuos\u201d, explic\u00f3 Trankels.<\/p>\n<p>En cuanto a los disfraces, carrozas y comparsas, los premiados fueron los siguientes:<\/p>\n<p>&#8211;\u00a0\u00a0\u00a0\u00a0\u00a0\u00a0\u00a0\u00a0\u00a0 Carroza: 1) Mundo Magia; 2) El corsario de la alegr\u00eda.<\/p>\n<p>&#8211;\u00a0\u00a0\u00a0\u00a0\u00a0\u00a0\u00a0\u00a0\u00a0 Comparsa, murga o batucada: 1) Sonido Murguero.<\/p>\n<p>&#8211;\u00a0\u00a0\u00a0\u00a0\u00a0\u00a0\u00a0\u00a0\u00a0 Disfraz individual menor: 1) La Pantera Rosa; 2) R\u00e1pido y ruidoso; 3) El Hada; 4) La pulpera de Santa Luc\u00eda.<\/p>\n<p>&#8211;\u00a0\u00a0\u00a0\u00a0\u00a0\u00a0\u00a0\u00a0\u00a0 Disfraz individual mayor: 1) El extraterrestre; 2) La ducha loca.<\/p>\n<p>&#8211;\u00a0\u00a0\u00a0\u00a0\u00a0\u00a0\u00a0\u00a0\u00a0 Disfraz colectivo menor: 1) El pr\u00edncipe, la princesa Ecolog\u00eda y sus amigos; 2) Las payasitas; 3) El peque\u00f1o Peter Pan y la dulce Campanita.<\/p>\n<p>&#8211;\u00a0\u00a0\u00a0\u00a0\u00a0\u00a0\u00a0\u00a0\u00a0 Disfraz colectivo mayor: 1) Amigos de Molina Campos; 2) Los bailarines.<\/p>\n<p>&#8211;\u00a0\u00a0\u00a0\u00a0\u00a0\u00a0\u00a0\u00a0\u00a0 Materiales reciclados: El pr\u00edncipe, la princesa Ecolog\u00eda y sus amigos; las payasitas; el extraterrestre; Cleopatra; Mundo Magia; y los piratas del barrio norte.<\/p>\n<p>En definitiva, con las premiaciones se cerraron dos jornadas intensas, divertidas, con muy buena m\u00fasica y la masiva participaci\u00f3n de los vecinos, que invitan a continuar trabajando juntos en la misma senda.<\/p>\n<p>&nbsp;<\/p>\n","protected":false},"excerpt":{"rendered":"<p>httpv:\/\/www.youtube.com\/watch?v=3f6G12ugxCc httpv:\/\/www.youtube.com\/watch?v=cRQvC9dc1mg httpv:\/\/www.youtube.com\/watch?v=ZjX-28TyMYQ httpv:\/\/www.youtube.com\/watch?v=om2PsARy2xg Lucila Gerner, representante del Jard\u00edn de Infantes N\u00b0 901, fue electa como reina de los festejos por el Carnaval 2015 de la ciudad cabecera del distrito, que se cerraron en las primeras horas de hoy lunes y contaron con la organizaci\u00f3n de la Municipalidad de Tornquist, la Cooperadora del Hospital Municipal, [&hellip;]<\/p>\n","protected":false},"author":1,"featured_media":0,"comment_status":"closed","ping_status":"open","sticky":false,"template":"","format":"standard","meta":{"footnotes":""},"categories":[51,52,56,64],"tags":[],"class_list":["post-26762","post","type-post","status-publish","format-standard","hentry","category-comunidad","category-destacadas","category-espectaculos","category-videos-destacados"],"yoast_head":"<!-- This site is optimized with the Yoast SEO plugin v19.7.1 - https:\/\/yoast.com\/wordpress\/plugins\/seo\/ -->\n<title>COLORIDO CIERRE DEL CARNAVAL 2015 - CELTTV<\/title>\n<meta name=\"description\" content=\"Sitio web de noticias de la localidad de Tornquist, provincia de Buenos Aires, Rep\u00fablica Argentina. Contenido propio originado por periodistas de CELTTV, el canal de TV local de la Cooperativa El\u00e9ctrica de Tornquist. Turismo, Pol\u00edtica, Sociedad, Deporte, Cultura y todo el contenido de inter\u00e9s general que la gente del pueblo y la regi\u00f3n debe conocer.\" \/>\n<meta name=\"robots\" content=\"index, follow, max-snippet:-1, max-image-preview:large, max-video-preview:-1\" \/>\n<link rel=\"canonical\" href=\"https:\/\/www.celttv.com.ar\/index.php\/2015\/02\/19\/colorido-cierre-del-carnaval-2015\/\" \/>\n<meta property=\"og:locale\" content=\"es_ES\" \/>\n<meta property=\"og:type\" content=\"article\" \/>\n<meta property=\"og:title\" content=\"COLORIDO CIERRE DEL CARNAVAL 2015 - CELTTV\" \/>\n<meta property=\"og:description\" content=\"Sitio web de noticias de la localidad de Tornquist, provincia de Buenos Aires, Rep\u00fablica Argentina. Contenido propio originado por periodistas de CELTTV, el canal de TV local de la Cooperativa El\u00e9ctrica de Tornquist. Turismo, Pol\u00edtica, Sociedad, Deporte, Cultura y todo el contenido de inter\u00e9s general que la gente del pueblo y la regi\u00f3n debe conocer.\" \/>\n<meta property=\"og:url\" content=\"https:\/\/www.celttv.com.ar\/index.php\/2015\/02\/19\/colorido-cierre-del-carnaval-2015\/\" \/>\n<meta property=\"og:site_name\" content=\"CELTTV\" \/>\n<meta property=\"article:publisher\" content=\"https:\/\/www.facebook.com\/celtTV\/\" \/>\n<meta property=\"article:published_time\" content=\"2015-02-19T20:24:38+00:00\" \/>\n<meta name=\"author\" content=\"ulises\" \/>\n<meta name=\"twitter:card\" content=\"summary_large_image\" \/>\n<meta name=\"twitter:label1\" content=\"Escrito por\" \/>\n\t<meta name=\"twitter:data1\" content=\"ulises\" \/>\n\t<meta name=\"twitter:label2\" content=\"Tiempo de lectura\" \/>\n\t<meta name=\"twitter:data2\" content=\"3 minutos\" \/>\n<script type=\"application\/ld+json\" class=\"yoast-schema-graph\">{\"@context\":\"https:\/\/schema.org\",\"@graph\":[{\"@type\":\"NewsArticle\",\"@id\":\"https:\/\/www.celttv.com.ar\/index.php\/2015\/02\/19\/colorido-cierre-del-carnaval-2015\/#article\",\"isPartOf\":{\"@id\":\"https:\/\/www.celttv.com.ar\/index.php\/2015\/02\/19\/colorido-cierre-del-carnaval-2015\/\"},\"author\":{\"name\":\"ulises\",\"@id\":\"https:\/\/www.celttv.com.ar\/#\/schema\/person\/6d99c072dba59953809c81446e9d0ace\"},\"headline\":\"COLORIDO CIERRE DEL CARNAVAL 2015\",\"datePublished\":\"2015-02-19T20:24:38+00:00\",\"dateModified\":\"2015-02-19T20:24:38+00:00\",\"mainEntityOfPage\":{\"@id\":\"https:\/\/www.celttv.com.ar\/index.php\/2015\/02\/19\/colorido-cierre-del-carnaval-2015\/\"},\"wordCount\":612,\"publisher\":{\"@id\":\"https:\/\/www.celttv.com.ar\/#organization\"},\"articleSection\":[\"Comunidad\",\"Destacadas\",\"Espect\u00e1culos\",\"Videos Destacados\"],\"inLanguage\":\"es\"},{\"@type\":\"WebPage\",\"@id\":\"https:\/\/www.celttv.com.ar\/index.php\/2015\/02\/19\/colorido-cierre-del-carnaval-2015\/\",\"url\":\"https:\/\/www.celttv.com.ar\/index.php\/2015\/02\/19\/colorido-cierre-del-carnaval-2015\/\",\"name\":\"COLORIDO CIERRE DEL CARNAVAL 2015 - CELTTV\",\"isPartOf\":{\"@id\":\"https:\/\/www.celttv.com.ar\/#website\"},\"datePublished\":\"2015-02-19T20:24:38+00:00\",\"dateModified\":\"2015-02-19T20:24:38+00:00\",\"description\":\"Sitio web de noticias de la localidad de Tornquist, provincia de Buenos Aires, Rep\u00fablica Argentina. Contenido propio originado por periodistas de CELTTV, el canal de TV local de la Cooperativa El\u00e9ctrica de Tornquist. Turismo, Pol\u00edtica, Sociedad, Deporte, Cultura y todo el contenido de inter\u00e9s general que la gente del pueblo y la regi\u00f3n debe conocer.\",\"breadcrumb\":{\"@id\":\"https:\/\/www.celttv.com.ar\/index.php\/2015\/02\/19\/colorido-cierre-del-carnaval-2015\/#breadcrumb\"},\"inLanguage\":\"es\",\"potentialAction\":[{\"@type\":\"ReadAction\",\"target\":[\"https:\/\/www.celttv.com.ar\/index.php\/2015\/02\/19\/colorido-cierre-del-carnaval-2015\/\"]}]},{\"@type\":\"BreadcrumbList\",\"@id\":\"https:\/\/www.celttv.com.ar\/index.php\/2015\/02\/19\/colorido-cierre-del-carnaval-2015\/#breadcrumb\",\"itemListElement\":[{\"@type\":\"ListItem\",\"position\":1,\"name\":\"Inicio\",\"item\":\"https:\/\/www.celttv.com.ar\/\"},{\"@type\":\"ListItem\",\"position\":2,\"name\":\"COLORIDO CIERRE DEL CARNAVAL 2015\"}]},{\"@type\":\"WebSite\",\"@id\":\"https:\/\/www.celttv.com.ar\/#website\",\"url\":\"https:\/\/www.celttv.com.ar\/\",\"name\":\"CELTTV\",\"description\":\"Cooperativa El\u00e9ctrica de Tornquist\",\"publisher\":{\"@id\":\"https:\/\/www.celttv.com.ar\/#organization\"},\"potentialAction\":[{\"@type\":\"SearchAction\",\"target\":{\"@type\":\"EntryPoint\",\"urlTemplate\":\"https:\/\/www.celttv.com.ar\/?s={search_term_string}\"},\"query-input\":\"required name=search_term_string\"}],\"inLanguage\":\"es\"},{\"@type\":\"Organization\",\"@id\":\"https:\/\/www.celttv.com.ar\/#organization\",\"name\":\"CELTTV\",\"url\":\"https:\/\/www.celttv.com.ar\/\",\"sameAs\":[\"https:\/\/www.youtube.com\/channel\/UCz_oIt8Hig64Ub-EmcNPIhg\",\"https:\/\/www.facebook.com\/celtTV\/\"],\"logo\":{\"@type\":\"ImageObject\",\"inLanguage\":\"es\",\"@id\":\"https:\/\/www.celttv.com.ar\/#\/schema\/logo\/image\/\",\"url\":\"http:\/\/www.celttv.com.ar\/wp-content\/uploads\/2022\/08\/logo-1.png\",\"contentUrl\":\"http:\/\/www.celttv.com.ar\/wp-content\/uploads\/2022\/08\/logo-1.png\",\"width\":461,\"height\":159,\"caption\":\"CELTTV\"},\"image\":{\"@id\":\"https:\/\/www.celttv.com.ar\/#\/schema\/logo\/image\/\"}},{\"@type\":\"Person\",\"@id\":\"https:\/\/www.celttv.com.ar\/#\/schema\/person\/6d99c072dba59953809c81446e9d0ace\",\"name\":\"ulises\",\"image\":{\"@type\":\"ImageObject\",\"inLanguage\":\"es\",\"@id\":\"https:\/\/www.celttv.com.ar\/#\/schema\/person\/image\/\",\"url\":\"https:\/\/secure.gravatar.com\/avatar\/7f2c48bdc33b30088f941fb6082e555f2874c98e20cb159d7b92b50eadfce793?s=96&d=mm&r=g\",\"contentUrl\":\"https:\/\/secure.gravatar.com\/avatar\/7f2c48bdc33b30088f941fb6082e555f2874c98e20cb159d7b92b50eadfce793?s=96&d=mm&r=g\",\"caption\":\"ulises\"},\"sameAs\":[\"http:\/\/www.celttv.com.ar\"]}]}<\/script>\n<!-- \/ Yoast SEO plugin. -->","yoast_head_json":{"title":"COLORIDO CIERRE DEL CARNAVAL 2015 - CELTTV","description":"Sitio web de noticias de la localidad de Tornquist, provincia de Buenos Aires, Rep\u00fablica Argentina. Contenido propio originado por periodistas de CELTTV, el canal de TV local de la Cooperativa El\u00e9ctrica de Tornquist. Turismo, Pol\u00edtica, Sociedad, Deporte, Cultura y todo el contenido de inter\u00e9s general que la gente del pueblo y la regi\u00f3n debe conocer.","robots":{"index":"index","follow":"follow","max-snippet":"max-snippet:-1","max-image-preview":"max-image-preview:large","max-video-preview":"max-video-preview:-1"},"canonical":"https:\/\/www.celttv.com.ar\/index.php\/2015\/02\/19\/colorido-cierre-del-carnaval-2015\/","og_locale":"es_ES","og_type":"article","og_title":"COLORIDO CIERRE DEL CARNAVAL 2015 - CELTTV","og_description":"Sitio web de noticias de la localidad de Tornquist, provincia de Buenos Aires, Rep\u00fablica Argentina. Contenido propio originado por periodistas de CELTTV, el canal de TV local de la Cooperativa El\u00e9ctrica de Tornquist. Turismo, Pol\u00edtica, Sociedad, Deporte, Cultura y todo el contenido de inter\u00e9s general que la gente del pueblo y la regi\u00f3n debe conocer.","og_url":"https:\/\/www.celttv.com.ar\/index.php\/2015\/02\/19\/colorido-cierre-del-carnaval-2015\/","og_site_name":"CELTTV","article_publisher":"https:\/\/www.facebook.com\/celtTV\/","article_published_time":"2015-02-19T20:24:38+00:00","author":"ulises","twitter_card":"summary_large_image","twitter_misc":{"Escrito por":"ulises","Tiempo de lectura":"3 minutos"},"schema":{"@context":"https:\/\/schema.org","@graph":[{"@type":"NewsArticle","@id":"https:\/\/www.celttv.com.ar\/index.php\/2015\/02\/19\/colorido-cierre-del-carnaval-2015\/#article","isPartOf":{"@id":"https:\/\/www.celttv.com.ar\/index.php\/2015\/02\/19\/colorido-cierre-del-carnaval-2015\/"},"author":{"name":"ulises","@id":"https:\/\/www.celttv.com.ar\/#\/schema\/person\/6d99c072dba59953809c81446e9d0ace"},"headline":"COLORIDO CIERRE DEL CARNAVAL 2015","datePublished":"2015-02-19T20:24:38+00:00","dateModified":"2015-02-19T20:24:38+00:00","mainEntityOfPage":{"@id":"https:\/\/www.celttv.com.ar\/index.php\/2015\/02\/19\/colorido-cierre-del-carnaval-2015\/"},"wordCount":612,"publisher":{"@id":"https:\/\/www.celttv.com.ar\/#organization"},"articleSection":["Comunidad","Destacadas","Espect\u00e1culos","Videos Destacados"],"inLanguage":"es"},{"@type":"WebPage","@id":"https:\/\/www.celttv.com.ar\/index.php\/2015\/02\/19\/colorido-cierre-del-carnaval-2015\/","url":"https:\/\/www.celttv.com.ar\/index.php\/2015\/02\/19\/colorido-cierre-del-carnaval-2015\/","name":"COLORIDO CIERRE DEL CARNAVAL 2015 - CELTTV","isPartOf":{"@id":"https:\/\/www.celttv.com.ar\/#website"},"datePublished":"2015-02-19T20:24:38+00:00","dateModified":"2015-02-19T20:24:38+00:00","description":"Sitio web de noticias de la localidad de Tornquist, provincia de Buenos Aires, Rep\u00fablica Argentina. Contenido propio originado por periodistas de CELTTV, el canal de TV local de la Cooperativa El\u00e9ctrica de Tornquist. Turismo, Pol\u00edtica, Sociedad, Deporte, Cultura y todo el contenido de inter\u00e9s general que la gente del pueblo y la regi\u00f3n debe conocer.","breadcrumb":{"@id":"https:\/\/www.celttv.com.ar\/index.php\/2015\/02\/19\/colorido-cierre-del-carnaval-2015\/#breadcrumb"},"inLanguage":"es","potentialAction":[{"@type":"ReadAction","target":["https:\/\/www.celttv.com.ar\/index.php\/2015\/02\/19\/colorido-cierre-del-carnaval-2015\/"]}]},{"@type":"BreadcrumbList","@id":"https:\/\/www.celttv.com.ar\/index.php\/2015\/02\/19\/colorido-cierre-del-carnaval-2015\/#breadcrumb","itemListElement":[{"@type":"ListItem","position":1,"name":"Inicio","item":"https:\/\/www.celttv.com.ar\/"},{"@type":"ListItem","position":2,"name":"COLORIDO CIERRE DEL CARNAVAL 2015"}]},{"@type":"WebSite","@id":"https:\/\/www.celttv.com.ar\/#website","url":"https:\/\/www.celttv.com.ar\/","name":"CELTTV","description":"Cooperativa El\u00e9ctrica de Tornquist","publisher":{"@id":"https:\/\/www.celttv.com.ar\/#organization"},"potentialAction":[{"@type":"SearchAction","target":{"@type":"EntryPoint","urlTemplate":"https:\/\/www.celttv.com.ar\/?s={search_term_string}"},"query-input":"required name=search_term_string"}],"inLanguage":"es"},{"@type":"Organization","@id":"https:\/\/www.celttv.com.ar\/#organization","name":"CELTTV","url":"https:\/\/www.celttv.com.ar\/","sameAs":["https:\/\/www.youtube.com\/channel\/UCz_oIt8Hig64Ub-EmcNPIhg","https:\/\/www.facebook.com\/celtTV\/"],"logo":{"@type":"ImageObject","inLanguage":"es","@id":"https:\/\/www.celttv.com.ar\/#\/schema\/logo\/image\/","url":"http:\/\/www.celttv.com.ar\/wp-content\/uploads\/2022\/08\/logo-1.png","contentUrl":"http:\/\/www.celttv.com.ar\/wp-content\/uploads\/2022\/08\/logo-1.png","width":461,"height":159,"caption":"CELTTV"},"image":{"@id":"https:\/\/www.celttv.com.ar\/#\/schema\/logo\/image\/"}},{"@type":"Person","@id":"https:\/\/www.celttv.com.ar\/#\/schema\/person\/6d99c072dba59953809c81446e9d0ace","name":"ulises","image":{"@type":"ImageObject","inLanguage":"es","@id":"https:\/\/www.celttv.com.ar\/#\/schema\/person\/image\/","url":"https:\/\/secure.gravatar.com\/avatar\/7f2c48bdc33b30088f941fb6082e555f2874c98e20cb159d7b92b50eadfce793?s=96&d=mm&r=g","contentUrl":"https:\/\/secure.gravatar.com\/avatar\/7f2c48bdc33b30088f941fb6082e555f2874c98e20cb159d7b92b50eadfce793?s=96&d=mm&r=g","caption":"ulises"},"sameAs":["http:\/\/www.celttv.com.ar"]}]}},"_links":{"self":[{"href":"https:\/\/www.celttv.com.ar\/index.php\/wp-json\/wp\/v2\/posts\/26762","targetHints":{"allow":["GET"]}}],"collection":[{"href":"https:\/\/www.celttv.com.ar\/index.php\/wp-json\/wp\/v2\/posts"}],"about":[{"href":"https:\/\/www.celttv.com.ar\/index.php\/wp-json\/wp\/v2\/types\/post"}],"author":[{"embeddable":true,"href":"https:\/\/www.celttv.com.ar\/index.php\/wp-json\/wp\/v2\/users\/1"}],"replies":[{"embeddable":true,"href":"https:\/\/www.celttv.com.ar\/index.php\/wp-json\/wp\/v2\/comments?post=26762"}],"version-history":[{"count":0,"href":"https:\/\/www.celttv.com.ar\/index.php\/wp-json\/wp\/v2\/posts\/26762\/revisions"}],"wp:attachment":[{"href":"https:\/\/www.celttv.com.ar\/index.php\/wp-json\/wp\/v2\/media?parent=26762"}],"wp:term":[{"taxonomy":"category","embeddable":true,"href":"https:\/\/www.celttv.com.ar\/index.php\/wp-json\/wp\/v2\/categories?post=26762"},{"taxonomy":"post_tag","embeddable":true,"href":"https:\/\/www.celttv.com.ar\/index.php\/wp-json\/wp\/v2\/tags?post=26762"}],"curies":[{"name":"wp","href":"https:\/\/api.w.org\/{rel}","templated":true}]}}