{"id":26793,"date":"2015-02-21T00:35:32","date_gmt":"2015-02-21T00:35:32","guid":{"rendered":"http:\/\/www.tvcnoticias.com.ar\/?p=26793"},"modified":"2015-02-21T00:35:32","modified_gmt":"2015-02-21T00:35:32","slug":"no-se-aprobo-la-compra-de-la-casa-del-dr-rodriguez-que-se-dijo-en-el-recinto","status":"publish","type":"post","link":"https:\/\/www.celttv.com.ar\/index.php\/2015\/02\/21\/no-se-aprobo-la-compra-de-la-casa-del-dr-rodriguez-que-se-dijo-en-el-recinto\/","title":{"rendered":"NO SE APROB\u00d3 LA COMPRA DE LA CASA DEL Dr. RODRIGUEZ (qu\u00e9 se dijo en el recinto)"},"content":{"rendered":"<p><a href=\"https:\/\/www.youtube.com\/watch?v=9Y7zgeH60Gw\">httpv:\/\/www.youtube.com\/watch?v=9Y7zgeH60Gw<\/a><\/p>\n<p><a href=\"https:\/\/www.youtube.com\/watch?v=yqZdC2Vt2eM\">httpv:\/\/www.youtube.com\/watch?v=yqZdC2Vt2eM<\/a><\/p>\n<p><a href=\"https:\/\/www.youtube.com\/watch?v=ZifrJKALxtk\">httpv:\/\/www.youtube.com\/watch?v=ZifrJKALxtk<\/a><\/p>\n<p><a href=\"https:\/\/www.youtube.com\/watch?v=mpXyGMHcjHs\">httpv:\/\/www.youtube.com\/watch?v=mpXyGMHcjHs<\/a><\/p>\n<p><a href=\"https:\/\/www.youtube.com\/watch?v=KNj7YBQkVl8\">httpv:\/\/www.youtube.com\/watch?v=KNj7YBQkVl8<\/a><\/p>\n<p><a href=\"https:\/\/www.youtube.com\/watch?v=m4oCiE9dw8c\">httpv:\/\/www.youtube.com\/watch?v=m4oCiE9dw8c<\/a><\/p>\n<p><span style=\"font-family: Verdana, Arial, Helvetica, sans-serif; font-size: x-small;\">El Concejo Deliberante no aprob\u00f3 por mayor\u00eda la compra de la casa del ex intendente Dr. Jos\u00e9 Manuel Rodr\u00edguez, por lo que la ciudad de Tornquist no podr\u00e1 contar con una Casa de la Cultura propia, como estaba previsto en caso de que la votaci\u00f3n fuera afirmativa.<\/span><\/p>\n<p><span style=\"font-family: Verdana, Arial, Helvetica, sans-serif; font-size: x-small;\">Con esto, tampoco funcionar\u00e1 el Centro de Educaci\u00f3n Complementaria, ya que se iba a poner en marcha en el edificio que hoy ocupa la Secretar\u00eda de Cultura, Turismo y Deporte.<\/span><\/p>\n<p><span style=\"font-family: Verdana, Arial, Helvetica, sans-serif; font-size: xx-small;\">Concejales oficialistas expresaron su descontento por la decisi\u00f3n adoptada por la oposici\u00f3n aplicando la mayor\u00eda.<\/span><\/p>\n<p>&nbsp;<\/p>\n","protected":false},"excerpt":{"rendered":"<p>httpv:\/\/www.youtube.com\/watch?v=9Y7zgeH60Gw httpv:\/\/www.youtube.com\/watch?v=yqZdC2Vt2eM httpv:\/\/www.youtube.com\/watch?v=ZifrJKALxtk httpv:\/\/www.youtube.com\/watch?v=mpXyGMHcjHs httpv:\/\/www.youtube.com\/watch?v=KNj7YBQkVl8 httpv:\/\/www.youtube.com\/watch?v=m4oCiE9dw8c El Concejo Deliberante no aprob\u00f3 por mayor\u00eda la compra de la casa del ex intendente Dr. Jos\u00e9 Manuel Rodr\u00edguez, por lo que la ciudad de Tornquist no podr\u00e1 contar con una Casa de la Cultura propia, como estaba previsto en caso de que la votaci\u00f3n fuera afirmativa. Con esto, [&hellip;]<\/p>\n","protected":false},"author":1,"featured_media":0,"comment_status":"closed","ping_status":"open","sticky":false,"template":"","format":"standard","meta":{"footnotes":""},"categories":[51,52,53,64],"tags":[],"class_list":["post-26793","post","type-post","status-publish","format-standard","hentry","category-comunidad","category-destacadas","category-politica","category-videos-destacados"],"yoast_head":"<!-- This site is optimized with the Yoast SEO plugin v19.7.1 - https:\/\/yoast.com\/wordpress\/plugins\/seo\/ -->\n<title>NO SE APROB\u00d3 LA COMPRA DE LA CASA DEL Dr. RODRIGUEZ (qu\u00e9 se dijo en el recinto) - CELTTV<\/title>\n<meta name=\"description\" content=\"Sitio web de noticias de la localidad de Tornquist, provincia de Buenos Aires, Rep\u00fablica Argentina. Contenido propio originado por periodistas de CELTTV, el canal de TV local de la Cooperativa El\u00e9ctrica de Tornquist. Turismo, Pol\u00edtica, Sociedad, Deporte, Cultura y todo el contenido de inter\u00e9s general que la gente del pueblo y la regi\u00f3n debe conocer.\" \/>\n<meta name=\"robots\" content=\"index, follow, max-snippet:-1, max-image-preview:large, max-video-preview:-1\" \/>\n<link rel=\"canonical\" href=\"https:\/\/www.celttv.com.ar\/index.php\/2015\/02\/21\/no-se-aprobo-la-compra-de-la-casa-del-dr-rodriguez-que-se-dijo-en-el-recinto\/\" \/>\n<meta property=\"og:locale\" content=\"es_ES\" \/>\n<meta property=\"og:type\" content=\"article\" \/>\n<meta property=\"og:title\" content=\"NO SE APROB\u00d3 LA COMPRA DE LA CASA DEL Dr. RODRIGUEZ (qu\u00e9 se dijo en el recinto) - CELTTV\" \/>\n<meta property=\"og:description\" content=\"Sitio web de noticias de la localidad de Tornquist, provincia de Buenos Aires, Rep\u00fablica Argentina. Contenido propio originado por periodistas de CELTTV, el canal de TV local de la Cooperativa El\u00e9ctrica de Tornquist. Turismo, Pol\u00edtica, Sociedad, Deporte, Cultura y todo el contenido de inter\u00e9s general que la gente del pueblo y la regi\u00f3n debe conocer.\" \/>\n<meta property=\"og:url\" content=\"https:\/\/www.celttv.com.ar\/index.php\/2015\/02\/21\/no-se-aprobo-la-compra-de-la-casa-del-dr-rodriguez-que-se-dijo-en-el-recinto\/\" \/>\n<meta property=\"og:site_name\" content=\"CELTTV\" \/>\n<meta property=\"article:publisher\" content=\"https:\/\/www.facebook.com\/celtTV\/\" \/>\n<meta property=\"article:published_time\" content=\"2015-02-21T00:35:32+00:00\" \/>\n<meta name=\"author\" content=\"ulises\" \/>\n<meta name=\"twitter:card\" content=\"summary_large_image\" \/>\n<meta name=\"twitter:label1\" content=\"Escrito por\" \/>\n\t<meta name=\"twitter:data1\" content=\"ulises\" \/>\n\t<meta name=\"twitter:label2\" content=\"Tiempo de lectura\" \/>\n\t<meta name=\"twitter:data2\" content=\"1 minuto\" \/>\n<script type=\"application\/ld+json\" class=\"yoast-schema-graph\">{\"@context\":\"https:\/\/schema.org\",\"@graph\":[{\"@type\":\"NewsArticle\",\"@id\":\"https:\/\/www.celttv.com.ar\/index.php\/2015\/02\/21\/no-se-aprobo-la-compra-de-la-casa-del-dr-rodriguez-que-se-dijo-en-el-recinto\/#article\",\"isPartOf\":{\"@id\":\"https:\/\/www.celttv.com.ar\/index.php\/2015\/02\/21\/no-se-aprobo-la-compra-de-la-casa-del-dr-rodriguez-que-se-dijo-en-el-recinto\/\"},\"author\":{\"name\":\"ulises\",\"@id\":\"https:\/\/www.celttv.com.ar\/#\/schema\/person\/6d99c072dba59953809c81446e9d0ace\"},\"headline\":\"NO SE APROB\u00d3 LA COMPRA DE LA CASA DEL Dr. RODRIGUEZ (qu\u00e9 se dijo en el recinto)\",\"datePublished\":\"2015-02-21T00:35:32+00:00\",\"dateModified\":\"2015-02-21T00:35:32+00:00\",\"mainEntityOfPage\":{\"@id\":\"https:\/\/www.celttv.com.ar\/index.php\/2015\/02\/21\/no-se-aprobo-la-compra-de-la-casa-del-dr-rodriguez-que-se-dijo-en-el-recinto\/\"},\"wordCount\":168,\"publisher\":{\"@id\":\"https:\/\/www.celttv.com.ar\/#organization\"},\"articleSection\":[\"Comunidad\",\"Destacadas\",\"Pol\u00edtica\",\"Videos Destacados\"],\"inLanguage\":\"es\"},{\"@type\":\"WebPage\",\"@id\":\"https:\/\/www.celttv.com.ar\/index.php\/2015\/02\/21\/no-se-aprobo-la-compra-de-la-casa-del-dr-rodriguez-que-se-dijo-en-el-recinto\/\",\"url\":\"https:\/\/www.celttv.com.ar\/index.php\/2015\/02\/21\/no-se-aprobo-la-compra-de-la-casa-del-dr-rodriguez-que-se-dijo-en-el-recinto\/\",\"name\":\"NO SE APROB\u00d3 LA COMPRA DE LA CASA DEL Dr. RODRIGUEZ (qu\u00e9 se dijo en el recinto) - CELTTV\",\"isPartOf\":{\"@id\":\"https:\/\/www.celttv.com.ar\/#website\"},\"datePublished\":\"2015-02-21T00:35:32+00:00\",\"dateModified\":\"2015-02-21T00:35:32+00:00\",\"description\":\"Sitio web de noticias de la localidad de Tornquist, provincia de Buenos Aires, Rep\u00fablica Argentina. Contenido propio originado por periodistas de CELTTV, el canal de TV local de la Cooperativa El\u00e9ctrica de Tornquist. Turismo, Pol\u00edtica, Sociedad, Deporte, Cultura y todo el contenido de inter\u00e9s general que la gente del pueblo y la regi\u00f3n debe conocer.\",\"breadcrumb\":{\"@id\":\"https:\/\/www.celttv.com.ar\/index.php\/2015\/02\/21\/no-se-aprobo-la-compra-de-la-casa-del-dr-rodriguez-que-se-dijo-en-el-recinto\/#breadcrumb\"},\"inLanguage\":\"es\",\"potentialAction\":[{\"@type\":\"ReadAction\",\"target\":[\"https:\/\/www.celttv.com.ar\/index.php\/2015\/02\/21\/no-se-aprobo-la-compra-de-la-casa-del-dr-rodriguez-que-se-dijo-en-el-recinto\/\"]}]},{\"@type\":\"BreadcrumbList\",\"@id\":\"https:\/\/www.celttv.com.ar\/index.php\/2015\/02\/21\/no-se-aprobo-la-compra-de-la-casa-del-dr-rodriguez-que-se-dijo-en-el-recinto\/#breadcrumb\",\"itemListElement\":[{\"@type\":\"ListItem\",\"position\":1,\"name\":\"Inicio\",\"item\":\"https:\/\/www.celttv.com.ar\/\"},{\"@type\":\"ListItem\",\"position\":2,\"name\":\"NO SE APROB\u00d3 LA COMPRA DE LA CASA DEL Dr. RODRIGUEZ (qu\u00e9 se dijo en el recinto)\"}]},{\"@type\":\"WebSite\",\"@id\":\"https:\/\/www.celttv.com.ar\/#website\",\"url\":\"https:\/\/www.celttv.com.ar\/\",\"name\":\"CELTTV\",\"description\":\"Cooperativa El\u00e9ctrica de Tornquist\",\"publisher\":{\"@id\":\"https:\/\/www.celttv.com.ar\/#organization\"},\"potentialAction\":[{\"@type\":\"SearchAction\",\"target\":{\"@type\":\"EntryPoint\",\"urlTemplate\":\"https:\/\/www.celttv.com.ar\/?s={search_term_string}\"},\"query-input\":\"required name=search_term_string\"}],\"inLanguage\":\"es\"},{\"@type\":\"Organization\",\"@id\":\"https:\/\/www.celttv.com.ar\/#organization\",\"name\":\"CELTTV\",\"url\":\"https:\/\/www.celttv.com.ar\/\",\"sameAs\":[\"https:\/\/www.youtube.com\/channel\/UCz_oIt8Hig64Ub-EmcNPIhg\",\"https:\/\/www.facebook.com\/celtTV\/\"],\"logo\":{\"@type\":\"ImageObject\",\"inLanguage\":\"es\",\"@id\":\"https:\/\/www.celttv.com.ar\/#\/schema\/logo\/image\/\",\"url\":\"http:\/\/www.celttv.com.ar\/wp-content\/uploads\/2022\/08\/logo-1.png\",\"contentUrl\":\"http:\/\/www.celttv.com.ar\/wp-content\/uploads\/2022\/08\/logo-1.png\",\"width\":461,\"height\":159,\"caption\":\"CELTTV\"},\"image\":{\"@id\":\"https:\/\/www.celttv.com.ar\/#\/schema\/logo\/image\/\"}},{\"@type\":\"Person\",\"@id\":\"https:\/\/www.celttv.com.ar\/#\/schema\/person\/6d99c072dba59953809c81446e9d0ace\",\"name\":\"ulises\",\"image\":{\"@type\":\"ImageObject\",\"inLanguage\":\"es\",\"@id\":\"https:\/\/www.celttv.com.ar\/#\/schema\/person\/image\/\",\"url\":\"https:\/\/secure.gravatar.com\/avatar\/7f2c48bdc33b30088f941fb6082e555f2874c98e20cb159d7b92b50eadfce793?s=96&d=mm&r=g\",\"contentUrl\":\"https:\/\/secure.gravatar.com\/avatar\/7f2c48bdc33b30088f941fb6082e555f2874c98e20cb159d7b92b50eadfce793?s=96&d=mm&r=g\",\"caption\":\"ulises\"},\"sameAs\":[\"http:\/\/www.celttv.com.ar\"]}]}<\/script>\n<!-- \/ Yoast SEO plugin. -->","yoast_head_json":{"title":"NO SE APROB\u00d3 LA COMPRA DE LA CASA DEL Dr. RODRIGUEZ (qu\u00e9 se dijo en el recinto) - CELTTV","description":"Sitio web de noticias de la localidad de Tornquist, provincia de Buenos Aires, Rep\u00fablica Argentina. Contenido propio originado por periodistas de CELTTV, el canal de TV local de la Cooperativa El\u00e9ctrica de Tornquist. Turismo, Pol\u00edtica, Sociedad, Deporte, Cultura y todo el contenido de inter\u00e9s general que la gente del pueblo y la regi\u00f3n debe conocer.","robots":{"index":"index","follow":"follow","max-snippet":"max-snippet:-1","max-image-preview":"max-image-preview:large","max-video-preview":"max-video-preview:-1"},"canonical":"https:\/\/www.celttv.com.ar\/index.php\/2015\/02\/21\/no-se-aprobo-la-compra-de-la-casa-del-dr-rodriguez-que-se-dijo-en-el-recinto\/","og_locale":"es_ES","og_type":"article","og_title":"NO SE APROB\u00d3 LA COMPRA DE LA CASA DEL Dr. RODRIGUEZ (qu\u00e9 se dijo en el recinto) - CELTTV","og_description":"Sitio web de noticias de la localidad de Tornquist, provincia de Buenos Aires, Rep\u00fablica Argentina. Contenido propio originado por periodistas de CELTTV, el canal de TV local de la Cooperativa El\u00e9ctrica de Tornquist. Turismo, Pol\u00edtica, Sociedad, Deporte, Cultura y todo el contenido de inter\u00e9s general que la gente del pueblo y la regi\u00f3n debe conocer.","og_url":"https:\/\/www.celttv.com.ar\/index.php\/2015\/02\/21\/no-se-aprobo-la-compra-de-la-casa-del-dr-rodriguez-que-se-dijo-en-el-recinto\/","og_site_name":"CELTTV","article_publisher":"https:\/\/www.facebook.com\/celtTV\/","article_published_time":"2015-02-21T00:35:32+00:00","author":"ulises","twitter_card":"summary_large_image","twitter_misc":{"Escrito por":"ulises","Tiempo de lectura":"1 minuto"},"schema":{"@context":"https:\/\/schema.org","@graph":[{"@type":"NewsArticle","@id":"https:\/\/www.celttv.com.ar\/index.php\/2015\/02\/21\/no-se-aprobo-la-compra-de-la-casa-del-dr-rodriguez-que-se-dijo-en-el-recinto\/#article","isPartOf":{"@id":"https:\/\/www.celttv.com.ar\/index.php\/2015\/02\/21\/no-se-aprobo-la-compra-de-la-casa-del-dr-rodriguez-que-se-dijo-en-el-recinto\/"},"author":{"name":"ulises","@id":"https:\/\/www.celttv.com.ar\/#\/schema\/person\/6d99c072dba59953809c81446e9d0ace"},"headline":"NO SE APROB\u00d3 LA COMPRA DE LA CASA DEL Dr. RODRIGUEZ (qu\u00e9 se dijo en el recinto)","datePublished":"2015-02-21T00:35:32+00:00","dateModified":"2015-02-21T00:35:32+00:00","mainEntityOfPage":{"@id":"https:\/\/www.celttv.com.ar\/index.php\/2015\/02\/21\/no-se-aprobo-la-compra-de-la-casa-del-dr-rodriguez-que-se-dijo-en-el-recinto\/"},"wordCount":168,"publisher":{"@id":"https:\/\/www.celttv.com.ar\/#organization"},"articleSection":["Comunidad","Destacadas","Pol\u00edtica","Videos Destacados"],"inLanguage":"es"},{"@type":"WebPage","@id":"https:\/\/www.celttv.com.ar\/index.php\/2015\/02\/21\/no-se-aprobo-la-compra-de-la-casa-del-dr-rodriguez-que-se-dijo-en-el-recinto\/","url":"https:\/\/www.celttv.com.ar\/index.php\/2015\/02\/21\/no-se-aprobo-la-compra-de-la-casa-del-dr-rodriguez-que-se-dijo-en-el-recinto\/","name":"NO SE APROB\u00d3 LA COMPRA DE LA CASA DEL Dr. RODRIGUEZ (qu\u00e9 se dijo en el recinto) - CELTTV","isPartOf":{"@id":"https:\/\/www.celttv.com.ar\/#website"},"datePublished":"2015-02-21T00:35:32+00:00","dateModified":"2015-02-21T00:35:32+00:00","description":"Sitio web de noticias de la localidad de Tornquist, provincia de Buenos Aires, Rep\u00fablica Argentina. Contenido propio originado por periodistas de CELTTV, el canal de TV local de la Cooperativa El\u00e9ctrica de Tornquist. Turismo, Pol\u00edtica, Sociedad, Deporte, Cultura y todo el contenido de inter\u00e9s general que la gente del pueblo y la regi\u00f3n debe conocer.","breadcrumb":{"@id":"https:\/\/www.celttv.com.ar\/index.php\/2015\/02\/21\/no-se-aprobo-la-compra-de-la-casa-del-dr-rodriguez-que-se-dijo-en-el-recinto\/#breadcrumb"},"inLanguage":"es","potentialAction":[{"@type":"ReadAction","target":["https:\/\/www.celttv.com.ar\/index.php\/2015\/02\/21\/no-se-aprobo-la-compra-de-la-casa-del-dr-rodriguez-que-se-dijo-en-el-recinto\/"]}]},{"@type":"BreadcrumbList","@id":"https:\/\/www.celttv.com.ar\/index.php\/2015\/02\/21\/no-se-aprobo-la-compra-de-la-casa-del-dr-rodriguez-que-se-dijo-en-el-recinto\/#breadcrumb","itemListElement":[{"@type":"ListItem","position":1,"name":"Inicio","item":"https:\/\/www.celttv.com.ar\/"},{"@type":"ListItem","position":2,"name":"NO SE APROB\u00d3 LA COMPRA DE LA CASA DEL Dr. RODRIGUEZ (qu\u00e9 se dijo en el recinto)"}]},{"@type":"WebSite","@id":"https:\/\/www.celttv.com.ar\/#website","url":"https:\/\/www.celttv.com.ar\/","name":"CELTTV","description":"Cooperativa El\u00e9ctrica de Tornquist","publisher":{"@id":"https:\/\/www.celttv.com.ar\/#organization"},"potentialAction":[{"@type":"SearchAction","target":{"@type":"EntryPoint","urlTemplate":"https:\/\/www.celttv.com.ar\/?s={search_term_string}"},"query-input":"required name=search_term_string"}],"inLanguage":"es"},{"@type":"Organization","@id":"https:\/\/www.celttv.com.ar\/#organization","name":"CELTTV","url":"https:\/\/www.celttv.com.ar\/","sameAs":["https:\/\/www.youtube.com\/channel\/UCz_oIt8Hig64Ub-EmcNPIhg","https:\/\/www.facebook.com\/celtTV\/"],"logo":{"@type":"ImageObject","inLanguage":"es","@id":"https:\/\/www.celttv.com.ar\/#\/schema\/logo\/image\/","url":"http:\/\/www.celttv.com.ar\/wp-content\/uploads\/2022\/08\/logo-1.png","contentUrl":"http:\/\/www.celttv.com.ar\/wp-content\/uploads\/2022\/08\/logo-1.png","width":461,"height":159,"caption":"CELTTV"},"image":{"@id":"https:\/\/www.celttv.com.ar\/#\/schema\/logo\/image\/"}},{"@type":"Person","@id":"https:\/\/www.celttv.com.ar\/#\/schema\/person\/6d99c072dba59953809c81446e9d0ace","name":"ulises","image":{"@type":"ImageObject","inLanguage":"es","@id":"https:\/\/www.celttv.com.ar\/#\/schema\/person\/image\/","url":"https:\/\/secure.gravatar.com\/avatar\/7f2c48bdc33b30088f941fb6082e555f2874c98e20cb159d7b92b50eadfce793?s=96&d=mm&r=g","contentUrl":"https:\/\/secure.gravatar.com\/avatar\/7f2c48bdc33b30088f941fb6082e555f2874c98e20cb159d7b92b50eadfce793?s=96&d=mm&r=g","caption":"ulises"},"sameAs":["http:\/\/www.celttv.com.ar"]}]}},"_links":{"self":[{"href":"https:\/\/www.celttv.com.ar\/index.php\/wp-json\/wp\/v2\/posts\/26793","targetHints":{"allow":["GET"]}}],"collection":[{"href":"https:\/\/www.celttv.com.ar\/index.php\/wp-json\/wp\/v2\/posts"}],"about":[{"href":"https:\/\/www.celttv.com.ar\/index.php\/wp-json\/wp\/v2\/types\/post"}],"author":[{"embeddable":true,"href":"https:\/\/www.celttv.com.ar\/index.php\/wp-json\/wp\/v2\/users\/1"}],"replies":[{"embeddable":true,"href":"https:\/\/www.celttv.com.ar\/index.php\/wp-json\/wp\/v2\/comments?post=26793"}],"version-history":[{"count":0,"href":"https:\/\/www.celttv.com.ar\/index.php\/wp-json\/wp\/v2\/posts\/26793\/revisions"}],"wp:attachment":[{"href":"https:\/\/www.celttv.com.ar\/index.php\/wp-json\/wp\/v2\/media?parent=26793"}],"wp:term":[{"taxonomy":"category","embeddable":true,"href":"https:\/\/www.celttv.com.ar\/index.php\/wp-json\/wp\/v2\/categories?post=26793"},{"taxonomy":"post_tag","embeddable":true,"href":"https:\/\/www.celttv.com.ar\/index.php\/wp-json\/wp\/v2\/tags?post=26793"}],"curies":[{"name":"wp","href":"https:\/\/api.w.org\/{rel}","templated":true}]}}