{"id":26796,"date":"2015-02-21T13:12:02","date_gmt":"2015-02-21T13:12:02","guid":{"rendered":"http:\/\/www.tvcnoticias.com.ar\/?p=26796"},"modified":"2015-02-21T13:12:02","modified_gmt":"2015-02-21T13:12:02","slug":"se-lanzan-los-foros-de-discusion-de-la-ley-federal-de-economia-solidaria","status":"publish","type":"post","link":"https:\/\/www.celttv.com.ar\/index.php\/2015\/02\/21\/se-lanzan-los-foros-de-discusion-de-la-ley-federal-de-economia-solidaria\/","title":{"rendered":"SE LANZAN LOS FOROS DE DISCUSI\u00d3N DE LA LEY FEDERAL DE ECONOMIA SOLIDARIA"},"content":{"rendered":"<p><a rel=\"attachment wp-att-26797\" href=\"http:\/\/www.tvcnoticias.com.ar\/?attachment_id=26797\"><img loading=\"lazy\" decoding=\"async\" class=\"aligncenter size-medium wp-image-26797\" title=\"1482 - ECONOMIA SOLIDARIA (Medium)\" src=\"http:\/\/www.tvcnoticias.com.ar\/wp-content\/uploads\/2015\/02\/1482-ECONOMIA-SOLIDARIA-Medium-450x299.jpg\" alt=\"\" width=\"450\" height=\"299\" \/><\/a><\/p>\n<p>El Instituto de Promoci\u00f3n para la Econom\u00eda Solidaria (IPES) fue el encargado de reunir a la mesa regional de cooperativistas y mutualistas para encaminar los 35 foros que se realizar\u00e1n en todo el pa\u00eds, a partir de marzo, para avanzar en la redacci\u00f3n definitiva de la Ley federal de la Econom\u00eda Solidaria.<\/p>\n<p>En diciembre de 2014, el presidente del Instituto Nacional de Asociativismo y Econom\u00eda Social (Inaes), Patricio Griffin, \u00a0present\u00f3 junto a la Ministra de Desarrollo Social, Alicia Kirchner, el anteproyecto de la Ley Federal de Econom\u00eda Solidaria que reformular\u00e1 las normas N\u00b0 20.321 de mutuales y N\u00b0 20.337 de cooperativas. Al final del proceso de debate en los foros, con todos los aportes realizados y las consideraciones hechas, el resultado elaborado por una comisi\u00f3n redactora ser\u00e1 presentado al Congreso para su tratamiento.<\/p>\n<p>Para ser parte de los distintos encuentros es necesaria la pre- inscripci\u00f3n v\u00eda web en la siguiente direcci\u00f3n: <a href=\"http:\/\/www.leyeconomiasocialysolidaria.info\/\">www.leyeconomiasocialysolidaria.info<\/a>, \u00a0en las modalidades previstas: ponencia oral, presentaci\u00f3n escrita, oyentes, colaboradores y prensa.<\/p>\n<p>\u201cLa idea es que participe un gran n\u00famero de personas que estar\u00e1 dividido en integrantes de base, federaciones y confederaciones; acad\u00e9micos y p\u00fablico en general. Ser\u00edan jornadas de cuatro a seis horas donde se expondr\u00e1, en 10 minutos, y sin debate\u201d, detall\u00f3\u00a0 Jos\u00e9 Orbaiceta, presidente de Ipes.<\/p>\n<p>En ese sentido, adelant\u00f3 que los foros recibir\u00e1n aportes de las discusiones que se den al interior del movimiento \u201cporque se realizar\u00e1n pre-foros o asambleas en cooperativas y mutuales por sectores\u201d.<\/p>\n<p>Sobre la iniciativa, el titular de la Confederaci\u00f3n Argentina de Mutualidades (CAM), Alejandro Russo, remarc\u00f3 \u201cel orgullo de participar en la reuni\u00f3n\u201d en la que se respet\u00f3 \u201cel esp\u00edritu de este Ante Proyecto en el marco de la libertad y participaci\u00f3n democr\u00e1tica\u201d.<\/p>\n<p>\u201cYo no recuerdo otra modificaci\u00f3n a una ley con tanta participaci\u00f3n y tan democr\u00e1tico, esto es in\u00e9dito\u201d, expres\u00f3 el presidente de Mutualismo Argentino Confederado (CAM), Mario Vilella, en tanto que su par de la Confederaci\u00f3n Cooperativa de la Rep\u00fablica Argentina (Cooperar), Ariel Guarco, a\u00f1adi\u00f3 que \u201ces una oportunidad para sentarnos con nuestras bases, es decir con los mutualistas y cooperativistas\u201d.<\/p>\n<p>Al respecto, Vilella opin\u00f3 que entre los puntos m\u00e1s importantes a exponer se encuentran \u201clos c\u00f3digos de descuentos no tienen que estar supeditados al capricho o la buena voluntad de ning\u00fan funcionario para dejar bien claro que nosotros estamos dentro de otra econom\u00eda y tenemos que tener un respaldo gubernamental. Somos la herramienta m\u00e1s importante para mejorar la calidad de vida de nuestros pueblos\u201d.<\/p>\n<p>&nbsp;<\/p>\n<p>Por su parte, el presidente de la Confederaci\u00f3n Nacional del Trabajo (CNCT), Christian Mi\u00f1o, enfatiz\u00f3 que es \u201cnecesario que la ley se pueda aprobar antes de fin de a\u00f1o\u201d.<\/p>\n<p>En tanto que sobre las modificaciones que expondr\u00e1 esa confederaci\u00f3n, adelant\u00f3 que estar\u00e1n vinculadas a las cargas fiscales, espec\u00edficamente en relaci\u00f3n al monotributo, y al articulado que responde a la conformaci\u00f3n de una sociedad cooperativa porque para la CNCT \u201cno habr\u00eda que poner l\u00edmites\u201d.<\/p>\n<p>Los referentes coincidieron en la \u201coportunidad hist\u00f3rica\u201d que reviste el anteproyecto, los foros y su esperado tratamiento en el Parlamento.<\/p>\n<p>Las universidades tambi\u00e9n\u00a0 ser\u00e1n el espacio donde se debatir\u00e1, con el objetivo de lograr mayor visibilidad de la econom\u00eda solidaria por parte de la sociedad y de los \u00e1mbitos cient\u00edficos y acad\u00e9micos.<\/p>\n<p>\u201cEsto ser\u00e1 parte de la discusi\u00f3n social m\u00e1s que un tr\u00e1mite de corto plazo. En las c\u00e1maras de diputados y senadores lo que esperamos es una profunda discusi\u00f3n de la sociedad. Queremos que el pueblo argentino sancione la ley\u201d, sostuvo Griffin.<\/p>\n<p>&nbsp;<\/p>\n<p>&nbsp;<\/p>\n","protected":false},"excerpt":{"rendered":"<p>El Instituto de Promoci\u00f3n para la Econom\u00eda Solidaria (IPES) fue el encargado de reunir a la mesa regional de cooperativistas y mutualistas para encaminar los 35 foros que se realizar\u00e1n en todo el pa\u00eds, a partir de marzo, para avanzar en la redacci\u00f3n definitiva de la Ley federal de la Econom\u00eda Solidaria. En diciembre de [&hellip;]<\/p>\n","protected":false},"author":1,"featured_media":0,"comment_status":"closed","ping_status":"open","sticky":false,"template":"","format":"standard","meta":{"footnotes":""},"categories":[51,52],"tags":[],"class_list":["post-26796","post","type-post","status-publish","format-standard","hentry","category-comunidad","category-destacadas"],"yoast_head":"<!-- This site is optimized with the Yoast SEO plugin v19.7.1 - https:\/\/yoast.com\/wordpress\/plugins\/seo\/ -->\n<title>SE LANZAN LOS FOROS DE DISCUSI\u00d3N DE LA LEY FEDERAL DE ECONOMIA SOLIDARIA - CELTTV<\/title>\n<meta name=\"description\" content=\"Sitio web de noticias de la localidad de Tornquist, provincia de Buenos Aires, Rep\u00fablica Argentina. Contenido propio originado por periodistas de CELTTV, el canal de TV local de la Cooperativa El\u00e9ctrica de Tornquist. Turismo, Pol\u00edtica, Sociedad, Deporte, Cultura y todo el contenido de inter\u00e9s general que la gente del pueblo y la regi\u00f3n debe conocer.\" \/>\n<meta name=\"robots\" content=\"index, follow, max-snippet:-1, max-image-preview:large, max-video-preview:-1\" \/>\n<link rel=\"canonical\" href=\"https:\/\/www.celttv.com.ar\/index.php\/2015\/02\/21\/se-lanzan-los-foros-de-discusion-de-la-ley-federal-de-economia-solidaria\/\" \/>\n<meta property=\"og:locale\" content=\"es_ES\" \/>\n<meta property=\"og:type\" content=\"article\" \/>\n<meta property=\"og:title\" content=\"SE LANZAN LOS FOROS DE DISCUSI\u00d3N DE LA LEY FEDERAL DE ECONOMIA SOLIDARIA - CELTTV\" \/>\n<meta property=\"og:description\" content=\"Sitio web de noticias de la localidad de Tornquist, provincia de Buenos Aires, Rep\u00fablica Argentina. Contenido propio originado por periodistas de CELTTV, el canal de TV local de la Cooperativa El\u00e9ctrica de Tornquist. Turismo, Pol\u00edtica, Sociedad, Deporte, Cultura y todo el contenido de inter\u00e9s general que la gente del pueblo y la regi\u00f3n debe conocer.\" \/>\n<meta property=\"og:url\" content=\"https:\/\/www.celttv.com.ar\/index.php\/2015\/02\/21\/se-lanzan-los-foros-de-discusion-de-la-ley-federal-de-economia-solidaria\/\" \/>\n<meta property=\"og:site_name\" content=\"CELTTV\" \/>\n<meta property=\"article:publisher\" content=\"https:\/\/www.facebook.com\/celtTV\/\" \/>\n<meta property=\"article:published_time\" content=\"2015-02-21T13:12:02+00:00\" \/>\n<meta property=\"og:image\" content=\"http:\/\/www.tvcnoticias.com.ar\/wp-content\/uploads\/2015\/02\/1482-ECONOMIA-SOLIDARIA-Medium-450x299.jpg\" \/>\n<meta name=\"author\" content=\"ulises\" \/>\n<meta name=\"twitter:card\" content=\"summary_large_image\" \/>\n<meta name=\"twitter:label1\" content=\"Escrito por\" \/>\n\t<meta name=\"twitter:data1\" content=\"ulises\" \/>\n\t<meta name=\"twitter:label2\" content=\"Tiempo de lectura\" \/>\n\t<meta name=\"twitter:data2\" content=\"3 minutos\" \/>\n<script type=\"application\/ld+json\" class=\"yoast-schema-graph\">{\"@context\":\"https:\/\/schema.org\",\"@graph\":[{\"@type\":\"NewsArticle\",\"@id\":\"https:\/\/www.celttv.com.ar\/index.php\/2015\/02\/21\/se-lanzan-los-foros-de-discusion-de-la-ley-federal-de-economia-solidaria\/#article\",\"isPartOf\":{\"@id\":\"https:\/\/www.celttv.com.ar\/index.php\/2015\/02\/21\/se-lanzan-los-foros-de-discusion-de-la-ley-federal-de-economia-solidaria\/\"},\"author\":{\"name\":\"ulises\",\"@id\":\"https:\/\/www.celttv.com.ar\/#\/schema\/person\/6d99c072dba59953809c81446e9d0ace\"},\"headline\":\"SE LANZAN LOS FOROS DE DISCUSI\u00d3N DE LA LEY FEDERAL DE ECONOMIA SOLIDARIA\",\"datePublished\":\"2015-02-21T13:12:02+00:00\",\"dateModified\":\"2015-02-21T13:12:02+00:00\",\"mainEntityOfPage\":{\"@id\":\"https:\/\/www.celttv.com.ar\/index.php\/2015\/02\/21\/se-lanzan-los-foros-de-discusion-de-la-ley-federal-de-economia-solidaria\/\"},\"wordCount\":645,\"publisher\":{\"@id\":\"https:\/\/www.celttv.com.ar\/#organization\"},\"articleSection\":[\"Comunidad\",\"Destacadas\"],\"inLanguage\":\"es\"},{\"@type\":\"WebPage\",\"@id\":\"https:\/\/www.celttv.com.ar\/index.php\/2015\/02\/21\/se-lanzan-los-foros-de-discusion-de-la-ley-federal-de-economia-solidaria\/\",\"url\":\"https:\/\/www.celttv.com.ar\/index.php\/2015\/02\/21\/se-lanzan-los-foros-de-discusion-de-la-ley-federal-de-economia-solidaria\/\",\"name\":\"SE LANZAN LOS FOROS DE DISCUSI\u00d3N DE LA LEY FEDERAL DE ECONOMIA SOLIDARIA - CELTTV\",\"isPartOf\":{\"@id\":\"https:\/\/www.celttv.com.ar\/#website\"},\"datePublished\":\"2015-02-21T13:12:02+00:00\",\"dateModified\":\"2015-02-21T13:12:02+00:00\",\"description\":\"Sitio web de noticias de la localidad de Tornquist, provincia de Buenos Aires, Rep\u00fablica Argentina. Contenido propio originado por periodistas de CELTTV, el canal de TV local de la Cooperativa El\u00e9ctrica de Tornquist. Turismo, Pol\u00edtica, Sociedad, Deporte, Cultura y todo el contenido de inter\u00e9s general que la gente del pueblo y la regi\u00f3n debe conocer.\",\"breadcrumb\":{\"@id\":\"https:\/\/www.celttv.com.ar\/index.php\/2015\/02\/21\/se-lanzan-los-foros-de-discusion-de-la-ley-federal-de-economia-solidaria\/#breadcrumb\"},\"inLanguage\":\"es\",\"potentialAction\":[{\"@type\":\"ReadAction\",\"target\":[\"https:\/\/www.celttv.com.ar\/index.php\/2015\/02\/21\/se-lanzan-los-foros-de-discusion-de-la-ley-federal-de-economia-solidaria\/\"]}]},{\"@type\":\"BreadcrumbList\",\"@id\":\"https:\/\/www.celttv.com.ar\/index.php\/2015\/02\/21\/se-lanzan-los-foros-de-discusion-de-la-ley-federal-de-economia-solidaria\/#breadcrumb\",\"itemListElement\":[{\"@type\":\"ListItem\",\"position\":1,\"name\":\"Inicio\",\"item\":\"https:\/\/www.celttv.com.ar\/\"},{\"@type\":\"ListItem\",\"position\":2,\"name\":\"SE LANZAN LOS FOROS DE DISCUSI\u00d3N DE LA LEY FEDERAL DE ECONOMIA SOLIDARIA\"}]},{\"@type\":\"WebSite\",\"@id\":\"https:\/\/www.celttv.com.ar\/#website\",\"url\":\"https:\/\/www.celttv.com.ar\/\",\"name\":\"CELTTV\",\"description\":\"Cooperativa El\u00e9ctrica de Tornquist\",\"publisher\":{\"@id\":\"https:\/\/www.celttv.com.ar\/#organization\"},\"potentialAction\":[{\"@type\":\"SearchAction\",\"target\":{\"@type\":\"EntryPoint\",\"urlTemplate\":\"https:\/\/www.celttv.com.ar\/?s={search_term_string}\"},\"query-input\":\"required name=search_term_string\"}],\"inLanguage\":\"es\"},{\"@type\":\"Organization\",\"@id\":\"https:\/\/www.celttv.com.ar\/#organization\",\"name\":\"CELTTV\",\"url\":\"https:\/\/www.celttv.com.ar\/\",\"sameAs\":[\"https:\/\/www.youtube.com\/channel\/UCz_oIt8Hig64Ub-EmcNPIhg\",\"https:\/\/www.facebook.com\/celtTV\/\"],\"logo\":{\"@type\":\"ImageObject\",\"inLanguage\":\"es\",\"@id\":\"https:\/\/www.celttv.com.ar\/#\/schema\/logo\/image\/\",\"url\":\"http:\/\/www.celttv.com.ar\/wp-content\/uploads\/2022\/08\/logo-1.png\",\"contentUrl\":\"http:\/\/www.celttv.com.ar\/wp-content\/uploads\/2022\/08\/logo-1.png\",\"width\":461,\"height\":159,\"caption\":\"CELTTV\"},\"image\":{\"@id\":\"https:\/\/www.celttv.com.ar\/#\/schema\/logo\/image\/\"}},{\"@type\":\"Person\",\"@id\":\"https:\/\/www.celttv.com.ar\/#\/schema\/person\/6d99c072dba59953809c81446e9d0ace\",\"name\":\"ulises\",\"image\":{\"@type\":\"ImageObject\",\"inLanguage\":\"es\",\"@id\":\"https:\/\/www.celttv.com.ar\/#\/schema\/person\/image\/\",\"url\":\"https:\/\/secure.gravatar.com\/avatar\/7f2c48bdc33b30088f941fb6082e555f2874c98e20cb159d7b92b50eadfce793?s=96&d=mm&r=g\",\"contentUrl\":\"https:\/\/secure.gravatar.com\/avatar\/7f2c48bdc33b30088f941fb6082e555f2874c98e20cb159d7b92b50eadfce793?s=96&d=mm&r=g\",\"caption\":\"ulises\"},\"sameAs\":[\"http:\/\/www.celttv.com.ar\"]}]}<\/script>\n<!-- \/ Yoast SEO plugin. -->","yoast_head_json":{"title":"SE LANZAN LOS FOROS DE DISCUSI\u00d3N DE LA LEY FEDERAL DE ECONOMIA SOLIDARIA - CELTTV","description":"Sitio web de noticias de la localidad de Tornquist, provincia de Buenos Aires, Rep\u00fablica Argentina. Contenido propio originado por periodistas de CELTTV, el canal de TV local de la Cooperativa El\u00e9ctrica de Tornquist. Turismo, Pol\u00edtica, Sociedad, Deporte, Cultura y todo el contenido de inter\u00e9s general que la gente del pueblo y la regi\u00f3n debe conocer.","robots":{"index":"index","follow":"follow","max-snippet":"max-snippet:-1","max-image-preview":"max-image-preview:large","max-video-preview":"max-video-preview:-1"},"canonical":"https:\/\/www.celttv.com.ar\/index.php\/2015\/02\/21\/se-lanzan-los-foros-de-discusion-de-la-ley-federal-de-economia-solidaria\/","og_locale":"es_ES","og_type":"article","og_title":"SE LANZAN LOS FOROS DE DISCUSI\u00d3N DE LA LEY FEDERAL DE ECONOMIA SOLIDARIA - CELTTV","og_description":"Sitio web de noticias de la localidad de Tornquist, provincia de Buenos Aires, Rep\u00fablica Argentina. Contenido propio originado por periodistas de CELTTV, el canal de TV local de la Cooperativa El\u00e9ctrica de Tornquist. Turismo, Pol\u00edtica, Sociedad, Deporte, Cultura y todo el contenido de inter\u00e9s general que la gente del pueblo y la regi\u00f3n debe conocer.","og_url":"https:\/\/www.celttv.com.ar\/index.php\/2015\/02\/21\/se-lanzan-los-foros-de-discusion-de-la-ley-federal-de-economia-solidaria\/","og_site_name":"CELTTV","article_publisher":"https:\/\/www.facebook.com\/celtTV\/","article_published_time":"2015-02-21T13:12:02+00:00","og_image":[{"url":"http:\/\/www.tvcnoticias.com.ar\/wp-content\/uploads\/2015\/02\/1482-ECONOMIA-SOLIDARIA-Medium-450x299.jpg"}],"author":"ulises","twitter_card":"summary_large_image","twitter_misc":{"Escrito por":"ulises","Tiempo de lectura":"3 minutos"},"schema":{"@context":"https:\/\/schema.org","@graph":[{"@type":"NewsArticle","@id":"https:\/\/www.celttv.com.ar\/index.php\/2015\/02\/21\/se-lanzan-los-foros-de-discusion-de-la-ley-federal-de-economia-solidaria\/#article","isPartOf":{"@id":"https:\/\/www.celttv.com.ar\/index.php\/2015\/02\/21\/se-lanzan-los-foros-de-discusion-de-la-ley-federal-de-economia-solidaria\/"},"author":{"name":"ulises","@id":"https:\/\/www.celttv.com.ar\/#\/schema\/person\/6d99c072dba59953809c81446e9d0ace"},"headline":"SE LANZAN LOS FOROS DE DISCUSI\u00d3N DE LA LEY FEDERAL DE ECONOMIA SOLIDARIA","datePublished":"2015-02-21T13:12:02+00:00","dateModified":"2015-02-21T13:12:02+00:00","mainEntityOfPage":{"@id":"https:\/\/www.celttv.com.ar\/index.php\/2015\/02\/21\/se-lanzan-los-foros-de-discusion-de-la-ley-federal-de-economia-solidaria\/"},"wordCount":645,"publisher":{"@id":"https:\/\/www.celttv.com.ar\/#organization"},"articleSection":["Comunidad","Destacadas"],"inLanguage":"es"},{"@type":"WebPage","@id":"https:\/\/www.celttv.com.ar\/index.php\/2015\/02\/21\/se-lanzan-los-foros-de-discusion-de-la-ley-federal-de-economia-solidaria\/","url":"https:\/\/www.celttv.com.ar\/index.php\/2015\/02\/21\/se-lanzan-los-foros-de-discusion-de-la-ley-federal-de-economia-solidaria\/","name":"SE LANZAN LOS FOROS DE DISCUSI\u00d3N DE LA LEY FEDERAL DE ECONOMIA SOLIDARIA - CELTTV","isPartOf":{"@id":"https:\/\/www.celttv.com.ar\/#website"},"datePublished":"2015-02-21T13:12:02+00:00","dateModified":"2015-02-21T13:12:02+00:00","description":"Sitio web de noticias de la localidad de Tornquist, provincia de Buenos Aires, Rep\u00fablica Argentina. Contenido propio originado por periodistas de CELTTV, el canal de TV local de la Cooperativa El\u00e9ctrica de Tornquist. Turismo, Pol\u00edtica, Sociedad, Deporte, Cultura y todo el contenido de inter\u00e9s general que la gente del pueblo y la regi\u00f3n debe conocer.","breadcrumb":{"@id":"https:\/\/www.celttv.com.ar\/index.php\/2015\/02\/21\/se-lanzan-los-foros-de-discusion-de-la-ley-federal-de-economia-solidaria\/#breadcrumb"},"inLanguage":"es","potentialAction":[{"@type":"ReadAction","target":["https:\/\/www.celttv.com.ar\/index.php\/2015\/02\/21\/se-lanzan-los-foros-de-discusion-de-la-ley-federal-de-economia-solidaria\/"]}]},{"@type":"BreadcrumbList","@id":"https:\/\/www.celttv.com.ar\/index.php\/2015\/02\/21\/se-lanzan-los-foros-de-discusion-de-la-ley-federal-de-economia-solidaria\/#breadcrumb","itemListElement":[{"@type":"ListItem","position":1,"name":"Inicio","item":"https:\/\/www.celttv.com.ar\/"},{"@type":"ListItem","position":2,"name":"SE LANZAN LOS FOROS DE DISCUSI\u00d3N DE LA LEY FEDERAL DE ECONOMIA SOLIDARIA"}]},{"@type":"WebSite","@id":"https:\/\/www.celttv.com.ar\/#website","url":"https:\/\/www.celttv.com.ar\/","name":"CELTTV","description":"Cooperativa El\u00e9ctrica de Tornquist","publisher":{"@id":"https:\/\/www.celttv.com.ar\/#organization"},"potentialAction":[{"@type":"SearchAction","target":{"@type":"EntryPoint","urlTemplate":"https:\/\/www.celttv.com.ar\/?s={search_term_string}"},"query-input":"required name=search_term_string"}],"inLanguage":"es"},{"@type":"Organization","@id":"https:\/\/www.celttv.com.ar\/#organization","name":"CELTTV","url":"https:\/\/www.celttv.com.ar\/","sameAs":["https:\/\/www.youtube.com\/channel\/UCz_oIt8Hig64Ub-EmcNPIhg","https:\/\/www.facebook.com\/celtTV\/"],"logo":{"@type":"ImageObject","inLanguage":"es","@id":"https:\/\/www.celttv.com.ar\/#\/schema\/logo\/image\/","url":"http:\/\/www.celttv.com.ar\/wp-content\/uploads\/2022\/08\/logo-1.png","contentUrl":"http:\/\/www.celttv.com.ar\/wp-content\/uploads\/2022\/08\/logo-1.png","width":461,"height":159,"caption":"CELTTV"},"image":{"@id":"https:\/\/www.celttv.com.ar\/#\/schema\/logo\/image\/"}},{"@type":"Person","@id":"https:\/\/www.celttv.com.ar\/#\/schema\/person\/6d99c072dba59953809c81446e9d0ace","name":"ulises","image":{"@type":"ImageObject","inLanguage":"es","@id":"https:\/\/www.celttv.com.ar\/#\/schema\/person\/image\/","url":"https:\/\/secure.gravatar.com\/avatar\/7f2c48bdc33b30088f941fb6082e555f2874c98e20cb159d7b92b50eadfce793?s=96&d=mm&r=g","contentUrl":"https:\/\/secure.gravatar.com\/avatar\/7f2c48bdc33b30088f941fb6082e555f2874c98e20cb159d7b92b50eadfce793?s=96&d=mm&r=g","caption":"ulises"},"sameAs":["http:\/\/www.celttv.com.ar"]}]}},"_links":{"self":[{"href":"https:\/\/www.celttv.com.ar\/index.php\/wp-json\/wp\/v2\/posts\/26796","targetHints":{"allow":["GET"]}}],"collection":[{"href":"https:\/\/www.celttv.com.ar\/index.php\/wp-json\/wp\/v2\/posts"}],"about":[{"href":"https:\/\/www.celttv.com.ar\/index.php\/wp-json\/wp\/v2\/types\/post"}],"author":[{"embeddable":true,"href":"https:\/\/www.celttv.com.ar\/index.php\/wp-json\/wp\/v2\/users\/1"}],"replies":[{"embeddable":true,"href":"https:\/\/www.celttv.com.ar\/index.php\/wp-json\/wp\/v2\/comments?post=26796"}],"version-history":[{"count":0,"href":"https:\/\/www.celttv.com.ar\/index.php\/wp-json\/wp\/v2\/posts\/26796\/revisions"}],"wp:attachment":[{"href":"https:\/\/www.celttv.com.ar\/index.php\/wp-json\/wp\/v2\/media?parent=26796"}],"wp:term":[{"taxonomy":"category","embeddable":true,"href":"https:\/\/www.celttv.com.ar\/index.php\/wp-json\/wp\/v2\/categories?post=26796"},{"taxonomy":"post_tag","embeddable":true,"href":"https:\/\/www.celttv.com.ar\/index.php\/wp-json\/wp\/v2\/tags?post=26796"}],"curies":[{"name":"wp","href":"https:\/\/api.w.org\/{rel}","templated":true}]}}