{"id":26812,"date":"2015-02-23T13:17:42","date_gmt":"2015-02-23T13:17:42","guid":{"rendered":"http:\/\/www.tvcnoticias.com.ar\/?p=26812"},"modified":"2015-02-23T13:17:42","modified_gmt":"2015-02-23T13:17:42","slug":"union-vivio-un-fin-de-semana-a-puro-voley","status":"publish","type":"post","link":"https:\/\/www.celttv.com.ar\/index.php\/2015\/02\/23\/union-vivio-un-fin-de-semana-a-puro-voley\/","title":{"rendered":"UNION VIVI\u00d3 UN FIN DE SEMANA A PURO VOLEY"},"content":{"rendered":"<p><a rel=\"attachment wp-att-26817\" href=\"http:\/\/www.tvcnoticias.com.ar\/?attachment_id=26817\"><img loading=\"lazy\" decoding=\"async\" class=\"aligncenter size-medium wp-image-26817\" title=\"hockeyfebrero (50) (Medium)\" src=\"http:\/\/www.tvcnoticias.com.ar\/wp-content\/uploads\/2015\/02\/hockeyfebrero-50-Medium-450x379.jpg\" alt=\"\" width=\"450\" height=\"379\" \/><\/a><\/p>\n<p>&nbsp;<\/p>\n<p>Durante este fin de semana, el Club Uni\u00f3n fue anfitri\u00f3n de un encuentro amistoso de pretemporada de hockey, desarrollado en su cancha de c\u00e9sped sint\u00e9tico.<\/p>\n<p>&nbsp;<\/p>\n<p>Fue de Primera divisi\u00f3n y participaron Universitario \u201cA\u201d, Universitario \u201cB\u201d y Tiro Federal de Bah\u00eda Blanca y el equipo masculino de CEF N\u00ba 83 de Pig\u00fc\u00e9, adem\u00e1s de Uni\u00f3n.<\/p>\n<p>&nbsp;<\/p>\n<p>Los partidos se disputaron en su totalidad el s\u00e1bado, siendo los resultados, anecd\u00f3ticos por cierto, los siguientes:<\/p>\n<p>&nbsp;<\/p>\n<p>&#8211; Uni\u00f3n 0 \u2013 Universitario \u201cB\u201d 7<\/p>\n<p>&#8211; Universitario \u201cB\u201d 3 \u2013 Tiro Federal 2<\/p>\n<p>&#8211; Universitario \u201cB\u201d 7 \u2013 CEF N\u00ba 83 0<\/p>\n<p>&#8211; Uni\u00f3n 0 \u2013 Tiro Federal 3<\/p>\n<p>&nbsp;<\/p>\n<p>Adem\u00e1s, el elenco albirrojo de Bah\u00eda Blanca se aloj\u00f3 desde el viernes hasta este domingo en el balneario Parque Norte, realizando jornadas de entrenamiento tanto en el mencionado lugar como en las instalaciones de Uni\u00f3n.<\/p>\n<p>&nbsp;<\/p>\n<p>Entre las m\u00e1s de 70 jugadoras presentes durante el fin de semana, se resalt\u00f3 la presencia de Florencia Schever\u00edn, Martina e Isabella Orioli, Julieta Kuin y Loreta Di Buo, hockistas destacadas de la Asociaci\u00f3n Bahiense de Hockey y que la entidad Verde tuvo el lujo de tenerlas jugando en su cancha.<\/p>\n<p>&nbsp;<\/p>\n<p>Una acci\u00f3n m\u00e1s para afianzar la estrecha\u00a0relaci\u00f3n entre Uni\u00f3n y Universitario, generada por Leonardo Woodward, coordinador y entrenador de hockey en ambas entidades. \u201cUni\u00f3n es nuestro club hermano\u201d, expres\u00f3 una de las jugadoras de \u201cLas Pira\u00f1as\u201d.<\/p>\n<p>&nbsp;<\/p>\n<p>M\u00c1S IM\u00c1GENES:\u00a0<a href=\"http:\/\/webmail.celt.com.ar\/horde\/services\/go.php?url=https%3A%2F%2Fwww.facebook.com%2Fmedia%2Fset%2F%3Fset%3Da.797394533687230.1073741950.446579278768759%26type%3D3%26uploaded%3D97\" target=\"_blank\" rel=\"noopener\">CLICK AQU\u00cd<\/a> (\u00e1lbum de Facebook)<\/p>\n<p><strong><em><br \/>\n<\/em><\/strong><\/p>\n<p><strong><em>Prensa y Difusi\u00f3n \u2013 Club Uni\u00f3n<\/em><\/strong><\/p>\n<p><a href=\"http:\/\/webmail.celt.com.ar\/horde\/services\/go.php?url=http%3A%2F%2Fwww.uniondetornquist.com\" target=\"_blank\" rel=\"noopener\">www.uniondetornquist.com<\/a><\/p>\n<p>&nbsp;<\/p>\n","protected":false},"excerpt":{"rendered":"<p>&nbsp; Durante este fin de semana, el Club Uni\u00f3n fue anfitri\u00f3n de un encuentro amistoso de pretemporada de hockey, desarrollado en su cancha de c\u00e9sped sint\u00e9tico. &nbsp; Fue de Primera divisi\u00f3n y participaron Universitario \u201cA\u201d, Universitario \u201cB\u201d y Tiro Federal de Bah\u00eda Blanca y el equipo masculino de CEF N\u00ba 83 de Pig\u00fc\u00e9, adem\u00e1s de [&hellip;]<\/p>\n","protected":false},"author":1,"featured_media":0,"comment_status":"closed","ping_status":"open","sticky":false,"template":"","format":"standard","meta":{"footnotes":""},"categories":[60,52],"tags":[],"class_list":["post-26812","post","type-post","status-publish","format-standard","hentry","category-deporte","category-destacadas"],"yoast_head":"<!-- This site is optimized with the Yoast SEO plugin v19.7.1 - https:\/\/yoast.com\/wordpress\/plugins\/seo\/ -->\n<title>UNION VIVI\u00d3 UN FIN DE SEMANA A PURO VOLEY - CELTTV<\/title>\n<meta name=\"description\" content=\"Sitio web de noticias de la localidad de Tornquist, provincia de Buenos Aires, Rep\u00fablica Argentina. Contenido propio originado por periodistas de CELTTV, el canal de TV local de la Cooperativa El\u00e9ctrica de Tornquist. Turismo, Pol\u00edtica, Sociedad, Deporte, Cultura y todo el contenido de inter\u00e9s general que la gente del pueblo y la regi\u00f3n debe conocer.\" \/>\n<meta name=\"robots\" content=\"index, follow, max-snippet:-1, max-image-preview:large, max-video-preview:-1\" \/>\n<link rel=\"canonical\" href=\"https:\/\/www.celttv.com.ar\/index.php\/2015\/02\/23\/union-vivio-un-fin-de-semana-a-puro-voley\/\" \/>\n<meta property=\"og:locale\" content=\"es_ES\" \/>\n<meta property=\"og:type\" content=\"article\" \/>\n<meta property=\"og:title\" content=\"UNION VIVI\u00d3 UN FIN DE SEMANA A PURO VOLEY - CELTTV\" \/>\n<meta property=\"og:description\" content=\"Sitio web de noticias de la localidad de Tornquist, provincia de Buenos Aires, Rep\u00fablica Argentina. Contenido propio originado por periodistas de CELTTV, el canal de TV local de la Cooperativa El\u00e9ctrica de Tornquist. Turismo, Pol\u00edtica, Sociedad, Deporte, Cultura y todo el contenido de inter\u00e9s general que la gente del pueblo y la regi\u00f3n debe conocer.\" \/>\n<meta property=\"og:url\" content=\"https:\/\/www.celttv.com.ar\/index.php\/2015\/02\/23\/union-vivio-un-fin-de-semana-a-puro-voley\/\" \/>\n<meta property=\"og:site_name\" content=\"CELTTV\" \/>\n<meta property=\"article:publisher\" content=\"https:\/\/www.facebook.com\/celtTV\/\" \/>\n<meta property=\"article:published_time\" content=\"2015-02-23T13:17:42+00:00\" \/>\n<meta property=\"og:image\" content=\"http:\/\/www.tvcnoticias.com.ar\/wp-content\/uploads\/2015\/02\/hockeyfebrero-50-Medium-450x379.jpg\" \/>\n<meta name=\"author\" content=\"ulises\" \/>\n<meta name=\"twitter:card\" content=\"summary_large_image\" \/>\n<meta name=\"twitter:label1\" content=\"Escrito por\" \/>\n\t<meta name=\"twitter:data1\" content=\"ulises\" \/>\n\t<meta name=\"twitter:label2\" content=\"Tiempo de lectura\" \/>\n\t<meta name=\"twitter:data2\" content=\"1 minuto\" \/>\n<script type=\"application\/ld+json\" class=\"yoast-schema-graph\">{\"@context\":\"https:\/\/schema.org\",\"@graph\":[{\"@type\":\"NewsArticle\",\"@id\":\"https:\/\/www.celttv.com.ar\/index.php\/2015\/02\/23\/union-vivio-un-fin-de-semana-a-puro-voley\/#article\",\"isPartOf\":{\"@id\":\"https:\/\/www.celttv.com.ar\/index.php\/2015\/02\/23\/union-vivio-un-fin-de-semana-a-puro-voley\/\"},\"author\":{\"name\":\"ulises\",\"@id\":\"https:\/\/www.celttv.com.ar\/#\/schema\/person\/6d99c072dba59953809c81446e9d0ace\"},\"headline\":\"UNION VIVI\u00d3 UN FIN DE SEMANA A PURO VOLEY\",\"datePublished\":\"2015-02-23T13:17:42+00:00\",\"dateModified\":\"2015-02-23T13:17:42+00:00\",\"mainEntityOfPage\":{\"@id\":\"https:\/\/www.celttv.com.ar\/index.php\/2015\/02\/23\/union-vivio-un-fin-de-semana-a-puro-voley\/\"},\"wordCount\":275,\"publisher\":{\"@id\":\"https:\/\/www.celttv.com.ar\/#organization\"},\"articleSection\":[\"Deporte\",\"Destacadas\"],\"inLanguage\":\"es\"},{\"@type\":\"WebPage\",\"@id\":\"https:\/\/www.celttv.com.ar\/index.php\/2015\/02\/23\/union-vivio-un-fin-de-semana-a-puro-voley\/\",\"url\":\"https:\/\/www.celttv.com.ar\/index.php\/2015\/02\/23\/union-vivio-un-fin-de-semana-a-puro-voley\/\",\"name\":\"UNION VIVI\u00d3 UN FIN DE SEMANA A PURO VOLEY - CELTTV\",\"isPartOf\":{\"@id\":\"https:\/\/www.celttv.com.ar\/#website\"},\"datePublished\":\"2015-02-23T13:17:42+00:00\",\"dateModified\":\"2015-02-23T13:17:42+00:00\",\"description\":\"Sitio web de noticias de la localidad de Tornquist, provincia de Buenos Aires, Rep\u00fablica Argentina. Contenido propio originado por periodistas de CELTTV, el canal de TV local de la Cooperativa El\u00e9ctrica de Tornquist. Turismo, Pol\u00edtica, Sociedad, Deporte, Cultura y todo el contenido de inter\u00e9s general que la gente del pueblo y la regi\u00f3n debe conocer.\",\"breadcrumb\":{\"@id\":\"https:\/\/www.celttv.com.ar\/index.php\/2015\/02\/23\/union-vivio-un-fin-de-semana-a-puro-voley\/#breadcrumb\"},\"inLanguage\":\"es\",\"potentialAction\":[{\"@type\":\"ReadAction\",\"target\":[\"https:\/\/www.celttv.com.ar\/index.php\/2015\/02\/23\/union-vivio-un-fin-de-semana-a-puro-voley\/\"]}]},{\"@type\":\"BreadcrumbList\",\"@id\":\"https:\/\/www.celttv.com.ar\/index.php\/2015\/02\/23\/union-vivio-un-fin-de-semana-a-puro-voley\/#breadcrumb\",\"itemListElement\":[{\"@type\":\"ListItem\",\"position\":1,\"name\":\"Inicio\",\"item\":\"https:\/\/www.celttv.com.ar\/\"},{\"@type\":\"ListItem\",\"position\":2,\"name\":\"UNION VIVI\u00d3 UN FIN DE SEMANA A PURO VOLEY\"}]},{\"@type\":\"WebSite\",\"@id\":\"https:\/\/www.celttv.com.ar\/#website\",\"url\":\"https:\/\/www.celttv.com.ar\/\",\"name\":\"CELTTV\",\"description\":\"Cooperativa El\u00e9ctrica de Tornquist\",\"publisher\":{\"@id\":\"https:\/\/www.celttv.com.ar\/#organization\"},\"potentialAction\":[{\"@type\":\"SearchAction\",\"target\":{\"@type\":\"EntryPoint\",\"urlTemplate\":\"https:\/\/www.celttv.com.ar\/?s={search_term_string}\"},\"query-input\":\"required name=search_term_string\"}],\"inLanguage\":\"es\"},{\"@type\":\"Organization\",\"@id\":\"https:\/\/www.celttv.com.ar\/#organization\",\"name\":\"CELTTV\",\"url\":\"https:\/\/www.celttv.com.ar\/\",\"sameAs\":[\"https:\/\/www.youtube.com\/channel\/UCz_oIt8Hig64Ub-EmcNPIhg\",\"https:\/\/www.facebook.com\/celtTV\/\"],\"logo\":{\"@type\":\"ImageObject\",\"inLanguage\":\"es\",\"@id\":\"https:\/\/www.celttv.com.ar\/#\/schema\/logo\/image\/\",\"url\":\"http:\/\/www.celttv.com.ar\/wp-content\/uploads\/2022\/08\/logo-1.png\",\"contentUrl\":\"http:\/\/www.celttv.com.ar\/wp-content\/uploads\/2022\/08\/logo-1.png\",\"width\":461,\"height\":159,\"caption\":\"CELTTV\"},\"image\":{\"@id\":\"https:\/\/www.celttv.com.ar\/#\/schema\/logo\/image\/\"}},{\"@type\":\"Person\",\"@id\":\"https:\/\/www.celttv.com.ar\/#\/schema\/person\/6d99c072dba59953809c81446e9d0ace\",\"name\":\"ulises\",\"image\":{\"@type\":\"ImageObject\",\"inLanguage\":\"es\",\"@id\":\"https:\/\/www.celttv.com.ar\/#\/schema\/person\/image\/\",\"url\":\"https:\/\/secure.gravatar.com\/avatar\/7f2c48bdc33b30088f941fb6082e555f2874c98e20cb159d7b92b50eadfce793?s=96&d=mm&r=g\",\"contentUrl\":\"https:\/\/secure.gravatar.com\/avatar\/7f2c48bdc33b30088f941fb6082e555f2874c98e20cb159d7b92b50eadfce793?s=96&d=mm&r=g\",\"caption\":\"ulises\"},\"sameAs\":[\"http:\/\/www.celttv.com.ar\"]}]}<\/script>\n<!-- \/ Yoast SEO plugin. -->","yoast_head_json":{"title":"UNION VIVI\u00d3 UN FIN DE SEMANA A PURO VOLEY - CELTTV","description":"Sitio web de noticias de la localidad de Tornquist, provincia de Buenos Aires, Rep\u00fablica Argentina. Contenido propio originado por periodistas de CELTTV, el canal de TV local de la Cooperativa El\u00e9ctrica de Tornquist. Turismo, Pol\u00edtica, Sociedad, Deporte, Cultura y todo el contenido de inter\u00e9s general que la gente del pueblo y la regi\u00f3n debe conocer.","robots":{"index":"index","follow":"follow","max-snippet":"max-snippet:-1","max-image-preview":"max-image-preview:large","max-video-preview":"max-video-preview:-1"},"canonical":"https:\/\/www.celttv.com.ar\/index.php\/2015\/02\/23\/union-vivio-un-fin-de-semana-a-puro-voley\/","og_locale":"es_ES","og_type":"article","og_title":"UNION VIVI\u00d3 UN FIN DE SEMANA A PURO VOLEY - CELTTV","og_description":"Sitio web de noticias de la localidad de Tornquist, provincia de Buenos Aires, Rep\u00fablica Argentina. Contenido propio originado por periodistas de CELTTV, el canal de TV local de la Cooperativa El\u00e9ctrica de Tornquist. Turismo, Pol\u00edtica, Sociedad, Deporte, Cultura y todo el contenido de inter\u00e9s general que la gente del pueblo y la regi\u00f3n debe conocer.","og_url":"https:\/\/www.celttv.com.ar\/index.php\/2015\/02\/23\/union-vivio-un-fin-de-semana-a-puro-voley\/","og_site_name":"CELTTV","article_publisher":"https:\/\/www.facebook.com\/celtTV\/","article_published_time":"2015-02-23T13:17:42+00:00","og_image":[{"url":"http:\/\/www.tvcnoticias.com.ar\/wp-content\/uploads\/2015\/02\/hockeyfebrero-50-Medium-450x379.jpg"}],"author":"ulises","twitter_card":"summary_large_image","twitter_misc":{"Escrito por":"ulises","Tiempo de lectura":"1 minuto"},"schema":{"@context":"https:\/\/schema.org","@graph":[{"@type":"NewsArticle","@id":"https:\/\/www.celttv.com.ar\/index.php\/2015\/02\/23\/union-vivio-un-fin-de-semana-a-puro-voley\/#article","isPartOf":{"@id":"https:\/\/www.celttv.com.ar\/index.php\/2015\/02\/23\/union-vivio-un-fin-de-semana-a-puro-voley\/"},"author":{"name":"ulises","@id":"https:\/\/www.celttv.com.ar\/#\/schema\/person\/6d99c072dba59953809c81446e9d0ace"},"headline":"UNION VIVI\u00d3 UN FIN DE SEMANA A PURO VOLEY","datePublished":"2015-02-23T13:17:42+00:00","dateModified":"2015-02-23T13:17:42+00:00","mainEntityOfPage":{"@id":"https:\/\/www.celttv.com.ar\/index.php\/2015\/02\/23\/union-vivio-un-fin-de-semana-a-puro-voley\/"},"wordCount":275,"publisher":{"@id":"https:\/\/www.celttv.com.ar\/#organization"},"articleSection":["Deporte","Destacadas"],"inLanguage":"es"},{"@type":"WebPage","@id":"https:\/\/www.celttv.com.ar\/index.php\/2015\/02\/23\/union-vivio-un-fin-de-semana-a-puro-voley\/","url":"https:\/\/www.celttv.com.ar\/index.php\/2015\/02\/23\/union-vivio-un-fin-de-semana-a-puro-voley\/","name":"UNION VIVI\u00d3 UN FIN DE SEMANA A PURO VOLEY - CELTTV","isPartOf":{"@id":"https:\/\/www.celttv.com.ar\/#website"},"datePublished":"2015-02-23T13:17:42+00:00","dateModified":"2015-02-23T13:17:42+00:00","description":"Sitio web de noticias de la localidad de Tornquist, provincia de Buenos Aires, Rep\u00fablica Argentina. Contenido propio originado por periodistas de CELTTV, el canal de TV local de la Cooperativa El\u00e9ctrica de Tornquist. Turismo, Pol\u00edtica, Sociedad, Deporte, Cultura y todo el contenido de inter\u00e9s general que la gente del pueblo y la regi\u00f3n debe conocer.","breadcrumb":{"@id":"https:\/\/www.celttv.com.ar\/index.php\/2015\/02\/23\/union-vivio-un-fin-de-semana-a-puro-voley\/#breadcrumb"},"inLanguage":"es","potentialAction":[{"@type":"ReadAction","target":["https:\/\/www.celttv.com.ar\/index.php\/2015\/02\/23\/union-vivio-un-fin-de-semana-a-puro-voley\/"]}]},{"@type":"BreadcrumbList","@id":"https:\/\/www.celttv.com.ar\/index.php\/2015\/02\/23\/union-vivio-un-fin-de-semana-a-puro-voley\/#breadcrumb","itemListElement":[{"@type":"ListItem","position":1,"name":"Inicio","item":"https:\/\/www.celttv.com.ar\/"},{"@type":"ListItem","position":2,"name":"UNION VIVI\u00d3 UN FIN DE SEMANA A PURO VOLEY"}]},{"@type":"WebSite","@id":"https:\/\/www.celttv.com.ar\/#website","url":"https:\/\/www.celttv.com.ar\/","name":"CELTTV","description":"Cooperativa El\u00e9ctrica de Tornquist","publisher":{"@id":"https:\/\/www.celttv.com.ar\/#organization"},"potentialAction":[{"@type":"SearchAction","target":{"@type":"EntryPoint","urlTemplate":"https:\/\/www.celttv.com.ar\/?s={search_term_string}"},"query-input":"required name=search_term_string"}],"inLanguage":"es"},{"@type":"Organization","@id":"https:\/\/www.celttv.com.ar\/#organization","name":"CELTTV","url":"https:\/\/www.celttv.com.ar\/","sameAs":["https:\/\/www.youtube.com\/channel\/UCz_oIt8Hig64Ub-EmcNPIhg","https:\/\/www.facebook.com\/celtTV\/"],"logo":{"@type":"ImageObject","inLanguage":"es","@id":"https:\/\/www.celttv.com.ar\/#\/schema\/logo\/image\/","url":"http:\/\/www.celttv.com.ar\/wp-content\/uploads\/2022\/08\/logo-1.png","contentUrl":"http:\/\/www.celttv.com.ar\/wp-content\/uploads\/2022\/08\/logo-1.png","width":461,"height":159,"caption":"CELTTV"},"image":{"@id":"https:\/\/www.celttv.com.ar\/#\/schema\/logo\/image\/"}},{"@type":"Person","@id":"https:\/\/www.celttv.com.ar\/#\/schema\/person\/6d99c072dba59953809c81446e9d0ace","name":"ulises","image":{"@type":"ImageObject","inLanguage":"es","@id":"https:\/\/www.celttv.com.ar\/#\/schema\/person\/image\/","url":"https:\/\/secure.gravatar.com\/avatar\/7f2c48bdc33b30088f941fb6082e555f2874c98e20cb159d7b92b50eadfce793?s=96&d=mm&r=g","contentUrl":"https:\/\/secure.gravatar.com\/avatar\/7f2c48bdc33b30088f941fb6082e555f2874c98e20cb159d7b92b50eadfce793?s=96&d=mm&r=g","caption":"ulises"},"sameAs":["http:\/\/www.celttv.com.ar"]}]}},"_links":{"self":[{"href":"https:\/\/www.celttv.com.ar\/index.php\/wp-json\/wp\/v2\/posts\/26812","targetHints":{"allow":["GET"]}}],"collection":[{"href":"https:\/\/www.celttv.com.ar\/index.php\/wp-json\/wp\/v2\/posts"}],"about":[{"href":"https:\/\/www.celttv.com.ar\/index.php\/wp-json\/wp\/v2\/types\/post"}],"author":[{"embeddable":true,"href":"https:\/\/www.celttv.com.ar\/index.php\/wp-json\/wp\/v2\/users\/1"}],"replies":[{"embeddable":true,"href":"https:\/\/www.celttv.com.ar\/index.php\/wp-json\/wp\/v2\/comments?post=26812"}],"version-history":[{"count":0,"href":"https:\/\/www.celttv.com.ar\/index.php\/wp-json\/wp\/v2\/posts\/26812\/revisions"}],"wp:attachment":[{"href":"https:\/\/www.celttv.com.ar\/index.php\/wp-json\/wp\/v2\/media?parent=26812"}],"wp:term":[{"taxonomy":"category","embeddable":true,"href":"https:\/\/www.celttv.com.ar\/index.php\/wp-json\/wp\/v2\/categories?post=26812"},{"taxonomy":"post_tag","embeddable":true,"href":"https:\/\/www.celttv.com.ar\/index.php\/wp-json\/wp\/v2\/tags?post=26812"}],"curies":[{"name":"wp","href":"https:\/\/api.w.org\/{rel}","templated":true}]}}