{"id":26828,"date":"2015-02-23T17:54:06","date_gmt":"2015-02-23T17:54:06","guid":{"rendered":"http:\/\/www.tvcnoticias.com.ar\/?p=26828"},"modified":"2015-02-23T17:54:06","modified_gmt":"2015-02-23T17:54:06","slug":"hcd-informe-de-la-sesion-extraordinaria-del-19-de-febrero-de-2015-la-opinion-de-los-concejales","status":"publish","type":"post","link":"https:\/\/www.celttv.com.ar\/index.php\/2015\/02\/23\/hcd-informe-de-la-sesion-extraordinaria-del-19-de-febrero-de-2015-la-opinion-de-los-concejales\/","title":{"rendered":"HCD.: INFORME DE LA SESION EXTRAORDINARIA DEL 19 DE FEBRERO DE 2015 (LA OPINI\u00d3N DE LOS CONCEJALES)"},"content":{"rendered":"<p><a href=\"https:\/\/www.youtube.com\/watch?v=NHA1mUSRGJ4\">httpv:\/\/www.youtube.com\/watch?v=NHA1mUSRGJ4<\/a><\/p>\n<p><a href=\"https:\/\/www.youtube.com\/watch?v=Rqgw-2FL2Jc\">httpv:\/\/www.youtube.com\/watch?v=Rqgw-2FL2Jc<\/a><\/p>\n<p><a href=\"https:\/\/www.youtube.com\/watch?v=stxfYFNGf6M\">httpv:\/\/www.youtube.com\/watch?v=stxfYFNGf6M<\/a><\/p>\n<p><a href=\"https:\/\/www.youtube.com\/watch?v=R0jbIlgg5CU\">httpv:\/\/www.youtube.com\/watch?v=R0jbIlgg5CU<\/a><\/p>\n<p><a href=\"https:\/\/www.youtube.com\/watch?v=qkFYG07pJb0\">httpv:\/\/www.youtube.com\/watch?v=qkFYG07pJb0<\/a><\/p>\n<p>El pasado jueves 19 del corriente mes, los Concejales\u00a0 resolvieron autoconvocarse en Sesi\u00f3n Extraordinaria, seg\u00fan las facultades otorgadas por el Art\u00edculo 68\u00ba\u00a0 inciso 5\u00ba de la Ley Org\u00e1nica de las Municipalidades para tratar los siguientes temas:<\/p>\n<p>&nbsp;<\/p>\n<p><strong><span style=\"text-decoration: underline;\">Expte. N\u00ba 04114-392\/14<\/span><\/strong><span style=\"text-decoration: underline;\">:<\/span> \u201cD.E. \u2013 Solicita adquisici\u00f3n de Inmueble para Casa de la  Cultura\u201d.<\/p>\n<p>Este Expediente tiene dos dict\u00e1menes:<\/p>\n<p>El primero dice:<\/p>\n<p>Los Bloques Coalici\u00f3n C\u00edvica, Frente Progresista C\u00edvico y Social, Frente Renovador y Uni\u00f3n C\u00edvica Radical reunidos en Sesi\u00f3n Extraordinaria del d\u00eda de la fecha y habiendo analizado el Expte. N\u00ba 4114-392\/14, mantenemos nuestra postura de no aprobar el Proyecto de Ordenanza obrante a fs. 24. Volvemos a\u00a0 aclarar que estamos de acuerdo con dicha compra, y reiteramos nuestra solicitud hacia el Sr. Intendente Municipal que realice la gesti\u00f3n para que los fondos a utilizar para la adquisici\u00f3n del inmueble no provengan del Fondo Educativo, motivo por el cual aconsejamos devolver el Expediente al Departamento Ejecutivo.<\/p>\n<p>&nbsp;<\/p>\n<p>El segundo dice:<\/p>\n<p>El Bloque Frente para la Victoria reunido en Sesi\u00f3n Extraordinaria del d\u00eda de la fecha y habiendo analizado el Expte. N\u00ba 4114-392\/14 aconseja aprobar el Proyecto de Ordenanza obrante a fs. 24. Valorando que es un inmueble de caracter\u00edsticas \u00fanicas desde lo arquitect\u00f3nico, hist\u00f3rico, social y cultural para los habitantes de Tornquist, y considerando la necesidad de contar con el mismo para el funcionamiento de la Casa de la Cultura, cuesti\u00f3n que encuadra perfectamente dentro de las erogaciones que pueden realizarse con los Fondos de la Ley de Financiamiento Educativo (Fondo Educativo). Adem\u00e1s luego de la reuni\u00f3n mantenida por este Cuerpo con integrantes del Departamento Ejecutivo y autoridades Educativas Distritales y Regionales, obran en el expediente las respuestas a los\u00a0planteos\u00a0realizados en la misma sobre temas inherentes a la compra a trav\u00e9s del Acta labrada en la oportunidad (foja 29). Estos son: informe Secretar\u00eda de Obras y Servicios \u00a0P\u00fablicos (foja 30),\u00a0nota de la  Contadora Municipal (foja 32) e informe de la Directora de Cultura (foja 33).<\/p>\n<p>Se aprueba por mayor\u00eda el primer dictamen (votaci\u00f3n 7 a 5), es decir no se aprueba el proyecto de ordenanza, y se devuelve el Expediente al Departamento Ejecutivo.<\/p>\n<p>&nbsp;<\/p>\n<p>Concejal Ant\u00f3n V\u00edctor:<\/p>\n<p>\u201cBueno, para iniciar quiero decir que entiendo que el dictamen que han realizado los Bloques opositores respecto de la nueva adquisici\u00f3n tiene una falacia, porque est\u00e1n\u00a0 diciendo que quieren comprar la casa pero a su vez no lo aprueban, y ya existen contradicciones con el tema del Fondo Educativo. Yo tengo un Acta en la cual dec\u00eda el Sr. Presidente el a\u00f1o pasado dec\u00eda que estaba de acuerdo con utilizar los fondos del Fondo Educativo para sanear la deuda de una instituci\u00f3n que en este caso era la Biblioteca de Tornquist, que le parec\u00eda bien y que la misma Ley lo contemplaba. Resulta que hoy que tenemos la posibilidad de hacer la compra de una vivienda hist\u00f3rica, y con todos los condimentos que tiene y con todo lo que venimos hablando, aparece que est\u00e1n de acuerdo en comprar la casa, pero resulta que no del Fondo Educativo. Eso es una mentira. Si estuvieran de acuerdo con comprar la casa votar\u00edan afirmativamente y le estar\u00edamos dando la herramienta al Intendente para que la compre, y a los vecinos de Tornquist que despu\u00e9s de ciento treinta y dos, ciento treinta y tres a\u00f1os podamos tener una casa de la Cultura. Nada m\u00e1s Sr. Presidente\u201d.<\/p>\n<p>&nbsp;<\/p>\n<p><strong><span style=\"text-decoration: underline;\">Expte. N\u00ba 393\/14<\/span><\/strong><span style=\"text-decoration: underline;\">:<\/span> \u201cSecretar\u00eda de Obras y Servicios P\u00fablicos\u2013 Proyecto de Ordenanza \u2013 \u201cTratamiento Particularizado de Zonas Ze1.S Y Zrev.S de la Localidad de Saldungaray \u2013 C\u00f3digo de Ordenamiento Urbano y Territorial de la Comarca de la Sierra de la Ventana (Ordenanza N\u00ba 1461\/02 \u2013 Decreto Provincial Convalidatorio N\u00ba 1821\/02)\u201d.<\/p>\n<p>Se aprueba por unanimidad la Ordenanza con el N\u00ba 2729\/15 por la que se autoriza al Departamento Ejecutivo a permitir las construcciones particulares en las zonas definidas por el C\u00f3digo de Ordenamiento Urbano y Territorial de la Comarca de la Sierra de la Ventana \u2013Partido de Tornquist\u00a0 (Ordenanza Municipal N\u00ba 1461\/02 \u2013 Decreto Pcial. Convalidatorio N\u00ba 1821\/02) como ZReU.s. (excepci\u00f3n al C\u00f3digo de Ordenamiento Urbano y Territorial).<\/p>\n<p>&nbsp;<\/p>\n<p><strong><span style=\"text-decoration: underline;\">Expte. N\u00ba 020\/15<\/span><\/strong>: \u201cD.E. \u2013 Convalidaci\u00f3n del Contrato de Locaci\u00f3n de Obra con el Instituto M\u00e9dico Integral\u201d.<\/p>\n<p>Se aprueba por unanimidad la Ordenanza bajo el N\u00ba 2730\/15 por la que se Convalida la\u00a0 firma del Contrato de Locaci\u00f3n de Obra suscripto entre la Dra. Geraldina Gribaldo (M.P. 2070) en su car\u00e1cter de Directora del Instituto M\u00e9dico Integral y el Lic. Gustavo Guillermo Trankels en su car\u00e1cter de Intendente Municipal del Partido de Tornquist. A trav\u00e9s de este Convenio la locadora se \u00a0compromete y obliga a realizar tarea de mamografr\u00edas a pacientes de PAMI e indigentes, al servicio de la Municipalidad de Tornquist; adem\u00e1s brindar\u00e1 servicios de espinograf\u00edas, panor\u00e1micas dentales y cobertura de radiolog\u00eda por eventualidades.<\/p>\n<p>&nbsp;<\/p>\n<p><strong><span style=\"text-decoration: underline;\">Expte. N\u00ba 024\/15<\/span><\/strong>: \u201cD.E. Convalida la Firma del Convenio C\/la Municipalidad de Saavedra por Pr\u00e1cticas Cl\u00ednicas y Quir\u00fargicas en Hospital Pig\u00fc\u00e9\u201d.<\/p>\n<p>SE aprueba por unanimidad la  Ordenanza bajo el N\u00ba 2731\/15 por la que se Convalida la firma del Convenio celebrado entre la Municipalidad de Saavedra, representada por la Intendente Interina<strong> <\/strong>Mar\u00eda Andrea Camandona y el\u00a0 Municipio de Tornquist representado por el Sr. Intendente Municipal Lic. Gustavo Guillermo Trankels, por la ejecuci\u00f3n de pr\u00e1cticas cl\u00ednicas y quir\u00fargicas en el Hospital Pig\u00fc\u00e9. Por este Convenio, la instituci\u00f3n se compromete a realizar pr\u00e1cticas de segundo nivel tanto cl\u00ednicas como quir\u00fargicas, seg\u00fan su necesidad por complejidad, disposici\u00f3n de profesionales u otras razones que no le permitan ser brindadas en el nosocomio local.<\/p>\n<p>&nbsp;<\/p>\n<p><strong><span style=\"text-decoration: underline;\">Expte. N\u00ba 026\/15<\/span><\/strong>: \u201cD.E. Convalida la Firma del Convenio Espec\u00edfico Tripartito I, Celebrado entre la F.U.N.S., la U.P.S.O. y la Municipalidad de Tornquist para el dictado de la carrera \u201cGu\u00eda Universitario de Turismo\u201d\u201d.<\/p>\n<p>Se aprueba por unanimidad la Ordenanza con el N\u00ba 2732\/15 por la que se Convalida la firma del Convenio Espec\u00edfico Tripartito I, celebrado entre la Municipalidad de Tornquist, representada por el Sr. Intendente Municipal, Lic. Gustavo Guillermo Trankels, la Fundaci\u00f3n de la Universidad  Nacional del Sur, representada por su Presidente, Doctor Osvaldo Agamennoni y la UPSO, representada por su Rector, Doctor Hern\u00e1n Pedro Vigier, para el dictado de la carrera \u201cGu\u00eda Universitario de Turismo\u201d en el distrito de Tornquist. El mencionado Convenio tiene como objetivo central facilitar las condiciones para el dictado de la carrera \u201cGu\u00eda Universitario de Turismo\u201d.<\/p>\n<p>&nbsp;<\/p>\n<p><strong><span style=\"text-decoration: underline;\">Expte. N\u00ba 027\/15<\/span><\/strong>: \u201cD.E. \u2013 Modifica el Art\u00edculo 14\u00ba de la  Ordenanza N\u00ba 2714\/14 Bonificaci\u00f3n especial por Presentismo\u201d.<\/p>\n<p>Se aprueba por unanimidad la Ordenanza con el N\u00ba 2733\/15 por la que se modifica el Art\u00edculo 14\u00ba de la Ordenanza Municipal N\u00ba 2714\/14, el que quedar\u00e1 redactado de la siguiente manera:<\/p>\n<p>\u201c<span style=\"text-decoration: underline;\">ART\u00cdCULO 14\u00ba:<\/span> Establ\u00e9zcase una bonificaci\u00f3n especial por <em>Presentismo<\/em> para el personal municipal, la que se liquidar\u00e1 mensualmente a todos los agentes y se calcular\u00e1 en funci\u00f3n del sueldo b\u00e1sico correspondiente a la Categor\u00eda 11 \u2013 Obrero \u2013 30 hs, en adelante el Sueldo Base \u201cS.B.\u201d, seg\u00fan la siguiente escala y condiciones:<\/p>\n<p>a)\u00a0\u00a0\u00a0\u00a0\u00a0 17,5% del S.B. a los agentes que no registren inasistencias durante el per\u00edodo a liquidar;<\/p>\n<p>b)\u00a0\u00a0\u00a0\u00a0\u00a0 11,5% del S.B. a los agentes que registren una (1) inasistencia durante el per\u00edodo a liquidar;<\/p>\n<p>c)\u00a0\u00a0\u00a0\u00a0\u00a0 6% del S.B. a los agentes que registren dos (2) inasistencias durante el per\u00edodo a liquidar<\/p>\n<p>Aquellos agentes que registren tres o m\u00e1s inasistencias, no ser\u00e1n alcanzados por la bonificaci\u00f3n.\u201d<\/p>\n<p><strong><span style=\"text-decoration: underline;\"> <\/span><\/strong><\/p>\n<p>&nbsp;<\/p>\n<p>&nbsp;<\/p>\n<p><strong><span style=\"text-decoration: underline;\">Expte. N\u00ba 6703\/14<\/span><\/strong>: \u201cBloque F.P.V. \u2013 Proyecto de Ordenanza: Ref. Modificaci\u00f3n Cap\u00edtulo XIV del Plan de Ordenamiento Territorial (Disco \u2013 Confiter\u00eda Bailable)\u201d.<\/p>\n<p>Se aprueba por unanimidad la Ordenanza con el N\u00ba 2734\/15 por la que se modifica a partir de la\u00a0 presente el Cap\u00edtulo XIV\u00a0 del Plan de Ordenamiento Territorial y se establece como \u00fanica zona de emplazamiento de actividades vinculadas a Disco- Confiter\u00eda Bailable a la Zona CT (Corredor Tur\u00edstico). Aquellas firmas comerciales que actualmente funcionan como Disco- Confiter\u00eda Bailable, se encuentren en funcionamiento\u00a0 y cuenten con la Habilitaci\u00f3n Municipal correspondiente conservar\u00e1n los permisos de funcionamiento otorgados hasta la fecha y continuar\u00e1n en vigencia hasta tanto cambie la titularidad del comercio.<\/p>\n<p>&nbsp;<\/p>\n<p>Palabras de los Se\u00f1ores Concejales:<\/p>\n<p>&nbsp;<\/p>\n<p>Concejal Skolak Mar\u00eda Ofelia:<\/p>\n<p>\u201cBueno, en primer lugar quiero expresar mi dolor ante la decisi\u00f3n de los Concejales opositores, que sinceramente hasta hace cinco minutos pensaba que iban a cambiar de opini\u00f3n, simplemente pensando si tienen o pueden fundamentar qu\u00e9 significado y qu\u00e9 sentido tiene un CEC, un Centro Educativo Complementario para el Distrito de Tornquist, en este caso para la localidad de Tornquist. Porque he escuchado que se dijo: \u201c\u00bfpara qu\u00e9 est\u00e1n las escuelas primarias?\u201d. Las escuelas primarias est\u00e1n para atender a los alumnos y ense\u00f1arles, y darles calidad educativa desde los seis a\u00f1os de edad a los once a\u00f1os de edad. Y la verdad es que el CEC es un complemento a esa educaci\u00f3n primaria. Hablamos de inclusi\u00f3n, hablamos de igualdad de oportunidades para nuestros ni\u00f1os y no acompa\u00f1amos la compra de una casa que no solamente nos resolver\u00eda este tema, sino muchos otros temas relacionados a la Cultura. Tienen mucho para decir y se ha escuchado por los medios varias expresiones pero sin fundamento, porque a la hora de hablar de prioridades de escuelas solamente se han escuchado nombrar dos, y justamente las prioridades en una de esas escuelas que no voy a mencionar, porque la verdad es que se ha puesto de manifiesto este \u00faltimo tiempo y se ha nombrado instituciones educativas donde asisten ni\u00f1os, donde hay una cooperadora, y se ha puesto de manifiesto instituciones educativas que realmente lo que se ha dicho no es verdad. S\u00ed reconozco que la escuela que tenemos en una localidad del Distrito de Tornquist, casi la nombro, y dije que no la voy a nombrar, hoy por hoy est\u00e1 en plena ejecuci\u00f3n de las refacciones que necesita. Por supuesto no se est\u00e1 haciendo todo lo que necesita, porque se empez\u00f3 a trabajar y se est\u00e1 ejecutando gran parte de las necesidades de ese establecimiento. La verdad\u00a0 que es un momento muy triste para el Distrito de Tornquist, estamos en una instituci\u00f3n que est\u00e1 integrada por Concejales, nosotros estamos ac\u00e1 porque representamos un partido pol\u00edtico, y leg\u00edtimamente fuimos elegidos por el voto del pueblo del Distrito de Tornquist, de todas las localidades del Distrito de Tornquist, y estamos para construir. En estas instancias, los integrantes de este Cuerpo,\u00a0 de este Honorable Cuerpo, deber\u00edan estar reuniendo, o deber\u00edamos estar reuniendo condiciones como ser nobles de esp\u00edritu, inteligentes, y con vocaci\u00f3n de servicio. Y cuando hablo de inteligentes, hablo de brindar comprensi\u00f3n, criterio, discernimiento entre lo bueno y lo malo, que como personas adultas e instruidas todas debemos\u00a0 tener, \u00bfno? El objetivo que nos tenemos que proponer dentro de este Honorable Cuerpo es lograr mejores oportunidades, ideas, proyectos, \u00bfpara qu\u00e9?, para beneficio de todos los que nos votaron, de todos los vecinos, \u00bfsi?, pero lamentablemente vengo observando desde hace mucho tiempo que en este Honorable Cuerpo se obstaculiza y quiero pensar que es porque estamos en campa\u00f1a pol\u00edtica, y justamente estamos obstaculizados porque son siete a cinco. \u00a1Despu\u00e9s hablan de las atribuciones que tiene el Departamento Ejecutivo cuando toma decisiones y hace cosas o pone proyectos en acci\u00f3n! \u00bfA ustedes les parece \u00a0que ac\u00e1 el Poder Ejecutivo pudo tener la atribuci\u00f3n de resolver este objetivo que era para todos, para los que vendr\u00e1n tambi\u00e9n, para las autoridades futuras, para nuestros ni\u00f1os, para los vecinos que van a venir a instalarse al Distrito, para los que est\u00e1n? Yo creo que muchos de los que est\u00e1n ac\u00e1 sentados tienen otras aspiraciones pol\u00edticas, y por eso digo que porque estamos en campa\u00f1a se toman estas decisiones, sin medir las expresiones que se expresan en los medios ante el Gobierno Municipal con cr\u00edticas duras, una vieja forma de hacer pol\u00edtica que m\u00e1s de un vecino no la quiere ni recordar. Como por ejemplo hablar de soberbia, de un gobierno soberbio, imprudente, de traici\u00f3n, por favor, cuando estamos discutiendo un tema que es fundamental para el crecimiento y el desarrollo del distrito como comprar un inmueble que quede para el municipio y para todos los vecinos. El lograr dentro del legislativo que se gesten proyectos buenos para nuestro querido distrito, no les quepa ninguna duda que no\u00a0 solo es un logro del Intendente sino tambi\u00e9n de todos los que estamos ac\u00e1 sentados. Porque nosotros somos los que le tenemos que dar la herramienta y hoy no se la dimos. La verdad que esto demuestra falta de capacidad de trabajar en conjunto y con inteligencia como dije hoy, con ideas propias, pensando en el futuro y en el crecimiento. Por eso cuando esas cosas pasan, y \u00faltimamente muy a menudo, me remito a una frase de la Concejal Noel\u00ed Kloster manifestada en los medios, cuando expresa la diferencia que existe entre casualidad y capacidad de ejercer funciones p\u00fablicas, yo me pregunto Sr. Presidente, si \u00bflas personas que estamos ac\u00e1 sentadas estamos por casualidad de haber ocupado un buen lugar en la lista, o por la capacidad de intenci\u00f3n y de gesti\u00f3n a favor del pueblo? Nos dejan sin la posibilidad, nos dejan, dejamos al Distrito de Tornquist sin la posibilidad de tener una casa de la Cultura propia, que sea del Distrito, despu\u00e9s de ciento treinta y dos a\u00f1os. Y para finalizar, he escuchado tantas cosas, entre una de las cosas que me qued\u00f3 bastante pendiente, porque lo tengo que decir, nosotros estamos para legislar, \u00bfdesde cu\u00e1ndo la creaci\u00f3n de un establecimiento educativo se tiene que informar al Honorable Concejo Deliberante? Si en esto trabaja la educaci\u00f3n, la Direcci\u00f3n de Inspecci\u00f3n General que es la que ofrece las posibilidades, las autoridades educativas en conjunto con el Intendente Municipal, la  U.E.G.D. que ha trabajado sobre este tema que se ha dicho que no, se trabaj\u00f3 sobre este tema. Por supuesto, no se pudo finalizar el acta porque falta el plano del lugar, y hasta que no se tome la decisi\u00f3n de comprar esta vivienda no se pod\u00eda mandar el plano del lugar. Sinceramente, d\u00edganme lo que me quieran decir, porque hoy me banco todo lo que me quieran decir, lo que no me banco se\u00f1ores Concejales de la oposici\u00f3n es la falta de apertura y la imposibilidad que le dieron en este momento a nuestro Distrito de no poder contar con el inmueble que acabamos de hablar, que tampoco quiero nombrar a la familia que bastante nombrada estuvo en estos \u00faltimos d\u00edas. Nada m\u00e1s Sr. Presidente\u201d.<\/p>\n<p>&nbsp;<\/p>\n<p>Concejal De Larena Sonia:<\/p>\n<p>\u201cBueno, muchas gracias por los conceptos a la Concejal  Skolak. Debido a los hechos de inseguridad y de abuso que nosotros estamos viviendo en las localidades de Saldungaray y Sierra de la Ventana, que han ocurrido este \u00faltimo tiempo, yo quer\u00eda solicitar a trav\u00e9s del Concejo Deliberante si corresponde, una reuni\u00f3n con los Concejales y la Secretar\u00eda de Seguridad y con las autoridades policiales, si fuera posible, trasladarnos a Saldungaray o a Sierra de la Ventana. Nosotros estuvimos esperando todo el verano porque en diciembre cuando pedimos una reuni\u00f3n desde Seguridad nos dijeron que no era tiempo diciembre para ponernos a hacer reuniones, entonces dejamos pasar el verano, pero la verdad que se nos est\u00e1n agravando y se nos est\u00e1n escapando muchas cosas de las manos. Yo quisiera pedirle eso Sr. Presidente, si se podr\u00eda convocar a una reuni\u00f3n para los primeros d\u00edas de marzo, as\u00ed dejamos que termine febrero ya y comenzamos con algo nuevo. Muchas gracias Sr.\u201d<\/p>\n<p>&nbsp;<\/p>\n<p>Se aprueba por unanimidad la moci\u00f3n de la Concejal De Larena.<\/p>\n<p>&nbsp;<\/p>\n<p>Concejal Ant\u00f3n V\u00edctor:<\/p>\n<p>\u201cBueno yo quiero volver a referirme al tema Fondo Educativo, y obviamente que tiene que ver con la imposibilidad de la adquisici\u00f3n de este inmueble que estamos tratando. Yo s\u00ed voy a nombrar las instituciones educativas de las que se ha hablado durante este tiempo. Despu\u00e9s de haber escuchado tanto\u00a0 sobre el tema de la  Escuela N\u00ba 10, la  Escuela N\u00ba 2, la  Escuela 20, hoy muy temprano nos comunicamos, nos pusimos en contacto con la Inspectora en Jefe, y justamente hoy ten\u00eda una reuni\u00f3n con las Directoras de todos los establecimientos educativos. Entonces le pedimos, o le ped\u00ed particularmente, que luego de la reuni\u00f3n quer\u00edamos saber si exist\u00edan, cu\u00e1l eran las necesidades\u00a0 que todos ustedes plantean tan a menudo de las instituciones educativas, que parecer\u00eda ser que no pueden empezar las clases, que no pueden funcionar. Entonces ya para iniciar o para seguir con esto le quer\u00eda pedir a la Se\u00f1ora Secretaria si puede dar lectura a una nota ingresada de la  Directora de la Escuela N\u00ba 20 en relaci\u00f3n a dichos que se han producido aqu\u00ed en este Concejo Deliberante y en los medios, por una parte. Vamos a arrancar con la Escuela N\u00ba 2, o voy a seguir con lo que dec\u00edan las Directoras. Ninguna de las Directoras que hoy participaron de la reuni\u00f3n plantearon necesidades de infraestructura importantes, y mucho menos con riesgo de inicio de clases, ninguna lo hizo, entonces evidentemente ac\u00e1 hay alg\u00fan problema de comunicaci\u00f3n. Respecto de la Escuela N\u00ba 2 que fue el caballito de batalla que han utilizado durante todo este tiempo para decir que no utilicemos o que no se utilice el Fondo Educativo, que hay que arreglar la Escuela N\u00ba 2, hoy podemos decir que en la  Escuela N\u00ba 2 se est\u00e1n reparando las canaletas y el techo, se est\u00e1n arreglando las filtraciones, la bater\u00eda de ba\u00f1os, mantenimiento de aberturas y la revisi\u00f3n completa de la parte el\u00e9ctrica. \u00bfPor qu\u00e9? Porque el Intendente ha gestionado a trav\u00e9s del Ministerio de Educaci\u00f3n de la Naci\u00f3n fondos para realizar esto. Hoy esa escuela est\u00e1 en obra, yo no los he escuchado decirles que est\u00e1 en obra. Respecto de la Escuela N\u00ba 10, se ha escuchado que tiene muchas deficiencias, que la Directora no tiene porqu\u00e9 venir a pedir dinero para reparar la escuela. Bueno, hoy la Directora de la Escuela N\u00ba 10 plantea que le falta un ba\u00f1o. Pero,\u00a0 a ver, cuando hablamos de prioridades, si le falta un ba\u00f1o hace veinte d\u00edas pidi\u00f3 para pintar la escuela. Entonces la  Directora que s\u00ed debe venir a gestionar fondos al Consejo Escolar, al Municipio, a donde sea, porque es la gestora de la Escuela, tambi\u00e9n tiene que buscar las prioridades. Seg\u00fan los dichos que tienen ustedes sobre el tema de c\u00f3mo se utilizan los fondos y las prioridades. Entonces se habl\u00f3 tambi\u00e9n de que no tiene porqu\u00e9 realizar eventos, las cooperadoras. Bueno, el picnic que se hizo en\u00a0 diciembre pasado la Escuela N\u00ba 10 particularmente todos ustedes deben recordar que es una fecha puesta en el calendario de las fiestas de Tornquist. Todos los primeros fines de semana de diciembre hab\u00eda un picnic en la Estancia Chica y que era a beneficio de la Escuela N\u00ba 10. \u00bfPor qu\u00e9 no recuperar esa fiesta c\u00f3mo se intent\u00f3 hacer?, m\u00e1s all\u00e1 de que los fondos vayan a estar y est\u00e1n, porque este es el primer gobierno que pone el Fondo Educativo, no otro, no otro. El Festival de Doma y Folclore de Jes\u00fas Mar\u00eda, por ejemplo, de hace cincuenta a\u00f1os, nace porque las escuelas necesitaban dinero para arreglarse y para crecer, como no lo ten\u00edan de los gobiernos generaron una fiesta que hoy es una fiesta internacional. \u00bfPor qu\u00e9 no recuperar esta fiesta que ten\u00edamos los tornquistenses del picnic de la Estancia Chica? Entonces, s\u00ed las cooperadoras tienen que trabajar, porque son parte de la comunidad educativa, porque adem\u00e1s siempre han, han participado. Entonces, ahora s\u00ed le quer\u00eda pedir a la  Se\u00f1ora Secretaria si puede hacer lectura de la nota por favor.<\/p>\n<p><strong> <\/strong><\/p>\n<p>Secretaria Legislativa Nyez\u00a0 Mar\u00eda Valentina:<\/p>\n<p>\u201cProvincia de Buenos Aires. Direcci\u00f3n General de Cultura y Educaci\u00f3n. Escuela Primaria N\u00ba 20 Julio Argentino Roca. Paraje El Pilar, 5 de febrero de 2015. Presidente del Honorable Concejo Deliberante Sr. Sergio Bordoni. Tornquist. C\u00fampleme dirigirme a Ud., y por su intermedio a los dem\u00e1s integrantes de vuestro Concejo, para comunicarles que en la P\u00e1gina Noticias Tornquist del d\u00eda 02\/02\/15 apareci\u00f3 una nota donde el Concejal, Sr. Ezequiel Gabella haciendo alusi\u00f3n del mal uso de los fondos educativos presenta como ejemplo: \u201cla escuela del Paraje El Pilar preparan la leche de los chicos en una mesada instalada en el ba\u00f1o\u201d. Exijo se aclare la situaci\u00f3n y se informe a los medios de comunicaci\u00f3n de quien fue el error, ya que los funcionarios Sr. Gabella y la Sra.  Secretaria del Consejo Escolar, Claudia Marcolini, visitaron la instituci\u00f3n en diciembre de 2014 observando que lo aparecido en la nota no es cierto dado que la merienda se prepara en un aula donde se encuentra un anafe, una heladera, un dispenser de agua y un mueble donde se conservan los alimentos envasados. Luego s\u00ed, se lavan los utensilios empleados en los lavabos de los anteba\u00f1os. Esperando una respuesta aclaratoria del hecho en forma escrita a mi nombre para elevar a mis superiores como as\u00ed tambi\u00e9n al medio utilizado me despido atentamente.\u00a0<span style=\"text-decoration: underline;\">Firmado:<\/span> Irma Fern\u00e1ndez, Directora Escuela Primaria N\u00ba 20 Tornquist.<\/p>\n<p>Recibido en el Concejo Deliberante el d\u00eda 19 de febrero de 2015\u201d.<\/p>\n<p>&nbsp;<\/p>\n<p>Concejal Ant\u00f3n V\u00edctor:<\/p>\n<p>\u201cEstas cosas hacen que la gente se confunda, estas declaraciones, que como lo dice la nota, es una mentira que se ha dicho ac\u00e1, hace que los vecinos se confundan. Entonces tenemos que ser claros cuando hablamos de estas cosas. Y voy hablar de algo tambi\u00e9n que no tiene que ver con el Fondo Educativo pero es importante, y lo hemos dicho, cuando quieren confundir a la gente. Por ejemplo, el Concejal Gabella dijo el dieciocho de noviembre del 2014 asegur\u00f3: \u201csabemos que no van a venir\u201d, refiri\u00e9ndose a los grupos electr\u00f3genos que hoy se est\u00e1n instalando en las subestaciones y que van a generar cinco megavatios m\u00e1s\u00a0 para Tornquist. \u201cLa incapacidad del Ministerio de Energ\u00eda de la Naci\u00f3n que no ha girado los fondos para asistir a los municipios\u201d dice: \u201cas\u00ed que en esto no hay nada que achacarle al Intendente Municipal, sino que es el plano nacional donde seguramente no se van a dar respuestas a los municipios como es el caso de Tornquist\u201d. Esta es otra mentira, esta es otra mentira, la gente que lo escuch\u00f3 al Sr. Gabella crey\u00f3 por ah\u00ed, que tanto el Intendente como el Ministerio de Planificaci\u00f3n no iba a hacer la inversi\u00f3n, sin embargo hoy est\u00e1 hecha. Tampoco he escuchado a nadie salir a decir \u00a0\u201cla verdad nos equivocamos\u201d, \u201cten\u00edan raz\u00f3n, vinieron los grupos electr\u00f3genos\u201d. Entonces tenemos que ser claros con esto. Si existe el dinero en la Municipalidad, en el Fondo Educativo para poder adquirir el inmueble, y adem\u00e1s queda resto, porque hay alrededor de cuatro millones de pesos, para poder seguir asistiendo a todas las instituciones educativas del Distrito en lo que necesiten, porque adem\u00e1s nos enteramos y sabemos que a partir de hoy se duplic\u00f3 el fondo escolar, y que las escuelas rurales van a poder trabajar mucho mejor y las necesidades b\u00e1sicas y m\u00ednimas las van a poder resolver con el fondo escolar. Entonces es una mentira que quieren apoyar la compra de la casa,\u00a0 no es as\u00ed, no la quieren comprar, sino hubieran votado en forma afirmativa. El tiempo nos dir\u00e1 y nos har\u00e1 saber si esto es una decisi\u00f3n, porque despu\u00e9s dicen que est\u00e1n enojados porque nosotros decimos que son caprichosos, o antojadizos, y s\u00ed, si tenemos la plata para las dos cosas como se lo dijo ayer el Sr. Miguel Herrada a la Concejal Kloster en el programa, \u00bfpor qu\u00e9 no la vamos a comprar? \u00bfPor qu\u00e9 no lo vamos a hacer? Entonces el tiempo nos va a dar la raz\u00f3n, el tiempo nos va a decir si esto fue nada m\u00e1s un capricho, si hay alg\u00fan otro tipo de negocio, tal vez hay un negocio inmobiliario en el medio, el tema es que lamentablemente hoy, creo que es una sesi\u00f3n hist\u00f3rica, tristemente hist\u00f3rica, porque gracias a la decisi\u00f3n pol\u00edtica del Concejal Cardoso, del Concejal \u00c1balos, del Concejal Gabella, la Concejal De Larena, el Concejal Moroncini, la Concejal Kloster, y el Concejal Bordoni, Tornquist se va a quedar sin la compra de este inmueble hist\u00f3rico para la localidad. Y no vamos a poder tener por lo menos en un tiempo la casa de la Cultura. Nada m\u00e1s Sr. Presidente\u201d.<\/p>\n<p>&nbsp;<\/p>\n<p>Concejal Musso Mar\u00eda Graciela:<\/p>\n<p>\u201cPara ser breve, ya se habl\u00f3 demasiado de todo y\u00a0 en algunos aspectos hasta se ha hablado mal o se ha mal entendido. Lo que s\u00ed me queda absolutamente claro, es que los argumentos que acabo de escuchar del dictamen no son v\u00e1lidos, o por lo menos son contradictorios, aqu\u00ed se hizo una reuni\u00f3n en la que se elabor\u00f3 un acta, en el acta entre tantas cosas se solicitaba que por lo menos no figurara el uso del Fondo Educativo, situaci\u00f3n que se contradice con la   Ley Org\u00e1nica Municipal, o sea un Concejal, los Concejales no podemos estar pidi\u00e9ndole al Intendente que suba un expediente y se apruebe la compra de un inmueble sin especificar de d\u00f3nde se realizar\u00e1 la erogaci\u00f3n del dinero. Entiendo que hay posturas y pensamientos diferentes y que deben ser aceptados por eso estamos en Democracia. Pero me vino algo a la memoria, hace 40 a\u00f1os recuerdo, Gobierno de Facto, un Intendente que inici\u00f3 las primeras obras de cloacas del servicio de cloacas en Tornquist, y adem\u00e1s tom\u00f3\u00a0 la decisi\u00f3n de la refacci\u00f3n del Teatro Rodolfo Funke. Si hay a\u00f1o de lo que no me voy a olvidar es de dos cosas, primero la queja de los propios vecinos porque se estaban rompiendo todas las veredas y no se iban a conseguir las mismas para una obra que era m\u00e1s que importante porque\u00a0 muchos de esos mismos vecinos viv\u00edan quej\u00e1ndose del llamado al atmosf\u00e9rico constantemente. Sin embargo, la obra signific\u00f3 molestia porque se romp\u00edan las veredas, esa es una de las cosas que recuerdo. Por el mismo tiempo ese Intendente Municipal toma la decisi\u00f3n de refaccionar el Teatro Rodolfo Funke, las cosas que se llegaron a escuchar, que era plata tirada, que era una inversi\u00f3n m\u00e1s que ambiciosa, recuerdo el t\u00e9rmino \u201ctodo lleno de pana \u00bfpara qu\u00e9 queremos un Teatro en Tornquist con semejante lujo? \u00bfPara qu\u00e9, por qu\u00e9?\u201d. Hoy, estamos todos disfrutando de un espacio f\u00edsico no solamente para los ciudadanos de Tornquist sino tambi\u00e9n para quienes vienen. Tornquist es conocido por, entre tantas bellezas naturales, en el mundo art\u00edstico por contar con un Teatro de las caracter\u00edsticas como el que tenemos, recuerdo la \u00faltima presentaci\u00f3n que hizo la actriz China Zorrilla en Pig\u00fc\u00e9 en el Teatro todav\u00eda no refaccionado cuando ingresamos al camar\u00edn a saludarla nos pregunt\u00f3 de d\u00f3nde \u00e9ramos, cuando escuch\u00f3 la palabra Tornquist se dio vuelta dijo \u201cnena ustedes tienen un Teatro que verdaderamente es un lujo, no se ven muchos Teatros as\u00ed en el Pa\u00eds\u201d. Entonces me queda \u00e9sta sensaci\u00f3n, esas obras se pudieron hacer en un Gobierno de Facto, me pregunto, si hubiese pasado lo mismo, si hubi\u00e9semos estado en Democracia. Nada m\u00e1s Sr. Presidente\u201d<\/p>\n<p><strong> <\/strong><\/p>\n<p><strong>HONORABLE CONCEJO DELIBERANTE <\/strong><\/p>\n<p>&nbsp;<\/p>\n<p>&nbsp;<\/p>\n<p>&nbsp;<\/p>\n","protected":false},"excerpt":{"rendered":"<p>httpv:\/\/www.youtube.com\/watch?v=NHA1mUSRGJ4 httpv:\/\/www.youtube.com\/watch?v=Rqgw-2FL2Jc httpv:\/\/www.youtube.com\/watch?v=stxfYFNGf6M httpv:\/\/www.youtube.com\/watch?v=R0jbIlgg5CU httpv:\/\/www.youtube.com\/watch?v=qkFYG07pJb0 El pasado jueves 19 del corriente mes, los Concejales\u00a0 resolvieron autoconvocarse en Sesi\u00f3n Extraordinaria, seg\u00fan las facultades otorgadas por el Art\u00edculo 68\u00ba\u00a0 inciso 5\u00ba de la Ley Org\u00e1nica de las Municipalidades para tratar los siguientes temas: &nbsp; Expte. N\u00ba 04114-392\/14: \u201cD.E. \u2013 Solicita adquisici\u00f3n de Inmueble para Casa de la [&hellip;]<\/p>\n","protected":false},"author":1,"featured_media":0,"comment_status":"closed","ping_status":"open","sticky":false,"template":"","format":"standard","meta":{"footnotes":""},"categories":[51,52,53,64],"tags":[],"class_list":["post-26828","post","type-post","status-publish","format-standard","hentry","category-comunidad","category-destacadas","category-politica","category-videos-destacados"],"yoast_head":"<!-- This site is optimized with the Yoast SEO plugin v19.7.1 - https:\/\/yoast.com\/wordpress\/plugins\/seo\/ -->\n<title>HCD.: INFORME DE LA SESION EXTRAORDINARIA DEL 19 DE FEBRERO DE 2015 (LA OPINI\u00d3N DE LOS CONCEJALES) - CELTTV<\/title>\n<meta name=\"description\" content=\"Sitio web de noticias de la localidad de Tornquist, provincia de Buenos Aires, Rep\u00fablica Argentina. Contenido propio originado por periodistas de CELTTV, el canal de TV local de la Cooperativa El\u00e9ctrica de Tornquist. Turismo, Pol\u00edtica, Sociedad, Deporte, Cultura y todo el contenido de inter\u00e9s general que la gente del pueblo y la regi\u00f3n debe conocer.\" \/>\n<meta name=\"robots\" content=\"index, follow, max-snippet:-1, max-image-preview:large, max-video-preview:-1\" \/>\n<link rel=\"canonical\" href=\"https:\/\/www.celttv.com.ar\/index.php\/2015\/02\/23\/hcd-informe-de-la-sesion-extraordinaria-del-19-de-febrero-de-2015-la-opinion-de-los-concejales\/\" \/>\n<meta property=\"og:locale\" content=\"es_ES\" \/>\n<meta property=\"og:type\" content=\"article\" \/>\n<meta property=\"og:title\" content=\"HCD.: INFORME DE LA SESION EXTRAORDINARIA DEL 19 DE FEBRERO DE 2015 (LA OPINI\u00d3N DE LOS CONCEJALES) - CELTTV\" \/>\n<meta property=\"og:description\" content=\"Sitio web de noticias de la localidad de Tornquist, provincia de Buenos Aires, Rep\u00fablica Argentina. Contenido propio originado por periodistas de CELTTV, el canal de TV local de la Cooperativa El\u00e9ctrica de Tornquist. Turismo, Pol\u00edtica, Sociedad, Deporte, Cultura y todo el contenido de inter\u00e9s general que la gente del pueblo y la regi\u00f3n debe conocer.\" \/>\n<meta property=\"og:url\" content=\"https:\/\/www.celttv.com.ar\/index.php\/2015\/02\/23\/hcd-informe-de-la-sesion-extraordinaria-del-19-de-febrero-de-2015-la-opinion-de-los-concejales\/\" \/>\n<meta property=\"og:site_name\" content=\"CELTTV\" \/>\n<meta property=\"article:publisher\" content=\"https:\/\/www.facebook.com\/celtTV\/\" \/>\n<meta property=\"article:published_time\" content=\"2015-02-23T17:54:06+00:00\" \/>\n<meta name=\"author\" content=\"ulises\" \/>\n<meta name=\"twitter:card\" content=\"summary_large_image\" \/>\n<meta name=\"twitter:label1\" content=\"Escrito por\" \/>\n\t<meta name=\"twitter:data1\" content=\"ulises\" \/>\n\t<meta name=\"twitter:label2\" content=\"Tiempo de lectura\" \/>\n\t<meta name=\"twitter:data2\" content=\"24 minutos\" \/>\n<script type=\"application\/ld+json\" class=\"yoast-schema-graph\">{\"@context\":\"https:\/\/schema.org\",\"@graph\":[{\"@type\":\"NewsArticle\",\"@id\":\"https:\/\/www.celttv.com.ar\/index.php\/2015\/02\/23\/hcd-informe-de-la-sesion-extraordinaria-del-19-de-febrero-de-2015-la-opinion-de-los-concejales\/#article\",\"isPartOf\":{\"@id\":\"https:\/\/www.celttv.com.ar\/index.php\/2015\/02\/23\/hcd-informe-de-la-sesion-extraordinaria-del-19-de-febrero-de-2015-la-opinion-de-los-concejales\/\"},\"author\":{\"name\":\"ulises\",\"@id\":\"https:\/\/www.celttv.com.ar\/#\/schema\/person\/6d99c072dba59953809c81446e9d0ace\"},\"headline\":\"HCD.: INFORME DE LA SESION EXTRAORDINARIA DEL 19 DE FEBRERO DE 2015 (LA OPINI\u00d3N DE LOS CONCEJALES)\",\"datePublished\":\"2015-02-23T17:54:06+00:00\",\"dateModified\":\"2015-02-23T17:54:06+00:00\",\"mainEntityOfPage\":{\"@id\":\"https:\/\/www.celttv.com.ar\/index.php\/2015\/02\/23\/hcd-informe-de-la-sesion-extraordinaria-del-19-de-febrero-de-2015-la-opinion-de-los-concejales\/\"},\"wordCount\":4773,\"publisher\":{\"@id\":\"https:\/\/www.celttv.com.ar\/#organization\"},\"articleSection\":[\"Comunidad\",\"Destacadas\",\"Pol\u00edtica\",\"Videos Destacados\"],\"inLanguage\":\"es\"},{\"@type\":\"WebPage\",\"@id\":\"https:\/\/www.celttv.com.ar\/index.php\/2015\/02\/23\/hcd-informe-de-la-sesion-extraordinaria-del-19-de-febrero-de-2015-la-opinion-de-los-concejales\/\",\"url\":\"https:\/\/www.celttv.com.ar\/index.php\/2015\/02\/23\/hcd-informe-de-la-sesion-extraordinaria-del-19-de-febrero-de-2015-la-opinion-de-los-concejales\/\",\"name\":\"HCD.: INFORME DE LA SESION EXTRAORDINARIA DEL 19 DE FEBRERO DE 2015 (LA OPINI\u00d3N DE LOS CONCEJALES) - CELTTV\",\"isPartOf\":{\"@id\":\"https:\/\/www.celttv.com.ar\/#website\"},\"datePublished\":\"2015-02-23T17:54:06+00:00\",\"dateModified\":\"2015-02-23T17:54:06+00:00\",\"description\":\"Sitio web de noticias de la localidad de Tornquist, provincia de Buenos Aires, Rep\u00fablica Argentina. Contenido propio originado por periodistas de CELTTV, el canal de TV local de la Cooperativa El\u00e9ctrica de Tornquist. Turismo, Pol\u00edtica, Sociedad, Deporte, Cultura y todo el contenido de inter\u00e9s general que la gente del pueblo y la regi\u00f3n debe conocer.\",\"breadcrumb\":{\"@id\":\"https:\/\/www.celttv.com.ar\/index.php\/2015\/02\/23\/hcd-informe-de-la-sesion-extraordinaria-del-19-de-febrero-de-2015-la-opinion-de-los-concejales\/#breadcrumb\"},\"inLanguage\":\"es\",\"potentialAction\":[{\"@type\":\"ReadAction\",\"target\":[\"https:\/\/www.celttv.com.ar\/index.php\/2015\/02\/23\/hcd-informe-de-la-sesion-extraordinaria-del-19-de-febrero-de-2015-la-opinion-de-los-concejales\/\"]}]},{\"@type\":\"BreadcrumbList\",\"@id\":\"https:\/\/www.celttv.com.ar\/index.php\/2015\/02\/23\/hcd-informe-de-la-sesion-extraordinaria-del-19-de-febrero-de-2015-la-opinion-de-los-concejales\/#breadcrumb\",\"itemListElement\":[{\"@type\":\"ListItem\",\"position\":1,\"name\":\"Inicio\",\"item\":\"https:\/\/www.celttv.com.ar\/\"},{\"@type\":\"ListItem\",\"position\":2,\"name\":\"HCD.: INFORME DE LA SESION EXTRAORDINARIA DEL 19 DE FEBRERO DE 2015 (LA OPINI\u00d3N DE LOS CONCEJALES)\"}]},{\"@type\":\"WebSite\",\"@id\":\"https:\/\/www.celttv.com.ar\/#website\",\"url\":\"https:\/\/www.celttv.com.ar\/\",\"name\":\"CELTTV\",\"description\":\"Cooperativa El\u00e9ctrica de Tornquist\",\"publisher\":{\"@id\":\"https:\/\/www.celttv.com.ar\/#organization\"},\"potentialAction\":[{\"@type\":\"SearchAction\",\"target\":{\"@type\":\"EntryPoint\",\"urlTemplate\":\"https:\/\/www.celttv.com.ar\/?s={search_term_string}\"},\"query-input\":\"required name=search_term_string\"}],\"inLanguage\":\"es\"},{\"@type\":\"Organization\",\"@id\":\"https:\/\/www.celttv.com.ar\/#organization\",\"name\":\"CELTTV\",\"url\":\"https:\/\/www.celttv.com.ar\/\",\"sameAs\":[\"https:\/\/www.youtube.com\/channel\/UCz_oIt8Hig64Ub-EmcNPIhg\",\"https:\/\/www.facebook.com\/celtTV\/\"],\"logo\":{\"@type\":\"ImageObject\",\"inLanguage\":\"es\",\"@id\":\"https:\/\/www.celttv.com.ar\/#\/schema\/logo\/image\/\",\"url\":\"http:\/\/www.celttv.com.ar\/wp-content\/uploads\/2022\/08\/logo-1.png\",\"contentUrl\":\"http:\/\/www.celttv.com.ar\/wp-content\/uploads\/2022\/08\/logo-1.png\",\"width\":461,\"height\":159,\"caption\":\"CELTTV\"},\"image\":{\"@id\":\"https:\/\/www.celttv.com.ar\/#\/schema\/logo\/image\/\"}},{\"@type\":\"Person\",\"@id\":\"https:\/\/www.celttv.com.ar\/#\/schema\/person\/6d99c072dba59953809c81446e9d0ace\",\"name\":\"ulises\",\"image\":{\"@type\":\"ImageObject\",\"inLanguage\":\"es\",\"@id\":\"https:\/\/www.celttv.com.ar\/#\/schema\/person\/image\/\",\"url\":\"https:\/\/secure.gravatar.com\/avatar\/7f2c48bdc33b30088f941fb6082e555f2874c98e20cb159d7b92b50eadfce793?s=96&d=mm&r=g\",\"contentUrl\":\"https:\/\/secure.gravatar.com\/avatar\/7f2c48bdc33b30088f941fb6082e555f2874c98e20cb159d7b92b50eadfce793?s=96&d=mm&r=g\",\"caption\":\"ulises\"},\"sameAs\":[\"http:\/\/www.celttv.com.ar\"]}]}<\/script>\n<!-- \/ Yoast SEO plugin. -->","yoast_head_json":{"title":"HCD.: INFORME DE LA SESION EXTRAORDINARIA DEL 19 DE FEBRERO DE 2015 (LA OPINI\u00d3N DE LOS CONCEJALES) - CELTTV","description":"Sitio web de noticias de la localidad de Tornquist, provincia de Buenos Aires, Rep\u00fablica Argentina. Contenido propio originado por periodistas de CELTTV, el canal de TV local de la Cooperativa El\u00e9ctrica de Tornquist. Turismo, Pol\u00edtica, Sociedad, Deporte, Cultura y todo el contenido de inter\u00e9s general que la gente del pueblo y la regi\u00f3n debe conocer.","robots":{"index":"index","follow":"follow","max-snippet":"max-snippet:-1","max-image-preview":"max-image-preview:large","max-video-preview":"max-video-preview:-1"},"canonical":"https:\/\/www.celttv.com.ar\/index.php\/2015\/02\/23\/hcd-informe-de-la-sesion-extraordinaria-del-19-de-febrero-de-2015-la-opinion-de-los-concejales\/","og_locale":"es_ES","og_type":"article","og_title":"HCD.: INFORME DE LA SESION EXTRAORDINARIA DEL 19 DE FEBRERO DE 2015 (LA OPINI\u00d3N DE LOS CONCEJALES) - CELTTV","og_description":"Sitio web de noticias de la localidad de Tornquist, provincia de Buenos Aires, Rep\u00fablica Argentina. Contenido propio originado por periodistas de CELTTV, el canal de TV local de la Cooperativa El\u00e9ctrica de Tornquist. Turismo, Pol\u00edtica, Sociedad, Deporte, Cultura y todo el contenido de inter\u00e9s general que la gente del pueblo y la regi\u00f3n debe conocer.","og_url":"https:\/\/www.celttv.com.ar\/index.php\/2015\/02\/23\/hcd-informe-de-la-sesion-extraordinaria-del-19-de-febrero-de-2015-la-opinion-de-los-concejales\/","og_site_name":"CELTTV","article_publisher":"https:\/\/www.facebook.com\/celtTV\/","article_published_time":"2015-02-23T17:54:06+00:00","author":"ulises","twitter_card":"summary_large_image","twitter_misc":{"Escrito por":"ulises","Tiempo de lectura":"24 minutos"},"schema":{"@context":"https:\/\/schema.org","@graph":[{"@type":"NewsArticle","@id":"https:\/\/www.celttv.com.ar\/index.php\/2015\/02\/23\/hcd-informe-de-la-sesion-extraordinaria-del-19-de-febrero-de-2015-la-opinion-de-los-concejales\/#article","isPartOf":{"@id":"https:\/\/www.celttv.com.ar\/index.php\/2015\/02\/23\/hcd-informe-de-la-sesion-extraordinaria-del-19-de-febrero-de-2015-la-opinion-de-los-concejales\/"},"author":{"name":"ulises","@id":"https:\/\/www.celttv.com.ar\/#\/schema\/person\/6d99c072dba59953809c81446e9d0ace"},"headline":"HCD.: INFORME DE LA SESION EXTRAORDINARIA DEL 19 DE FEBRERO DE 2015 (LA OPINI\u00d3N DE LOS CONCEJALES)","datePublished":"2015-02-23T17:54:06+00:00","dateModified":"2015-02-23T17:54:06+00:00","mainEntityOfPage":{"@id":"https:\/\/www.celttv.com.ar\/index.php\/2015\/02\/23\/hcd-informe-de-la-sesion-extraordinaria-del-19-de-febrero-de-2015-la-opinion-de-los-concejales\/"},"wordCount":4773,"publisher":{"@id":"https:\/\/www.celttv.com.ar\/#organization"},"articleSection":["Comunidad","Destacadas","Pol\u00edtica","Videos Destacados"],"inLanguage":"es"},{"@type":"WebPage","@id":"https:\/\/www.celttv.com.ar\/index.php\/2015\/02\/23\/hcd-informe-de-la-sesion-extraordinaria-del-19-de-febrero-de-2015-la-opinion-de-los-concejales\/","url":"https:\/\/www.celttv.com.ar\/index.php\/2015\/02\/23\/hcd-informe-de-la-sesion-extraordinaria-del-19-de-febrero-de-2015-la-opinion-de-los-concejales\/","name":"HCD.: INFORME DE LA SESION EXTRAORDINARIA DEL 19 DE FEBRERO DE 2015 (LA OPINI\u00d3N DE LOS CONCEJALES) - CELTTV","isPartOf":{"@id":"https:\/\/www.celttv.com.ar\/#website"},"datePublished":"2015-02-23T17:54:06+00:00","dateModified":"2015-02-23T17:54:06+00:00","description":"Sitio web de noticias de la localidad de Tornquist, provincia de Buenos Aires, Rep\u00fablica Argentina. Contenido propio originado por periodistas de CELTTV, el canal de TV local de la Cooperativa El\u00e9ctrica de Tornquist. Turismo, Pol\u00edtica, Sociedad, Deporte, Cultura y todo el contenido de inter\u00e9s general que la gente del pueblo y la regi\u00f3n debe conocer.","breadcrumb":{"@id":"https:\/\/www.celttv.com.ar\/index.php\/2015\/02\/23\/hcd-informe-de-la-sesion-extraordinaria-del-19-de-febrero-de-2015-la-opinion-de-los-concejales\/#breadcrumb"},"inLanguage":"es","potentialAction":[{"@type":"ReadAction","target":["https:\/\/www.celttv.com.ar\/index.php\/2015\/02\/23\/hcd-informe-de-la-sesion-extraordinaria-del-19-de-febrero-de-2015-la-opinion-de-los-concejales\/"]}]},{"@type":"BreadcrumbList","@id":"https:\/\/www.celttv.com.ar\/index.php\/2015\/02\/23\/hcd-informe-de-la-sesion-extraordinaria-del-19-de-febrero-de-2015-la-opinion-de-los-concejales\/#breadcrumb","itemListElement":[{"@type":"ListItem","position":1,"name":"Inicio","item":"https:\/\/www.celttv.com.ar\/"},{"@type":"ListItem","position":2,"name":"HCD.: INFORME DE LA SESION EXTRAORDINARIA DEL 19 DE FEBRERO DE 2015 (LA OPINI\u00d3N DE LOS CONCEJALES)"}]},{"@type":"WebSite","@id":"https:\/\/www.celttv.com.ar\/#website","url":"https:\/\/www.celttv.com.ar\/","name":"CELTTV","description":"Cooperativa El\u00e9ctrica de Tornquist","publisher":{"@id":"https:\/\/www.celttv.com.ar\/#organization"},"potentialAction":[{"@type":"SearchAction","target":{"@type":"EntryPoint","urlTemplate":"https:\/\/www.celttv.com.ar\/?s={search_term_string}"},"query-input":"required name=search_term_string"}],"inLanguage":"es"},{"@type":"Organization","@id":"https:\/\/www.celttv.com.ar\/#organization","name":"CELTTV","url":"https:\/\/www.celttv.com.ar\/","sameAs":["https:\/\/www.youtube.com\/channel\/UCz_oIt8Hig64Ub-EmcNPIhg","https:\/\/www.facebook.com\/celtTV\/"],"logo":{"@type":"ImageObject","inLanguage":"es","@id":"https:\/\/www.celttv.com.ar\/#\/schema\/logo\/image\/","url":"http:\/\/www.celttv.com.ar\/wp-content\/uploads\/2022\/08\/logo-1.png","contentUrl":"http:\/\/www.celttv.com.ar\/wp-content\/uploads\/2022\/08\/logo-1.png","width":461,"height":159,"caption":"CELTTV"},"image":{"@id":"https:\/\/www.celttv.com.ar\/#\/schema\/logo\/image\/"}},{"@type":"Person","@id":"https:\/\/www.celttv.com.ar\/#\/schema\/person\/6d99c072dba59953809c81446e9d0ace","name":"ulises","image":{"@type":"ImageObject","inLanguage":"es","@id":"https:\/\/www.celttv.com.ar\/#\/schema\/person\/image\/","url":"https:\/\/secure.gravatar.com\/avatar\/7f2c48bdc33b30088f941fb6082e555f2874c98e20cb159d7b92b50eadfce793?s=96&d=mm&r=g","contentUrl":"https:\/\/secure.gravatar.com\/avatar\/7f2c48bdc33b30088f941fb6082e555f2874c98e20cb159d7b92b50eadfce793?s=96&d=mm&r=g","caption":"ulises"},"sameAs":["http:\/\/www.celttv.com.ar"]}]}},"_links":{"self":[{"href":"https:\/\/www.celttv.com.ar\/index.php\/wp-json\/wp\/v2\/posts\/26828","targetHints":{"allow":["GET"]}}],"collection":[{"href":"https:\/\/www.celttv.com.ar\/index.php\/wp-json\/wp\/v2\/posts"}],"about":[{"href":"https:\/\/www.celttv.com.ar\/index.php\/wp-json\/wp\/v2\/types\/post"}],"author":[{"embeddable":true,"href":"https:\/\/www.celttv.com.ar\/index.php\/wp-json\/wp\/v2\/users\/1"}],"replies":[{"embeddable":true,"href":"https:\/\/www.celttv.com.ar\/index.php\/wp-json\/wp\/v2\/comments?post=26828"}],"version-history":[{"count":0,"href":"https:\/\/www.celttv.com.ar\/index.php\/wp-json\/wp\/v2\/posts\/26828\/revisions"}],"wp:attachment":[{"href":"https:\/\/www.celttv.com.ar\/index.php\/wp-json\/wp\/v2\/media?parent=26828"}],"wp:term":[{"taxonomy":"category","embeddable":true,"href":"https:\/\/www.celttv.com.ar\/index.php\/wp-json\/wp\/v2\/categories?post=26828"},{"taxonomy":"post_tag","embeddable":true,"href":"https:\/\/www.celttv.com.ar\/index.php\/wp-json\/wp\/v2\/tags?post=26828"}],"curies":[{"name":"wp","href":"https:\/\/api.w.org\/{rel}","templated":true}]}}