{"id":26834,"date":"2015-02-24T00:07:59","date_gmt":"2015-02-24T00:07:59","guid":{"rendered":"http:\/\/www.tvcnoticias.com.ar\/?p=26834"},"modified":"2015-02-24T00:07:59","modified_gmt":"2015-02-24T00:07:59","slug":"la-inpectora-jefe-distrital-expreso-su-malestar-por-los-dichos-de-concejales-de-la-oposicion-nota-en-video","status":"publish","type":"post","link":"https:\/\/www.celttv.com.ar\/index.php\/2015\/02\/24\/la-inpectora-jefe-distrital-expreso-su-malestar-por-los-dichos-de-concejales-de-la-oposicion-nota-en-video\/","title":{"rendered":"LA INPECTORA JEFE DISTRITAL EXPRES\u00d3 SU MALESTAR POR LOS DICHOS DE CONCEJALES DE LA OPOSICI\u00d3N (nota en video)"},"content":{"rendered":"<h1><a style=\"font-size: 13px; font-weight: normal;\" href=\"https:\/\/www.youtube.com\/watch?v=KUcq7-srHDE\">httpv:\/\/www.youtube.com\/watch?v=KUcq7-srHDE<\/a><\/h1>\n<p><span style=\"font-family: Verdana, Arial, Helvetica, sans-serif; font-size: x-small;\">La Inspectora Distrital de Educaci\u00f3n Patricia Larrainzar, expres\u00f3 su malestar por los dichos de concejales de la oposici\u00f3n, que afirman que los directores de las escuelas del distrito \u201csufren persecuciones\u201d por parte de organismos superiores.<\/span><\/p>\n<p><span style=\"font-family: Verdana, Arial, Helvetica, sans-serif; font-size: x-small;\">\u201cLas versiones de algunos concejales molestan, porque afirman cosas que dicen supuestamente los directores y ac\u00e1 nunca ha venido con ninguna denuncia\u201d, asegur\u00f3 Larrainzar.<\/span><\/p>\n<p><span style=\"font-family: Verdana, Arial, Helvetica, sans-serif; font-size: x-small;\">\u201cAl d\u00eda de la fecha no hemos recibido a ninguna directora que se haya expresado en disconformidad, conformamos un buen equipo con los directivos, trabajamos con el Consejo Escolar, tomamos decisiones en conjunto y sorprende que se diga esto\u201d, agreg\u00f3.<\/span><\/p>\n<p>&nbsp;<\/p>\n","protected":false},"excerpt":{"rendered":"<p>httpv:\/\/www.youtube.com\/watch?v=KUcq7-srHDE La Inspectora Distrital de Educaci\u00f3n Patricia Larrainzar, expres\u00f3 su malestar por los dichos de concejales de la oposici\u00f3n, que afirman que los directores de las escuelas del distrito \u201csufren persecuciones\u201d por parte de organismos superiores. \u201cLas versiones de algunos concejales molestan, porque afirman cosas que dicen supuestamente los directores y ac\u00e1 nunca ha venido [&hellip;]<\/p>\n","protected":false},"author":1,"featured_media":0,"comment_status":"closed","ping_status":"open","sticky":false,"template":"","format":"standard","meta":{"footnotes":""},"categories":[51,52,53,64],"tags":[],"class_list":["post-26834","post","type-post","status-publish","format-standard","hentry","category-comunidad","category-destacadas","category-politica","category-videos-destacados"],"yoast_head":"<!-- This site is optimized with the Yoast SEO plugin v19.7.1 - https:\/\/yoast.com\/wordpress\/plugins\/seo\/ -->\n<title>LA INPECTORA JEFE DISTRITAL EXPRES\u00d3 SU MALESTAR POR LOS DICHOS DE CONCEJALES DE LA OPOSICI\u00d3N (nota en video) - CELTTV<\/title>\n<meta name=\"description\" content=\"Sitio web de noticias de la localidad de Tornquist, provincia de Buenos Aires, Rep\u00fablica Argentina. Contenido propio originado por periodistas de CELTTV, el canal de TV local de la Cooperativa El\u00e9ctrica de Tornquist. Turismo, Pol\u00edtica, Sociedad, Deporte, Cultura y todo el contenido de inter\u00e9s general que la gente del pueblo y la regi\u00f3n debe conocer.\" \/>\n<meta name=\"robots\" content=\"index, follow, max-snippet:-1, max-image-preview:large, max-video-preview:-1\" \/>\n<link rel=\"canonical\" href=\"https:\/\/www.celttv.com.ar\/index.php\/2015\/02\/24\/la-inpectora-jefe-distrital-expreso-su-malestar-por-los-dichos-de-concejales-de-la-oposicion-nota-en-video\/\" \/>\n<meta property=\"og:locale\" content=\"es_ES\" \/>\n<meta property=\"og:type\" content=\"article\" \/>\n<meta property=\"og:title\" content=\"LA INPECTORA JEFE DISTRITAL EXPRES\u00d3 SU MALESTAR POR LOS DICHOS DE CONCEJALES DE LA OPOSICI\u00d3N (nota en video) - CELTTV\" \/>\n<meta property=\"og:description\" content=\"Sitio web de noticias de la localidad de Tornquist, provincia de Buenos Aires, Rep\u00fablica Argentina. Contenido propio originado por periodistas de CELTTV, el canal de TV local de la Cooperativa El\u00e9ctrica de Tornquist. Turismo, Pol\u00edtica, Sociedad, Deporte, Cultura y todo el contenido de inter\u00e9s general que la gente del pueblo y la regi\u00f3n debe conocer.\" \/>\n<meta property=\"og:url\" content=\"https:\/\/www.celttv.com.ar\/index.php\/2015\/02\/24\/la-inpectora-jefe-distrital-expreso-su-malestar-por-los-dichos-de-concejales-de-la-oposicion-nota-en-video\/\" \/>\n<meta property=\"og:site_name\" content=\"CELTTV\" \/>\n<meta property=\"article:publisher\" content=\"https:\/\/www.facebook.com\/celtTV\/\" \/>\n<meta property=\"article:published_time\" content=\"2015-02-24T00:07:59+00:00\" \/>\n<meta name=\"author\" content=\"ulises\" \/>\n<meta name=\"twitter:card\" content=\"summary_large_image\" \/>\n<meta name=\"twitter:label1\" content=\"Escrito por\" \/>\n\t<meta name=\"twitter:data1\" content=\"ulises\" \/>\n\t<meta name=\"twitter:label2\" content=\"Tiempo de lectura\" \/>\n\t<meta name=\"twitter:data2\" content=\"1 minuto\" \/>\n<script type=\"application\/ld+json\" class=\"yoast-schema-graph\">{\"@context\":\"https:\/\/schema.org\",\"@graph\":[{\"@type\":\"NewsArticle\",\"@id\":\"https:\/\/www.celttv.com.ar\/index.php\/2015\/02\/24\/la-inpectora-jefe-distrital-expreso-su-malestar-por-los-dichos-de-concejales-de-la-oposicion-nota-en-video\/#article\",\"isPartOf\":{\"@id\":\"https:\/\/www.celttv.com.ar\/index.php\/2015\/02\/24\/la-inpectora-jefe-distrital-expreso-su-malestar-por-los-dichos-de-concejales-de-la-oposicion-nota-en-video\/\"},\"author\":{\"name\":\"ulises\",\"@id\":\"https:\/\/www.celttv.com.ar\/#\/schema\/person\/6d99c072dba59953809c81446e9d0ace\"},\"headline\":\"LA INPECTORA JEFE DISTRITAL EXPRES\u00d3 SU MALESTAR POR LOS DICHOS DE CONCEJALES DE LA OPOSICI\u00d3N (nota en video)\",\"datePublished\":\"2015-02-24T00:07:59+00:00\",\"dateModified\":\"2015-02-24T00:07:59+00:00\",\"mainEntityOfPage\":{\"@id\":\"https:\/\/www.celttv.com.ar\/index.php\/2015\/02\/24\/la-inpectora-jefe-distrital-expreso-su-malestar-por-los-dichos-de-concejales-de-la-oposicion-nota-en-video\/\"},\"wordCount\":130,\"publisher\":{\"@id\":\"https:\/\/www.celttv.com.ar\/#organization\"},\"articleSection\":[\"Comunidad\",\"Destacadas\",\"Pol\u00edtica\",\"Videos Destacados\"],\"inLanguage\":\"es\"},{\"@type\":\"WebPage\",\"@id\":\"https:\/\/www.celttv.com.ar\/index.php\/2015\/02\/24\/la-inpectora-jefe-distrital-expreso-su-malestar-por-los-dichos-de-concejales-de-la-oposicion-nota-en-video\/\",\"url\":\"https:\/\/www.celttv.com.ar\/index.php\/2015\/02\/24\/la-inpectora-jefe-distrital-expreso-su-malestar-por-los-dichos-de-concejales-de-la-oposicion-nota-en-video\/\",\"name\":\"LA INPECTORA JEFE DISTRITAL EXPRES\u00d3 SU MALESTAR POR LOS DICHOS DE CONCEJALES DE LA OPOSICI\u00d3N (nota en video) - CELTTV\",\"isPartOf\":{\"@id\":\"https:\/\/www.celttv.com.ar\/#website\"},\"datePublished\":\"2015-02-24T00:07:59+00:00\",\"dateModified\":\"2015-02-24T00:07:59+00:00\",\"description\":\"Sitio web de noticias de la localidad de Tornquist, provincia de Buenos Aires, Rep\u00fablica Argentina. Contenido propio originado por periodistas de CELTTV, el canal de TV local de la Cooperativa El\u00e9ctrica de Tornquist. Turismo, Pol\u00edtica, Sociedad, Deporte, Cultura y todo el contenido de inter\u00e9s general que la gente del pueblo y la regi\u00f3n debe conocer.\",\"breadcrumb\":{\"@id\":\"https:\/\/www.celttv.com.ar\/index.php\/2015\/02\/24\/la-inpectora-jefe-distrital-expreso-su-malestar-por-los-dichos-de-concejales-de-la-oposicion-nota-en-video\/#breadcrumb\"},\"inLanguage\":\"es\",\"potentialAction\":[{\"@type\":\"ReadAction\",\"target\":[\"https:\/\/www.celttv.com.ar\/index.php\/2015\/02\/24\/la-inpectora-jefe-distrital-expreso-su-malestar-por-los-dichos-de-concejales-de-la-oposicion-nota-en-video\/\"]}]},{\"@type\":\"BreadcrumbList\",\"@id\":\"https:\/\/www.celttv.com.ar\/index.php\/2015\/02\/24\/la-inpectora-jefe-distrital-expreso-su-malestar-por-los-dichos-de-concejales-de-la-oposicion-nota-en-video\/#breadcrumb\",\"itemListElement\":[{\"@type\":\"ListItem\",\"position\":1,\"name\":\"Inicio\",\"item\":\"https:\/\/www.celttv.com.ar\/\"},{\"@type\":\"ListItem\",\"position\":2,\"name\":\"LA INPECTORA JEFE DISTRITAL EXPRES\u00d3 SU MALESTAR POR LOS DICHOS DE CONCEJALES DE LA OPOSICI\u00d3N (nota en video)\"}]},{\"@type\":\"WebSite\",\"@id\":\"https:\/\/www.celttv.com.ar\/#website\",\"url\":\"https:\/\/www.celttv.com.ar\/\",\"name\":\"CELTTV\",\"description\":\"Cooperativa El\u00e9ctrica de Tornquist\",\"publisher\":{\"@id\":\"https:\/\/www.celttv.com.ar\/#organization\"},\"potentialAction\":[{\"@type\":\"SearchAction\",\"target\":{\"@type\":\"EntryPoint\",\"urlTemplate\":\"https:\/\/www.celttv.com.ar\/?s={search_term_string}\"},\"query-input\":\"required name=search_term_string\"}],\"inLanguage\":\"es\"},{\"@type\":\"Organization\",\"@id\":\"https:\/\/www.celttv.com.ar\/#organization\",\"name\":\"CELTTV\",\"url\":\"https:\/\/www.celttv.com.ar\/\",\"sameAs\":[\"https:\/\/www.youtube.com\/channel\/UCz_oIt8Hig64Ub-EmcNPIhg\",\"https:\/\/www.facebook.com\/celtTV\/\"],\"logo\":{\"@type\":\"ImageObject\",\"inLanguage\":\"es\",\"@id\":\"https:\/\/www.celttv.com.ar\/#\/schema\/logo\/image\/\",\"url\":\"http:\/\/www.celttv.com.ar\/wp-content\/uploads\/2022\/08\/logo-1.png\",\"contentUrl\":\"http:\/\/www.celttv.com.ar\/wp-content\/uploads\/2022\/08\/logo-1.png\",\"width\":461,\"height\":159,\"caption\":\"CELTTV\"},\"image\":{\"@id\":\"https:\/\/www.celttv.com.ar\/#\/schema\/logo\/image\/\"}},{\"@type\":\"Person\",\"@id\":\"https:\/\/www.celttv.com.ar\/#\/schema\/person\/6d99c072dba59953809c81446e9d0ace\",\"name\":\"ulises\",\"image\":{\"@type\":\"ImageObject\",\"inLanguage\":\"es\",\"@id\":\"https:\/\/www.celttv.com.ar\/#\/schema\/person\/image\/\",\"url\":\"https:\/\/secure.gravatar.com\/avatar\/7f2c48bdc33b30088f941fb6082e555f2874c98e20cb159d7b92b50eadfce793?s=96&d=mm&r=g\",\"contentUrl\":\"https:\/\/secure.gravatar.com\/avatar\/7f2c48bdc33b30088f941fb6082e555f2874c98e20cb159d7b92b50eadfce793?s=96&d=mm&r=g\",\"caption\":\"ulises\"},\"sameAs\":[\"http:\/\/www.celttv.com.ar\"]}]}<\/script>\n<!-- \/ Yoast SEO plugin. -->","yoast_head_json":{"title":"LA INPECTORA JEFE DISTRITAL EXPRES\u00d3 SU MALESTAR POR LOS DICHOS DE CONCEJALES DE LA OPOSICI\u00d3N (nota en video) - CELTTV","description":"Sitio web de noticias de la localidad de Tornquist, provincia de Buenos Aires, Rep\u00fablica Argentina. Contenido propio originado por periodistas de CELTTV, el canal de TV local de la Cooperativa El\u00e9ctrica de Tornquist. Turismo, Pol\u00edtica, Sociedad, Deporte, Cultura y todo el contenido de inter\u00e9s general que la gente del pueblo y la regi\u00f3n debe conocer.","robots":{"index":"index","follow":"follow","max-snippet":"max-snippet:-1","max-image-preview":"max-image-preview:large","max-video-preview":"max-video-preview:-1"},"canonical":"https:\/\/www.celttv.com.ar\/index.php\/2015\/02\/24\/la-inpectora-jefe-distrital-expreso-su-malestar-por-los-dichos-de-concejales-de-la-oposicion-nota-en-video\/","og_locale":"es_ES","og_type":"article","og_title":"LA INPECTORA JEFE DISTRITAL EXPRES\u00d3 SU MALESTAR POR LOS DICHOS DE CONCEJALES DE LA OPOSICI\u00d3N (nota en video) - CELTTV","og_description":"Sitio web de noticias de la localidad de Tornquist, provincia de Buenos Aires, Rep\u00fablica Argentina. Contenido propio originado por periodistas de CELTTV, el canal de TV local de la Cooperativa El\u00e9ctrica de Tornquist. Turismo, Pol\u00edtica, Sociedad, Deporte, Cultura y todo el contenido de inter\u00e9s general que la gente del pueblo y la regi\u00f3n debe conocer.","og_url":"https:\/\/www.celttv.com.ar\/index.php\/2015\/02\/24\/la-inpectora-jefe-distrital-expreso-su-malestar-por-los-dichos-de-concejales-de-la-oposicion-nota-en-video\/","og_site_name":"CELTTV","article_publisher":"https:\/\/www.facebook.com\/celtTV\/","article_published_time":"2015-02-24T00:07:59+00:00","author":"ulises","twitter_card":"summary_large_image","twitter_misc":{"Escrito por":"ulises","Tiempo de lectura":"1 minuto"},"schema":{"@context":"https:\/\/schema.org","@graph":[{"@type":"NewsArticle","@id":"https:\/\/www.celttv.com.ar\/index.php\/2015\/02\/24\/la-inpectora-jefe-distrital-expreso-su-malestar-por-los-dichos-de-concejales-de-la-oposicion-nota-en-video\/#article","isPartOf":{"@id":"https:\/\/www.celttv.com.ar\/index.php\/2015\/02\/24\/la-inpectora-jefe-distrital-expreso-su-malestar-por-los-dichos-de-concejales-de-la-oposicion-nota-en-video\/"},"author":{"name":"ulises","@id":"https:\/\/www.celttv.com.ar\/#\/schema\/person\/6d99c072dba59953809c81446e9d0ace"},"headline":"LA INPECTORA JEFE DISTRITAL EXPRES\u00d3 SU MALESTAR POR LOS DICHOS DE CONCEJALES DE LA OPOSICI\u00d3N (nota en video)","datePublished":"2015-02-24T00:07:59+00:00","dateModified":"2015-02-24T00:07:59+00:00","mainEntityOfPage":{"@id":"https:\/\/www.celttv.com.ar\/index.php\/2015\/02\/24\/la-inpectora-jefe-distrital-expreso-su-malestar-por-los-dichos-de-concejales-de-la-oposicion-nota-en-video\/"},"wordCount":130,"publisher":{"@id":"https:\/\/www.celttv.com.ar\/#organization"},"articleSection":["Comunidad","Destacadas","Pol\u00edtica","Videos Destacados"],"inLanguage":"es"},{"@type":"WebPage","@id":"https:\/\/www.celttv.com.ar\/index.php\/2015\/02\/24\/la-inpectora-jefe-distrital-expreso-su-malestar-por-los-dichos-de-concejales-de-la-oposicion-nota-en-video\/","url":"https:\/\/www.celttv.com.ar\/index.php\/2015\/02\/24\/la-inpectora-jefe-distrital-expreso-su-malestar-por-los-dichos-de-concejales-de-la-oposicion-nota-en-video\/","name":"LA INPECTORA JEFE DISTRITAL EXPRES\u00d3 SU MALESTAR POR LOS DICHOS DE CONCEJALES DE LA OPOSICI\u00d3N (nota en video) - CELTTV","isPartOf":{"@id":"https:\/\/www.celttv.com.ar\/#website"},"datePublished":"2015-02-24T00:07:59+00:00","dateModified":"2015-02-24T00:07:59+00:00","description":"Sitio web de noticias de la localidad de Tornquist, provincia de Buenos Aires, Rep\u00fablica Argentina. Contenido propio originado por periodistas de CELTTV, el canal de TV local de la Cooperativa El\u00e9ctrica de Tornquist. Turismo, Pol\u00edtica, Sociedad, Deporte, Cultura y todo el contenido de inter\u00e9s general que la gente del pueblo y la regi\u00f3n debe conocer.","breadcrumb":{"@id":"https:\/\/www.celttv.com.ar\/index.php\/2015\/02\/24\/la-inpectora-jefe-distrital-expreso-su-malestar-por-los-dichos-de-concejales-de-la-oposicion-nota-en-video\/#breadcrumb"},"inLanguage":"es","potentialAction":[{"@type":"ReadAction","target":["https:\/\/www.celttv.com.ar\/index.php\/2015\/02\/24\/la-inpectora-jefe-distrital-expreso-su-malestar-por-los-dichos-de-concejales-de-la-oposicion-nota-en-video\/"]}]},{"@type":"BreadcrumbList","@id":"https:\/\/www.celttv.com.ar\/index.php\/2015\/02\/24\/la-inpectora-jefe-distrital-expreso-su-malestar-por-los-dichos-de-concejales-de-la-oposicion-nota-en-video\/#breadcrumb","itemListElement":[{"@type":"ListItem","position":1,"name":"Inicio","item":"https:\/\/www.celttv.com.ar\/"},{"@type":"ListItem","position":2,"name":"LA INPECTORA JEFE DISTRITAL EXPRES\u00d3 SU MALESTAR POR LOS DICHOS DE CONCEJALES DE LA OPOSICI\u00d3N (nota en video)"}]},{"@type":"WebSite","@id":"https:\/\/www.celttv.com.ar\/#website","url":"https:\/\/www.celttv.com.ar\/","name":"CELTTV","description":"Cooperativa El\u00e9ctrica de Tornquist","publisher":{"@id":"https:\/\/www.celttv.com.ar\/#organization"},"potentialAction":[{"@type":"SearchAction","target":{"@type":"EntryPoint","urlTemplate":"https:\/\/www.celttv.com.ar\/?s={search_term_string}"},"query-input":"required name=search_term_string"}],"inLanguage":"es"},{"@type":"Organization","@id":"https:\/\/www.celttv.com.ar\/#organization","name":"CELTTV","url":"https:\/\/www.celttv.com.ar\/","sameAs":["https:\/\/www.youtube.com\/channel\/UCz_oIt8Hig64Ub-EmcNPIhg","https:\/\/www.facebook.com\/celtTV\/"],"logo":{"@type":"ImageObject","inLanguage":"es","@id":"https:\/\/www.celttv.com.ar\/#\/schema\/logo\/image\/","url":"http:\/\/www.celttv.com.ar\/wp-content\/uploads\/2022\/08\/logo-1.png","contentUrl":"http:\/\/www.celttv.com.ar\/wp-content\/uploads\/2022\/08\/logo-1.png","width":461,"height":159,"caption":"CELTTV"},"image":{"@id":"https:\/\/www.celttv.com.ar\/#\/schema\/logo\/image\/"}},{"@type":"Person","@id":"https:\/\/www.celttv.com.ar\/#\/schema\/person\/6d99c072dba59953809c81446e9d0ace","name":"ulises","image":{"@type":"ImageObject","inLanguage":"es","@id":"https:\/\/www.celttv.com.ar\/#\/schema\/person\/image\/","url":"https:\/\/secure.gravatar.com\/avatar\/7f2c48bdc33b30088f941fb6082e555f2874c98e20cb159d7b92b50eadfce793?s=96&d=mm&r=g","contentUrl":"https:\/\/secure.gravatar.com\/avatar\/7f2c48bdc33b30088f941fb6082e555f2874c98e20cb159d7b92b50eadfce793?s=96&d=mm&r=g","caption":"ulises"},"sameAs":["http:\/\/www.celttv.com.ar"]}]}},"_links":{"self":[{"href":"https:\/\/www.celttv.com.ar\/index.php\/wp-json\/wp\/v2\/posts\/26834","targetHints":{"allow":["GET"]}}],"collection":[{"href":"https:\/\/www.celttv.com.ar\/index.php\/wp-json\/wp\/v2\/posts"}],"about":[{"href":"https:\/\/www.celttv.com.ar\/index.php\/wp-json\/wp\/v2\/types\/post"}],"author":[{"embeddable":true,"href":"https:\/\/www.celttv.com.ar\/index.php\/wp-json\/wp\/v2\/users\/1"}],"replies":[{"embeddable":true,"href":"https:\/\/www.celttv.com.ar\/index.php\/wp-json\/wp\/v2\/comments?post=26834"}],"version-history":[{"count":0,"href":"https:\/\/www.celttv.com.ar\/index.php\/wp-json\/wp\/v2\/posts\/26834\/revisions"}],"wp:attachment":[{"href":"https:\/\/www.celttv.com.ar\/index.php\/wp-json\/wp\/v2\/media?parent=26834"}],"wp:term":[{"taxonomy":"category","embeddable":true,"href":"https:\/\/www.celttv.com.ar\/index.php\/wp-json\/wp\/v2\/categories?post=26834"},{"taxonomy":"post_tag","embeddable":true,"href":"https:\/\/www.celttv.com.ar\/index.php\/wp-json\/wp\/v2\/tags?post=26834"}],"curies":[{"name":"wp","href":"https:\/\/api.w.org\/{rel}","templated":true}]}}