{"id":26837,"date":"2015-02-24T00:17:29","date_gmt":"2015-02-24T00:17:29","guid":{"rendered":"http:\/\/www.tvcnoticias.com.ar\/?p=26837"},"modified":"2015-02-24T00:17:29","modified_gmt":"2015-02-24T00:17:29","slug":"el-cine-movil-del-incaa-estara-en-sierra-de-la-ventana-y-saldungaray","status":"publish","type":"post","link":"https:\/\/www.celttv.com.ar\/index.php\/2015\/02\/24\/el-cine-movil-del-incaa-estara-en-sierra-de-la-ventana-y-saldungaray\/","title":{"rendered":"EL CINE MOVIL DEL INCAA ESTAR\u00c1 EN SIERRA DE LA VENTANA Y SALDUNGARAY"},"content":{"rendered":"<p><a rel=\"attachment wp-att-26838\" href=\"http:\/\/www.tvcnoticias.com.ar\/?attachment_id=26838\"><img loading=\"lazy\" decoding=\"async\" class=\"aligncenter size-medium wp-image-26838\" title=\"DSCN1174 (1280x960) (Small)\" src=\"http:\/\/www.tvcnoticias.com.ar\/wp-content\/uploads\/2015\/02\/DSCN1174-1280x960-Small-450x298.jpg\" alt=\"\" width=\"450\" height=\"298\" \/><\/a>Como sucedi\u00f3 hace algunos d\u00edas, el distrito recibir\u00e1 ma\u00f1ana martes y el mi\u00e9rcoles el \u201cCine M\u00f3vil, la ruta del cine\u201d, perteneciente al Instituto Nacional de Cine y Artes Audiovisuales, que cuenta con el auspicio del Ministerio de Cultura de la Naci\u00f3n y el Gobierno de la Provincia de Buenos Aires.<\/p>\n<p>En esta oportunidad, la iniciativa se desarrollar\u00e1 ma\u00f1ana en la Plazoleta del Reloj de Sierra de la Ventana, a partir de las 19.30 horas, mientras que un d\u00eda m\u00e1s tarde se instalar\u00e1 en el mismo horario en el Centro de Interpretaci\u00f3n de la obra de Francisco Salamone de Saldungaray.<\/p>\n<p>En ambos casos se proyectar\u00e1n dos films nacionales, uno destinado a los m\u00e1s peque\u00f1os y el restante para toda la familia.<\/p>\n<p>No pod\u00e9s perderte esta oportunidad. Te esperamos con reposera y mate.<\/p>\n<p>El cine m\u00f3vil tiene por objetivo democratizar el acceso al cine para diferentes sectores de la sociedad en diferentes pueblos donde el cine nunca lleg\u00f3 o de donde parti\u00f3 hace tiempo. As\u00ed se descentraliza la proyecci\u00f3n y difusi\u00f3n del cine nacional, present\u00e1ndolo como una herramienta de desarrollo, a trav\u00e9s de componentes hist\u00f3ricos, educativos y culturales que nos unen, pero respetando las particularidades de cada pueblo y regi\u00f3n.<\/p>\n<p>&nbsp;<\/p>\n<p>&nbsp;<\/p>\n","protected":false},"excerpt":{"rendered":"<p>Como sucedi\u00f3 hace algunos d\u00edas, el distrito recibir\u00e1 ma\u00f1ana martes y el mi\u00e9rcoles el \u201cCine M\u00f3vil, la ruta del cine\u201d, perteneciente al Instituto Nacional de Cine y Artes Audiovisuales, que cuenta con el auspicio del Ministerio de Cultura de la Naci\u00f3n y el Gobierno de la Provincia de Buenos Aires. En esta oportunidad, la iniciativa [&hellip;]<\/p>\n","protected":false},"author":1,"featured_media":0,"comment_status":"closed","ping_status":"open","sticky":false,"template":"","format":"standard","meta":{"footnotes":""},"categories":[51,52,53],"tags":[],"class_list":["post-26837","post","type-post","status-publish","format-standard","hentry","category-comunidad","category-destacadas","category-politica"],"yoast_head":"<!-- This site is optimized with the Yoast SEO plugin v19.7.1 - https:\/\/yoast.com\/wordpress\/plugins\/seo\/ -->\n<title>EL CINE MOVIL DEL INCAA ESTAR\u00c1 EN SIERRA DE LA VENTANA Y SALDUNGARAY - CELTTV<\/title>\n<meta name=\"description\" content=\"Sitio web de noticias de la localidad de Tornquist, provincia de Buenos Aires, Rep\u00fablica Argentina. Contenido propio originado por periodistas de CELTTV, el canal de TV local de la Cooperativa El\u00e9ctrica de Tornquist. Turismo, Pol\u00edtica, Sociedad, Deporte, Cultura y todo el contenido de inter\u00e9s general que la gente del pueblo y la regi\u00f3n debe conocer.\" \/>\n<meta name=\"robots\" content=\"index, follow, max-snippet:-1, max-image-preview:large, max-video-preview:-1\" \/>\n<link rel=\"canonical\" href=\"https:\/\/www.celttv.com.ar\/index.php\/2015\/02\/24\/el-cine-movil-del-incaa-estara-en-sierra-de-la-ventana-y-saldungaray\/\" \/>\n<meta property=\"og:locale\" content=\"es_ES\" \/>\n<meta property=\"og:type\" content=\"article\" \/>\n<meta property=\"og:title\" content=\"EL CINE MOVIL DEL INCAA ESTAR\u00c1 EN SIERRA DE LA VENTANA Y SALDUNGARAY - CELTTV\" \/>\n<meta property=\"og:description\" content=\"Sitio web de noticias de la localidad de Tornquist, provincia de Buenos Aires, Rep\u00fablica Argentina. Contenido propio originado por periodistas de CELTTV, el canal de TV local de la Cooperativa El\u00e9ctrica de Tornquist. Turismo, Pol\u00edtica, Sociedad, Deporte, Cultura y todo el contenido de inter\u00e9s general que la gente del pueblo y la regi\u00f3n debe conocer.\" \/>\n<meta property=\"og:url\" content=\"https:\/\/www.celttv.com.ar\/index.php\/2015\/02\/24\/el-cine-movil-del-incaa-estara-en-sierra-de-la-ventana-y-saldungaray\/\" \/>\n<meta property=\"og:site_name\" content=\"CELTTV\" \/>\n<meta property=\"article:publisher\" content=\"https:\/\/www.facebook.com\/celtTV\/\" \/>\n<meta property=\"article:published_time\" content=\"2015-02-24T00:17:29+00:00\" \/>\n<meta property=\"og:image\" content=\"http:\/\/www.tvcnoticias.com.ar\/wp-content\/uploads\/2015\/02\/DSCN1174-1280x960-Small-450x298.jpg\" \/>\n<meta name=\"author\" content=\"ulises\" \/>\n<meta name=\"twitter:card\" content=\"summary_large_image\" \/>\n<meta name=\"twitter:label1\" content=\"Escrito por\" \/>\n\t<meta name=\"twitter:data1\" content=\"ulises\" \/>\n\t<meta name=\"twitter:label2\" content=\"Tiempo de lectura\" \/>\n\t<meta name=\"twitter:data2\" content=\"1 minuto\" \/>\n<script type=\"application\/ld+json\" class=\"yoast-schema-graph\">{\"@context\":\"https:\/\/schema.org\",\"@graph\":[{\"@type\":\"NewsArticle\",\"@id\":\"https:\/\/www.celttv.com.ar\/index.php\/2015\/02\/24\/el-cine-movil-del-incaa-estara-en-sierra-de-la-ventana-y-saldungaray\/#article\",\"isPartOf\":{\"@id\":\"https:\/\/www.celttv.com.ar\/index.php\/2015\/02\/24\/el-cine-movil-del-incaa-estara-en-sierra-de-la-ventana-y-saldungaray\/\"},\"author\":{\"name\":\"ulises\",\"@id\":\"https:\/\/www.celttv.com.ar\/#\/schema\/person\/6d99c072dba59953809c81446e9d0ace\"},\"headline\":\"EL CINE MOVIL DEL INCAA ESTAR\u00c1 EN SIERRA DE LA VENTANA Y SALDUNGARAY\",\"datePublished\":\"2015-02-24T00:17:29+00:00\",\"dateModified\":\"2015-02-24T00:17:29+00:00\",\"mainEntityOfPage\":{\"@id\":\"https:\/\/www.celttv.com.ar\/index.php\/2015\/02\/24\/el-cine-movil-del-incaa-estara-en-sierra-de-la-ventana-y-saldungaray\/\"},\"wordCount\":232,\"publisher\":{\"@id\":\"https:\/\/www.celttv.com.ar\/#organization\"},\"articleSection\":[\"Comunidad\",\"Destacadas\",\"Pol\u00edtica\"],\"inLanguage\":\"es\"},{\"@type\":\"WebPage\",\"@id\":\"https:\/\/www.celttv.com.ar\/index.php\/2015\/02\/24\/el-cine-movil-del-incaa-estara-en-sierra-de-la-ventana-y-saldungaray\/\",\"url\":\"https:\/\/www.celttv.com.ar\/index.php\/2015\/02\/24\/el-cine-movil-del-incaa-estara-en-sierra-de-la-ventana-y-saldungaray\/\",\"name\":\"EL CINE MOVIL DEL INCAA ESTAR\u00c1 EN SIERRA DE LA VENTANA Y SALDUNGARAY - CELTTV\",\"isPartOf\":{\"@id\":\"https:\/\/www.celttv.com.ar\/#website\"},\"datePublished\":\"2015-02-24T00:17:29+00:00\",\"dateModified\":\"2015-02-24T00:17:29+00:00\",\"description\":\"Sitio web de noticias de la localidad de Tornquist, provincia de Buenos Aires, Rep\u00fablica Argentina. Contenido propio originado por periodistas de CELTTV, el canal de TV local de la Cooperativa El\u00e9ctrica de Tornquist. Turismo, Pol\u00edtica, Sociedad, Deporte, Cultura y todo el contenido de inter\u00e9s general que la gente del pueblo y la regi\u00f3n debe conocer.\",\"breadcrumb\":{\"@id\":\"https:\/\/www.celttv.com.ar\/index.php\/2015\/02\/24\/el-cine-movil-del-incaa-estara-en-sierra-de-la-ventana-y-saldungaray\/#breadcrumb\"},\"inLanguage\":\"es\",\"potentialAction\":[{\"@type\":\"ReadAction\",\"target\":[\"https:\/\/www.celttv.com.ar\/index.php\/2015\/02\/24\/el-cine-movil-del-incaa-estara-en-sierra-de-la-ventana-y-saldungaray\/\"]}]},{\"@type\":\"BreadcrumbList\",\"@id\":\"https:\/\/www.celttv.com.ar\/index.php\/2015\/02\/24\/el-cine-movil-del-incaa-estara-en-sierra-de-la-ventana-y-saldungaray\/#breadcrumb\",\"itemListElement\":[{\"@type\":\"ListItem\",\"position\":1,\"name\":\"Inicio\",\"item\":\"https:\/\/www.celttv.com.ar\/\"},{\"@type\":\"ListItem\",\"position\":2,\"name\":\"EL CINE MOVIL DEL INCAA ESTAR\u00c1 EN SIERRA DE LA VENTANA Y SALDUNGARAY\"}]},{\"@type\":\"WebSite\",\"@id\":\"https:\/\/www.celttv.com.ar\/#website\",\"url\":\"https:\/\/www.celttv.com.ar\/\",\"name\":\"CELTTV\",\"description\":\"Cooperativa El\u00e9ctrica de Tornquist\",\"publisher\":{\"@id\":\"https:\/\/www.celttv.com.ar\/#organization\"},\"potentialAction\":[{\"@type\":\"SearchAction\",\"target\":{\"@type\":\"EntryPoint\",\"urlTemplate\":\"https:\/\/www.celttv.com.ar\/?s={search_term_string}\"},\"query-input\":\"required name=search_term_string\"}],\"inLanguage\":\"es\"},{\"@type\":\"Organization\",\"@id\":\"https:\/\/www.celttv.com.ar\/#organization\",\"name\":\"CELTTV\",\"url\":\"https:\/\/www.celttv.com.ar\/\",\"sameAs\":[\"https:\/\/www.youtube.com\/channel\/UCz_oIt8Hig64Ub-EmcNPIhg\",\"https:\/\/www.facebook.com\/celtTV\/\"],\"logo\":{\"@type\":\"ImageObject\",\"inLanguage\":\"es\",\"@id\":\"https:\/\/www.celttv.com.ar\/#\/schema\/logo\/image\/\",\"url\":\"http:\/\/www.celttv.com.ar\/wp-content\/uploads\/2022\/08\/logo-1.png\",\"contentUrl\":\"http:\/\/www.celttv.com.ar\/wp-content\/uploads\/2022\/08\/logo-1.png\",\"width\":461,\"height\":159,\"caption\":\"CELTTV\"},\"image\":{\"@id\":\"https:\/\/www.celttv.com.ar\/#\/schema\/logo\/image\/\"}},{\"@type\":\"Person\",\"@id\":\"https:\/\/www.celttv.com.ar\/#\/schema\/person\/6d99c072dba59953809c81446e9d0ace\",\"name\":\"ulises\",\"image\":{\"@type\":\"ImageObject\",\"inLanguage\":\"es\",\"@id\":\"https:\/\/www.celttv.com.ar\/#\/schema\/person\/image\/\",\"url\":\"https:\/\/secure.gravatar.com\/avatar\/7f2c48bdc33b30088f941fb6082e555f2874c98e20cb159d7b92b50eadfce793?s=96&d=mm&r=g\",\"contentUrl\":\"https:\/\/secure.gravatar.com\/avatar\/7f2c48bdc33b30088f941fb6082e555f2874c98e20cb159d7b92b50eadfce793?s=96&d=mm&r=g\",\"caption\":\"ulises\"},\"sameAs\":[\"http:\/\/www.celttv.com.ar\"]}]}<\/script>\n<!-- \/ Yoast SEO plugin. -->","yoast_head_json":{"title":"EL CINE MOVIL DEL INCAA ESTAR\u00c1 EN SIERRA DE LA VENTANA Y SALDUNGARAY - CELTTV","description":"Sitio web de noticias de la localidad de Tornquist, provincia de Buenos Aires, Rep\u00fablica Argentina. Contenido propio originado por periodistas de CELTTV, el canal de TV local de la Cooperativa El\u00e9ctrica de Tornquist. Turismo, Pol\u00edtica, Sociedad, Deporte, Cultura y todo el contenido de inter\u00e9s general que la gente del pueblo y la regi\u00f3n debe conocer.","robots":{"index":"index","follow":"follow","max-snippet":"max-snippet:-1","max-image-preview":"max-image-preview:large","max-video-preview":"max-video-preview:-1"},"canonical":"https:\/\/www.celttv.com.ar\/index.php\/2015\/02\/24\/el-cine-movil-del-incaa-estara-en-sierra-de-la-ventana-y-saldungaray\/","og_locale":"es_ES","og_type":"article","og_title":"EL CINE MOVIL DEL INCAA ESTAR\u00c1 EN SIERRA DE LA VENTANA Y SALDUNGARAY - CELTTV","og_description":"Sitio web de noticias de la localidad de Tornquist, provincia de Buenos Aires, Rep\u00fablica Argentina. Contenido propio originado por periodistas de CELTTV, el canal de TV local de la Cooperativa El\u00e9ctrica de Tornquist. Turismo, Pol\u00edtica, Sociedad, Deporte, Cultura y todo el contenido de inter\u00e9s general que la gente del pueblo y la regi\u00f3n debe conocer.","og_url":"https:\/\/www.celttv.com.ar\/index.php\/2015\/02\/24\/el-cine-movil-del-incaa-estara-en-sierra-de-la-ventana-y-saldungaray\/","og_site_name":"CELTTV","article_publisher":"https:\/\/www.facebook.com\/celtTV\/","article_published_time":"2015-02-24T00:17:29+00:00","og_image":[{"url":"http:\/\/www.tvcnoticias.com.ar\/wp-content\/uploads\/2015\/02\/DSCN1174-1280x960-Small-450x298.jpg"}],"author":"ulises","twitter_card":"summary_large_image","twitter_misc":{"Escrito por":"ulises","Tiempo de lectura":"1 minuto"},"schema":{"@context":"https:\/\/schema.org","@graph":[{"@type":"NewsArticle","@id":"https:\/\/www.celttv.com.ar\/index.php\/2015\/02\/24\/el-cine-movil-del-incaa-estara-en-sierra-de-la-ventana-y-saldungaray\/#article","isPartOf":{"@id":"https:\/\/www.celttv.com.ar\/index.php\/2015\/02\/24\/el-cine-movil-del-incaa-estara-en-sierra-de-la-ventana-y-saldungaray\/"},"author":{"name":"ulises","@id":"https:\/\/www.celttv.com.ar\/#\/schema\/person\/6d99c072dba59953809c81446e9d0ace"},"headline":"EL CINE MOVIL DEL INCAA ESTAR\u00c1 EN SIERRA DE LA VENTANA Y SALDUNGARAY","datePublished":"2015-02-24T00:17:29+00:00","dateModified":"2015-02-24T00:17:29+00:00","mainEntityOfPage":{"@id":"https:\/\/www.celttv.com.ar\/index.php\/2015\/02\/24\/el-cine-movil-del-incaa-estara-en-sierra-de-la-ventana-y-saldungaray\/"},"wordCount":232,"publisher":{"@id":"https:\/\/www.celttv.com.ar\/#organization"},"articleSection":["Comunidad","Destacadas","Pol\u00edtica"],"inLanguage":"es"},{"@type":"WebPage","@id":"https:\/\/www.celttv.com.ar\/index.php\/2015\/02\/24\/el-cine-movil-del-incaa-estara-en-sierra-de-la-ventana-y-saldungaray\/","url":"https:\/\/www.celttv.com.ar\/index.php\/2015\/02\/24\/el-cine-movil-del-incaa-estara-en-sierra-de-la-ventana-y-saldungaray\/","name":"EL CINE MOVIL DEL INCAA ESTAR\u00c1 EN SIERRA DE LA VENTANA Y SALDUNGARAY - CELTTV","isPartOf":{"@id":"https:\/\/www.celttv.com.ar\/#website"},"datePublished":"2015-02-24T00:17:29+00:00","dateModified":"2015-02-24T00:17:29+00:00","description":"Sitio web de noticias de la localidad de Tornquist, provincia de Buenos Aires, Rep\u00fablica Argentina. Contenido propio originado por periodistas de CELTTV, el canal de TV local de la Cooperativa El\u00e9ctrica de Tornquist. Turismo, Pol\u00edtica, Sociedad, Deporte, Cultura y todo el contenido de inter\u00e9s general que la gente del pueblo y la regi\u00f3n debe conocer.","breadcrumb":{"@id":"https:\/\/www.celttv.com.ar\/index.php\/2015\/02\/24\/el-cine-movil-del-incaa-estara-en-sierra-de-la-ventana-y-saldungaray\/#breadcrumb"},"inLanguage":"es","potentialAction":[{"@type":"ReadAction","target":["https:\/\/www.celttv.com.ar\/index.php\/2015\/02\/24\/el-cine-movil-del-incaa-estara-en-sierra-de-la-ventana-y-saldungaray\/"]}]},{"@type":"BreadcrumbList","@id":"https:\/\/www.celttv.com.ar\/index.php\/2015\/02\/24\/el-cine-movil-del-incaa-estara-en-sierra-de-la-ventana-y-saldungaray\/#breadcrumb","itemListElement":[{"@type":"ListItem","position":1,"name":"Inicio","item":"https:\/\/www.celttv.com.ar\/"},{"@type":"ListItem","position":2,"name":"EL CINE MOVIL DEL INCAA ESTAR\u00c1 EN SIERRA DE LA VENTANA Y SALDUNGARAY"}]},{"@type":"WebSite","@id":"https:\/\/www.celttv.com.ar\/#website","url":"https:\/\/www.celttv.com.ar\/","name":"CELTTV","description":"Cooperativa El\u00e9ctrica de Tornquist","publisher":{"@id":"https:\/\/www.celttv.com.ar\/#organization"},"potentialAction":[{"@type":"SearchAction","target":{"@type":"EntryPoint","urlTemplate":"https:\/\/www.celttv.com.ar\/?s={search_term_string}"},"query-input":"required name=search_term_string"}],"inLanguage":"es"},{"@type":"Organization","@id":"https:\/\/www.celttv.com.ar\/#organization","name":"CELTTV","url":"https:\/\/www.celttv.com.ar\/","sameAs":["https:\/\/www.youtube.com\/channel\/UCz_oIt8Hig64Ub-EmcNPIhg","https:\/\/www.facebook.com\/celtTV\/"],"logo":{"@type":"ImageObject","inLanguage":"es","@id":"https:\/\/www.celttv.com.ar\/#\/schema\/logo\/image\/","url":"http:\/\/www.celttv.com.ar\/wp-content\/uploads\/2022\/08\/logo-1.png","contentUrl":"http:\/\/www.celttv.com.ar\/wp-content\/uploads\/2022\/08\/logo-1.png","width":461,"height":159,"caption":"CELTTV"},"image":{"@id":"https:\/\/www.celttv.com.ar\/#\/schema\/logo\/image\/"}},{"@type":"Person","@id":"https:\/\/www.celttv.com.ar\/#\/schema\/person\/6d99c072dba59953809c81446e9d0ace","name":"ulises","image":{"@type":"ImageObject","inLanguage":"es","@id":"https:\/\/www.celttv.com.ar\/#\/schema\/person\/image\/","url":"https:\/\/secure.gravatar.com\/avatar\/7f2c48bdc33b30088f941fb6082e555f2874c98e20cb159d7b92b50eadfce793?s=96&d=mm&r=g","contentUrl":"https:\/\/secure.gravatar.com\/avatar\/7f2c48bdc33b30088f941fb6082e555f2874c98e20cb159d7b92b50eadfce793?s=96&d=mm&r=g","caption":"ulises"},"sameAs":["http:\/\/www.celttv.com.ar"]}]}},"_links":{"self":[{"href":"https:\/\/www.celttv.com.ar\/index.php\/wp-json\/wp\/v2\/posts\/26837","targetHints":{"allow":["GET"]}}],"collection":[{"href":"https:\/\/www.celttv.com.ar\/index.php\/wp-json\/wp\/v2\/posts"}],"about":[{"href":"https:\/\/www.celttv.com.ar\/index.php\/wp-json\/wp\/v2\/types\/post"}],"author":[{"embeddable":true,"href":"https:\/\/www.celttv.com.ar\/index.php\/wp-json\/wp\/v2\/users\/1"}],"replies":[{"embeddable":true,"href":"https:\/\/www.celttv.com.ar\/index.php\/wp-json\/wp\/v2\/comments?post=26837"}],"version-history":[{"count":0,"href":"https:\/\/www.celttv.com.ar\/index.php\/wp-json\/wp\/v2\/posts\/26837\/revisions"}],"wp:attachment":[{"href":"https:\/\/www.celttv.com.ar\/index.php\/wp-json\/wp\/v2\/media?parent=26837"}],"wp:term":[{"taxonomy":"category","embeddable":true,"href":"https:\/\/www.celttv.com.ar\/index.php\/wp-json\/wp\/v2\/categories?post=26837"},{"taxonomy":"post_tag","embeddable":true,"href":"https:\/\/www.celttv.com.ar\/index.php\/wp-json\/wp\/v2\/tags?post=26837"}],"curies":[{"name":"wp","href":"https:\/\/api.w.org\/{rel}","templated":true}]}}