{"id":26865,"date":"2015-02-24T18:46:01","date_gmt":"2015-02-24T18:46:01","guid":{"rendered":"http:\/\/www.tvcnoticias.com.ar\/?p=26865"},"modified":"2015-02-24T18:46:01","modified_gmt":"2015-02-24T18:46:01","slug":"se-dictara-un-curso-de-acompanantes-terapeuticos","status":"publish","type":"post","link":"https:\/\/www.celttv.com.ar\/index.php\/2015\/02\/24\/se-dictara-un-curso-de-acompanantes-terapeuticos\/","title":{"rendered":"SE DICTAR\u00c1 UN CURSO DE ACOMPA\u00d1ANTES TERAP\u00c9UTICOS"},"content":{"rendered":"<p><a rel=\"attachment wp-att-26866\" href=\"http:\/\/www.tvcnoticias.com.ar\/?attachment_id=26866\"><img loading=\"lazy\" decoding=\"async\" class=\"aligncenter size-medium wp-image-26866\" title=\"1482 - ACOMPA\u00d1ANTES TERAPEUTICOS (Small)\" src=\"http:\/\/www.tvcnoticias.com.ar\/wp-content\/uploads\/2015\/02\/1482-ACOMPA\u00d1ANTES-TERAPEUTICOS-Small-450x337.jpg\" alt=\"\" width=\"450\" height=\"337\" \/><\/a>Un convenio que posibilitar\u00e1 el dictado del Curso de Formaci\u00f3n de Acompa\u00f1ante Terap\u00e9utico en nuestro distrito, firm\u00f3 el intendente municipal, licenciado Gustavo Trankels, con el presidente de la Asociaci\u00f3n Civil L\u00ednea Vida de Bah\u00eda Blanca, Carlos Grai\u00f1o, y la licenciada Berenice Braun.<\/p>\n<p>La r\u00fabrica, que se llev\u00f3 a cabo en el despacho del jefe comunal, permitir\u00e1 la utilizaci\u00f3n de dependencias municipales para el desarrollo de la capacitaci\u00f3n, que se iniciar\u00e1 el pr\u00f3ximo 15 de marzo y demandar\u00e1 dos horas de cursado quincenales.<\/p>\n<p>\u201cEste es un momento muy especial, porque estamos firmando un convenio con una asociaci\u00f3n civil de Bah\u00eda Blanca que trabaja de manera muy responsable en la formaci\u00f3n de acompa\u00f1antes terap\u00e9uticos. Esta iniciativa va en funci\u00f3n de mejorar la calidad de vida de los vecinos. Es una disciplina que se va conociendo m\u00e1s cada vez m\u00e1s, y en la medida que eso sucede se produce una demanda muy importante\u201d, resalt\u00f3 el intendente Trankels.<\/p>\n<p>\u201cLa intenci\u00f3n es conformar un listado en la oficina de Empleo Municipal con quienes se vayan graduando de este curso, para que sea una tranquilidad para la familia que lo contrata. Esta iniciativa de formaci\u00f3n fortalece la educaci\u00f3n, el trabajo y la salud de nuestros vecinos\u201d, consider\u00f3.<\/p>\n<p>Adem\u00e1s, Trankels agradeci\u00f3 la confianza y el trabajo de los encargados del dictado del curso, que se encuentra avalado por la Asociaci\u00f3n de Acompa\u00f1antes Terap\u00e9uticos de la Rep\u00fablica Argentina.<\/p>\n<p>\u201cEsta figura del acompa\u00f1ante terap\u00e9utico es muy importante y tom\u00f3 mucho vuelo desde el momento en que se promulg\u00f3 la Ley de Salud Mental, a fines de 2010. Se apunta a que el paciente est\u00e9 atendido en su domicilio y no institucionalizado y que los chicos en las escuelas puedan ser integrados o incluidos\u201d, explic\u00f3 Grai\u00f1o.<\/p>\n<p>\u201cLa demanda va creciendo. Aqu\u00ed se realizaron dos a\u00f1os capacitaciones y no alcanz\u00f3 la cantidad de gente que termin\u00f3 para la demanda existente. Volvemos a dictar el curso porque existe mucha demanda de trabajo\u201d, se\u00f1al\u00f3.<\/p>\n<p>Para realizar consultas respecto de las inscripciones y los requisitos, se puede llamar al celular (0291) 155-702050.<\/p>\n<p>\u201cEstoy sumamente conforme con la demanda existente para el curso, que tanto en Tornquist como en Saldungaray, Sierra de la Ventana y Villa Ventana. La gente va entendiendo cada vez m\u00e1s la funci\u00f3n y eso es sumamente importante. Nuestra funci\u00f3n no termina con el curso anual, sino que de manera paralela intentaremos continuar capacitando a quienes ya se recibieron\u201d, coment\u00f3 Berenice Braun, quien recalc\u00f3 que los estudiantes tienen la posibilidad de realizar una pasant\u00eda optativa.<\/p>\n<p>\u201cEs muy importante la confecci\u00f3n del listado municipal, para que la gente en el momento de preocupaci\u00f3n o desesperaci\u00f3n frente a una enfermedad tenga un ente oficial a donde recurrir para informarse\u201d, a\u00f1adi\u00f3.<\/p>\n<p>&nbsp;<\/p>\n<p>&nbsp;<\/p>\n","protected":false},"excerpt":{"rendered":"<p>Un convenio que posibilitar\u00e1 el dictado del Curso de Formaci\u00f3n de Acompa\u00f1ante Terap\u00e9utico en nuestro distrito, firm\u00f3 el intendente municipal, licenciado Gustavo Trankels, con el presidente de la Asociaci\u00f3n Civil L\u00ednea Vida de Bah\u00eda Blanca, Carlos Grai\u00f1o, y la licenciada Berenice Braun. La r\u00fabrica, que se llev\u00f3 a cabo en el despacho del jefe comunal, [&hellip;]<\/p>\n","protected":false},"author":1,"featured_media":0,"comment_status":"closed","ping_status":"open","sticky":false,"template":"","format":"standard","meta":{"footnotes":""},"categories":[51,52,53],"tags":[],"class_list":["post-26865","post","type-post","status-publish","format-standard","hentry","category-comunidad","category-destacadas","category-politica"],"yoast_head":"<!-- This site is optimized with the Yoast SEO plugin v19.7.1 - https:\/\/yoast.com\/wordpress\/plugins\/seo\/ -->\n<title>SE DICTAR\u00c1 UN CURSO DE ACOMPA\u00d1ANTES TERAP\u00c9UTICOS - CELTTV<\/title>\n<meta name=\"description\" content=\"Sitio web de noticias de la localidad de Tornquist, provincia de Buenos Aires, Rep\u00fablica Argentina. Contenido propio originado por periodistas de CELTTV, el canal de TV local de la Cooperativa El\u00e9ctrica de Tornquist. Turismo, Pol\u00edtica, Sociedad, Deporte, Cultura y todo el contenido de inter\u00e9s general que la gente del pueblo y la regi\u00f3n debe conocer.\" \/>\n<meta name=\"robots\" content=\"index, follow, max-snippet:-1, max-image-preview:large, max-video-preview:-1\" \/>\n<link rel=\"canonical\" href=\"https:\/\/www.celttv.com.ar\/index.php\/2015\/02\/24\/se-dictara-un-curso-de-acompanantes-terapeuticos\/\" \/>\n<meta property=\"og:locale\" content=\"es_ES\" \/>\n<meta property=\"og:type\" content=\"article\" \/>\n<meta property=\"og:title\" content=\"SE DICTAR\u00c1 UN CURSO DE ACOMPA\u00d1ANTES TERAP\u00c9UTICOS - CELTTV\" \/>\n<meta property=\"og:description\" content=\"Sitio web de noticias de la localidad de Tornquist, provincia de Buenos Aires, Rep\u00fablica Argentina. Contenido propio originado por periodistas de CELTTV, el canal de TV local de la Cooperativa El\u00e9ctrica de Tornquist. Turismo, Pol\u00edtica, Sociedad, Deporte, Cultura y todo el contenido de inter\u00e9s general que la gente del pueblo y la regi\u00f3n debe conocer.\" \/>\n<meta property=\"og:url\" content=\"https:\/\/www.celttv.com.ar\/index.php\/2015\/02\/24\/se-dictara-un-curso-de-acompanantes-terapeuticos\/\" \/>\n<meta property=\"og:site_name\" content=\"CELTTV\" \/>\n<meta property=\"article:publisher\" content=\"https:\/\/www.facebook.com\/celtTV\/\" \/>\n<meta property=\"article:published_time\" content=\"2015-02-24T18:46:01+00:00\" \/>\n<meta name=\"author\" content=\"ulises\" \/>\n<meta name=\"twitter:card\" content=\"summary_large_image\" \/>\n<meta name=\"twitter:label1\" content=\"Escrito por\" \/>\n\t<meta name=\"twitter:data1\" content=\"ulises\" \/>\n\t<meta name=\"twitter:label2\" content=\"Tiempo de lectura\" \/>\n\t<meta name=\"twitter:data2\" content=\"2 minutos\" \/>\n<script type=\"application\/ld+json\" class=\"yoast-schema-graph\">{\"@context\":\"https:\/\/schema.org\",\"@graph\":[{\"@type\":\"NewsArticle\",\"@id\":\"https:\/\/www.celttv.com.ar\/index.php\/2015\/02\/24\/se-dictara-un-curso-de-acompanantes-terapeuticos\/#article\",\"isPartOf\":{\"@id\":\"https:\/\/www.celttv.com.ar\/index.php\/2015\/02\/24\/se-dictara-un-curso-de-acompanantes-terapeuticos\/\"},\"author\":{\"name\":\"ulises\",\"@id\":\"https:\/\/www.celttv.com.ar\/#\/schema\/person\/6d99c072dba59953809c81446e9d0ace\"},\"headline\":\"SE DICTAR\u00c1 UN CURSO DE ACOMPA\u00d1ANTES TERAP\u00c9UTICOS\",\"datePublished\":\"2015-02-24T18:46:01+00:00\",\"dateModified\":\"2015-02-24T18:46:01+00:00\",\"mainEntityOfPage\":{\"@id\":\"https:\/\/www.celttv.com.ar\/index.php\/2015\/02\/24\/se-dictara-un-curso-de-acompanantes-terapeuticos\/\"},\"wordCount\":494,\"publisher\":{\"@id\":\"https:\/\/www.celttv.com.ar\/#organization\"},\"articleSection\":[\"Comunidad\",\"Destacadas\",\"Pol\u00edtica\"],\"inLanguage\":\"es\"},{\"@type\":\"WebPage\",\"@id\":\"https:\/\/www.celttv.com.ar\/index.php\/2015\/02\/24\/se-dictara-un-curso-de-acompanantes-terapeuticos\/\",\"url\":\"https:\/\/www.celttv.com.ar\/index.php\/2015\/02\/24\/se-dictara-un-curso-de-acompanantes-terapeuticos\/\",\"name\":\"SE DICTAR\u00c1 UN CURSO DE ACOMPA\u00d1ANTES TERAP\u00c9UTICOS - CELTTV\",\"isPartOf\":{\"@id\":\"https:\/\/www.celttv.com.ar\/#website\"},\"datePublished\":\"2015-02-24T18:46:01+00:00\",\"dateModified\":\"2015-02-24T18:46:01+00:00\",\"description\":\"Sitio web de noticias de la localidad de Tornquist, provincia de Buenos Aires, Rep\u00fablica Argentina. Contenido propio originado por periodistas de CELTTV, el canal de TV local de la Cooperativa El\u00e9ctrica de Tornquist. Turismo, Pol\u00edtica, Sociedad, Deporte, Cultura y todo el contenido de inter\u00e9s general que la gente del pueblo y la regi\u00f3n debe conocer.\",\"breadcrumb\":{\"@id\":\"https:\/\/www.celttv.com.ar\/index.php\/2015\/02\/24\/se-dictara-un-curso-de-acompanantes-terapeuticos\/#breadcrumb\"},\"inLanguage\":\"es\",\"potentialAction\":[{\"@type\":\"ReadAction\",\"target\":[\"https:\/\/www.celttv.com.ar\/index.php\/2015\/02\/24\/se-dictara-un-curso-de-acompanantes-terapeuticos\/\"]}]},{\"@type\":\"BreadcrumbList\",\"@id\":\"https:\/\/www.celttv.com.ar\/index.php\/2015\/02\/24\/se-dictara-un-curso-de-acompanantes-terapeuticos\/#breadcrumb\",\"itemListElement\":[{\"@type\":\"ListItem\",\"position\":1,\"name\":\"Inicio\",\"item\":\"https:\/\/www.celttv.com.ar\/\"},{\"@type\":\"ListItem\",\"position\":2,\"name\":\"SE DICTAR\u00c1 UN CURSO DE ACOMPA\u00d1ANTES TERAP\u00c9UTICOS\"}]},{\"@type\":\"WebSite\",\"@id\":\"https:\/\/www.celttv.com.ar\/#website\",\"url\":\"https:\/\/www.celttv.com.ar\/\",\"name\":\"CELTTV\",\"description\":\"Cooperativa El\u00e9ctrica de Tornquist\",\"publisher\":{\"@id\":\"https:\/\/www.celttv.com.ar\/#organization\"},\"potentialAction\":[{\"@type\":\"SearchAction\",\"target\":{\"@type\":\"EntryPoint\",\"urlTemplate\":\"https:\/\/www.celttv.com.ar\/?s={search_term_string}\"},\"query-input\":\"required name=search_term_string\"}],\"inLanguage\":\"es\"},{\"@type\":\"Organization\",\"@id\":\"https:\/\/www.celttv.com.ar\/#organization\",\"name\":\"CELTTV\",\"url\":\"https:\/\/www.celttv.com.ar\/\",\"sameAs\":[\"https:\/\/www.youtube.com\/channel\/UCz_oIt8Hig64Ub-EmcNPIhg\",\"https:\/\/www.facebook.com\/celtTV\/\"],\"logo\":{\"@type\":\"ImageObject\",\"inLanguage\":\"es\",\"@id\":\"https:\/\/www.celttv.com.ar\/#\/schema\/logo\/image\/\",\"url\":\"http:\/\/www.celttv.com.ar\/wp-content\/uploads\/2022\/08\/logo-1.png\",\"contentUrl\":\"http:\/\/www.celttv.com.ar\/wp-content\/uploads\/2022\/08\/logo-1.png\",\"width\":461,\"height\":159,\"caption\":\"CELTTV\"},\"image\":{\"@id\":\"https:\/\/www.celttv.com.ar\/#\/schema\/logo\/image\/\"}},{\"@type\":\"Person\",\"@id\":\"https:\/\/www.celttv.com.ar\/#\/schema\/person\/6d99c072dba59953809c81446e9d0ace\",\"name\":\"ulises\",\"image\":{\"@type\":\"ImageObject\",\"inLanguage\":\"es\",\"@id\":\"https:\/\/www.celttv.com.ar\/#\/schema\/person\/image\/\",\"url\":\"https:\/\/secure.gravatar.com\/avatar\/7f2c48bdc33b30088f941fb6082e555f2874c98e20cb159d7b92b50eadfce793?s=96&d=mm&r=g\",\"contentUrl\":\"https:\/\/secure.gravatar.com\/avatar\/7f2c48bdc33b30088f941fb6082e555f2874c98e20cb159d7b92b50eadfce793?s=96&d=mm&r=g\",\"caption\":\"ulises\"},\"sameAs\":[\"http:\/\/www.celttv.com.ar\"]}]}<\/script>\n<!-- \/ Yoast SEO plugin. -->","yoast_head_json":{"title":"SE DICTAR\u00c1 UN CURSO DE ACOMPA\u00d1ANTES TERAP\u00c9UTICOS - CELTTV","description":"Sitio web de noticias de la localidad de Tornquist, provincia de Buenos Aires, Rep\u00fablica Argentina. Contenido propio originado por periodistas de CELTTV, el canal de TV local de la Cooperativa El\u00e9ctrica de Tornquist. Turismo, Pol\u00edtica, Sociedad, Deporte, Cultura y todo el contenido de inter\u00e9s general que la gente del pueblo y la regi\u00f3n debe conocer.","robots":{"index":"index","follow":"follow","max-snippet":"max-snippet:-1","max-image-preview":"max-image-preview:large","max-video-preview":"max-video-preview:-1"},"canonical":"https:\/\/www.celttv.com.ar\/index.php\/2015\/02\/24\/se-dictara-un-curso-de-acompanantes-terapeuticos\/","og_locale":"es_ES","og_type":"article","og_title":"SE DICTAR\u00c1 UN CURSO DE ACOMPA\u00d1ANTES TERAP\u00c9UTICOS - CELTTV","og_description":"Sitio web de noticias de la localidad de Tornquist, provincia de Buenos Aires, Rep\u00fablica Argentina. Contenido propio originado por periodistas de CELTTV, el canal de TV local de la Cooperativa El\u00e9ctrica de Tornquist. Turismo, Pol\u00edtica, Sociedad, Deporte, Cultura y todo el contenido de inter\u00e9s general que la gente del pueblo y la regi\u00f3n debe conocer.","og_url":"https:\/\/www.celttv.com.ar\/index.php\/2015\/02\/24\/se-dictara-un-curso-de-acompanantes-terapeuticos\/","og_site_name":"CELTTV","article_publisher":"https:\/\/www.facebook.com\/celtTV\/","article_published_time":"2015-02-24T18:46:01+00:00","author":"ulises","twitter_card":"summary_large_image","twitter_misc":{"Escrito por":"ulises","Tiempo de lectura":"2 minutos"},"schema":{"@context":"https:\/\/schema.org","@graph":[{"@type":"NewsArticle","@id":"https:\/\/www.celttv.com.ar\/index.php\/2015\/02\/24\/se-dictara-un-curso-de-acompanantes-terapeuticos\/#article","isPartOf":{"@id":"https:\/\/www.celttv.com.ar\/index.php\/2015\/02\/24\/se-dictara-un-curso-de-acompanantes-terapeuticos\/"},"author":{"name":"ulises","@id":"https:\/\/www.celttv.com.ar\/#\/schema\/person\/6d99c072dba59953809c81446e9d0ace"},"headline":"SE DICTAR\u00c1 UN CURSO DE ACOMPA\u00d1ANTES TERAP\u00c9UTICOS","datePublished":"2015-02-24T18:46:01+00:00","dateModified":"2015-02-24T18:46:01+00:00","mainEntityOfPage":{"@id":"https:\/\/www.celttv.com.ar\/index.php\/2015\/02\/24\/se-dictara-un-curso-de-acompanantes-terapeuticos\/"},"wordCount":494,"publisher":{"@id":"https:\/\/www.celttv.com.ar\/#organization"},"articleSection":["Comunidad","Destacadas","Pol\u00edtica"],"inLanguage":"es"},{"@type":"WebPage","@id":"https:\/\/www.celttv.com.ar\/index.php\/2015\/02\/24\/se-dictara-un-curso-de-acompanantes-terapeuticos\/","url":"https:\/\/www.celttv.com.ar\/index.php\/2015\/02\/24\/se-dictara-un-curso-de-acompanantes-terapeuticos\/","name":"SE DICTAR\u00c1 UN CURSO DE ACOMPA\u00d1ANTES TERAP\u00c9UTICOS - CELTTV","isPartOf":{"@id":"https:\/\/www.celttv.com.ar\/#website"},"datePublished":"2015-02-24T18:46:01+00:00","dateModified":"2015-02-24T18:46:01+00:00","description":"Sitio web de noticias de la localidad de Tornquist, provincia de Buenos Aires, Rep\u00fablica Argentina. Contenido propio originado por periodistas de CELTTV, el canal de TV local de la Cooperativa El\u00e9ctrica de Tornquist. Turismo, Pol\u00edtica, Sociedad, Deporte, Cultura y todo el contenido de inter\u00e9s general que la gente del pueblo y la regi\u00f3n debe conocer.","breadcrumb":{"@id":"https:\/\/www.celttv.com.ar\/index.php\/2015\/02\/24\/se-dictara-un-curso-de-acompanantes-terapeuticos\/#breadcrumb"},"inLanguage":"es","potentialAction":[{"@type":"ReadAction","target":["https:\/\/www.celttv.com.ar\/index.php\/2015\/02\/24\/se-dictara-un-curso-de-acompanantes-terapeuticos\/"]}]},{"@type":"BreadcrumbList","@id":"https:\/\/www.celttv.com.ar\/index.php\/2015\/02\/24\/se-dictara-un-curso-de-acompanantes-terapeuticos\/#breadcrumb","itemListElement":[{"@type":"ListItem","position":1,"name":"Inicio","item":"https:\/\/www.celttv.com.ar\/"},{"@type":"ListItem","position":2,"name":"SE DICTAR\u00c1 UN CURSO DE ACOMPA\u00d1ANTES TERAP\u00c9UTICOS"}]},{"@type":"WebSite","@id":"https:\/\/www.celttv.com.ar\/#website","url":"https:\/\/www.celttv.com.ar\/","name":"CELTTV","description":"Cooperativa El\u00e9ctrica de Tornquist","publisher":{"@id":"https:\/\/www.celttv.com.ar\/#organization"},"potentialAction":[{"@type":"SearchAction","target":{"@type":"EntryPoint","urlTemplate":"https:\/\/www.celttv.com.ar\/?s={search_term_string}"},"query-input":"required name=search_term_string"}],"inLanguage":"es"},{"@type":"Organization","@id":"https:\/\/www.celttv.com.ar\/#organization","name":"CELTTV","url":"https:\/\/www.celttv.com.ar\/","sameAs":["https:\/\/www.youtube.com\/channel\/UCz_oIt8Hig64Ub-EmcNPIhg","https:\/\/www.facebook.com\/celtTV\/"],"logo":{"@type":"ImageObject","inLanguage":"es","@id":"https:\/\/www.celttv.com.ar\/#\/schema\/logo\/image\/","url":"http:\/\/www.celttv.com.ar\/wp-content\/uploads\/2022\/08\/logo-1.png","contentUrl":"http:\/\/www.celttv.com.ar\/wp-content\/uploads\/2022\/08\/logo-1.png","width":461,"height":159,"caption":"CELTTV"},"image":{"@id":"https:\/\/www.celttv.com.ar\/#\/schema\/logo\/image\/"}},{"@type":"Person","@id":"https:\/\/www.celttv.com.ar\/#\/schema\/person\/6d99c072dba59953809c81446e9d0ace","name":"ulises","image":{"@type":"ImageObject","inLanguage":"es","@id":"https:\/\/www.celttv.com.ar\/#\/schema\/person\/image\/","url":"https:\/\/secure.gravatar.com\/avatar\/7f2c48bdc33b30088f941fb6082e555f2874c98e20cb159d7b92b50eadfce793?s=96&d=mm&r=g","contentUrl":"https:\/\/secure.gravatar.com\/avatar\/7f2c48bdc33b30088f941fb6082e555f2874c98e20cb159d7b92b50eadfce793?s=96&d=mm&r=g","caption":"ulises"},"sameAs":["http:\/\/www.celttv.com.ar"]}]}},"_links":{"self":[{"href":"https:\/\/www.celttv.com.ar\/index.php\/wp-json\/wp\/v2\/posts\/26865","targetHints":{"allow":["GET"]}}],"collection":[{"href":"https:\/\/www.celttv.com.ar\/index.php\/wp-json\/wp\/v2\/posts"}],"about":[{"href":"https:\/\/www.celttv.com.ar\/index.php\/wp-json\/wp\/v2\/types\/post"}],"author":[{"embeddable":true,"href":"https:\/\/www.celttv.com.ar\/index.php\/wp-json\/wp\/v2\/users\/1"}],"replies":[{"embeddable":true,"href":"https:\/\/www.celttv.com.ar\/index.php\/wp-json\/wp\/v2\/comments?post=26865"}],"version-history":[{"count":0,"href":"https:\/\/www.celttv.com.ar\/index.php\/wp-json\/wp\/v2\/posts\/26865\/revisions"}],"wp:attachment":[{"href":"https:\/\/www.celttv.com.ar\/index.php\/wp-json\/wp\/v2\/media?parent=26865"}],"wp:term":[{"taxonomy":"category","embeddable":true,"href":"https:\/\/www.celttv.com.ar\/index.php\/wp-json\/wp\/v2\/categories?post=26865"},{"taxonomy":"post_tag","embeddable":true,"href":"https:\/\/www.celttv.com.ar\/index.php\/wp-json\/wp\/v2\/tags?post=26865"}],"curies":[{"name":"wp","href":"https:\/\/api.w.org\/{rel}","templated":true}]}}