{"id":26875,"date":"2015-02-24T19:25:25","date_gmt":"2015-02-24T19:25:25","guid":{"rendered":"http:\/\/www.tvcnoticias.com.ar\/?p=26875"},"modified":"2015-02-24T19:25:25","modified_gmt":"2015-02-24T19:25:25","slug":"daniel-scioli-dejo-su-impronta-en-sierra-de-la-ventana-imagenes","status":"publish","type":"post","link":"https:\/\/www.celttv.com.ar\/index.php\/2015\/02\/24\/daniel-scioli-dejo-su-impronta-en-sierra-de-la-ventana-imagenes\/","title":{"rendered":"DANIEL SCIOLI DEJ\u00d3 SU IMPRONTA EN SIERRA DE LA VENTANA (im\u00e1genes)"},"content":{"rendered":"<p><a href=\"https:\/\/www.youtube.com\/watch?v=YytzOCOqqNU\">httpv:\/\/www.youtube.com\/watch?v=YytzOCOqqNU<\/a><\/p>\n<p><a href=\"https:\/\/www.youtube.com\/watch?v=j3uYwrNEbZU\">httpv:\/\/www.youtube.com\/watch?v=j3uYwrNEbZU<\/a><\/p>\n<p><a href=\"https:\/\/www.youtube.com\/watch?v=Ue0Y5CO6x2g\">httpv:\/\/www.youtube.com\/watch?v=Ue0Y5CO6x2g<\/a><\/p>\n<p><a href=\"https:\/\/www.youtube.com\/watch?v=DwFUNLOvpww\">httpv:\/\/www.youtube.com\/watch?v=DwFUNLOvpww<\/a><\/p>\n<p>Con el lanzamiento de la carrera de Gu\u00eda Universitario de Turismo que la Universidad Provincial del Sudoeste (UPSO) dictar\u00e1 en nuestro distrito y la celebraci\u00f3n del primer aniversario de la reinuaguraci\u00f3n del Hotel Provincial como principales actividades, el gobernador de la Provincia de Buenos Aires, Daniel Scioli, visit\u00f3 la localidad de Sierra de la Ventana en el atardecer de este viernes.<\/p>\n<p>El acto central se desarroll\u00f3 en un colmado sal\u00f3n del propio hotel, donde entre otros tambi\u00e9n estuvieron presentes el intendente municipal, licenciado Gustavo Trankels; el rector de la UPSO, Hern\u00e1n Vigier; la ministra de Gobierno, Cristina Alvarez Rodr\u00edguez; el titular de Arba, Iv\u00e1n Budassi; el secretario de Turismo, Ignacio Crotto; el presidente del Spar, Juan Mar\u00eda Vi\u00f1ales; el representante de la firma concesionaria del lugar, Luigi Tasi; el los legisladores Ricardo Moccero y Marisol Merquel; el vicepresidente del Banco Naci\u00f3n, Alejandro Acerbo; y otros nueve jefes comunales de la regi\u00f3n.<\/p>\n<p>Durante el transcurso del mismo, Vigier present\u00f3 la mencionada carrera universitaria, que comenzar\u00e1 a dictarse en nuestro distrito a partir de marzo, describi\u00f3 el crecimiento experimentado por la casa de altos estudios en sus 15 a\u00f1os de existencia, recalc\u00f3 que poseen m\u00e1s de 3 mil alumnos y le obsequi\u00f3 al gobernador una copa de cristal y las llaves simb\u00f3licas de la universidad.<\/p>\n<p>Adem\u00e1s, Scioli le entreg\u00f3 una importante orden de compra al Club Atl\u00e9tico Ventana, destinada a la adquisici\u00f3n de materiales para el gimnasio techado que se est\u00e1 construyendo en la sede social. Recibi\u00f3 el presidente de la entidad, doctor Gustavo D\u00edaz, quien respondi\u00f3 con el regalo de una camiseta del equipo de f\u00fatbol.<\/p>\n<p>Tambi\u00e9n se firm\u00f3 un convenio entre la Cooperativa El\u00e9ctrica de Saldungaray, el intendente Trankels y Vi\u00f1ales para la realizaci\u00f3n de una nueva perforaci\u00f3n para el servicio de agua potable de la localidad, en tanto que el gobernador le entreg\u00f3 al intendente el contrato de concesi\u00f3n del servicio de agua potable.<\/p>\n<p>\u201cDaniel nos acompa\u00f1\u00f3 y cumpli\u00f3 su palabra siempre en todas las localidades del distrito, como cuando no ten\u00edamos agua en Villa Ventana y nos puso a disposici\u00f3n un gran equipo encabezado por Juan Vi\u00f1ales. Ahora tenemos la respuesta de un gobierno provincial \u00e1gil al planteo de la Cooperativa El\u00e9ctrica de Saldungaray, para la realizaci\u00f3n de otra perforaci\u00f3n\u201d, explic\u00f3 el intendente y extendi\u00f3 el agradecimiento al apoyo brindado al Club Ventana.<\/p>\n<p>\u201cEstuvimos recorriendo una obra de la cual se viene hablando desde hace m\u00e1s de 32 a\u00f1os: la planta de efluentes l\u00edquidos cloacales. Pasaron todos esos a\u00f1os, muchos gobernadores, much\u00edsimas gestiones y fue Daniel Scioli el que entendi\u00f3 la importancia que ten\u00eda, no s\u00f3lo para el desarrollo tur\u00edstico, sino para poder crecer en armon\u00eda con el medioambiente y de manera segura. Es la obra m\u00e1s grande en la historia del distrito. Muchas gracias Daniel por esta acci\u00f3n que cambiar\u00e1 la vida de nuestros vecinos\u201d, explic\u00f3.<\/p>\n<p>Trankels resalt\u00f3 la espectacular actualidad del Hotel Provincial, destac\u00f3 el trabajo de la UPSO y la importancia de contar con la nueva carrera, y anunci\u00f3 que la directora general de Escuelas, Nora De Luc\u00eda, le comunic\u00f3 que a partir de la decisi\u00f3n del gobernador se implementar\u00e1 la doble jornada en la Escuela N\u00b0 2 de Saldungaray.<\/p>\n<p>\u201cGracias Gustavo por repasar juntos lo que hemos avanzado en estos a\u00f1os. Siempre tratamos de llegar con soluciones y cambios. No solamente sos un gran intendente, sino tambi\u00e9n una persona reconocida por su calidad humana\u201d, manifest\u00f3 Scioli.<\/p>\n<p>\u201cSon muy importantes las acciones que estamos llevando adelante que tienen que ver con la vinculaci\u00f3n de los perfiles productivos de cada lugar y la necesidad de formaci\u00f3n de recursos humanos para que los j\u00f3venes se puedan acercar al primer empleo\u201d, expres\u00f3 y rescat\u00f3 que cuando tom\u00f3 la Provincia \u201cs\u00f3lo el 42 por ciento de la poblaci\u00f3n ten\u00eda cloacas y hoy estamos arribando al 75%\u201d.<\/p>\n<p>\u201cTenemos que tener bien abiertos los ojos de los que buscan juntarse s\u00f3lo para estar en \u2018contra de\u2019 y yo quiero siempre estar a \u2018favor de\u2019: el empleo, la inclusi\u00f3n social, del desarrollo de las econom\u00edas regionales, de los jubilados, de seguir adelante con este gran cap\u00edtulo que se puede venir en el pa\u00eds, que es el del desarrollo, con a\u00f1os de recuperaci\u00f3n y crecimiento, y una provincia que es el fiel reflejo de estas pol\u00edticas nacionales que tienen un impacto positivo, que pueden llegar a cada pueblo\u201d, afirm\u00f3.<\/p>\n<p>En el transcurso del acto, se entregaron certificados para Diplomados en Asuntos Municipales y el intendente le regal\u00f3 a Scioli una caja de la Fiesta Provincial de la Vendimia, con copas y dos vinos de las bodegas del distrito, como parte de la promoci\u00f3n de la Fiesta Provincial de la Vendimia, que se realizar\u00e1 el s\u00e1bado 21 y el domingo 22 de marzo.<\/p>\n<p>La visita de Scioli hab\u00eda comenzado con una recorrida por la construcci\u00f3n del sistema de red cloacal de Sierra de la Ventana, que se ejecuta con presupuesto provincial, y una breve visita a comercios del centro de la localidad.<\/p>\n<p>La jornada finaliz\u00f3 con una reuni\u00f3n que se extendi\u00f3 por m\u00e1s de una hora y de la cual participaron intendentes, legisladores y\u00a0 funcionarios provinciales.<\/p>\n<p>&nbsp;<\/p>\n<p>&nbsp;<\/p>\n","protected":false},"excerpt":{"rendered":"<p>httpv:\/\/www.youtube.com\/watch?v=YytzOCOqqNU httpv:\/\/www.youtube.com\/watch?v=j3uYwrNEbZU httpv:\/\/www.youtube.com\/watch?v=Ue0Y5CO6x2g httpv:\/\/www.youtube.com\/watch?v=DwFUNLOvpww Con el lanzamiento de la carrera de Gu\u00eda Universitario de Turismo que la Universidad Provincial del Sudoeste (UPSO) dictar\u00e1 en nuestro distrito y la celebraci\u00f3n del primer aniversario de la reinuaguraci\u00f3n del Hotel Provincial como principales actividades, el gobernador de la Provincia de Buenos Aires, Daniel Scioli, visit\u00f3 la localidad de [&hellip;]<\/p>\n","protected":false},"author":1,"featured_media":0,"comment_status":"closed","ping_status":"open","sticky":false,"template":"","format":"standard","meta":{"footnotes":""},"categories":[51,52,53,64],"tags":[],"class_list":["post-26875","post","type-post","status-publish","format-standard","hentry","category-comunidad","category-destacadas","category-politica","category-videos-destacados"],"yoast_head":"<!-- This site is optimized with the Yoast SEO plugin v19.7.1 - https:\/\/yoast.com\/wordpress\/plugins\/seo\/ -->\n<title>DANIEL SCIOLI DEJ\u00d3 SU IMPRONTA EN SIERRA DE LA VENTANA (im\u00e1genes) - CELTTV<\/title>\n<meta name=\"description\" content=\"Sitio web de noticias de la localidad de Tornquist, provincia de Buenos Aires, Rep\u00fablica Argentina. Contenido propio originado por periodistas de CELTTV, el canal de TV local de la Cooperativa El\u00e9ctrica de Tornquist. Turismo, Pol\u00edtica, Sociedad, Deporte, Cultura y todo el contenido de inter\u00e9s general que la gente del pueblo y la regi\u00f3n debe conocer.\" \/>\n<meta name=\"robots\" content=\"index, follow, max-snippet:-1, max-image-preview:large, max-video-preview:-1\" \/>\n<link rel=\"canonical\" href=\"https:\/\/www.celttv.com.ar\/index.php\/2015\/02\/24\/daniel-scioli-dejo-su-impronta-en-sierra-de-la-ventana-imagenes\/\" \/>\n<meta property=\"og:locale\" content=\"es_ES\" \/>\n<meta property=\"og:type\" content=\"article\" \/>\n<meta property=\"og:title\" content=\"DANIEL SCIOLI DEJ\u00d3 SU IMPRONTA EN SIERRA DE LA VENTANA (im\u00e1genes) - CELTTV\" \/>\n<meta property=\"og:description\" content=\"Sitio web de noticias de la localidad de Tornquist, provincia de Buenos Aires, Rep\u00fablica Argentina. Contenido propio originado por periodistas de CELTTV, el canal de TV local de la Cooperativa El\u00e9ctrica de Tornquist. Turismo, Pol\u00edtica, Sociedad, Deporte, Cultura y todo el contenido de inter\u00e9s general que la gente del pueblo y la regi\u00f3n debe conocer.\" \/>\n<meta property=\"og:url\" content=\"https:\/\/www.celttv.com.ar\/index.php\/2015\/02\/24\/daniel-scioli-dejo-su-impronta-en-sierra-de-la-ventana-imagenes\/\" \/>\n<meta property=\"og:site_name\" content=\"CELTTV\" \/>\n<meta property=\"article:publisher\" content=\"https:\/\/www.facebook.com\/celtTV\/\" \/>\n<meta property=\"article:published_time\" content=\"2015-02-24T19:25:25+00:00\" \/>\n<meta name=\"author\" content=\"ulises\" \/>\n<meta name=\"twitter:card\" content=\"summary_large_image\" \/>\n<meta name=\"twitter:label1\" content=\"Escrito por\" \/>\n\t<meta name=\"twitter:data1\" content=\"ulises\" \/>\n\t<meta name=\"twitter:label2\" content=\"Tiempo de lectura\" \/>\n\t<meta name=\"twitter:data2\" content=\"5 minutos\" \/>\n<script type=\"application\/ld+json\" class=\"yoast-schema-graph\">{\"@context\":\"https:\/\/schema.org\",\"@graph\":[{\"@type\":\"NewsArticle\",\"@id\":\"https:\/\/www.celttv.com.ar\/index.php\/2015\/02\/24\/daniel-scioli-dejo-su-impronta-en-sierra-de-la-ventana-imagenes\/#article\",\"isPartOf\":{\"@id\":\"https:\/\/www.celttv.com.ar\/index.php\/2015\/02\/24\/daniel-scioli-dejo-su-impronta-en-sierra-de-la-ventana-imagenes\/\"},\"author\":{\"name\":\"ulises\",\"@id\":\"https:\/\/www.celttv.com.ar\/#\/schema\/person\/6d99c072dba59953809c81446e9d0ace\"},\"headline\":\"DANIEL SCIOLI DEJ\u00d3 SU IMPRONTA EN SIERRA DE LA VENTANA (im\u00e1genes)\",\"datePublished\":\"2015-02-24T19:25:25+00:00\",\"dateModified\":\"2015-02-24T19:25:25+00:00\",\"mainEntityOfPage\":{\"@id\":\"https:\/\/www.celttv.com.ar\/index.php\/2015\/02\/24\/daniel-scioli-dejo-su-impronta-en-sierra-de-la-ventana-imagenes\/\"},\"wordCount\":948,\"publisher\":{\"@id\":\"https:\/\/www.celttv.com.ar\/#organization\"},\"articleSection\":[\"Comunidad\",\"Destacadas\",\"Pol\u00edtica\",\"Videos Destacados\"],\"inLanguage\":\"es\"},{\"@type\":\"WebPage\",\"@id\":\"https:\/\/www.celttv.com.ar\/index.php\/2015\/02\/24\/daniel-scioli-dejo-su-impronta-en-sierra-de-la-ventana-imagenes\/\",\"url\":\"https:\/\/www.celttv.com.ar\/index.php\/2015\/02\/24\/daniel-scioli-dejo-su-impronta-en-sierra-de-la-ventana-imagenes\/\",\"name\":\"DANIEL SCIOLI DEJ\u00d3 SU IMPRONTA EN SIERRA DE LA VENTANA (im\u00e1genes) - CELTTV\",\"isPartOf\":{\"@id\":\"https:\/\/www.celttv.com.ar\/#website\"},\"datePublished\":\"2015-02-24T19:25:25+00:00\",\"dateModified\":\"2015-02-24T19:25:25+00:00\",\"description\":\"Sitio web de noticias de la localidad de Tornquist, provincia de Buenos Aires, Rep\u00fablica Argentina. Contenido propio originado por periodistas de CELTTV, el canal de TV local de la Cooperativa El\u00e9ctrica de Tornquist. Turismo, Pol\u00edtica, Sociedad, Deporte, Cultura y todo el contenido de inter\u00e9s general que la gente del pueblo y la regi\u00f3n debe conocer.\",\"breadcrumb\":{\"@id\":\"https:\/\/www.celttv.com.ar\/index.php\/2015\/02\/24\/daniel-scioli-dejo-su-impronta-en-sierra-de-la-ventana-imagenes\/#breadcrumb\"},\"inLanguage\":\"es\",\"potentialAction\":[{\"@type\":\"ReadAction\",\"target\":[\"https:\/\/www.celttv.com.ar\/index.php\/2015\/02\/24\/daniel-scioli-dejo-su-impronta-en-sierra-de-la-ventana-imagenes\/\"]}]},{\"@type\":\"BreadcrumbList\",\"@id\":\"https:\/\/www.celttv.com.ar\/index.php\/2015\/02\/24\/daniel-scioli-dejo-su-impronta-en-sierra-de-la-ventana-imagenes\/#breadcrumb\",\"itemListElement\":[{\"@type\":\"ListItem\",\"position\":1,\"name\":\"Inicio\",\"item\":\"https:\/\/www.celttv.com.ar\/\"},{\"@type\":\"ListItem\",\"position\":2,\"name\":\"DANIEL SCIOLI DEJ\u00d3 SU IMPRONTA EN SIERRA DE LA VENTANA (im\u00e1genes)\"}]},{\"@type\":\"WebSite\",\"@id\":\"https:\/\/www.celttv.com.ar\/#website\",\"url\":\"https:\/\/www.celttv.com.ar\/\",\"name\":\"CELTTV\",\"description\":\"Cooperativa El\u00e9ctrica de Tornquist\",\"publisher\":{\"@id\":\"https:\/\/www.celttv.com.ar\/#organization\"},\"potentialAction\":[{\"@type\":\"SearchAction\",\"target\":{\"@type\":\"EntryPoint\",\"urlTemplate\":\"https:\/\/www.celttv.com.ar\/?s={search_term_string}\"},\"query-input\":\"required name=search_term_string\"}],\"inLanguage\":\"es\"},{\"@type\":\"Organization\",\"@id\":\"https:\/\/www.celttv.com.ar\/#organization\",\"name\":\"CELTTV\",\"url\":\"https:\/\/www.celttv.com.ar\/\",\"sameAs\":[\"https:\/\/www.youtube.com\/channel\/UCz_oIt8Hig64Ub-EmcNPIhg\",\"https:\/\/www.facebook.com\/celtTV\/\"],\"logo\":{\"@type\":\"ImageObject\",\"inLanguage\":\"es\",\"@id\":\"https:\/\/www.celttv.com.ar\/#\/schema\/logo\/image\/\",\"url\":\"http:\/\/www.celttv.com.ar\/wp-content\/uploads\/2022\/08\/logo-1.png\",\"contentUrl\":\"http:\/\/www.celttv.com.ar\/wp-content\/uploads\/2022\/08\/logo-1.png\",\"width\":461,\"height\":159,\"caption\":\"CELTTV\"},\"image\":{\"@id\":\"https:\/\/www.celttv.com.ar\/#\/schema\/logo\/image\/\"}},{\"@type\":\"Person\",\"@id\":\"https:\/\/www.celttv.com.ar\/#\/schema\/person\/6d99c072dba59953809c81446e9d0ace\",\"name\":\"ulises\",\"image\":{\"@type\":\"ImageObject\",\"inLanguage\":\"es\",\"@id\":\"https:\/\/www.celttv.com.ar\/#\/schema\/person\/image\/\",\"url\":\"https:\/\/secure.gravatar.com\/avatar\/7f2c48bdc33b30088f941fb6082e555f2874c98e20cb159d7b92b50eadfce793?s=96&d=mm&r=g\",\"contentUrl\":\"https:\/\/secure.gravatar.com\/avatar\/7f2c48bdc33b30088f941fb6082e555f2874c98e20cb159d7b92b50eadfce793?s=96&d=mm&r=g\",\"caption\":\"ulises\"},\"sameAs\":[\"http:\/\/www.celttv.com.ar\"]}]}<\/script>\n<!-- \/ Yoast SEO plugin. -->","yoast_head_json":{"title":"DANIEL SCIOLI DEJ\u00d3 SU IMPRONTA EN SIERRA DE LA VENTANA (im\u00e1genes) - CELTTV","description":"Sitio web de noticias de la localidad de Tornquist, provincia de Buenos Aires, Rep\u00fablica Argentina. Contenido propio originado por periodistas de CELTTV, el canal de TV local de la Cooperativa El\u00e9ctrica de Tornquist. Turismo, Pol\u00edtica, Sociedad, Deporte, Cultura y todo el contenido de inter\u00e9s general que la gente del pueblo y la regi\u00f3n debe conocer.","robots":{"index":"index","follow":"follow","max-snippet":"max-snippet:-1","max-image-preview":"max-image-preview:large","max-video-preview":"max-video-preview:-1"},"canonical":"https:\/\/www.celttv.com.ar\/index.php\/2015\/02\/24\/daniel-scioli-dejo-su-impronta-en-sierra-de-la-ventana-imagenes\/","og_locale":"es_ES","og_type":"article","og_title":"DANIEL SCIOLI DEJ\u00d3 SU IMPRONTA EN SIERRA DE LA VENTANA (im\u00e1genes) - CELTTV","og_description":"Sitio web de noticias de la localidad de Tornquist, provincia de Buenos Aires, Rep\u00fablica Argentina. Contenido propio originado por periodistas de CELTTV, el canal de TV local de la Cooperativa El\u00e9ctrica de Tornquist. Turismo, Pol\u00edtica, Sociedad, Deporte, Cultura y todo el contenido de inter\u00e9s general que la gente del pueblo y la regi\u00f3n debe conocer.","og_url":"https:\/\/www.celttv.com.ar\/index.php\/2015\/02\/24\/daniel-scioli-dejo-su-impronta-en-sierra-de-la-ventana-imagenes\/","og_site_name":"CELTTV","article_publisher":"https:\/\/www.facebook.com\/celtTV\/","article_published_time":"2015-02-24T19:25:25+00:00","author":"ulises","twitter_card":"summary_large_image","twitter_misc":{"Escrito por":"ulises","Tiempo de lectura":"5 minutos"},"schema":{"@context":"https:\/\/schema.org","@graph":[{"@type":"NewsArticle","@id":"https:\/\/www.celttv.com.ar\/index.php\/2015\/02\/24\/daniel-scioli-dejo-su-impronta-en-sierra-de-la-ventana-imagenes\/#article","isPartOf":{"@id":"https:\/\/www.celttv.com.ar\/index.php\/2015\/02\/24\/daniel-scioli-dejo-su-impronta-en-sierra-de-la-ventana-imagenes\/"},"author":{"name":"ulises","@id":"https:\/\/www.celttv.com.ar\/#\/schema\/person\/6d99c072dba59953809c81446e9d0ace"},"headline":"DANIEL SCIOLI DEJ\u00d3 SU IMPRONTA EN SIERRA DE LA VENTANA (im\u00e1genes)","datePublished":"2015-02-24T19:25:25+00:00","dateModified":"2015-02-24T19:25:25+00:00","mainEntityOfPage":{"@id":"https:\/\/www.celttv.com.ar\/index.php\/2015\/02\/24\/daniel-scioli-dejo-su-impronta-en-sierra-de-la-ventana-imagenes\/"},"wordCount":948,"publisher":{"@id":"https:\/\/www.celttv.com.ar\/#organization"},"articleSection":["Comunidad","Destacadas","Pol\u00edtica","Videos Destacados"],"inLanguage":"es"},{"@type":"WebPage","@id":"https:\/\/www.celttv.com.ar\/index.php\/2015\/02\/24\/daniel-scioli-dejo-su-impronta-en-sierra-de-la-ventana-imagenes\/","url":"https:\/\/www.celttv.com.ar\/index.php\/2015\/02\/24\/daniel-scioli-dejo-su-impronta-en-sierra-de-la-ventana-imagenes\/","name":"DANIEL SCIOLI DEJ\u00d3 SU IMPRONTA EN SIERRA DE LA VENTANA (im\u00e1genes) - CELTTV","isPartOf":{"@id":"https:\/\/www.celttv.com.ar\/#website"},"datePublished":"2015-02-24T19:25:25+00:00","dateModified":"2015-02-24T19:25:25+00:00","description":"Sitio web de noticias de la localidad de Tornquist, provincia de Buenos Aires, Rep\u00fablica Argentina. Contenido propio originado por periodistas de CELTTV, el canal de TV local de la Cooperativa El\u00e9ctrica de Tornquist. Turismo, Pol\u00edtica, Sociedad, Deporte, Cultura y todo el contenido de inter\u00e9s general que la gente del pueblo y la regi\u00f3n debe conocer.","breadcrumb":{"@id":"https:\/\/www.celttv.com.ar\/index.php\/2015\/02\/24\/daniel-scioli-dejo-su-impronta-en-sierra-de-la-ventana-imagenes\/#breadcrumb"},"inLanguage":"es","potentialAction":[{"@type":"ReadAction","target":["https:\/\/www.celttv.com.ar\/index.php\/2015\/02\/24\/daniel-scioli-dejo-su-impronta-en-sierra-de-la-ventana-imagenes\/"]}]},{"@type":"BreadcrumbList","@id":"https:\/\/www.celttv.com.ar\/index.php\/2015\/02\/24\/daniel-scioli-dejo-su-impronta-en-sierra-de-la-ventana-imagenes\/#breadcrumb","itemListElement":[{"@type":"ListItem","position":1,"name":"Inicio","item":"https:\/\/www.celttv.com.ar\/"},{"@type":"ListItem","position":2,"name":"DANIEL SCIOLI DEJ\u00d3 SU IMPRONTA EN SIERRA DE LA VENTANA (im\u00e1genes)"}]},{"@type":"WebSite","@id":"https:\/\/www.celttv.com.ar\/#website","url":"https:\/\/www.celttv.com.ar\/","name":"CELTTV","description":"Cooperativa El\u00e9ctrica de Tornquist","publisher":{"@id":"https:\/\/www.celttv.com.ar\/#organization"},"potentialAction":[{"@type":"SearchAction","target":{"@type":"EntryPoint","urlTemplate":"https:\/\/www.celttv.com.ar\/?s={search_term_string}"},"query-input":"required name=search_term_string"}],"inLanguage":"es"},{"@type":"Organization","@id":"https:\/\/www.celttv.com.ar\/#organization","name":"CELTTV","url":"https:\/\/www.celttv.com.ar\/","sameAs":["https:\/\/www.youtube.com\/channel\/UCz_oIt8Hig64Ub-EmcNPIhg","https:\/\/www.facebook.com\/celtTV\/"],"logo":{"@type":"ImageObject","inLanguage":"es","@id":"https:\/\/www.celttv.com.ar\/#\/schema\/logo\/image\/","url":"http:\/\/www.celttv.com.ar\/wp-content\/uploads\/2022\/08\/logo-1.png","contentUrl":"http:\/\/www.celttv.com.ar\/wp-content\/uploads\/2022\/08\/logo-1.png","width":461,"height":159,"caption":"CELTTV"},"image":{"@id":"https:\/\/www.celttv.com.ar\/#\/schema\/logo\/image\/"}},{"@type":"Person","@id":"https:\/\/www.celttv.com.ar\/#\/schema\/person\/6d99c072dba59953809c81446e9d0ace","name":"ulises","image":{"@type":"ImageObject","inLanguage":"es","@id":"https:\/\/www.celttv.com.ar\/#\/schema\/person\/image\/","url":"https:\/\/secure.gravatar.com\/avatar\/7f2c48bdc33b30088f941fb6082e555f2874c98e20cb159d7b92b50eadfce793?s=96&d=mm&r=g","contentUrl":"https:\/\/secure.gravatar.com\/avatar\/7f2c48bdc33b30088f941fb6082e555f2874c98e20cb159d7b92b50eadfce793?s=96&d=mm&r=g","caption":"ulises"},"sameAs":["http:\/\/www.celttv.com.ar"]}]}},"_links":{"self":[{"href":"https:\/\/www.celttv.com.ar\/index.php\/wp-json\/wp\/v2\/posts\/26875","targetHints":{"allow":["GET"]}}],"collection":[{"href":"https:\/\/www.celttv.com.ar\/index.php\/wp-json\/wp\/v2\/posts"}],"about":[{"href":"https:\/\/www.celttv.com.ar\/index.php\/wp-json\/wp\/v2\/types\/post"}],"author":[{"embeddable":true,"href":"https:\/\/www.celttv.com.ar\/index.php\/wp-json\/wp\/v2\/users\/1"}],"replies":[{"embeddable":true,"href":"https:\/\/www.celttv.com.ar\/index.php\/wp-json\/wp\/v2\/comments?post=26875"}],"version-history":[{"count":0,"href":"https:\/\/www.celttv.com.ar\/index.php\/wp-json\/wp\/v2\/posts\/26875\/revisions"}],"wp:attachment":[{"href":"https:\/\/www.celttv.com.ar\/index.php\/wp-json\/wp\/v2\/media?parent=26875"}],"wp:term":[{"taxonomy":"category","embeddable":true,"href":"https:\/\/www.celttv.com.ar\/index.php\/wp-json\/wp\/v2\/categories?post=26875"},{"taxonomy":"post_tag","embeddable":true,"href":"https:\/\/www.celttv.com.ar\/index.php\/wp-json\/wp\/v2\/tags?post=26875"}],"curies":[{"name":"wp","href":"https:\/\/api.w.org\/{rel}","templated":true}]}}