{"id":26907,"date":"2015-02-26T13:40:01","date_gmt":"2015-02-26T13:40:01","guid":{"rendered":"http:\/\/www.tvcnoticias.com.ar\/?p=26907"},"modified":"2015-02-26T13:40:01","modified_gmt":"2015-02-26T13:40:01","slug":"comienza-la-actividad-del-semillero-verde","status":"publish","type":"post","link":"https:\/\/www.celttv.com.ar\/index.php\/2015\/02\/26\/comienza-la-actividad-del-semillero-verde\/","title":{"rendered":"COMIENZA LA ACTIVIDAD DEL SEMILLERO VERDE"},"content":{"rendered":"<p><a rel=\"attachment wp-att-26909\" href=\"http:\/\/www.tvcnoticias.com.ar\/?attachment_id=26909\"><img loading=\"lazy\" decoding=\"async\" class=\"aligncenter size-medium wp-image-26909\" title=\"escudo union\" src=\"http:\/\/www.tvcnoticias.com.ar\/wp-content\/uploads\/2015\/02\/escudo-union1-368x450.jpg\" alt=\"\" width=\"368\" height=\"450\" \/><\/a><\/p>\n<p>El martes 10 de marzo comenzar\u00e1 el Ciclo 2015 de la Escuelita de F\u00fatbol del Club Uni\u00f3n, &#8220;Semillero Verde&#8221;, con una gran cantidad de actividades previstas para este a\u00f1o.<\/p>\n<p>&nbsp;<\/p>\n<p>Bajo la coordinaci\u00f3n de Pablo Romano, se suman al staff de profesores Facundo Mart\u00ednez, quien el a\u00f1o pasado se desempe\u00f1\u00f3 como entrenador de las divisiones Octava y S\u00e9ptima, y Emanuel Gaiser, que viene de trabajar en la escuelita del Club La Armon\u00eda de Bah\u00eda Blanca.<\/p>\n<p>&nbsp;<\/p>\n<p>Adem\u00e1s, continuar\u00e1 Lautaro Vittori, mientras que el profe Leandro Aguirre no seguir\u00e1, ya que por cuestiones laborales se radic\u00f3 en Puerto Madryn.<\/p>\n<p>&nbsp;<\/p>\n<p>De esta manera, los d\u00edas y horarios de clases quedaron definidos de la siguiente manera:<\/p>\n<table border=\"1\" cellspacing=\"0\" cellpadding=\"0\" width=\"629\">\n<tbody>\n<tr>\n<td width=\"102\">Categor\u00edas<\/td>\n<td width=\"157\">D\u00edas<\/td>\n<td width=\"114\">Horarios<\/td>\n<td width=\"130\">Lugar<\/td>\n<td width=\"142\">Profesor\/es<\/td>\n<\/tr>\n<tr>\n<td width=\"102\">2004 y 2005<\/td>\n<td width=\"157\">Lunes y jueves<\/td>\n<td width=\"114\">17:30 a 19:00<\/td>\n<td width=\"130\">C\u00e9sped sint\u00e9tico<\/td>\n<td width=\"142\">Mart\u00ednez Facundo<\/td>\n<\/tr>\n<tr>\n<td width=\"102\">2006 y 2007<\/td>\n<td width=\"157\">Martes y jueves<\/td>\n<td width=\"114\">18:00 a 19:30<\/td>\n<td width=\"130\">Gimnasio\/sint\u00e9tico<\/td>\n<td width=\"142\">Gaiser Emanuel<\/td>\n<\/tr>\n<tr>\n<td width=\"102\">2008 y 2009<\/td>\n<td width=\"157\">Lunes y mi\u00e9rcoles<\/td>\n<td width=\"114\">18:00 a 19:00<\/td>\n<td width=\"130\">Gimnasio<\/td>\n<td width=\"142\">Vittori. L\/Romano.P<\/td>\n<\/tr>\n<tr>\n<td width=\"102\">2010 y 2011<\/td>\n<td width=\"157\">Lunes y mi\u00e9rcoles<\/td>\n<td width=\"114\">17:30 a 18:00<\/td>\n<td width=\"130\">Gimnasio<\/td>\n<td width=\"142\">Romano. P\/ Vittori.L<\/td>\n<\/tr>\n<\/tbody>\n<\/table>\n<p><strong><em><br \/>\n<\/em><\/strong><\/p>\n<p><strong><em>Prensa y Difusi\u00f3n \u2013 Club Uni\u00f3n<\/em><\/strong><\/p>\n<p><a href=\"http:\/\/webmail.celt.com.ar\/horde\/services\/go.php?url=http%3A%2F%2Fwww.uniondetornquist.com\" target=\"_blank\" rel=\"noopener\">www.uniondetornquist.com<\/a><\/p>\n<p>&nbsp;<\/p>\n","protected":false},"excerpt":{"rendered":"<p>El martes 10 de marzo comenzar\u00e1 el Ciclo 2015 de la Escuelita de F\u00fatbol del Club Uni\u00f3n, &#8220;Semillero Verde&#8221;, con una gran cantidad de actividades previstas para este a\u00f1o. &nbsp; Bajo la coordinaci\u00f3n de Pablo Romano, se suman al staff de profesores Facundo Mart\u00ednez, quien el a\u00f1o pasado se desempe\u00f1\u00f3 como entrenador de las divisiones [&hellip;]<\/p>\n","protected":false},"author":1,"featured_media":0,"comment_status":"closed","ping_status":"open","sticky":false,"template":"","format":"standard","meta":{"footnotes":""},"categories":[51,60,52],"tags":[],"class_list":["post-26907","post","type-post","status-publish","format-standard","hentry","category-comunidad","category-deporte","category-destacadas"],"yoast_head":"<!-- This site is optimized with the Yoast SEO plugin v19.7.1 - https:\/\/yoast.com\/wordpress\/plugins\/seo\/ -->\n<title>COMIENZA LA ACTIVIDAD DEL SEMILLERO VERDE - CELTTV<\/title>\n<meta name=\"description\" content=\"Sitio web de noticias de la localidad de Tornquist, provincia de Buenos Aires, Rep\u00fablica Argentina. Contenido propio originado por periodistas de CELTTV, el canal de TV local de la Cooperativa El\u00e9ctrica de Tornquist. Turismo, Pol\u00edtica, Sociedad, Deporte, Cultura y todo el contenido de inter\u00e9s general que la gente del pueblo y la regi\u00f3n debe conocer.\" \/>\n<meta name=\"robots\" content=\"index, follow, max-snippet:-1, max-image-preview:large, max-video-preview:-1\" \/>\n<link rel=\"canonical\" href=\"https:\/\/www.celttv.com.ar\/index.php\/2015\/02\/26\/comienza-la-actividad-del-semillero-verde\/\" \/>\n<meta property=\"og:locale\" content=\"es_ES\" \/>\n<meta property=\"og:type\" content=\"article\" \/>\n<meta property=\"og:title\" content=\"COMIENZA LA ACTIVIDAD DEL SEMILLERO VERDE - CELTTV\" \/>\n<meta property=\"og:description\" content=\"Sitio web de noticias de la localidad de Tornquist, provincia de Buenos Aires, Rep\u00fablica Argentina. Contenido propio originado por periodistas de CELTTV, el canal de TV local de la Cooperativa El\u00e9ctrica de Tornquist. Turismo, Pol\u00edtica, Sociedad, Deporte, Cultura y todo el contenido de inter\u00e9s general que la gente del pueblo y la regi\u00f3n debe conocer.\" \/>\n<meta property=\"og:url\" content=\"https:\/\/www.celttv.com.ar\/index.php\/2015\/02\/26\/comienza-la-actividad-del-semillero-verde\/\" \/>\n<meta property=\"og:site_name\" content=\"CELTTV\" \/>\n<meta property=\"article:publisher\" content=\"https:\/\/www.facebook.com\/celtTV\/\" \/>\n<meta property=\"article:published_time\" content=\"2015-02-26T13:40:01+00:00\" \/>\n<meta property=\"og:image\" content=\"http:\/\/www.tvcnoticias.com.ar\/wp-content\/uploads\/2015\/02\/escudo-union1-368x450.jpg\" \/>\n<meta name=\"author\" content=\"ulises\" \/>\n<meta name=\"twitter:card\" content=\"summary_large_image\" \/>\n<meta name=\"twitter:label1\" content=\"Escrito por\" \/>\n\t<meta name=\"twitter:data1\" content=\"ulises\" \/>\n\t<meta name=\"twitter:label2\" content=\"Tiempo de lectura\" \/>\n\t<meta name=\"twitter:data2\" content=\"1 minuto\" \/>\n<script type=\"application\/ld+json\" class=\"yoast-schema-graph\">{\"@context\":\"https:\/\/schema.org\",\"@graph\":[{\"@type\":\"NewsArticle\",\"@id\":\"https:\/\/www.celttv.com.ar\/index.php\/2015\/02\/26\/comienza-la-actividad-del-semillero-verde\/#article\",\"isPartOf\":{\"@id\":\"https:\/\/www.celttv.com.ar\/index.php\/2015\/02\/26\/comienza-la-actividad-del-semillero-verde\/\"},\"author\":{\"name\":\"ulises\",\"@id\":\"https:\/\/www.celttv.com.ar\/#\/schema\/person\/6d99c072dba59953809c81446e9d0ace\"},\"headline\":\"COMIENZA LA ACTIVIDAD DEL SEMILLERO VERDE\",\"datePublished\":\"2015-02-26T13:40:01+00:00\",\"dateModified\":\"2015-02-26T13:40:01+00:00\",\"mainEntityOfPage\":{\"@id\":\"https:\/\/www.celttv.com.ar\/index.php\/2015\/02\/26\/comienza-la-actividad-del-semillero-verde\/\"},\"wordCount\":192,\"publisher\":{\"@id\":\"https:\/\/www.celttv.com.ar\/#organization\"},\"articleSection\":[\"Comunidad\",\"Deporte\",\"Destacadas\"],\"inLanguage\":\"es\"},{\"@type\":\"WebPage\",\"@id\":\"https:\/\/www.celttv.com.ar\/index.php\/2015\/02\/26\/comienza-la-actividad-del-semillero-verde\/\",\"url\":\"https:\/\/www.celttv.com.ar\/index.php\/2015\/02\/26\/comienza-la-actividad-del-semillero-verde\/\",\"name\":\"COMIENZA LA ACTIVIDAD DEL SEMILLERO VERDE - CELTTV\",\"isPartOf\":{\"@id\":\"https:\/\/www.celttv.com.ar\/#website\"},\"datePublished\":\"2015-02-26T13:40:01+00:00\",\"dateModified\":\"2015-02-26T13:40:01+00:00\",\"description\":\"Sitio web de noticias de la localidad de Tornquist, provincia de Buenos Aires, Rep\u00fablica Argentina. Contenido propio originado por periodistas de CELTTV, el canal de TV local de la Cooperativa El\u00e9ctrica de Tornquist. Turismo, Pol\u00edtica, Sociedad, Deporte, Cultura y todo el contenido de inter\u00e9s general que la gente del pueblo y la regi\u00f3n debe conocer.\",\"breadcrumb\":{\"@id\":\"https:\/\/www.celttv.com.ar\/index.php\/2015\/02\/26\/comienza-la-actividad-del-semillero-verde\/#breadcrumb\"},\"inLanguage\":\"es\",\"potentialAction\":[{\"@type\":\"ReadAction\",\"target\":[\"https:\/\/www.celttv.com.ar\/index.php\/2015\/02\/26\/comienza-la-actividad-del-semillero-verde\/\"]}]},{\"@type\":\"BreadcrumbList\",\"@id\":\"https:\/\/www.celttv.com.ar\/index.php\/2015\/02\/26\/comienza-la-actividad-del-semillero-verde\/#breadcrumb\",\"itemListElement\":[{\"@type\":\"ListItem\",\"position\":1,\"name\":\"Inicio\",\"item\":\"https:\/\/www.celttv.com.ar\/\"},{\"@type\":\"ListItem\",\"position\":2,\"name\":\"COMIENZA LA ACTIVIDAD DEL SEMILLERO VERDE\"}]},{\"@type\":\"WebSite\",\"@id\":\"https:\/\/www.celttv.com.ar\/#website\",\"url\":\"https:\/\/www.celttv.com.ar\/\",\"name\":\"CELTTV\",\"description\":\"Cooperativa El\u00e9ctrica de Tornquist\",\"publisher\":{\"@id\":\"https:\/\/www.celttv.com.ar\/#organization\"},\"potentialAction\":[{\"@type\":\"SearchAction\",\"target\":{\"@type\":\"EntryPoint\",\"urlTemplate\":\"https:\/\/www.celttv.com.ar\/?s={search_term_string}\"},\"query-input\":\"required name=search_term_string\"}],\"inLanguage\":\"es\"},{\"@type\":\"Organization\",\"@id\":\"https:\/\/www.celttv.com.ar\/#organization\",\"name\":\"CELTTV\",\"url\":\"https:\/\/www.celttv.com.ar\/\",\"sameAs\":[\"https:\/\/www.youtube.com\/channel\/UCz_oIt8Hig64Ub-EmcNPIhg\",\"https:\/\/www.facebook.com\/celtTV\/\"],\"logo\":{\"@type\":\"ImageObject\",\"inLanguage\":\"es\",\"@id\":\"https:\/\/www.celttv.com.ar\/#\/schema\/logo\/image\/\",\"url\":\"http:\/\/www.celttv.com.ar\/wp-content\/uploads\/2022\/08\/logo-1.png\",\"contentUrl\":\"http:\/\/www.celttv.com.ar\/wp-content\/uploads\/2022\/08\/logo-1.png\",\"width\":461,\"height\":159,\"caption\":\"CELTTV\"},\"image\":{\"@id\":\"https:\/\/www.celttv.com.ar\/#\/schema\/logo\/image\/\"}},{\"@type\":\"Person\",\"@id\":\"https:\/\/www.celttv.com.ar\/#\/schema\/person\/6d99c072dba59953809c81446e9d0ace\",\"name\":\"ulises\",\"image\":{\"@type\":\"ImageObject\",\"inLanguage\":\"es\",\"@id\":\"https:\/\/www.celttv.com.ar\/#\/schema\/person\/image\/\",\"url\":\"https:\/\/secure.gravatar.com\/avatar\/7f2c48bdc33b30088f941fb6082e555f2874c98e20cb159d7b92b50eadfce793?s=96&d=mm&r=g\",\"contentUrl\":\"https:\/\/secure.gravatar.com\/avatar\/7f2c48bdc33b30088f941fb6082e555f2874c98e20cb159d7b92b50eadfce793?s=96&d=mm&r=g\",\"caption\":\"ulises\"},\"sameAs\":[\"http:\/\/www.celttv.com.ar\"]}]}<\/script>\n<!-- \/ Yoast SEO plugin. -->","yoast_head_json":{"title":"COMIENZA LA ACTIVIDAD DEL SEMILLERO VERDE - CELTTV","description":"Sitio web de noticias de la localidad de Tornquist, provincia de Buenos Aires, Rep\u00fablica Argentina. Contenido propio originado por periodistas de CELTTV, el canal de TV local de la Cooperativa El\u00e9ctrica de Tornquist. Turismo, Pol\u00edtica, Sociedad, Deporte, Cultura y todo el contenido de inter\u00e9s general que la gente del pueblo y la regi\u00f3n debe conocer.","robots":{"index":"index","follow":"follow","max-snippet":"max-snippet:-1","max-image-preview":"max-image-preview:large","max-video-preview":"max-video-preview:-1"},"canonical":"https:\/\/www.celttv.com.ar\/index.php\/2015\/02\/26\/comienza-la-actividad-del-semillero-verde\/","og_locale":"es_ES","og_type":"article","og_title":"COMIENZA LA ACTIVIDAD DEL SEMILLERO VERDE - CELTTV","og_description":"Sitio web de noticias de la localidad de Tornquist, provincia de Buenos Aires, Rep\u00fablica Argentina. Contenido propio originado por periodistas de CELTTV, el canal de TV local de la Cooperativa El\u00e9ctrica de Tornquist. Turismo, Pol\u00edtica, Sociedad, Deporte, Cultura y todo el contenido de inter\u00e9s general que la gente del pueblo y la regi\u00f3n debe conocer.","og_url":"https:\/\/www.celttv.com.ar\/index.php\/2015\/02\/26\/comienza-la-actividad-del-semillero-verde\/","og_site_name":"CELTTV","article_publisher":"https:\/\/www.facebook.com\/celtTV\/","article_published_time":"2015-02-26T13:40:01+00:00","og_image":[{"url":"http:\/\/www.tvcnoticias.com.ar\/wp-content\/uploads\/2015\/02\/escudo-union1-368x450.jpg"}],"author":"ulises","twitter_card":"summary_large_image","twitter_misc":{"Escrito por":"ulises","Tiempo de lectura":"1 minuto"},"schema":{"@context":"https:\/\/schema.org","@graph":[{"@type":"NewsArticle","@id":"https:\/\/www.celttv.com.ar\/index.php\/2015\/02\/26\/comienza-la-actividad-del-semillero-verde\/#article","isPartOf":{"@id":"https:\/\/www.celttv.com.ar\/index.php\/2015\/02\/26\/comienza-la-actividad-del-semillero-verde\/"},"author":{"name":"ulises","@id":"https:\/\/www.celttv.com.ar\/#\/schema\/person\/6d99c072dba59953809c81446e9d0ace"},"headline":"COMIENZA LA ACTIVIDAD DEL SEMILLERO VERDE","datePublished":"2015-02-26T13:40:01+00:00","dateModified":"2015-02-26T13:40:01+00:00","mainEntityOfPage":{"@id":"https:\/\/www.celttv.com.ar\/index.php\/2015\/02\/26\/comienza-la-actividad-del-semillero-verde\/"},"wordCount":192,"publisher":{"@id":"https:\/\/www.celttv.com.ar\/#organization"},"articleSection":["Comunidad","Deporte","Destacadas"],"inLanguage":"es"},{"@type":"WebPage","@id":"https:\/\/www.celttv.com.ar\/index.php\/2015\/02\/26\/comienza-la-actividad-del-semillero-verde\/","url":"https:\/\/www.celttv.com.ar\/index.php\/2015\/02\/26\/comienza-la-actividad-del-semillero-verde\/","name":"COMIENZA LA ACTIVIDAD DEL SEMILLERO VERDE - CELTTV","isPartOf":{"@id":"https:\/\/www.celttv.com.ar\/#website"},"datePublished":"2015-02-26T13:40:01+00:00","dateModified":"2015-02-26T13:40:01+00:00","description":"Sitio web de noticias de la localidad de Tornquist, provincia de Buenos Aires, Rep\u00fablica Argentina. Contenido propio originado por periodistas de CELTTV, el canal de TV local de la Cooperativa El\u00e9ctrica de Tornquist. Turismo, Pol\u00edtica, Sociedad, Deporte, Cultura y todo el contenido de inter\u00e9s general que la gente del pueblo y la regi\u00f3n debe conocer.","breadcrumb":{"@id":"https:\/\/www.celttv.com.ar\/index.php\/2015\/02\/26\/comienza-la-actividad-del-semillero-verde\/#breadcrumb"},"inLanguage":"es","potentialAction":[{"@type":"ReadAction","target":["https:\/\/www.celttv.com.ar\/index.php\/2015\/02\/26\/comienza-la-actividad-del-semillero-verde\/"]}]},{"@type":"BreadcrumbList","@id":"https:\/\/www.celttv.com.ar\/index.php\/2015\/02\/26\/comienza-la-actividad-del-semillero-verde\/#breadcrumb","itemListElement":[{"@type":"ListItem","position":1,"name":"Inicio","item":"https:\/\/www.celttv.com.ar\/"},{"@type":"ListItem","position":2,"name":"COMIENZA LA ACTIVIDAD DEL SEMILLERO VERDE"}]},{"@type":"WebSite","@id":"https:\/\/www.celttv.com.ar\/#website","url":"https:\/\/www.celttv.com.ar\/","name":"CELTTV","description":"Cooperativa El\u00e9ctrica de Tornquist","publisher":{"@id":"https:\/\/www.celttv.com.ar\/#organization"},"potentialAction":[{"@type":"SearchAction","target":{"@type":"EntryPoint","urlTemplate":"https:\/\/www.celttv.com.ar\/?s={search_term_string}"},"query-input":"required name=search_term_string"}],"inLanguage":"es"},{"@type":"Organization","@id":"https:\/\/www.celttv.com.ar\/#organization","name":"CELTTV","url":"https:\/\/www.celttv.com.ar\/","sameAs":["https:\/\/www.youtube.com\/channel\/UCz_oIt8Hig64Ub-EmcNPIhg","https:\/\/www.facebook.com\/celtTV\/"],"logo":{"@type":"ImageObject","inLanguage":"es","@id":"https:\/\/www.celttv.com.ar\/#\/schema\/logo\/image\/","url":"http:\/\/www.celttv.com.ar\/wp-content\/uploads\/2022\/08\/logo-1.png","contentUrl":"http:\/\/www.celttv.com.ar\/wp-content\/uploads\/2022\/08\/logo-1.png","width":461,"height":159,"caption":"CELTTV"},"image":{"@id":"https:\/\/www.celttv.com.ar\/#\/schema\/logo\/image\/"}},{"@type":"Person","@id":"https:\/\/www.celttv.com.ar\/#\/schema\/person\/6d99c072dba59953809c81446e9d0ace","name":"ulises","image":{"@type":"ImageObject","inLanguage":"es","@id":"https:\/\/www.celttv.com.ar\/#\/schema\/person\/image\/","url":"https:\/\/secure.gravatar.com\/avatar\/7f2c48bdc33b30088f941fb6082e555f2874c98e20cb159d7b92b50eadfce793?s=96&d=mm&r=g","contentUrl":"https:\/\/secure.gravatar.com\/avatar\/7f2c48bdc33b30088f941fb6082e555f2874c98e20cb159d7b92b50eadfce793?s=96&d=mm&r=g","caption":"ulises"},"sameAs":["http:\/\/www.celttv.com.ar"]}]}},"_links":{"self":[{"href":"https:\/\/www.celttv.com.ar\/index.php\/wp-json\/wp\/v2\/posts\/26907","targetHints":{"allow":["GET"]}}],"collection":[{"href":"https:\/\/www.celttv.com.ar\/index.php\/wp-json\/wp\/v2\/posts"}],"about":[{"href":"https:\/\/www.celttv.com.ar\/index.php\/wp-json\/wp\/v2\/types\/post"}],"author":[{"embeddable":true,"href":"https:\/\/www.celttv.com.ar\/index.php\/wp-json\/wp\/v2\/users\/1"}],"replies":[{"embeddable":true,"href":"https:\/\/www.celttv.com.ar\/index.php\/wp-json\/wp\/v2\/comments?post=26907"}],"version-history":[{"count":0,"href":"https:\/\/www.celttv.com.ar\/index.php\/wp-json\/wp\/v2\/posts\/26907\/revisions"}],"wp:attachment":[{"href":"https:\/\/www.celttv.com.ar\/index.php\/wp-json\/wp\/v2\/media?parent=26907"}],"wp:term":[{"taxonomy":"category","embeddable":true,"href":"https:\/\/www.celttv.com.ar\/index.php\/wp-json\/wp\/v2\/categories?post=26907"},{"taxonomy":"post_tag","embeddable":true,"href":"https:\/\/www.celttv.com.ar\/index.php\/wp-json\/wp\/v2\/tags?post=26907"}],"curies":[{"name":"wp","href":"https:\/\/api.w.org\/{rel}","templated":true}]}}