{"id":27025,"date":"2015-03-04T14:35:24","date_gmt":"2015-03-04T14:35:24","guid":{"rendered":"http:\/\/www.tvcnoticias.com.ar\/?p=27025"},"modified":"2015-03-04T14:35:24","modified_gmt":"2015-03-04T14:35:24","slug":"elias-tombesi-y-matias-weiman-se-suman-al-club-renato-cesarini-nota-e-imagenes","status":"publish","type":"post","link":"https:\/\/www.celttv.com.ar\/index.php\/2015\/03\/04\/elias-tombesi-y-matias-weiman-se-suman-al-club-renato-cesarini-nota-e-imagenes\/","title":{"rendered":"EL\u00cdAS TOMBESI Y MAT\u00cdAS WEIMAN SE SUMAN AL CLUB RENATO CESARINI (Nota e im\u00e1genes)"},"content":{"rendered":"<div>\n<p><a href=\"https:\/\/www.youtube.com\/watch?v=U9FWfvOFvNg\">httpv:\/\/www.youtube.com\/watch?v=U9FWfvOFvNg<\/a><\/p>\n<p><a href=\"https:\/\/www.youtube.com\/watch?v=qXC8YRLZV64\">httpv:\/\/www.youtube.com\/watch?v=qXC8YRLZV64<\/a><\/p>\n<\/div>\n<div><strong>MAGAZINE SPORT&#8212;<\/strong> Durante la emisi\u00f3n de\u00a0<strong>MAGAZINE SPORT<\/strong>, compartimos -en vivo- una nota con los jugadores\u00a0<strong>El\u00edas Tombesi <\/strong>(Automoto) y\u00a0<strong>Mat\u00edas Weiman<\/strong> (Club Uni\u00f3n), quienes fueron seleccionados por el Club Renato Cesarini (Rosario-Santa Fe).<span style=\"text-decoration: underline;\"> <\/span><span style=\"text-decoration: underline;\"> <\/span><\/div>\n<div>Tras superar la exigente prueba de los entrenadores de Renato Cesarini,\u00a0<strong>Mat\u00edas<\/strong> y\u00a0<strong>El\u00edas<\/strong> recibieron el visto bueno y, a partir del s\u00e1bado 7 de marzo, deber\u00e1n presentarse en el amplio complejo que tiene dicho club.<span style=\"text-decoration: underline;\"> <\/span><span style=\"text-decoration: underline;\"> <\/span><\/div>\n<div>De esta manera,\u00a0<strong>&#8220;Mati&#8221;<\/strong> y\u00a0<strong>&#8220;Palote&#8221;<\/strong> armaron sus bolsos y comenzaron a transitar un sue\u00f1o que no tiene techo.<\/div>\n<div dir=\"ltr\"><strong>Rodrigo Sgammini (MS)<\/strong><\/div>\n","protected":false},"excerpt":{"rendered":"<p>httpv:\/\/www.youtube.com\/watch?v=U9FWfvOFvNg httpv:\/\/www.youtube.com\/watch?v=qXC8YRLZV64 MAGAZINE SPORT&#8212; Durante la emisi\u00f3n de\u00a0MAGAZINE SPORT, compartimos -en vivo- una nota con los jugadores\u00a0El\u00edas Tombesi (Automoto) y\u00a0Mat\u00edas Weiman (Club Uni\u00f3n), quienes fueron seleccionados por el Club Renato Cesarini (Rosario-Santa Fe). Tras superar la exigente prueba de los entrenadores de Renato Cesarini,\u00a0Mat\u00edas y\u00a0El\u00edas recibieron el visto bueno y, a partir del s\u00e1bado 7 [&hellip;]<\/p>\n","protected":false},"author":1,"featured_media":0,"comment_status":"closed","ping_status":"open","sticky":false,"template":"","format":"standard","meta":{"footnotes":""},"categories":[60,52,64],"tags":[],"class_list":["post-27025","post","type-post","status-publish","format-standard","hentry","category-deporte","category-destacadas","category-videos-destacados"],"yoast_head":"<!-- This site is optimized with the Yoast SEO plugin v19.7.1 - https:\/\/yoast.com\/wordpress\/plugins\/seo\/ -->\n<title>EL\u00cdAS TOMBESI Y MAT\u00cdAS WEIMAN SE SUMAN AL CLUB RENATO CESARINI (Nota e im\u00e1genes) - CELTTV<\/title>\n<meta name=\"description\" content=\"Sitio web de noticias de la localidad de Tornquist, provincia de Buenos Aires, Rep\u00fablica Argentina. Contenido propio originado por periodistas de CELTTV, el canal de TV local de la Cooperativa El\u00e9ctrica de Tornquist. Turismo, Pol\u00edtica, Sociedad, Deporte, Cultura y todo el contenido de inter\u00e9s general que la gente del pueblo y la regi\u00f3n debe conocer.\" \/>\n<meta name=\"robots\" content=\"index, follow, max-snippet:-1, max-image-preview:large, max-video-preview:-1\" \/>\n<link rel=\"canonical\" href=\"https:\/\/www.celttv.com.ar\/index.php\/2015\/03\/04\/elias-tombesi-y-matias-weiman-se-suman-al-club-renato-cesarini-nota-e-imagenes\/\" \/>\n<meta property=\"og:locale\" content=\"es_ES\" \/>\n<meta property=\"og:type\" content=\"article\" \/>\n<meta property=\"og:title\" content=\"EL\u00cdAS TOMBESI Y MAT\u00cdAS WEIMAN SE SUMAN AL CLUB RENATO CESARINI (Nota e im\u00e1genes) - CELTTV\" \/>\n<meta property=\"og:description\" content=\"Sitio web de noticias de la localidad de Tornquist, provincia de Buenos Aires, Rep\u00fablica Argentina. Contenido propio originado por periodistas de CELTTV, el canal de TV local de la Cooperativa El\u00e9ctrica de Tornquist. Turismo, Pol\u00edtica, Sociedad, Deporte, Cultura y todo el contenido de inter\u00e9s general que la gente del pueblo y la regi\u00f3n debe conocer.\" \/>\n<meta property=\"og:url\" content=\"https:\/\/www.celttv.com.ar\/index.php\/2015\/03\/04\/elias-tombesi-y-matias-weiman-se-suman-al-club-renato-cesarini-nota-e-imagenes\/\" \/>\n<meta property=\"og:site_name\" content=\"CELTTV\" \/>\n<meta property=\"article:publisher\" content=\"https:\/\/www.facebook.com\/celtTV\/\" \/>\n<meta property=\"article:published_time\" content=\"2015-03-04T14:35:24+00:00\" \/>\n<meta name=\"author\" content=\"ulises\" \/>\n<meta name=\"twitter:card\" content=\"summary_large_image\" \/>\n<meta name=\"twitter:label1\" content=\"Escrito por\" \/>\n\t<meta name=\"twitter:data1\" content=\"ulises\" \/>\n\t<meta name=\"twitter:label2\" content=\"Tiempo de lectura\" \/>\n\t<meta name=\"twitter:data2\" content=\"1 minuto\" \/>\n<script type=\"application\/ld+json\" class=\"yoast-schema-graph\">{\"@context\":\"https:\/\/schema.org\",\"@graph\":[{\"@type\":\"NewsArticle\",\"@id\":\"https:\/\/www.celttv.com.ar\/index.php\/2015\/03\/04\/elias-tombesi-y-matias-weiman-se-suman-al-club-renato-cesarini-nota-e-imagenes\/#article\",\"isPartOf\":{\"@id\":\"https:\/\/www.celttv.com.ar\/index.php\/2015\/03\/04\/elias-tombesi-y-matias-weiman-se-suman-al-club-renato-cesarini-nota-e-imagenes\/\"},\"author\":{\"name\":\"ulises\",\"@id\":\"https:\/\/www.celttv.com.ar\/#\/schema\/person\/6d99c072dba59953809c81446e9d0ace\"},\"headline\":\"EL\u00cdAS TOMBESI Y MAT\u00cdAS WEIMAN SE SUMAN AL CLUB RENATO CESARINI (Nota e im\u00e1genes)\",\"datePublished\":\"2015-03-04T14:35:24+00:00\",\"dateModified\":\"2015-03-04T14:35:24+00:00\",\"mainEntityOfPage\":{\"@id\":\"https:\/\/www.celttv.com.ar\/index.php\/2015\/03\/04\/elias-tombesi-y-matias-weiman-se-suman-al-club-renato-cesarini-nota-e-imagenes\/\"},\"wordCount\":133,\"publisher\":{\"@id\":\"https:\/\/www.celttv.com.ar\/#organization\"},\"articleSection\":[\"Deporte\",\"Destacadas\",\"Videos Destacados\"],\"inLanguage\":\"es\"},{\"@type\":\"WebPage\",\"@id\":\"https:\/\/www.celttv.com.ar\/index.php\/2015\/03\/04\/elias-tombesi-y-matias-weiman-se-suman-al-club-renato-cesarini-nota-e-imagenes\/\",\"url\":\"https:\/\/www.celttv.com.ar\/index.php\/2015\/03\/04\/elias-tombesi-y-matias-weiman-se-suman-al-club-renato-cesarini-nota-e-imagenes\/\",\"name\":\"EL\u00cdAS TOMBESI Y MAT\u00cdAS WEIMAN SE SUMAN AL CLUB RENATO CESARINI (Nota e im\u00e1genes) - CELTTV\",\"isPartOf\":{\"@id\":\"https:\/\/www.celttv.com.ar\/#website\"},\"datePublished\":\"2015-03-04T14:35:24+00:00\",\"dateModified\":\"2015-03-04T14:35:24+00:00\",\"description\":\"Sitio web de noticias de la localidad de Tornquist, provincia de Buenos Aires, Rep\u00fablica Argentina. Contenido propio originado por periodistas de CELTTV, el canal de TV local de la Cooperativa El\u00e9ctrica de Tornquist. Turismo, Pol\u00edtica, Sociedad, Deporte, Cultura y todo el contenido de inter\u00e9s general que la gente del pueblo y la regi\u00f3n debe conocer.\",\"breadcrumb\":{\"@id\":\"https:\/\/www.celttv.com.ar\/index.php\/2015\/03\/04\/elias-tombesi-y-matias-weiman-se-suman-al-club-renato-cesarini-nota-e-imagenes\/#breadcrumb\"},\"inLanguage\":\"es\",\"potentialAction\":[{\"@type\":\"ReadAction\",\"target\":[\"https:\/\/www.celttv.com.ar\/index.php\/2015\/03\/04\/elias-tombesi-y-matias-weiman-se-suman-al-club-renato-cesarini-nota-e-imagenes\/\"]}]},{\"@type\":\"BreadcrumbList\",\"@id\":\"https:\/\/www.celttv.com.ar\/index.php\/2015\/03\/04\/elias-tombesi-y-matias-weiman-se-suman-al-club-renato-cesarini-nota-e-imagenes\/#breadcrumb\",\"itemListElement\":[{\"@type\":\"ListItem\",\"position\":1,\"name\":\"Inicio\",\"item\":\"https:\/\/www.celttv.com.ar\/\"},{\"@type\":\"ListItem\",\"position\":2,\"name\":\"EL\u00cdAS TOMBESI Y MAT\u00cdAS WEIMAN SE SUMAN AL CLUB RENATO CESARINI (Nota e im\u00e1genes)\"}]},{\"@type\":\"WebSite\",\"@id\":\"https:\/\/www.celttv.com.ar\/#website\",\"url\":\"https:\/\/www.celttv.com.ar\/\",\"name\":\"CELTTV\",\"description\":\"Cooperativa El\u00e9ctrica de Tornquist\",\"publisher\":{\"@id\":\"https:\/\/www.celttv.com.ar\/#organization\"},\"potentialAction\":[{\"@type\":\"SearchAction\",\"target\":{\"@type\":\"EntryPoint\",\"urlTemplate\":\"https:\/\/www.celttv.com.ar\/?s={search_term_string}\"},\"query-input\":\"required name=search_term_string\"}],\"inLanguage\":\"es\"},{\"@type\":\"Organization\",\"@id\":\"https:\/\/www.celttv.com.ar\/#organization\",\"name\":\"CELTTV\",\"url\":\"https:\/\/www.celttv.com.ar\/\",\"sameAs\":[\"https:\/\/www.youtube.com\/channel\/UCz_oIt8Hig64Ub-EmcNPIhg\",\"https:\/\/www.facebook.com\/celtTV\/\"],\"logo\":{\"@type\":\"ImageObject\",\"inLanguage\":\"es\",\"@id\":\"https:\/\/www.celttv.com.ar\/#\/schema\/logo\/image\/\",\"url\":\"http:\/\/www.celttv.com.ar\/wp-content\/uploads\/2022\/08\/logo-1.png\",\"contentUrl\":\"http:\/\/www.celttv.com.ar\/wp-content\/uploads\/2022\/08\/logo-1.png\",\"width\":461,\"height\":159,\"caption\":\"CELTTV\"},\"image\":{\"@id\":\"https:\/\/www.celttv.com.ar\/#\/schema\/logo\/image\/\"}},{\"@type\":\"Person\",\"@id\":\"https:\/\/www.celttv.com.ar\/#\/schema\/person\/6d99c072dba59953809c81446e9d0ace\",\"name\":\"ulises\",\"image\":{\"@type\":\"ImageObject\",\"inLanguage\":\"es\",\"@id\":\"https:\/\/www.celttv.com.ar\/#\/schema\/person\/image\/\",\"url\":\"https:\/\/secure.gravatar.com\/avatar\/7f2c48bdc33b30088f941fb6082e555f2874c98e20cb159d7b92b50eadfce793?s=96&d=mm&r=g\",\"contentUrl\":\"https:\/\/secure.gravatar.com\/avatar\/7f2c48bdc33b30088f941fb6082e555f2874c98e20cb159d7b92b50eadfce793?s=96&d=mm&r=g\",\"caption\":\"ulises\"},\"sameAs\":[\"http:\/\/www.celttv.com.ar\"]}]}<\/script>\n<!-- \/ Yoast SEO plugin. -->","yoast_head_json":{"title":"EL\u00cdAS TOMBESI Y MAT\u00cdAS WEIMAN SE SUMAN AL CLUB RENATO CESARINI (Nota e im\u00e1genes) - CELTTV","description":"Sitio web de noticias de la localidad de Tornquist, provincia de Buenos Aires, Rep\u00fablica Argentina. Contenido propio originado por periodistas de CELTTV, el canal de TV local de la Cooperativa El\u00e9ctrica de Tornquist. Turismo, Pol\u00edtica, Sociedad, Deporte, Cultura y todo el contenido de inter\u00e9s general que la gente del pueblo y la regi\u00f3n debe conocer.","robots":{"index":"index","follow":"follow","max-snippet":"max-snippet:-1","max-image-preview":"max-image-preview:large","max-video-preview":"max-video-preview:-1"},"canonical":"https:\/\/www.celttv.com.ar\/index.php\/2015\/03\/04\/elias-tombesi-y-matias-weiman-se-suman-al-club-renato-cesarini-nota-e-imagenes\/","og_locale":"es_ES","og_type":"article","og_title":"EL\u00cdAS TOMBESI Y MAT\u00cdAS WEIMAN SE SUMAN AL CLUB RENATO CESARINI (Nota e im\u00e1genes) - CELTTV","og_description":"Sitio web de noticias de la localidad de Tornquist, provincia de Buenos Aires, Rep\u00fablica Argentina. Contenido propio originado por periodistas de CELTTV, el canal de TV local de la Cooperativa El\u00e9ctrica de Tornquist. Turismo, Pol\u00edtica, Sociedad, Deporte, Cultura y todo el contenido de inter\u00e9s general que la gente del pueblo y la regi\u00f3n debe conocer.","og_url":"https:\/\/www.celttv.com.ar\/index.php\/2015\/03\/04\/elias-tombesi-y-matias-weiman-se-suman-al-club-renato-cesarini-nota-e-imagenes\/","og_site_name":"CELTTV","article_publisher":"https:\/\/www.facebook.com\/celtTV\/","article_published_time":"2015-03-04T14:35:24+00:00","author":"ulises","twitter_card":"summary_large_image","twitter_misc":{"Escrito por":"ulises","Tiempo de lectura":"1 minuto"},"schema":{"@context":"https:\/\/schema.org","@graph":[{"@type":"NewsArticle","@id":"https:\/\/www.celttv.com.ar\/index.php\/2015\/03\/04\/elias-tombesi-y-matias-weiman-se-suman-al-club-renato-cesarini-nota-e-imagenes\/#article","isPartOf":{"@id":"https:\/\/www.celttv.com.ar\/index.php\/2015\/03\/04\/elias-tombesi-y-matias-weiman-se-suman-al-club-renato-cesarini-nota-e-imagenes\/"},"author":{"name":"ulises","@id":"https:\/\/www.celttv.com.ar\/#\/schema\/person\/6d99c072dba59953809c81446e9d0ace"},"headline":"EL\u00cdAS TOMBESI Y MAT\u00cdAS WEIMAN SE SUMAN AL CLUB RENATO CESARINI (Nota e im\u00e1genes)","datePublished":"2015-03-04T14:35:24+00:00","dateModified":"2015-03-04T14:35:24+00:00","mainEntityOfPage":{"@id":"https:\/\/www.celttv.com.ar\/index.php\/2015\/03\/04\/elias-tombesi-y-matias-weiman-se-suman-al-club-renato-cesarini-nota-e-imagenes\/"},"wordCount":133,"publisher":{"@id":"https:\/\/www.celttv.com.ar\/#organization"},"articleSection":["Deporte","Destacadas","Videos Destacados"],"inLanguage":"es"},{"@type":"WebPage","@id":"https:\/\/www.celttv.com.ar\/index.php\/2015\/03\/04\/elias-tombesi-y-matias-weiman-se-suman-al-club-renato-cesarini-nota-e-imagenes\/","url":"https:\/\/www.celttv.com.ar\/index.php\/2015\/03\/04\/elias-tombesi-y-matias-weiman-se-suman-al-club-renato-cesarini-nota-e-imagenes\/","name":"EL\u00cdAS TOMBESI Y MAT\u00cdAS WEIMAN SE SUMAN AL CLUB RENATO CESARINI (Nota e im\u00e1genes) - CELTTV","isPartOf":{"@id":"https:\/\/www.celttv.com.ar\/#website"},"datePublished":"2015-03-04T14:35:24+00:00","dateModified":"2015-03-04T14:35:24+00:00","description":"Sitio web de noticias de la localidad de Tornquist, provincia de Buenos Aires, Rep\u00fablica Argentina. Contenido propio originado por periodistas de CELTTV, el canal de TV local de la Cooperativa El\u00e9ctrica de Tornquist. Turismo, Pol\u00edtica, Sociedad, Deporte, Cultura y todo el contenido de inter\u00e9s general que la gente del pueblo y la regi\u00f3n debe conocer.","breadcrumb":{"@id":"https:\/\/www.celttv.com.ar\/index.php\/2015\/03\/04\/elias-tombesi-y-matias-weiman-se-suman-al-club-renato-cesarini-nota-e-imagenes\/#breadcrumb"},"inLanguage":"es","potentialAction":[{"@type":"ReadAction","target":["https:\/\/www.celttv.com.ar\/index.php\/2015\/03\/04\/elias-tombesi-y-matias-weiman-se-suman-al-club-renato-cesarini-nota-e-imagenes\/"]}]},{"@type":"BreadcrumbList","@id":"https:\/\/www.celttv.com.ar\/index.php\/2015\/03\/04\/elias-tombesi-y-matias-weiman-se-suman-al-club-renato-cesarini-nota-e-imagenes\/#breadcrumb","itemListElement":[{"@type":"ListItem","position":1,"name":"Inicio","item":"https:\/\/www.celttv.com.ar\/"},{"@type":"ListItem","position":2,"name":"EL\u00cdAS TOMBESI Y MAT\u00cdAS WEIMAN SE SUMAN AL CLUB RENATO CESARINI (Nota e im\u00e1genes)"}]},{"@type":"WebSite","@id":"https:\/\/www.celttv.com.ar\/#website","url":"https:\/\/www.celttv.com.ar\/","name":"CELTTV","description":"Cooperativa El\u00e9ctrica de Tornquist","publisher":{"@id":"https:\/\/www.celttv.com.ar\/#organization"},"potentialAction":[{"@type":"SearchAction","target":{"@type":"EntryPoint","urlTemplate":"https:\/\/www.celttv.com.ar\/?s={search_term_string}"},"query-input":"required name=search_term_string"}],"inLanguage":"es"},{"@type":"Organization","@id":"https:\/\/www.celttv.com.ar\/#organization","name":"CELTTV","url":"https:\/\/www.celttv.com.ar\/","sameAs":["https:\/\/www.youtube.com\/channel\/UCz_oIt8Hig64Ub-EmcNPIhg","https:\/\/www.facebook.com\/celtTV\/"],"logo":{"@type":"ImageObject","inLanguage":"es","@id":"https:\/\/www.celttv.com.ar\/#\/schema\/logo\/image\/","url":"http:\/\/www.celttv.com.ar\/wp-content\/uploads\/2022\/08\/logo-1.png","contentUrl":"http:\/\/www.celttv.com.ar\/wp-content\/uploads\/2022\/08\/logo-1.png","width":461,"height":159,"caption":"CELTTV"},"image":{"@id":"https:\/\/www.celttv.com.ar\/#\/schema\/logo\/image\/"}},{"@type":"Person","@id":"https:\/\/www.celttv.com.ar\/#\/schema\/person\/6d99c072dba59953809c81446e9d0ace","name":"ulises","image":{"@type":"ImageObject","inLanguage":"es","@id":"https:\/\/www.celttv.com.ar\/#\/schema\/person\/image\/","url":"https:\/\/secure.gravatar.com\/avatar\/7f2c48bdc33b30088f941fb6082e555f2874c98e20cb159d7b92b50eadfce793?s=96&d=mm&r=g","contentUrl":"https:\/\/secure.gravatar.com\/avatar\/7f2c48bdc33b30088f941fb6082e555f2874c98e20cb159d7b92b50eadfce793?s=96&d=mm&r=g","caption":"ulises"},"sameAs":["http:\/\/www.celttv.com.ar"]}]}},"_links":{"self":[{"href":"https:\/\/www.celttv.com.ar\/index.php\/wp-json\/wp\/v2\/posts\/27025","targetHints":{"allow":["GET"]}}],"collection":[{"href":"https:\/\/www.celttv.com.ar\/index.php\/wp-json\/wp\/v2\/posts"}],"about":[{"href":"https:\/\/www.celttv.com.ar\/index.php\/wp-json\/wp\/v2\/types\/post"}],"author":[{"embeddable":true,"href":"https:\/\/www.celttv.com.ar\/index.php\/wp-json\/wp\/v2\/users\/1"}],"replies":[{"embeddable":true,"href":"https:\/\/www.celttv.com.ar\/index.php\/wp-json\/wp\/v2\/comments?post=27025"}],"version-history":[{"count":0,"href":"https:\/\/www.celttv.com.ar\/index.php\/wp-json\/wp\/v2\/posts\/27025\/revisions"}],"wp:attachment":[{"href":"https:\/\/www.celttv.com.ar\/index.php\/wp-json\/wp\/v2\/media?parent=27025"}],"wp:term":[{"taxonomy":"category","embeddable":true,"href":"https:\/\/www.celttv.com.ar\/index.php\/wp-json\/wp\/v2\/categories?post=27025"},{"taxonomy":"post_tag","embeddable":true,"href":"https:\/\/www.celttv.com.ar\/index.php\/wp-json\/wp\/v2\/tags?post=27025"}],"curies":[{"name":"wp","href":"https:\/\/api.w.org\/{rel}","templated":true}]}}