{"id":27058,"date":"2015-03-05T20:33:35","date_gmt":"2015-03-05T20:33:35","guid":{"rendered":"http:\/\/www.tvcnoticias.com.ar\/?p=27058"},"modified":"2015-03-05T20:33:35","modified_gmt":"2015-03-05T20:33:35","slug":"el-colegio-nuestra-senora-de-lujan-organiza-un-via-crucis-para-rezar-y-pedir-por-todos-los-docentes","status":"publish","type":"post","link":"https:\/\/www.celttv.com.ar\/index.php\/2015\/03\/05\/el-colegio-nuestra-senora-de-lujan-organiza-un-via-crucis-para-rezar-y-pedir-por-todos-los-docentes\/","title":{"rendered":"EL COLEGIO NUESTRA SE\u00d1ORA DE LUJ\u00c1N ORGANIZA UN VIA CRUCIS PARA REZAR Y PEDIR POR TODOS LOS DOCENTES"},"content":{"rendered":"<p><strong>EL COLEGIO NUESTRA SE\u00d1ORA DE LUJ\u00c1N INFORMA QUE:<\/strong><strong> <\/strong><\/p>\n<p>Este viernes 6, ha organizado el <span style=\"text-decoration: underline;\">V\u00eda Crucis<\/span> y la Santa Misa en la Parroquia.<strong> El objetivo es rezar y pedir por todos los docentes, por eso los invitamos a participar activamente.<\/strong><\/p>\n<p><strong>A las instituciones invitadas a participar les solicitamos nos hagan llegar el nombre de 1 (uno) docente\u00a0 dispuesto a leer algunas de las estaciones. \u00a0<span style=\"text-decoration: underline;\">(TE 494 1118 \u2013 154162047)<\/span><\/strong><\/p>\n<div>\n<p><strong>VIA CRUCIS a las 18:30 hs, MISA 19:00 HS en la PARROQUIA<\/strong><\/p>\n<\/div>\n<p><strong>Rogamos \u00a0a Uds. hacer extensiva la invitaci\u00f3n a todos los docentes de la comunidad para unirnos, junto al Dios de la VIDA y pedir por todas nuestras intenciones e instituciones educativas.<\/strong><\/p>\n<p><strong> <\/strong><\/p>\n<p>La v\u00eda que ha recorrido Jes\u00fas desde Jerusal\u00e9n hasta el Calvario se llama desde siempre, <strong>\u201cV\u00eda Crucis\u201d, Camino de la Cruz<\/strong>. Se ha convertido a lo largo de los siglos, en un peregrinaje y en una oraci\u00f3n en la cual somos invitados a acompa\u00f1ar los pasos de Jes\u00fas que con su dolor ha dado la vida al mundo.<\/p>\n<p>Rezando el V\u00eda crucis, no podemos dejar de ver en el dolor del Hijo de Dios, los sufrimientos del mundo, sobre todo de los m\u00e1s peque\u00f1os e inocentes: en aquel Viernes Santo estaban presentes todos y en El, el dolor de los peque\u00f1os, ha reconciliado el mundo con Dios.<\/p>\n<p>&nbsp;<\/p>\n<p>&nbsp;<\/p>\n<p>&nbsp;<\/p>\n","protected":false},"excerpt":{"rendered":"<p>EL COLEGIO NUESTRA SE\u00d1ORA DE LUJ\u00c1N INFORMA QUE: Este viernes 6, ha organizado el V\u00eda Crucis y la Santa Misa en la Parroquia. El objetivo es rezar y pedir por todos los docentes, por eso los invitamos a participar activamente. A las instituciones invitadas a participar les solicitamos nos hagan llegar el nombre de 1 [&hellip;]<\/p>\n","protected":false},"author":1,"featured_media":0,"comment_status":"closed","ping_status":"open","sticky":false,"template":"","format":"standard","meta":{"footnotes":""},"categories":[51,52],"tags":[],"class_list":["post-27058","post","type-post","status-publish","format-standard","hentry","category-comunidad","category-destacadas"],"yoast_head":"<!-- This site is optimized with the Yoast SEO plugin v19.7.1 - https:\/\/yoast.com\/wordpress\/plugins\/seo\/ -->\n<title>EL COLEGIO NUESTRA SE\u00d1ORA DE LUJ\u00c1N ORGANIZA UN VIA CRUCIS PARA REZAR Y PEDIR POR TODOS LOS DOCENTES - CELTTV<\/title>\n<meta name=\"description\" content=\"Sitio web de noticias de la localidad de Tornquist, provincia de Buenos Aires, Rep\u00fablica Argentina. Contenido propio originado por periodistas de CELTTV, el canal de TV local de la Cooperativa El\u00e9ctrica de Tornquist. Turismo, Pol\u00edtica, Sociedad, Deporte, Cultura y todo el contenido de inter\u00e9s general que la gente del pueblo y la regi\u00f3n debe conocer.\" \/>\n<meta name=\"robots\" content=\"index, follow, max-snippet:-1, max-image-preview:large, max-video-preview:-1\" \/>\n<link rel=\"canonical\" href=\"https:\/\/www.celttv.com.ar\/index.php\/2015\/03\/05\/el-colegio-nuestra-senora-de-lujan-organiza-un-via-crucis-para-rezar-y-pedir-por-todos-los-docentes\/\" \/>\n<meta property=\"og:locale\" content=\"es_ES\" \/>\n<meta property=\"og:type\" content=\"article\" \/>\n<meta property=\"og:title\" content=\"EL COLEGIO NUESTRA SE\u00d1ORA DE LUJ\u00c1N ORGANIZA UN VIA CRUCIS PARA REZAR Y PEDIR POR TODOS LOS DOCENTES - CELTTV\" \/>\n<meta property=\"og:description\" content=\"Sitio web de noticias de la localidad de Tornquist, provincia de Buenos Aires, Rep\u00fablica Argentina. Contenido propio originado por periodistas de CELTTV, el canal de TV local de la Cooperativa El\u00e9ctrica de Tornquist. Turismo, Pol\u00edtica, Sociedad, Deporte, Cultura y todo el contenido de inter\u00e9s general que la gente del pueblo y la regi\u00f3n debe conocer.\" \/>\n<meta property=\"og:url\" content=\"https:\/\/www.celttv.com.ar\/index.php\/2015\/03\/05\/el-colegio-nuestra-senora-de-lujan-organiza-un-via-crucis-para-rezar-y-pedir-por-todos-los-docentes\/\" \/>\n<meta property=\"og:site_name\" content=\"CELTTV\" \/>\n<meta property=\"article:publisher\" content=\"https:\/\/www.facebook.com\/celtTV\/\" \/>\n<meta property=\"article:published_time\" content=\"2015-03-05T20:33:35+00:00\" \/>\n<meta name=\"author\" content=\"ulises\" \/>\n<meta name=\"twitter:card\" content=\"summary_large_image\" \/>\n<meta name=\"twitter:label1\" content=\"Escrito por\" \/>\n\t<meta name=\"twitter:data1\" content=\"ulises\" \/>\n\t<meta name=\"twitter:label2\" content=\"Tiempo de lectura\" \/>\n\t<meta name=\"twitter:data2\" content=\"1 minuto\" \/>\n<script type=\"application\/ld+json\" class=\"yoast-schema-graph\">{\"@context\":\"https:\/\/schema.org\",\"@graph\":[{\"@type\":\"NewsArticle\",\"@id\":\"https:\/\/www.celttv.com.ar\/index.php\/2015\/03\/05\/el-colegio-nuestra-senora-de-lujan-organiza-un-via-crucis-para-rezar-y-pedir-por-todos-los-docentes\/#article\",\"isPartOf\":{\"@id\":\"https:\/\/www.celttv.com.ar\/index.php\/2015\/03\/05\/el-colegio-nuestra-senora-de-lujan-organiza-un-via-crucis-para-rezar-y-pedir-por-todos-los-docentes\/\"},\"author\":{\"name\":\"ulises\",\"@id\":\"https:\/\/www.celttv.com.ar\/#\/schema\/person\/6d99c072dba59953809c81446e9d0ace\"},\"headline\":\"EL COLEGIO NUESTRA SE\u00d1ORA DE LUJ\u00c1N ORGANIZA UN VIA CRUCIS PARA REZAR Y PEDIR POR TODOS LOS DOCENTES\",\"datePublished\":\"2015-03-05T20:33:35+00:00\",\"dateModified\":\"2015-03-05T20:33:35+00:00\",\"mainEntityOfPage\":{\"@id\":\"https:\/\/www.celttv.com.ar\/index.php\/2015\/03\/05\/el-colegio-nuestra-senora-de-lujan-organiza-un-via-crucis-para-rezar-y-pedir-por-todos-los-docentes\/\"},\"wordCount\":249,\"publisher\":{\"@id\":\"https:\/\/www.celttv.com.ar\/#organization\"},\"articleSection\":[\"Comunidad\",\"Destacadas\"],\"inLanguage\":\"es\"},{\"@type\":\"WebPage\",\"@id\":\"https:\/\/www.celttv.com.ar\/index.php\/2015\/03\/05\/el-colegio-nuestra-senora-de-lujan-organiza-un-via-crucis-para-rezar-y-pedir-por-todos-los-docentes\/\",\"url\":\"https:\/\/www.celttv.com.ar\/index.php\/2015\/03\/05\/el-colegio-nuestra-senora-de-lujan-organiza-un-via-crucis-para-rezar-y-pedir-por-todos-los-docentes\/\",\"name\":\"EL COLEGIO NUESTRA SE\u00d1ORA DE LUJ\u00c1N ORGANIZA UN VIA CRUCIS PARA REZAR Y PEDIR POR TODOS LOS DOCENTES - CELTTV\",\"isPartOf\":{\"@id\":\"https:\/\/www.celttv.com.ar\/#website\"},\"datePublished\":\"2015-03-05T20:33:35+00:00\",\"dateModified\":\"2015-03-05T20:33:35+00:00\",\"description\":\"Sitio web de noticias de la localidad de Tornquist, provincia de Buenos Aires, Rep\u00fablica Argentina. Contenido propio originado por periodistas de CELTTV, el canal de TV local de la Cooperativa El\u00e9ctrica de Tornquist. Turismo, Pol\u00edtica, Sociedad, Deporte, Cultura y todo el contenido de inter\u00e9s general que la gente del pueblo y la regi\u00f3n debe conocer.\",\"breadcrumb\":{\"@id\":\"https:\/\/www.celttv.com.ar\/index.php\/2015\/03\/05\/el-colegio-nuestra-senora-de-lujan-organiza-un-via-crucis-para-rezar-y-pedir-por-todos-los-docentes\/#breadcrumb\"},\"inLanguage\":\"es\",\"potentialAction\":[{\"@type\":\"ReadAction\",\"target\":[\"https:\/\/www.celttv.com.ar\/index.php\/2015\/03\/05\/el-colegio-nuestra-senora-de-lujan-organiza-un-via-crucis-para-rezar-y-pedir-por-todos-los-docentes\/\"]}]},{\"@type\":\"BreadcrumbList\",\"@id\":\"https:\/\/www.celttv.com.ar\/index.php\/2015\/03\/05\/el-colegio-nuestra-senora-de-lujan-organiza-un-via-crucis-para-rezar-y-pedir-por-todos-los-docentes\/#breadcrumb\",\"itemListElement\":[{\"@type\":\"ListItem\",\"position\":1,\"name\":\"Inicio\",\"item\":\"https:\/\/www.celttv.com.ar\/\"},{\"@type\":\"ListItem\",\"position\":2,\"name\":\"EL COLEGIO NUESTRA SE\u00d1ORA DE LUJ\u00c1N ORGANIZA UN VIA CRUCIS PARA REZAR Y PEDIR POR TODOS LOS DOCENTES\"}]},{\"@type\":\"WebSite\",\"@id\":\"https:\/\/www.celttv.com.ar\/#website\",\"url\":\"https:\/\/www.celttv.com.ar\/\",\"name\":\"CELTTV\",\"description\":\"Cooperativa El\u00e9ctrica de Tornquist\",\"publisher\":{\"@id\":\"https:\/\/www.celttv.com.ar\/#organization\"},\"potentialAction\":[{\"@type\":\"SearchAction\",\"target\":{\"@type\":\"EntryPoint\",\"urlTemplate\":\"https:\/\/www.celttv.com.ar\/?s={search_term_string}\"},\"query-input\":\"required name=search_term_string\"}],\"inLanguage\":\"es\"},{\"@type\":\"Organization\",\"@id\":\"https:\/\/www.celttv.com.ar\/#organization\",\"name\":\"CELTTV\",\"url\":\"https:\/\/www.celttv.com.ar\/\",\"sameAs\":[\"https:\/\/www.youtube.com\/channel\/UCz_oIt8Hig64Ub-EmcNPIhg\",\"https:\/\/www.facebook.com\/celtTV\/\"],\"logo\":{\"@type\":\"ImageObject\",\"inLanguage\":\"es\",\"@id\":\"https:\/\/www.celttv.com.ar\/#\/schema\/logo\/image\/\",\"url\":\"http:\/\/www.celttv.com.ar\/wp-content\/uploads\/2022\/08\/logo-1.png\",\"contentUrl\":\"http:\/\/www.celttv.com.ar\/wp-content\/uploads\/2022\/08\/logo-1.png\",\"width\":461,\"height\":159,\"caption\":\"CELTTV\"},\"image\":{\"@id\":\"https:\/\/www.celttv.com.ar\/#\/schema\/logo\/image\/\"}},{\"@type\":\"Person\",\"@id\":\"https:\/\/www.celttv.com.ar\/#\/schema\/person\/6d99c072dba59953809c81446e9d0ace\",\"name\":\"ulises\",\"image\":{\"@type\":\"ImageObject\",\"inLanguage\":\"es\",\"@id\":\"https:\/\/www.celttv.com.ar\/#\/schema\/person\/image\/\",\"url\":\"https:\/\/secure.gravatar.com\/avatar\/7f2c48bdc33b30088f941fb6082e555f2874c98e20cb159d7b92b50eadfce793?s=96&d=mm&r=g\",\"contentUrl\":\"https:\/\/secure.gravatar.com\/avatar\/7f2c48bdc33b30088f941fb6082e555f2874c98e20cb159d7b92b50eadfce793?s=96&d=mm&r=g\",\"caption\":\"ulises\"},\"sameAs\":[\"http:\/\/www.celttv.com.ar\"]}]}<\/script>\n<!-- \/ Yoast SEO plugin. -->","yoast_head_json":{"title":"EL COLEGIO NUESTRA SE\u00d1ORA DE LUJ\u00c1N ORGANIZA UN VIA CRUCIS PARA REZAR Y PEDIR POR TODOS LOS DOCENTES - CELTTV","description":"Sitio web de noticias de la localidad de Tornquist, provincia de Buenos Aires, Rep\u00fablica Argentina. Contenido propio originado por periodistas de CELTTV, el canal de TV local de la Cooperativa El\u00e9ctrica de Tornquist. Turismo, Pol\u00edtica, Sociedad, Deporte, Cultura y todo el contenido de inter\u00e9s general que la gente del pueblo y la regi\u00f3n debe conocer.","robots":{"index":"index","follow":"follow","max-snippet":"max-snippet:-1","max-image-preview":"max-image-preview:large","max-video-preview":"max-video-preview:-1"},"canonical":"https:\/\/www.celttv.com.ar\/index.php\/2015\/03\/05\/el-colegio-nuestra-senora-de-lujan-organiza-un-via-crucis-para-rezar-y-pedir-por-todos-los-docentes\/","og_locale":"es_ES","og_type":"article","og_title":"EL COLEGIO NUESTRA SE\u00d1ORA DE LUJ\u00c1N ORGANIZA UN VIA CRUCIS PARA REZAR Y PEDIR POR TODOS LOS DOCENTES - CELTTV","og_description":"Sitio web de noticias de la localidad de Tornquist, provincia de Buenos Aires, Rep\u00fablica Argentina. Contenido propio originado por periodistas de CELTTV, el canal de TV local de la Cooperativa El\u00e9ctrica de Tornquist. Turismo, Pol\u00edtica, Sociedad, Deporte, Cultura y todo el contenido de inter\u00e9s general que la gente del pueblo y la regi\u00f3n debe conocer.","og_url":"https:\/\/www.celttv.com.ar\/index.php\/2015\/03\/05\/el-colegio-nuestra-senora-de-lujan-organiza-un-via-crucis-para-rezar-y-pedir-por-todos-los-docentes\/","og_site_name":"CELTTV","article_publisher":"https:\/\/www.facebook.com\/celtTV\/","article_published_time":"2015-03-05T20:33:35+00:00","author":"ulises","twitter_card":"summary_large_image","twitter_misc":{"Escrito por":"ulises","Tiempo de lectura":"1 minuto"},"schema":{"@context":"https:\/\/schema.org","@graph":[{"@type":"NewsArticle","@id":"https:\/\/www.celttv.com.ar\/index.php\/2015\/03\/05\/el-colegio-nuestra-senora-de-lujan-organiza-un-via-crucis-para-rezar-y-pedir-por-todos-los-docentes\/#article","isPartOf":{"@id":"https:\/\/www.celttv.com.ar\/index.php\/2015\/03\/05\/el-colegio-nuestra-senora-de-lujan-organiza-un-via-crucis-para-rezar-y-pedir-por-todos-los-docentes\/"},"author":{"name":"ulises","@id":"https:\/\/www.celttv.com.ar\/#\/schema\/person\/6d99c072dba59953809c81446e9d0ace"},"headline":"EL COLEGIO NUESTRA SE\u00d1ORA DE LUJ\u00c1N ORGANIZA UN VIA CRUCIS PARA REZAR Y PEDIR POR TODOS LOS DOCENTES","datePublished":"2015-03-05T20:33:35+00:00","dateModified":"2015-03-05T20:33:35+00:00","mainEntityOfPage":{"@id":"https:\/\/www.celttv.com.ar\/index.php\/2015\/03\/05\/el-colegio-nuestra-senora-de-lujan-organiza-un-via-crucis-para-rezar-y-pedir-por-todos-los-docentes\/"},"wordCount":249,"publisher":{"@id":"https:\/\/www.celttv.com.ar\/#organization"},"articleSection":["Comunidad","Destacadas"],"inLanguage":"es"},{"@type":"WebPage","@id":"https:\/\/www.celttv.com.ar\/index.php\/2015\/03\/05\/el-colegio-nuestra-senora-de-lujan-organiza-un-via-crucis-para-rezar-y-pedir-por-todos-los-docentes\/","url":"https:\/\/www.celttv.com.ar\/index.php\/2015\/03\/05\/el-colegio-nuestra-senora-de-lujan-organiza-un-via-crucis-para-rezar-y-pedir-por-todos-los-docentes\/","name":"EL COLEGIO NUESTRA SE\u00d1ORA DE LUJ\u00c1N ORGANIZA UN VIA CRUCIS PARA REZAR Y PEDIR POR TODOS LOS DOCENTES - CELTTV","isPartOf":{"@id":"https:\/\/www.celttv.com.ar\/#website"},"datePublished":"2015-03-05T20:33:35+00:00","dateModified":"2015-03-05T20:33:35+00:00","description":"Sitio web de noticias de la localidad de Tornquist, provincia de Buenos Aires, Rep\u00fablica Argentina. Contenido propio originado por periodistas de CELTTV, el canal de TV local de la Cooperativa El\u00e9ctrica de Tornquist. Turismo, Pol\u00edtica, Sociedad, Deporte, Cultura y todo el contenido de inter\u00e9s general que la gente del pueblo y la regi\u00f3n debe conocer.","breadcrumb":{"@id":"https:\/\/www.celttv.com.ar\/index.php\/2015\/03\/05\/el-colegio-nuestra-senora-de-lujan-organiza-un-via-crucis-para-rezar-y-pedir-por-todos-los-docentes\/#breadcrumb"},"inLanguage":"es","potentialAction":[{"@type":"ReadAction","target":["https:\/\/www.celttv.com.ar\/index.php\/2015\/03\/05\/el-colegio-nuestra-senora-de-lujan-organiza-un-via-crucis-para-rezar-y-pedir-por-todos-los-docentes\/"]}]},{"@type":"BreadcrumbList","@id":"https:\/\/www.celttv.com.ar\/index.php\/2015\/03\/05\/el-colegio-nuestra-senora-de-lujan-organiza-un-via-crucis-para-rezar-y-pedir-por-todos-los-docentes\/#breadcrumb","itemListElement":[{"@type":"ListItem","position":1,"name":"Inicio","item":"https:\/\/www.celttv.com.ar\/"},{"@type":"ListItem","position":2,"name":"EL COLEGIO NUESTRA SE\u00d1ORA DE LUJ\u00c1N ORGANIZA UN VIA CRUCIS PARA REZAR Y PEDIR POR TODOS LOS DOCENTES"}]},{"@type":"WebSite","@id":"https:\/\/www.celttv.com.ar\/#website","url":"https:\/\/www.celttv.com.ar\/","name":"CELTTV","description":"Cooperativa El\u00e9ctrica de Tornquist","publisher":{"@id":"https:\/\/www.celttv.com.ar\/#organization"},"potentialAction":[{"@type":"SearchAction","target":{"@type":"EntryPoint","urlTemplate":"https:\/\/www.celttv.com.ar\/?s={search_term_string}"},"query-input":"required name=search_term_string"}],"inLanguage":"es"},{"@type":"Organization","@id":"https:\/\/www.celttv.com.ar\/#organization","name":"CELTTV","url":"https:\/\/www.celttv.com.ar\/","sameAs":["https:\/\/www.youtube.com\/channel\/UCz_oIt8Hig64Ub-EmcNPIhg","https:\/\/www.facebook.com\/celtTV\/"],"logo":{"@type":"ImageObject","inLanguage":"es","@id":"https:\/\/www.celttv.com.ar\/#\/schema\/logo\/image\/","url":"http:\/\/www.celttv.com.ar\/wp-content\/uploads\/2022\/08\/logo-1.png","contentUrl":"http:\/\/www.celttv.com.ar\/wp-content\/uploads\/2022\/08\/logo-1.png","width":461,"height":159,"caption":"CELTTV"},"image":{"@id":"https:\/\/www.celttv.com.ar\/#\/schema\/logo\/image\/"}},{"@type":"Person","@id":"https:\/\/www.celttv.com.ar\/#\/schema\/person\/6d99c072dba59953809c81446e9d0ace","name":"ulises","image":{"@type":"ImageObject","inLanguage":"es","@id":"https:\/\/www.celttv.com.ar\/#\/schema\/person\/image\/","url":"https:\/\/secure.gravatar.com\/avatar\/7f2c48bdc33b30088f941fb6082e555f2874c98e20cb159d7b92b50eadfce793?s=96&d=mm&r=g","contentUrl":"https:\/\/secure.gravatar.com\/avatar\/7f2c48bdc33b30088f941fb6082e555f2874c98e20cb159d7b92b50eadfce793?s=96&d=mm&r=g","caption":"ulises"},"sameAs":["http:\/\/www.celttv.com.ar"]}]}},"_links":{"self":[{"href":"https:\/\/www.celttv.com.ar\/index.php\/wp-json\/wp\/v2\/posts\/27058","targetHints":{"allow":["GET"]}}],"collection":[{"href":"https:\/\/www.celttv.com.ar\/index.php\/wp-json\/wp\/v2\/posts"}],"about":[{"href":"https:\/\/www.celttv.com.ar\/index.php\/wp-json\/wp\/v2\/types\/post"}],"author":[{"embeddable":true,"href":"https:\/\/www.celttv.com.ar\/index.php\/wp-json\/wp\/v2\/users\/1"}],"replies":[{"embeddable":true,"href":"https:\/\/www.celttv.com.ar\/index.php\/wp-json\/wp\/v2\/comments?post=27058"}],"version-history":[{"count":0,"href":"https:\/\/www.celttv.com.ar\/index.php\/wp-json\/wp\/v2\/posts\/27058\/revisions"}],"wp:attachment":[{"href":"https:\/\/www.celttv.com.ar\/index.php\/wp-json\/wp\/v2\/media?parent=27058"}],"wp:term":[{"taxonomy":"category","embeddable":true,"href":"https:\/\/www.celttv.com.ar\/index.php\/wp-json\/wp\/v2\/categories?post=27058"},{"taxonomy":"post_tag","embeddable":true,"href":"https:\/\/www.celttv.com.ar\/index.php\/wp-json\/wp\/v2\/tags?post=27058"}],"curies":[{"name":"wp","href":"https:\/\/api.w.org\/{rel}","templated":true}]}}