{"id":27160,"date":"2015-03-09T21:07:51","date_gmt":"2015-03-09T21:07:51","guid":{"rendered":"http:\/\/www.tvcnoticias.com.ar\/?p=27160"},"modified":"2015-03-09T21:07:51","modified_gmt":"2015-03-09T21:07:51","slug":"master-plan-para-evitar-las-inundaciones-en-la-ciudad-nota-con-el-intendente-municipal","status":"publish","type":"post","link":"https:\/\/www.celttv.com.ar\/index.php\/2015\/03\/09\/master-plan-para-evitar-las-inundaciones-en-la-ciudad-nota-con-el-intendente-municipal\/","title":{"rendered":"&#8220;MASTER PLAN&#8221; PARA EVITAR LAS INUNDACIONES EN LA CIUDAD (Nota con el Intendente Municipal)"},"content":{"rendered":"<p><a href=\"https:\/\/www.youtube.com\/watch?v=qHmtaqcQkVk\">httpv:\/\/www.youtube.com\/watch?v=qHmtaqcQkVk<\/a><\/p>\n<p><a href=\"https:\/\/www.youtube.com\/watch?v=10gfTqebg08\">httpv:\/\/www.youtube.com\/watch?v=10gfTqebg08<\/a><\/p>\n<p><span style=\"font-family: Verdana, Arial, Helvetica, sans-serif; font-size: x-small;\">Tras los inconvenientes producidos en diferentes puntos de la ciudad, producto de los casi 100mm ca\u00eddos en menos de dos horas en la ma\u00f1ana de este lunes, el Intendente Municipal, Lic. Gustavo Trankels, asegur\u00f3 que \u201cse est\u00e1 trabajando\u201d.<\/span><\/p>\n<p><span style=\"font-family: Verdana, Arial, Helvetica, sans-serif; font-size: x-small;\">\u201cEstamos previendo algunas obras que hay que reformar e ir corrigiendo, que se han deteriorado con las lluvias. Se satur\u00f3 el sistema tanto en viviendas como en infraestructura\u201d, sostuvo.<\/span><\/p>\n<p><span style=\"font-family: Verdana, Arial, Helvetica, sans-serif; font-size: x-small;\">En ese sentido, afirm\u00f3 que la primera reuni\u00f3n de este lunes fue con t\u00e9cnicos del Ministerio de Asuntos Agrarios, \u201cque nos han asesorado en la realizaci\u00f3n de las trincheras de absorci\u00f3n, las curvas de nivel\u201d.<\/span><\/p>\n<p><span style=\"font-family: Verdana, Arial, Helvetica, sans-serif; font-size: x-small;\">\u201cLa intenci\u00f3n es evaluar la posibilidad de redimensionar alguno de los terraplenes construidos en los cerros para generar una contenci\u00f3n de m\u00e1s litros de agua\u201d, explic\u00f3.<\/span><\/p>\n<p><span style=\"font-family: Verdana, Arial, Helvetica, sans-serif; font-size: x-small;\">Agreg\u00f3 que dicha obra ha dado resultado, \u201cya que el agua se comporta de una manera diferentes y ha generado menos males mayores. El concepto es retener al mayor cantidad de agua\u201d.<\/span><\/p>\n<p><span style=\"font-family: Verdana, Arial, Helvetica, sans-serif; font-size: x-small;\">Trankels manifest\u00f3 que con las precipitaciones de este lunes \u201cmuchas viviendas han tenido problemas con el dimensionamiento de canaletas y de desag\u00fces, que con estos fen\u00f3menos han quedado saturados\u201d.<\/span><\/p>\n<p><span style=\"font-family: Verdana, Arial, Helvetica, sans-serif; font-size: x-small;\">Con respecto a la problem\u00e1tica de Claudio Heredia en su vivienda ubicada en la primera cuadra de calle Santiago Carbone, el jefe comunal sostuvo que \u201cno solo se trata de la colocaci\u00f3n de un ca\u00f1o en esa arteria\u201d.<\/span><\/p>\n<p><span style=\"font-family: Verdana, Arial, Helvetica, sans-serif; font-size: x-small;\">\u201cPara llegar a ver al obra en ese lugar hubo que hacer un master plan de todas las pendientes del ejido urbano y de las zonas adyacentes, y de las distintas cuencas que aportan agua y de la salida de las pendientes\u201d, explic\u00f3.<\/span><\/p>\n<p><span style=\"font-family: Verdana, Arial, Helvetica, sans-serif; font-size: x-small;\">\u201cEse trabajo \u2013continu\u00f3- ya est\u00e1 concluido, y a partir de ello podemos empezar a pensar cada una de las obras que despu\u00e9s se fueron realizando, como todo lo que se hizo en los cerros y la alcantarilla que reclama Claudio Heredia\u201d.<\/span><\/p>\n<p><span style=\"font-family: Verdana, Arial, Helvetica, sans-serif; font-size: x-small;\">En cuanto al reclamo puntal, asegur\u00f3 que sobre eso \u201cest\u00e1 hecho el anteproyecto y ya lo mandamos a presupuestar\u201d.<\/span><\/p>\n<p><span style=\"font-family: Verdana, Arial, Helvetica, sans-serif; font-size: x-small;\">El intendente a\u00f1adi\u00f3 que tras la colocaci\u00f3n de la alcantarilla, \u201cse deben canalizar la aguas abajo para que no genere problemas a quienes habitan del otro lado de la v\u00eda\u201d. \u201cEstamos trabajando permanentemente en esto, que implic\u00f3 un estudio general muy importante que no estaba hecho\u201d, agreg\u00f3.<\/span><\/p>\n<p><span style=\"font-family: Verdana, Arial, Helvetica, sans-serif; font-size: x-small;\">En esa l\u00ednea, asegur\u00f3 que \u201csi esto se hubiese hecho en otro gobierno, ya estar\u00edamos en la ejecuci\u00f3n de la obra, por eso hay que aclarar que tuvimos que arrancar de cero con esto\u201d.<\/span><\/p>\n<p><span style=\"font-family: Verdana, Arial, Helvetica, sans-serif; font-size: x-small;\">El jefe comunal reiter\u00f3 que \u201cel impacto de la lluvia hubiese sido superior si las obras que realizamos no estaban hechas. Estamos recorriendo un camino que es largo y vamos a seguir trabajando para lo que falta y previendo cosas\u201d.<\/span><\/p>\n<p><span style=\"font-family: Verdana, Arial, Helvetica, sans-serif; font-size: x-small;\">Sobre los desbordes cloacales, dijo que estuvieron en conversaci\u00f3n con personal de ABSA, ya que \u201cno dejamos de ser vecinos, porque esto nos afecta a todos\u201d.<\/span><\/p>\n<p><span style=\"font-family: Verdana, Arial, Helvetica, sans-serif; font-size: x-small;\">Adem\u00e1s, aclar\u00f3 que hay sectores linderos a la v\u00eda que son jurisdicci\u00f3n de Ferroexpreso y tenemos que pedirles autorizaci\u00f3n. Cuando nos dejan entrar, ellos vienen a supervisar los trabajos\u201d.<\/span><\/p>\n<p><span style=\"font-family: Verdana, Arial, Helvetica, sans-serif; font-size: x-small;\">Por \u00faltimo, Trankels inform\u00f3 que quienes tengan inconvenientes que le generen inundaciones o desbordes en sus viviendas, se acerquen a hacer el reclamo al corral\u00f3n municipal.<\/span><\/p>\n<p>&nbsp;<\/p>\n","protected":false},"excerpt":{"rendered":"<p>httpv:\/\/www.youtube.com\/watch?v=qHmtaqcQkVk httpv:\/\/www.youtube.com\/watch?v=10gfTqebg08 Tras los inconvenientes producidos en diferentes puntos de la ciudad, producto de los casi 100mm ca\u00eddos en menos de dos horas en la ma\u00f1ana de este lunes, el Intendente Municipal, Lic. Gustavo Trankels, asegur\u00f3 que \u201cse est\u00e1 trabajando\u201d. \u201cEstamos previendo algunas obras que hay que reformar e ir corrigiendo, que se han deteriorado [&hellip;]<\/p>\n","protected":false},"author":1,"featured_media":0,"comment_status":"closed","ping_status":"open","sticky":false,"template":"","format":"standard","meta":{"footnotes":""},"categories":[51,52,53,64],"tags":[],"class_list":["post-27160","post","type-post","status-publish","format-standard","hentry","category-comunidad","category-destacadas","category-politica","category-videos-destacados"],"yoast_head":"<!-- This site is optimized with the Yoast SEO plugin v19.7.1 - https:\/\/yoast.com\/wordpress\/plugins\/seo\/ -->\n<title>&quot;MASTER PLAN&quot; PARA EVITAR LAS INUNDACIONES EN LA CIUDAD (Nota con el Intendente Municipal) - CELTTV<\/title>\n<meta name=\"description\" content=\"Sitio web de noticias de la localidad de Tornquist, provincia de Buenos Aires, Rep\u00fablica Argentina. Contenido propio originado por periodistas de CELTTV, el canal de TV local de la Cooperativa El\u00e9ctrica de Tornquist. Turismo, Pol\u00edtica, Sociedad, Deporte, Cultura y todo el contenido de inter\u00e9s general que la gente del pueblo y la regi\u00f3n debe conocer.\" \/>\n<meta name=\"robots\" content=\"index, follow, max-snippet:-1, max-image-preview:large, max-video-preview:-1\" \/>\n<link rel=\"canonical\" href=\"https:\/\/www.celttv.com.ar\/index.php\/2015\/03\/09\/master-plan-para-evitar-las-inundaciones-en-la-ciudad-nota-con-el-intendente-municipal\/\" \/>\n<meta property=\"og:locale\" content=\"es_ES\" \/>\n<meta property=\"og:type\" content=\"article\" \/>\n<meta property=\"og:title\" content=\"&quot;MASTER PLAN&quot; PARA EVITAR LAS INUNDACIONES EN LA CIUDAD (Nota con el Intendente Municipal) - CELTTV\" \/>\n<meta property=\"og:description\" content=\"Sitio web de noticias de la localidad de Tornquist, provincia de Buenos Aires, Rep\u00fablica Argentina. Contenido propio originado por periodistas de CELTTV, el canal de TV local de la Cooperativa El\u00e9ctrica de Tornquist. Turismo, Pol\u00edtica, Sociedad, Deporte, Cultura y todo el contenido de inter\u00e9s general que la gente del pueblo y la regi\u00f3n debe conocer.\" \/>\n<meta property=\"og:url\" content=\"https:\/\/www.celttv.com.ar\/index.php\/2015\/03\/09\/master-plan-para-evitar-las-inundaciones-en-la-ciudad-nota-con-el-intendente-municipal\/\" \/>\n<meta property=\"og:site_name\" content=\"CELTTV\" \/>\n<meta property=\"article:publisher\" content=\"https:\/\/www.facebook.com\/celtTV\/\" \/>\n<meta property=\"article:published_time\" content=\"2015-03-09T21:07:51+00:00\" \/>\n<meta name=\"author\" content=\"ulises\" \/>\n<meta name=\"twitter:card\" content=\"summary_large_image\" \/>\n<meta name=\"twitter:label1\" content=\"Escrito por\" \/>\n\t<meta name=\"twitter:data1\" content=\"ulises\" \/>\n\t<meta name=\"twitter:label2\" content=\"Tiempo de lectura\" \/>\n\t<meta name=\"twitter:data2\" content=\"3 minutos\" \/>\n<script type=\"application\/ld+json\" class=\"yoast-schema-graph\">{\"@context\":\"https:\/\/schema.org\",\"@graph\":[{\"@type\":\"NewsArticle\",\"@id\":\"https:\/\/www.celttv.com.ar\/index.php\/2015\/03\/09\/master-plan-para-evitar-las-inundaciones-en-la-ciudad-nota-con-el-intendente-municipal\/#article\",\"isPartOf\":{\"@id\":\"https:\/\/www.celttv.com.ar\/index.php\/2015\/03\/09\/master-plan-para-evitar-las-inundaciones-en-la-ciudad-nota-con-el-intendente-municipal\/\"},\"author\":{\"name\":\"ulises\",\"@id\":\"https:\/\/www.celttv.com.ar\/#\/schema\/person\/6d99c072dba59953809c81446e9d0ace\"},\"headline\":\"&#8220;MASTER PLAN&#8221; PARA EVITAR LAS INUNDACIONES EN LA CIUDAD (Nota con el Intendente Municipal)\",\"datePublished\":\"2015-03-09T21:07:51+00:00\",\"dateModified\":\"2015-03-09T21:07:51+00:00\",\"mainEntityOfPage\":{\"@id\":\"https:\/\/www.celttv.com.ar\/index.php\/2015\/03\/09\/master-plan-para-evitar-las-inundaciones-en-la-ciudad-nota-con-el-intendente-municipal\/\"},\"wordCount\":589,\"publisher\":{\"@id\":\"https:\/\/www.celttv.com.ar\/#organization\"},\"articleSection\":[\"Comunidad\",\"Destacadas\",\"Pol\u00edtica\",\"Videos Destacados\"],\"inLanguage\":\"es\"},{\"@type\":\"WebPage\",\"@id\":\"https:\/\/www.celttv.com.ar\/index.php\/2015\/03\/09\/master-plan-para-evitar-las-inundaciones-en-la-ciudad-nota-con-el-intendente-municipal\/\",\"url\":\"https:\/\/www.celttv.com.ar\/index.php\/2015\/03\/09\/master-plan-para-evitar-las-inundaciones-en-la-ciudad-nota-con-el-intendente-municipal\/\",\"name\":\"\\\"MASTER PLAN\\\" PARA EVITAR LAS INUNDACIONES EN LA CIUDAD (Nota con el Intendente Municipal) - CELTTV\",\"isPartOf\":{\"@id\":\"https:\/\/www.celttv.com.ar\/#website\"},\"datePublished\":\"2015-03-09T21:07:51+00:00\",\"dateModified\":\"2015-03-09T21:07:51+00:00\",\"description\":\"Sitio web de noticias de la localidad de Tornquist, provincia de Buenos Aires, Rep\u00fablica Argentina. Contenido propio originado por periodistas de CELTTV, el canal de TV local de la Cooperativa El\u00e9ctrica de Tornquist. Turismo, Pol\u00edtica, Sociedad, Deporte, Cultura y todo el contenido de inter\u00e9s general que la gente del pueblo y la regi\u00f3n debe conocer.\",\"breadcrumb\":{\"@id\":\"https:\/\/www.celttv.com.ar\/index.php\/2015\/03\/09\/master-plan-para-evitar-las-inundaciones-en-la-ciudad-nota-con-el-intendente-municipal\/#breadcrumb\"},\"inLanguage\":\"es\",\"potentialAction\":[{\"@type\":\"ReadAction\",\"target\":[\"https:\/\/www.celttv.com.ar\/index.php\/2015\/03\/09\/master-plan-para-evitar-las-inundaciones-en-la-ciudad-nota-con-el-intendente-municipal\/\"]}]},{\"@type\":\"BreadcrumbList\",\"@id\":\"https:\/\/www.celttv.com.ar\/index.php\/2015\/03\/09\/master-plan-para-evitar-las-inundaciones-en-la-ciudad-nota-con-el-intendente-municipal\/#breadcrumb\",\"itemListElement\":[{\"@type\":\"ListItem\",\"position\":1,\"name\":\"Inicio\",\"item\":\"https:\/\/www.celttv.com.ar\/\"},{\"@type\":\"ListItem\",\"position\":2,\"name\":\"&#8220;MASTER PLAN&#8221; PARA EVITAR LAS INUNDACIONES EN LA CIUDAD (Nota con el Intendente Municipal)\"}]},{\"@type\":\"WebSite\",\"@id\":\"https:\/\/www.celttv.com.ar\/#website\",\"url\":\"https:\/\/www.celttv.com.ar\/\",\"name\":\"CELTTV\",\"description\":\"Cooperativa El\u00e9ctrica de Tornquist\",\"publisher\":{\"@id\":\"https:\/\/www.celttv.com.ar\/#organization\"},\"potentialAction\":[{\"@type\":\"SearchAction\",\"target\":{\"@type\":\"EntryPoint\",\"urlTemplate\":\"https:\/\/www.celttv.com.ar\/?s={search_term_string}\"},\"query-input\":\"required name=search_term_string\"}],\"inLanguage\":\"es\"},{\"@type\":\"Organization\",\"@id\":\"https:\/\/www.celttv.com.ar\/#organization\",\"name\":\"CELTTV\",\"url\":\"https:\/\/www.celttv.com.ar\/\",\"sameAs\":[\"https:\/\/www.youtube.com\/channel\/UCz_oIt8Hig64Ub-EmcNPIhg\",\"https:\/\/www.facebook.com\/celtTV\/\"],\"logo\":{\"@type\":\"ImageObject\",\"inLanguage\":\"es\",\"@id\":\"https:\/\/www.celttv.com.ar\/#\/schema\/logo\/image\/\",\"url\":\"http:\/\/www.celttv.com.ar\/wp-content\/uploads\/2022\/08\/logo-1.png\",\"contentUrl\":\"http:\/\/www.celttv.com.ar\/wp-content\/uploads\/2022\/08\/logo-1.png\",\"width\":461,\"height\":159,\"caption\":\"CELTTV\"},\"image\":{\"@id\":\"https:\/\/www.celttv.com.ar\/#\/schema\/logo\/image\/\"}},{\"@type\":\"Person\",\"@id\":\"https:\/\/www.celttv.com.ar\/#\/schema\/person\/6d99c072dba59953809c81446e9d0ace\",\"name\":\"ulises\",\"image\":{\"@type\":\"ImageObject\",\"inLanguage\":\"es\",\"@id\":\"https:\/\/www.celttv.com.ar\/#\/schema\/person\/image\/\",\"url\":\"https:\/\/secure.gravatar.com\/avatar\/7f2c48bdc33b30088f941fb6082e555f2874c98e20cb159d7b92b50eadfce793?s=96&d=mm&r=g\",\"contentUrl\":\"https:\/\/secure.gravatar.com\/avatar\/7f2c48bdc33b30088f941fb6082e555f2874c98e20cb159d7b92b50eadfce793?s=96&d=mm&r=g\",\"caption\":\"ulises\"},\"sameAs\":[\"http:\/\/www.celttv.com.ar\"]}]}<\/script>\n<!-- \/ Yoast SEO plugin. -->","yoast_head_json":{"title":"\"MASTER PLAN\" PARA EVITAR LAS INUNDACIONES EN LA CIUDAD (Nota con el Intendente Municipal) - CELTTV","description":"Sitio web de noticias de la localidad de Tornquist, provincia de Buenos Aires, Rep\u00fablica Argentina. Contenido propio originado por periodistas de CELTTV, el canal de TV local de la Cooperativa El\u00e9ctrica de Tornquist. Turismo, Pol\u00edtica, Sociedad, Deporte, Cultura y todo el contenido de inter\u00e9s general que la gente del pueblo y la regi\u00f3n debe conocer.","robots":{"index":"index","follow":"follow","max-snippet":"max-snippet:-1","max-image-preview":"max-image-preview:large","max-video-preview":"max-video-preview:-1"},"canonical":"https:\/\/www.celttv.com.ar\/index.php\/2015\/03\/09\/master-plan-para-evitar-las-inundaciones-en-la-ciudad-nota-con-el-intendente-municipal\/","og_locale":"es_ES","og_type":"article","og_title":"\"MASTER PLAN\" PARA EVITAR LAS INUNDACIONES EN LA CIUDAD (Nota con el Intendente Municipal) - CELTTV","og_description":"Sitio web de noticias de la localidad de Tornquist, provincia de Buenos Aires, Rep\u00fablica Argentina. Contenido propio originado por periodistas de CELTTV, el canal de TV local de la Cooperativa El\u00e9ctrica de Tornquist. Turismo, Pol\u00edtica, Sociedad, Deporte, Cultura y todo el contenido de inter\u00e9s general que la gente del pueblo y la regi\u00f3n debe conocer.","og_url":"https:\/\/www.celttv.com.ar\/index.php\/2015\/03\/09\/master-plan-para-evitar-las-inundaciones-en-la-ciudad-nota-con-el-intendente-municipal\/","og_site_name":"CELTTV","article_publisher":"https:\/\/www.facebook.com\/celtTV\/","article_published_time":"2015-03-09T21:07:51+00:00","author":"ulises","twitter_card":"summary_large_image","twitter_misc":{"Escrito por":"ulises","Tiempo de lectura":"3 minutos"},"schema":{"@context":"https:\/\/schema.org","@graph":[{"@type":"NewsArticle","@id":"https:\/\/www.celttv.com.ar\/index.php\/2015\/03\/09\/master-plan-para-evitar-las-inundaciones-en-la-ciudad-nota-con-el-intendente-municipal\/#article","isPartOf":{"@id":"https:\/\/www.celttv.com.ar\/index.php\/2015\/03\/09\/master-plan-para-evitar-las-inundaciones-en-la-ciudad-nota-con-el-intendente-municipal\/"},"author":{"name":"ulises","@id":"https:\/\/www.celttv.com.ar\/#\/schema\/person\/6d99c072dba59953809c81446e9d0ace"},"headline":"&#8220;MASTER PLAN&#8221; PARA EVITAR LAS INUNDACIONES EN LA CIUDAD (Nota con el Intendente Municipal)","datePublished":"2015-03-09T21:07:51+00:00","dateModified":"2015-03-09T21:07:51+00:00","mainEntityOfPage":{"@id":"https:\/\/www.celttv.com.ar\/index.php\/2015\/03\/09\/master-plan-para-evitar-las-inundaciones-en-la-ciudad-nota-con-el-intendente-municipal\/"},"wordCount":589,"publisher":{"@id":"https:\/\/www.celttv.com.ar\/#organization"},"articleSection":["Comunidad","Destacadas","Pol\u00edtica","Videos Destacados"],"inLanguage":"es"},{"@type":"WebPage","@id":"https:\/\/www.celttv.com.ar\/index.php\/2015\/03\/09\/master-plan-para-evitar-las-inundaciones-en-la-ciudad-nota-con-el-intendente-municipal\/","url":"https:\/\/www.celttv.com.ar\/index.php\/2015\/03\/09\/master-plan-para-evitar-las-inundaciones-en-la-ciudad-nota-con-el-intendente-municipal\/","name":"\"MASTER PLAN\" PARA EVITAR LAS INUNDACIONES EN LA CIUDAD (Nota con el Intendente Municipal) - CELTTV","isPartOf":{"@id":"https:\/\/www.celttv.com.ar\/#website"},"datePublished":"2015-03-09T21:07:51+00:00","dateModified":"2015-03-09T21:07:51+00:00","description":"Sitio web de noticias de la localidad de Tornquist, provincia de Buenos Aires, Rep\u00fablica Argentina. Contenido propio originado por periodistas de CELTTV, el canal de TV local de la Cooperativa El\u00e9ctrica de Tornquist. Turismo, Pol\u00edtica, Sociedad, Deporte, Cultura y todo el contenido de inter\u00e9s general que la gente del pueblo y la regi\u00f3n debe conocer.","breadcrumb":{"@id":"https:\/\/www.celttv.com.ar\/index.php\/2015\/03\/09\/master-plan-para-evitar-las-inundaciones-en-la-ciudad-nota-con-el-intendente-municipal\/#breadcrumb"},"inLanguage":"es","potentialAction":[{"@type":"ReadAction","target":["https:\/\/www.celttv.com.ar\/index.php\/2015\/03\/09\/master-plan-para-evitar-las-inundaciones-en-la-ciudad-nota-con-el-intendente-municipal\/"]}]},{"@type":"BreadcrumbList","@id":"https:\/\/www.celttv.com.ar\/index.php\/2015\/03\/09\/master-plan-para-evitar-las-inundaciones-en-la-ciudad-nota-con-el-intendente-municipal\/#breadcrumb","itemListElement":[{"@type":"ListItem","position":1,"name":"Inicio","item":"https:\/\/www.celttv.com.ar\/"},{"@type":"ListItem","position":2,"name":"&#8220;MASTER PLAN&#8221; PARA EVITAR LAS INUNDACIONES EN LA CIUDAD (Nota con el Intendente Municipal)"}]},{"@type":"WebSite","@id":"https:\/\/www.celttv.com.ar\/#website","url":"https:\/\/www.celttv.com.ar\/","name":"CELTTV","description":"Cooperativa El\u00e9ctrica de Tornquist","publisher":{"@id":"https:\/\/www.celttv.com.ar\/#organization"},"potentialAction":[{"@type":"SearchAction","target":{"@type":"EntryPoint","urlTemplate":"https:\/\/www.celttv.com.ar\/?s={search_term_string}"},"query-input":"required name=search_term_string"}],"inLanguage":"es"},{"@type":"Organization","@id":"https:\/\/www.celttv.com.ar\/#organization","name":"CELTTV","url":"https:\/\/www.celttv.com.ar\/","sameAs":["https:\/\/www.youtube.com\/channel\/UCz_oIt8Hig64Ub-EmcNPIhg","https:\/\/www.facebook.com\/celtTV\/"],"logo":{"@type":"ImageObject","inLanguage":"es","@id":"https:\/\/www.celttv.com.ar\/#\/schema\/logo\/image\/","url":"http:\/\/www.celttv.com.ar\/wp-content\/uploads\/2022\/08\/logo-1.png","contentUrl":"http:\/\/www.celttv.com.ar\/wp-content\/uploads\/2022\/08\/logo-1.png","width":461,"height":159,"caption":"CELTTV"},"image":{"@id":"https:\/\/www.celttv.com.ar\/#\/schema\/logo\/image\/"}},{"@type":"Person","@id":"https:\/\/www.celttv.com.ar\/#\/schema\/person\/6d99c072dba59953809c81446e9d0ace","name":"ulises","image":{"@type":"ImageObject","inLanguage":"es","@id":"https:\/\/www.celttv.com.ar\/#\/schema\/person\/image\/","url":"https:\/\/secure.gravatar.com\/avatar\/7f2c48bdc33b30088f941fb6082e555f2874c98e20cb159d7b92b50eadfce793?s=96&d=mm&r=g","contentUrl":"https:\/\/secure.gravatar.com\/avatar\/7f2c48bdc33b30088f941fb6082e555f2874c98e20cb159d7b92b50eadfce793?s=96&d=mm&r=g","caption":"ulises"},"sameAs":["http:\/\/www.celttv.com.ar"]}]}},"_links":{"self":[{"href":"https:\/\/www.celttv.com.ar\/index.php\/wp-json\/wp\/v2\/posts\/27160","targetHints":{"allow":["GET"]}}],"collection":[{"href":"https:\/\/www.celttv.com.ar\/index.php\/wp-json\/wp\/v2\/posts"}],"about":[{"href":"https:\/\/www.celttv.com.ar\/index.php\/wp-json\/wp\/v2\/types\/post"}],"author":[{"embeddable":true,"href":"https:\/\/www.celttv.com.ar\/index.php\/wp-json\/wp\/v2\/users\/1"}],"replies":[{"embeddable":true,"href":"https:\/\/www.celttv.com.ar\/index.php\/wp-json\/wp\/v2\/comments?post=27160"}],"version-history":[{"count":0,"href":"https:\/\/www.celttv.com.ar\/index.php\/wp-json\/wp\/v2\/posts\/27160\/revisions"}],"wp:attachment":[{"href":"https:\/\/www.celttv.com.ar\/index.php\/wp-json\/wp\/v2\/media?parent=27160"}],"wp:term":[{"taxonomy":"category","embeddable":true,"href":"https:\/\/www.celttv.com.ar\/index.php\/wp-json\/wp\/v2\/categories?post=27160"},{"taxonomy":"post_tag","embeddable":true,"href":"https:\/\/www.celttv.com.ar\/index.php\/wp-json\/wp\/v2\/tags?post=27160"}],"curies":[{"name":"wp","href":"https:\/\/api.w.org\/{rel}","templated":true}]}}