{"id":27294,"date":"2015-03-13T19:16:31","date_gmt":"2015-03-13T19:16:31","guid":{"rendered":"http:\/\/www.tvcnoticias.com.ar\/?p=27294"},"modified":"2015-03-13T19:16:31","modified_gmt":"2015-03-13T19:16:31","slug":"lo-que-se-dijo-en-la-sesion-autoconvocada-del-hcd-notas-y-videos","status":"publish","type":"post","link":"https:\/\/www.celttv.com.ar\/index.php\/2015\/03\/13\/lo-que-se-dijo-en-la-sesion-autoconvocada-del-hcd-notas-y-videos\/","title":{"rendered":"LO QUE SE DIJO EN LA SESION AUTOCONVOCADA DEL HCD. (Notas y videos)"},"content":{"rendered":"<p><a href=\"https:\/\/www.youtube.com\/watch?v=_ZjYoPxxS3I\">httpv:\/\/www.youtube.com\/watch?v=_ZjYoPxxS3I<\/a><\/p>\n<p><a href=\"https:\/\/www.youtube.com\/watch?v=l7dfVNWMngw\">httpv:\/\/www.youtube.com\/watch?v=l7dfVNWMngw<\/a><\/p>\n<p><a href=\"https:\/\/www.youtube.com\/watch?v=fOsmBCBu2lE\">httpv:\/\/www.youtube.com\/watch?v=fOsmBCBu2lE<\/a><\/p>\n<p><a href=\"https:\/\/www.youtube.com\/watch?v=vIcvgN12gU8\">httpv:\/\/www.youtube.com\/watch?v=vIcvgN12gU8<\/a><\/p>\n<p><a href=\"https:\/\/www.youtube.com\/watch?v=KBc5iDJzMC8\">httpv:\/\/www.youtube.com\/watch?v=KBc5iDJzMC8<\/a><\/p>\n<p><a href=\"https:\/\/www.youtube.com\/watch?v=m2Pls0vNFPE\">httpv:\/\/www.youtube.com\/watch?v=m2Pls0vNFPE<\/a><\/p>\n<p><a href=\"https:\/\/www.youtube.com\/watch?v=QG-ICtscNaU\">httpv:\/\/www.youtube.com\/watch?v=QG-ICtscNaU<\/a><\/p>\n<p><a href=\"https:\/\/www.youtube.com\/watch?v=5rvA2pvCXEQ\">httpv:\/\/www.youtube.com\/watch?v=5rvA2pvCXEQ<\/a><\/p>\n<p><a href=\"https:\/\/www.youtube.com\/watch?v=fvS635KmQdU\">httpv:\/\/www.youtube.com\/watch?v=fvS635KmQdU<\/a><\/p>\n<p>El pasado martes 10 del corriente mes, los Concejales\u00a0 resolvieron autoconvocarse en Sesi\u00f3n Extraordinaria, seg\u00fan las facultades otorgadas por el Art\u00edculo 68\u00ba\u00a0 inciso 5\u00ba de la Ley Org\u00e1nica de las Municipalidades para tratar los siguientes temas:<\/p>\n<p>&nbsp;<\/p>\n<p><strong><span style=\"text-decoration: underline;\">Expte. N\u00ba 128\/14:<\/span><\/strong> \u201cPte. H.C.D. solicita informe cuenta Fondo Educativo\u201d.<\/p>\n<p>Se aprueba por unanimidad enviar el mismo a la Contadur\u00eda Municipal para que se nos informe oportunamente seg\u00fan lo acordado.<\/p>\n<p>&nbsp;<\/p>\n<p><strong><span style=\"text-decoration: underline;\">Expte. N\u00ba 031\/15:<\/span><\/strong><strong> \u201c<\/strong>D.E. R\u00e9gimen de Regularizaci\u00f3n de Deudas Municipales &#8211; A\u00f1o 2015\u201d.<\/p>\n<p>Se aprueba por unanimidad la Ordenanza bajo el N\u00ba 2735\/15 \u00a0por la que se establece \u00a0un r\u00e9gimen de regularizaci\u00f3n para los\u00a0 contribuyentes y responsables de cualquier tasa Municipal, contribuci\u00f3n por mejoras y al Impuesto a los Automotores por los modelos, 1977 a 2003 inclusive, por obligaciones vencidas a la fecha de presentaci\u00f3n, correspondientes a tributos determinados o no, recurridos \u00f3 en estado de ejecuci\u00f3n, que se presenten a regularizar su situaci\u00f3n fiscal, en las condiciones previstas en esta Ordenanza, que regir\u00e1 desde la fecha de promulgaci\u00f3n de la presente norma hasta el d\u00eda 11 de diciembre de 2015.-<\/p>\n<p>Los pagos abonados con anterioridad a la vigencia de esta Ordenanza por conceptos que por la presente resultan eximidos se considerar\u00e1n firmes careciendo los interesados del derecho de repetirlos.-<strong> <\/strong><\/p>\n<p>La incorporaci\u00f3n a los beneficios de la presente Ordenanza ser\u00e1 a petici\u00f3n del contribuyente. &#8211;<\/p>\n<p>La deuda por cada uno de los tributos por los que se solicite regularizaci\u00f3n en los t\u00e9rminos de la presente Ordenanza, deber\u00e1 cancelarse mediante pago al contado del total de la deuda, al cual se le realizar\u00e1 un descuento en el importe de los intereses devengados igual al cuarenta por ciento (40%) de los mismos. En este caso no se podr\u00e1 optar por la regularizaci\u00f3n parcial de la deuda de cada tributo.-<\/p>\n<p>Los contribuyentes y dem\u00e1s responsables que tengan deudas fiscales en ejecuci\u00f3n, como as\u00ed tambi\u00e9n deudas que se encuentren\u00a0 en curso de discusi\u00f3n judicial, podr\u00e1n acogerse al beneficio de esta Ordenanza.-<\/p>\n<p>En los casos de obligaciones fiscales cuya discusi\u00f3n judicial haya concluido con sentencia firme, los contribuyentes podr\u00e1n acogerse a los beneficios del presente r\u00e9gimen acreditando previamente haber\u00a0 abonado los costos del juicio y los honorarios devengados.-<strong> <\/strong><\/p>\n<p>&nbsp;<\/p>\n<p><strong><span style=\"text-decoration: underline;\">Espte. \u00a0N\u00ba 032\/15:<\/span><\/strong><strong> \u201c<\/strong>D.E. Programa de Consolidaci\u00f3n de Viviendas\u201d.<\/p>\n<p>Se aprueba por unanimidad la Ordenanza bajo el N\u00ba 2736\/15 por la que se deroga en todos sus t\u00e9rminos la Ordenanza  N\u00ba 2198\/10, a partir de la fecha de promulgaci\u00f3n de la presente norma.-<\/p>\n<p>Se crea en el \u00e1mbito de la Municipalidad de Tornquist, el \u201cPrograma de Consolidaci\u00f3n de la Vivienda\u201d, destinado a otorgar beneficios para el mejoramiento habitacional de los agentes municipales.-<\/p>\n<p>El acceso a este Programa, ser\u00e1 totalmente voluntario por parte de los empleados comunales y a su requerimiento, quienes deber\u00e1n reunir los requisitos establecidos en la presente norma, como asimismo, manifestar expresamente su voluntad de adhesi\u00f3n y aceptaci\u00f3n de las condiciones por escrito.-<\/p>\n<p>Este Programa permitir\u00e1 al agente municipal adquirir materiales de construcci\u00f3n u otros insumos relacionados que permitan el mejoramiento de la infraestructura habitacional de su vivienda, as\u00ed como tambi\u00e9n el pago de la mano de obra de servicios relacionados, como por ejemplo, servicios de alba\u00f1iler\u00eda, herrer\u00eda, plomer\u00eda, pintura, electricidad. Quedando totalmente prohibida la adquisici\u00f3n de art\u00edculos electrodom\u00e9sticos, de computaci\u00f3n, electr\u00f3nicos y mobiliario en general.-<\/p>\n<p>Establ\u00e9zcase la siguiente metodolog\u00eda de operatoria y condiciones excluyentes de acceso al Programa de Consolidaci\u00f3n de Viviendas:<\/p>\n<p>A) Los agentes municipales deber\u00e1n presentar ante la Secretar\u00eda de Desarrollo Social y Derechos Humanos de la Municipalidad de Tornquist:<\/p>\n<p>1.- Una solicitud detallada de los materiales o mano de obra necesarios para el mejoramiento de sus viviendas de ocupaci\u00f3n permanente, los que deber\u00e1n estar presupuestados por rubro y el importe total por un proveedor inscripto en el Registro Municipal de Proveedores, con el fin de que la Municipalidad pueda proceder en caso de aprobaci\u00f3n, al pago de los insumos facturados directamente a dicho abastecedor.<\/p>\n<p>2.- Una copia de su Documento de Identidad y una de su \u00faltimo recibo de haberes.<\/p>\n<p>B) La  Secretar\u00eda de Desarrollo Social y Derechos Humanos evaluar\u00e1 si el solicitante re\u00fane las siguientes condiciones:<\/p>\n<p>1.- Que las cuotas que deban descontarse de sus haberes, no superen el Veinte por ciento (20%) del salario que mensualmente, el solicitante percibe en concepto de importes netos.<\/p>\n<p>Se autoriza al Departamento Ejecutivo a analizar los casos puntuales de agentes municipales que superen este porcentaje.<\/p>\n<p>2.- Que en caso de poseer el peticionante, otros descuentos en concepto de cr\u00e9ditos en sus haberes mensualmente (obviando los descuentos obligatorios de Ley y las cuotas alimentarias), la sumatoria de \u00e9stos no superen el 20% de sus ingresos netos.<\/p>\n<p>3.- Que el porcentaje de cuotas a descontar resultante, permita saldar el importe total presupuestado dentro del Ejercicio en el cual se solicita el beneficio del Programa, no pudiendo exceder dicho plazo las sumas a reembolsar, a los efectos de recuperar los pagos efectuados por parte de la Municipalidad.<\/p>\n<p>4.- Que el proveedor que presupuesta los materiales, se halle inscripto en el Registro Municipal de Proveedores.<\/p>\n<p>5.- En caso de que el trabajador solicitante, se encuentre empleado temporalmente por la Municipalidad, que las cuotas a descontar no superen el plazo de vigencia de su contrato de trabajo.<\/p>\n<p>C) Una vez verificados estos requisitos y de cumplirse, la Secretar\u00eda de Desarrollo Social y Derechos Humanos proceder\u00e1 a:<\/p>\n<p>1.- Solicitar al agente solicitante una nota suscripta por \u00e9l, donde dejar\u00e1 constancia de sus datos personales, la n\u00f3mina de la mano de obra o materiales a adquirir, el costo de los mismos, la cantidad de cuotas y el importe de cada una y su consentimiento de que se descuenten dichas cuotas de sus haberes mensuales.<\/p>\n<p>2.- Solicitar a la Oficina de Compras Municipal, mediante el correspondiente procedimiento administrativo, la adquisici\u00f3n de los materiales aprobados, informando el domicilio de entrega de los mismos y que informe la efectiva y formal recepci\u00f3n de los materiales o la mano de obra, para proceder luego a notificar a la Oficina de Personal Municipal, el acogimiento del empleado al presente Programa y as\u00ed comenzar con el descuento de las cuotas estipuladas de sus haberes mensuales.<\/p>\n<p>D) La  Municipalidad de Tornquist, no entregar\u00e1 dinero a los solicitantes, sino los materiales o la mano de obra requeridos, directamente en el domicilio denunciado por el agente municipal. Dicha entrega o prestaci\u00f3n la realizar\u00e1 en forma directa el proveedor. Una vez verificada la recepci\u00f3n de los materiales o la prestaci\u00f3n del servicio, la Municipalidad de Tornquist proceder\u00e1 a abonar el total del importe facturado.<\/p>\n<p>Queda fuera del alcance del Programa objeto de la presente norma el personal Superior de la Municipalidad de Tornquist.-<\/p>\n<p>&nbsp;<\/p>\n<p><strong><span style=\"text-decoration: underline;\">Expte. N\u00ba 049\/14:<\/span><\/strong><strong> \u201c<\/strong>D.E. Convalida el Contrato de Comodato celebrado entre la Cooperativa El\u00e9ctrica Limitada de Tornquist y el Municipio por fracci\u00f3n de lote para dep\u00f3sito\u201d.<\/p>\n<p>Se aprueba por unanimidad la Ordenanza bajo el N\u00ba 2737\/15 \u00a0por la que se convalida la firma del Contrato de Comodato celebrado entre la\u00a0 Cooperativa El\u00e9ctrica Limitada de Tornquist, representada por su Presidente Sr. Benito Alberto Rubio y su Secretaria Sra. Adriana Mar\u00eda Muscillo, y el Municipio de Tornquist, representado por\u00a0 el\u00a0 Lic. Gustavo Guillermo Trankels en su car\u00e1cter de Intendente Municipal. Por este Comodato el municipio cede a la instituci\u00f3n un espacio de terreno ubicado entre las avenidas Moreno y Ernesto Tornquist, lindante a la CELT, el cual ser\u00e1 destinado a dep\u00f3sito y estar\u00e1 al cuidado de la misma. El contrato tendr\u00e1 una vigencia de 30 a\u00f1os.<\/p>\n<p>&nbsp;<\/p>\n<p><strong><span style=\"text-decoration: underline;\">Expte. N\u00ba 051\/15:<\/span><\/strong><strong> \u201c<\/strong>D.E. Solicita autorizaci\u00f3n P\/Cobro derecho de ingreso a La Fiesta Provincial de La Vendimia\u201d.<\/p>\n<p>Se aprueba por unanimidad la Ordenanza bajo el N\u00ba 2738\/15 por la que se autoriza al Departamento Ejecutivo a cobrar en concepto de entrada general a la 4\u00ba FIESTA PROVINCIAL DE LA VENDIMIA y derecho a espect\u00e1culo, la suma de $ 30,00 (pesos treinta) por persona y por d\u00eda.<\/p>\n<p>Este valor se aplicar\u00e1 a toda persona mayor de 10 a\u00f1os.-<\/p>\n<p>&nbsp;<\/p>\n<p><strong><span style=\"text-decoration: underline;\">Proyectos presentados:<\/span><\/strong><\/p>\n<p><strong> <\/strong><\/p>\n<p><strong><span style=\"text-decoration: underline;\">Coalici\u00f3n C\u00edvica, Uni\u00f3n C\u00edvica Radical, y Frente Progresista C\u00edvico y Social-\u00a0 Minuta de Comunicaci\u00f3n: <\/span><\/strong>Solicita al Sr. Intendente Municipal, Lic. Gustavo Trankels a que arbitre los medios necesarios para relocalizar la actual terminal de \u00f3mnibus de la localidad de Sierra de la Ventana, para que la misma funcione en un lugar con mayores aptitudes que las que tiene el actual lugar de emplazamiento.<\/p>\n<p>Propone como lugar para que funcione dicha terminal, el sitio que fuera la estaci\u00f3n de servicio Shell, ubicada en la intersecci\u00f3n de las calles Hern\u00e1ndez y homero Manzi de la localidad de Sierra de la Ventana, ya que a nuestro criterio, (aclarando que no contamos con un estudio t\u00e9cnico al respecto) es un lugar apto para tal fin. No obstante esta propuesta que presentamos, entendemos que pueda existir otro lugar para su emplazamiento con mejores cualidades y que a criterio del Sr. Intendente Municipal sea m\u00e1s apto.<\/p>\n<p>Solicita al Sr. Intendente Municipal, que en el caso de que se tome la decisi\u00f3n de relocalizar la  Terminal de \u00f3mnibus de la localidad de Sierra de la Ventana, sea cual fuere el lugar al que se realice dicha reubicaci\u00f3n, se respeten las concesiones que pudieren estar vigentes como as\u00ed tambi\u00e9n no se afecten las fuentes de trabajo, permisos, etc, que tengan particulares para con las empresas prestadoras de servicio de transporte o cualquier otra explotaci\u00f3n econ\u00f3mica que pudiere existir en el marco del funcionamiento de la actual terminal de \u00f3mnibus de la citada localidad.<\/p>\n<p>Se forma el Expediente N\u00ba 6710\/15\u00a0 y se aprueba por unanimidad enviar el mismo al Departamento Ejecutivo para que por el \u00e1rea que corresponda se de la viabilidad de lo solicitado en la Minuta de Comunicaci\u00f3n.<\/p>\n<p>&nbsp;<\/p>\n<p><strong><span style=\"text-decoration: underline;\">Frente para la Victoria- Proyecto de Ordenanza<\/span><\/strong>: Denominar al nuevo espacio \u201cShock Room\u201d (Sala de Emergencias) del Hospital Dr. Alberto Castro: \u201cDr. Juan de Dios Rodr\u00edguez Lehmann\u201d.<\/p>\n<p>Se forma el Expediente N\u00ba 6711\/15 y se aprueba por unanimidad la Ordenanza con el N\u00ba 2739\/15 por la que se denomina al nuevo espacio \u201cShock Room\u201d (Sala de Emergencias) del Hospital Dr. Alberto Castro: \u201cDr. Juan de Dios Rodr\u00edguez Lehmann\u201d.<\/p>\n<p>A partir del a\u00f1o\u00a0 1980 el Dr. Juan de Dios Rodr\u00edguez Lehmann comenz\u00f3 a concurrir al Hospital Municipal Ad-Honorem. Posteriormente, en distintos per\u00edodos desempe\u00f1\u00f3\u00a0 los siguientes cargos:<\/p>\n<ul>\n<li>M\u00e9dico en guardias\u00a0 Pasivas.<\/li>\n<li>Director del Hospital Municipal.<\/li>\n<li>M\u00e9dico Ad-Honorem en los Institutos de Menores de la ciudad de Tornquist.<\/li>\n<li>Responsable de la Unidad  Sanitaria \u201cDr. Berrettini\u201d de Tornquist.<\/li>\n<li>M\u00e9dico del Hospital Municipal \u201cDr. Alberto Castro\u201d, hasta ocurrido su deceso.<\/li>\n<\/ul>\n<p>Ejerci\u00f3 la docencia y dict\u00f3 charlas sobre Educaci\u00f3n Sexual y Adicciones en distintos Establecimientos Educativos del Distrito de Tornquist.<\/p>\n<p>El Dr. Juan de Dios Rodr\u00edguez Lehmann ha dedicado su vida al cuidado de la salud f\u00edsica y espiritual de sus semejantes.<\/p>\n<p>M\u00e1s all\u00e1 de los cargos desempe\u00f1ados en la funci\u00f3n p\u00fablica, Juan, como lo conoc\u00edan los vecinos ha hecho Honor al Juramento Hipocr\u00e1tico, conteniendo no s\u00f3lo al paciente, sino tambi\u00e9n llevando tranquilidad a su familia.<\/p>\n<p>Por todo lo expuesto, el Dr. Juan de Dios Rodr\u00edguez Lehmann es merecedor de un homenaje que recuerde eternamente su nombre.<\/p>\n<p>&nbsp;<\/p>\n<p><strong><span style=\"text-decoration: underline;\">Frente para la Victoria- Proyecto de Resoluci\u00f3n:<\/span><\/strong> Declarar de Inter\u00e9s Municipal la 2\u00ba Carrera Nocturna, organizada por la Asociaci\u00f3n Cooperadora del Jard\u00edn de Infantes N\u00ba 903 y Bomberos Voluntarios de Sierra de la Ventana, para el d\u00eda 21 de Marzo de 2015.<\/p>\n<p>Se forma el Expediente N\u00ba 6712\/15 y se aprueba por unanimidad la Resoluci\u00f3n N\u00ba 02\/15 por la que se declara de Inter\u00e9s Municipal la 2\u00ba Carrera Nocturna, organizada por la Asociaci\u00f3n Cooperadora del Jard\u00edn de Infantes N\u00ba 903 y Bomberos Voluntarios de Sierra de la Ventana, para el d\u00eda 21 de Marzo de 2015.-<\/p>\n<p>El fin de dicho evento es impulsar la actividad f\u00edsica como un h\u00e1bito favorable para fomentar una buena salud y permitir un encuentro\u00a0 familiar recreativo. La misma permitir\u00e1 recaudar fondos para el funcionamiento de las Cooperadoras, reconociendo su trabajo responsable y comprometido con las instituciones a las que acompa\u00f1an.<\/p>\n<p>&nbsp;<\/p>\n<p><strong><span style=\"text-decoration: underline;\">Asuntos Particulares:<\/span><\/strong><strong> <\/strong><\/p>\n<p><strong> <\/strong><\/p>\n<p><strong><span style=\"text-decoration: underline;\">N.P. Vecinos de la Calle \u00a0Rivadavia entre Lamela y J.D. Filiberto, Mz 79:<\/span><\/strong> Solicitan ampliaci\u00f3n de la red cloacal en dicha cuadra.<\/p>\n<p>Se forma el Expediente N\u00ba 6713 y se aprueba por unanimidad enviar el mismo a la Secretar\u00eda de Obras y Servicios P\u00fablicos para que se informe a este Cuerpo si ya se tiene previsto desde dicha Secretar\u00eda realizar la obra solicitada.\u00a0 En caso de no estar prevista la obra solicitada, se tome conocimiento de lo expresado por los vecinos y se tenga en cuenta en futuras obras de ampliaci\u00f3n.<\/p>\n<p>&nbsp;<\/p>\n<p><strong><span style=\"text-decoration: underline;\">N.P. C\u00e1mara de Comercio, Industria y Turismo \u201cErnesto Tornquist\u201d:<\/span><\/strong> En referencia al corredor comercial alrededor de la plaza Ernesto Tornquist.-<\/p>\n<p>Se aprueba por unanimidad adjuntar la nota al Expediente N\u00ba 6627\/14.<\/p>\n<p>&nbsp;<\/p>\n<p>Hacen uso de la palabra los se\u00f1ores Concejales:<\/p>\n<p>&nbsp;<\/p>\n<p>Concejal Nielsen Adriana:<\/p>\n<p>\u201cBueno, en primera instancia quiero hacer referencia a la Minuta de Comunicaci\u00f3n que se le presenta al Sr. Intendente. Este Cuerpo, me parece oportuno acompa\u00f1ar la nota, ya que es un anhelo de la poblaci\u00f3n de Sierra de la Ventana. Sabemos que se est\u00e1 trabajando desde el Ejecutivo en la b\u00fasqueda de una soluci\u00f3n definitiva, pero consideramos que urge buscar un lugar que sea m\u00e1s apto, y me parece, y agradezco que todos los Concejales nos hayamos puesto de acuerdo en este petitorio. Nada m\u00e1s Sr. Presidente\u201d.<\/p>\n<p>&nbsp;<\/p>\n<p>Concejal De Larena Sonia:<\/p>\n<p>\u201cBueno, yo hab\u00eda pensado pedirle que me diga o me informe, cu\u00e1l es el rol del Concejal, y a ver si estaba estipulado en alg\u00fan lugar lo que se debe hacer con la dieta que percibimos. Pero me voy a permitir leer un poquito m\u00e1s adelante unos extractos que saqu\u00e9 de un libro que justamente se llama \u201cEl rol del Concejal\u201d, est\u00e1 escrito por Pulvirenti. Pero en \u00e9l no dice nada de qu\u00e9 hacer con el dinero, aunque hoy ac\u00e1 les voy a decir lo que hago yo, si tanto preocupa. La mitad de mi dieta o m\u00e1s vuelve a la comunidad, los que me conocen saben de lo que hablo. Y digo esto porque estoy viviendo situaciones en las que me siento perseguida o discriminada. Desde Secretar\u00eda de Acci\u00f3n Social se le dice a la gente que me pagan para que yo ayude, que est\u00e1 bien que me pidan, que es mi obligaci\u00f3n, y tambi\u00e9n interpelan a las personas para ver si ofrezco dinero, y les niegan ayuda o apoyo si han estado conmigo. No se lo que se pretende con esto, si ser\u00e1 dividir, la verdad es que no se. Otra situaci\u00f3n por la cual quer\u00eda ver el rol del Concejal, el Se\u00f1or Delegado de Saldungaray tiene orden expresa del Ejecutivo de no atenderme, por eso cuando me sent\u00ed casi echada de la Municipalidad el viernes pasado, le envi\u00e9 una nota que dice as\u00ed: \u201cSaldungaray, 6 de marzo de 2015. Sr. Delegado Municipal Don Daniel Olgiatti: Solicito en forma escrita los conceptos vertidos hoy a la ma\u00f1ana en ocasi\u00f3n de hacerme presente en la Delegaci\u00f3n Municipal como casi todas las ma\u00f1anas, cumpliendo y desempe\u00f1ando mi rol como Concejal electa por el distrito, y en la misma se me informe y se argumente, si para ser atendida debo pedir audiencia. De ser as\u00ed, en esta misma nota solicito una audiencia con usted. Saludo cordial, muchas gracias\u201d. Todav\u00eda no recib\u00ed nada. As\u00ed\u00a0 que ayer a la ma\u00f1ana, porque la verdad es que estaba bastante a disgusto, les acerqu\u00e9 el resumen este que voy a leer, a los empleados administrativos, y a las secretarias que est\u00e1n haciendo las anotaciones de los interesados en las casas de barrio, quienes se muestran molestas con mi presencia en el lugar. Y el libro dice as\u00ed, en algunas partes, m\u00e1s vale, son ciento ochenta p\u00e1ginas. Dice: \u201cEl rol del Concejal. Las legislaturas locales son el primer eslab\u00f3n de la representaci\u00f3n democr\u00e1tica y el \u00f3rgano cercano al vecino donde se manifiestan las necesarias b\u00fasquedas de consensos en cuestiones cotidianas de la comunidad. Por ello es que debemos aspirar que la misma comunidad toda tenga esta visi\u00f3n para participar, exigir, controlar e interactuar con sus representantes municipales\u201d. Y Daniel Osvaldo Scioli Gobernador de la Provincia de Buenos Aires, habla en ese libro que: Los Concejos Deliberantes son un Contacto Directo con los Ciudadanos, y \u00a0\u00a0dice entre otras cosas: \u201c&#8230;Porque cuando nos desarrollamos y crecemos econ\u00f3micamente desde los municipios estamos, efectivamente, mejorando la calidad de vida de nuestros vecinos. La cercan\u00eda del municipio a la sociedad hace que sea imprescindible abrir m\u00e1s canales de participaci\u00f3n ciudadana de acuerdo a sus propias y particulares necesidades. La labor de los concejales, por su cercan\u00eda a las necesidades de los vecinos, es clave en este camino que hemos iniciado para acercarnos a la gente y llevarles las soluciones y los cambios que todos nos merecemos. Poniendo lo mejor de cada uno podremos contribuir a la generaci\u00f3n de m\u00e1s puestos de trabajo que es la mejor pol\u00edtica social que nos podemos dar a nosotros mismos\u201d. Luego contin\u00faa el \u00a0Lic. P\u00e9rez Ministro de Jefatura de Gabinete de Ministros de la provincia de Buenos Aires y habla en el pr\u00f3logo diciendo: \u201cLos concejales y sus instituciones han de ser los receptores de estas pol\u00edticas que se vienen llevando a cabo desde nuestro ministerio, esperanzados en conseguir dos objetivos: El primero, lograr que los concejales tengan todas las herramientas necesarias para representar y actuar. El segundo, que las instituciones de la deliberaci\u00f3n y los consensos salgan fortalecidas. Si esto sucede a nivel local tendremos a futuro actores de gobierno provinciales y nacionales a la altura de las circunstancias\u201d. Luego, en otro lugar: \u201cAqu\u00e9l concejal que no representa las aspiraciones del pueblo, sacrific\u00e1ndola en aras a otras consideraciones; que no debate ideas y no legisla conforme a la raz\u00f3n o que no controla la gesti\u00f3n del departamento ejecutivo en la medida en que corresponde, perjudica a la democracia. El desempe\u00f1o de la funci\u00f3n de Concejal constituye una carga p\u00fablica. Se entiende por carga p\u00fablica, la obligaci\u00f3n de prestar una determinada tarea o labor. Esta concepci\u00f3n se ha reiterado desde las primeras legislaciones establecidas para funciones comunales. Nuestro ordenamiento prioriza y enfatiza la importancia de esta posici\u00f3n como un servicio que se brinda a la comunidad, la que pide sacrificios personales generando una expectativa de cumplimiento obligatorio. Entendemos en este \u00faltimo aspecto, que el Departamento Deliberativo, no es sino una parte \u2013 por cierto important\u00edsima &#8211; de la estructura organizativa comunal\u2026Precisamente la tendencia al fortalecimiento del municipio como prestador eficiente de servicios, como promotor de inversiones y negocios, como agente de paz social, tiene un innegable correlato en las adecuaciones que son esperables de los HCD\u2026Ser\u00eda deseable que el HCD incremente su presencia en las grandes decisiones locales. El aumento en las responsabilidades de los concejales, frente a demandas cada vez mayores de parte de sus representados, exige asimismo no s\u00f3lo su compromiso sino adem\u00e1s su capacitaci\u00f3n adecuada. El concejal, en tanto tiene dimensi\u00f3n de dirigente pol\u00edtico local, debe ir adecuando sus conocimientos a fin de saber en prospectiva a d\u00f3nde se dirige su comunidad, cu\u00e1les son las tendencias, pensando los nuevos escenarios sociales y dise\u00f1ando soluciones anticipatorias\u2026En definitiva, aqu\u00e9l que ha sido honrado por sus vecinos en una posici\u00f3n tan remarcable en la sociedad, deber\u00e1 buscar las respuestas que la sociedad y sus vecinos exigen, sabiendo que ese compromiso requerir\u00e1 capacitaci\u00f3n y entendimiento te\u00f3rico y emp\u00edrico del marco legal, social, econ\u00f3mico y pol\u00edtico en que se desenvuelve. Hay una sociedad esperanzada en mejores tiempos y hay siempre vecinos comprometidos a asumir la responsabilidad de gobierno y concretar sus deseos, ellos son\u00a0 los concejales\u201d, por lo menos es mi caso. Tambi\u00e9n quer\u00eda ya aprovechar para decirles que a partir del jueves que viene, vamos a retomar en Saldungaray, en la Biblioteca, con las reuniones del pueblo y los Concejales, ya nos estaban pidiendo desde el mes de febrero, a las 20:30 hs. Muchas gracias Sr. Presidente\u201d.<\/p>\n<p>&nbsp;<\/p>\n<p>Concejal Etcheber Daniel:<\/p>\n<p>\u201cLa felicito a Sonia porque ac\u00e1 es donde se debe hacer los reclamos, pero estoy totalmente en desacuerdo que los reclamos los empez\u00f3 a hacer en las redes sociales, y eso crea un clima de amor y odio. Los de amor, por supuesto, la tienen como v\u00edctima, y los de odio, se crea un clima cada vez de mayor odio, y es una comunidad chica. Y los reclamos que hace la Concejal De Larena, transitan despu\u00e9s hacia las instituciones, que no deber\u00eda, pero ya est\u00e1n en instituciones, donde alguien lo lleva, de decir \u201cpobre Sonia, fijate lo que le hizo el Delegado\u201d. No me consta lo del Delegado, de que la haya echado, el Intendente no creo que haya dicho que la eche, yo creo que es un problema del Delegado con la Concejal. Est\u00e1 bien que se reclame ac\u00e1, me gustar\u00eda escuchar las dos campanas, porque el Delegado no tiene derecho a defensa, en el sentido de que no tiene facebook como para que en las redes sociales salir a defenderse, donde le dijeron que ech\u00f3 a la Concejal. Seg\u00fan la dieta nuestra tambi\u00e9n con el Concejal Cardoso, tambi\u00e9n va la nuestra a la comunidad, porque me consta que los dos hemos tambi\u00e9n colaborado con instituciones y con todo. Es decir que en ese sentido nos tendr\u00eda que haber involucrado tambi\u00e9n ah\u00ed, somos todos iguales. Me gustar\u00eda a m\u00ed entonces, vuelvo a repetir, que el Delegado si lo dijo son problemas de \u00e9l, y que se enfrenten las dos campanas para que la gente escuche las dos campanas. Por \u00faltimo, sobre el tema de las reuniones que se van\u00a0 a hacer otra vez en la  Biblioteca, para hacerla cortita, no estoy de acuerdo, no vamos a, en el caso m\u00edo no voy a asistir, y no es que no me deja el Intendente, como se dijo anteriormente, ni nada. Esto el Intendente no lo sabe ni nada, no voy a asistir porque en el momento que convoca Sonia dice \u201ca ver los reclamos hacia el ejecutivo\u201d, es decir, vamos a hacer, es decir, la reuni\u00f3n para que reclamen, para que reclamen, para que reclamen, entonces, vamos a estar nosotros \u00bfpara qu\u00e9?, para que nos peguen, en vez de hacer una reuni\u00f3n para proyectos y todo en su momento. Por eso que de parte m\u00eda no voy a asistir: Si alg\u00fan d\u00eda convocan para tratar un proyecto elaborado, perfecto, pero asistir para que me peguen, de parte personal no, nada m\u00e1s. Gracias Sr. Presidente\u201d.<\/p>\n<p>&nbsp;<\/p>\n<p>&nbsp;<\/p>\n<p>Concejal De Larena Sonia:<\/p>\n<p>\u201cPrimera medida, yo quer\u00eda hacer hincapi\u00e9 en esto ac\u00e1, pocas veces uso las redes sociales para decir algo, y no dije absolutamente nada del problema este, de lo que me hab\u00eda dicho el Delegado. En segundo lugar, el tema de las reuniones, nosotros no le decimos a la gente que haga reclamos, nosotros, la gente viene por su propios medios, inclusive se han solucionado por\u00a0 el Delegado un mont\u00f3n de cosas en cuanto la gente pide que se haga, pero no reclamos para el ejecutivo. En ning\u00fan momento se le dice a la gente que empiecen a hacer reclamos al ejecutivo. La gente sola viene con sus inquietudes, siempre nosotros estamos diciendo a la gente que traiga sus inquietudes, y lo que quieran expresar. Nada m\u00e1s Sr. Presidente\u201d.<\/p>\n<p>&nbsp;<\/p>\n<p>Concejal Etcheber Daniel:<\/p>\n<p>\u201cEs cortita, no para entrar en debate ni nada. Pero la red social si la usas Sonia si siempre est\u00e1s,\u00a0 yo no tengo, pero todos los que ven eso est\u00e1s (el Presidente del Concejo le dice al Concejal que trate de referirse al Presidente), perd\u00f3n, perd\u00f3n. Las redes sociales la Concejal De Larena la usa, porque en todo momento, no se manejarlo yo pero \u201cme gusta esto\u201d, o \u201cme gusta lo otro\u201d, \u201cfui a tal lado\u201d, el d\u00eda de los bomberos cuando el incendio, la Concejal Nielsen estuvo trabajando palmo a palmo ah\u00ed y en ning\u00fan\u00a0 lado puso que estaba haciendo tal cosa, la Concejal De Larena, \u201cahora\u00a0 ir a hacer milanesas, ahora ir a hacer esto, a hacer lo otro\u201d, quiere decirse que est\u00e1 en las redes sociales. Y eso creo, para m\u00ed est\u00e1 mal, para mi est\u00e1 mal, estar\u00e9 equivocado pero cada uno opina como quiere. Gracias Sr. Presidente\u201d.<\/p>\n<p>&nbsp;<\/p>\n<p>Concejal Skolak Mar\u00eda Ofelia:<\/p>\n<p>\u201cSi Sr. Presidente, la verdad es que yo me enter\u00e9 por las redes sociales el comentario que acaba de expresar la Concejal Sonia De Larena, y me incomod\u00f3 bastante. Porque, me parece que llegar al extremo de usar las redes sociales para hacer un comentario con respecto al Intendente Municipal que no le permite la entrada a la  Delegaci\u00f3n, no es lo correcto. En primer lugar porque somos grandes, porque estamos representando al pueblo, y porque estamos entrando en un juego que se llama chusmer\u00edo en el cual no hay nada fundamentado ni escrito de lo que la se\u00f1ora expresa, entonces s\u00ed, yo lo le\u00ed y me enter\u00e9 por los medios, porque inmediatamente hice la, por las redes sociales, perd\u00f3n, inmediatamente hice la consulta pero lo que me extra\u00f1a en esto es que no es la primera vez que la Concejal Sonia De Larena se dirige al poder ejecutivo acus\u00e1ndolo de que, de estas cosas \u00bfno?, que acaba de mencionar. Yo la verdad es que solicitar\u00eda a la Concejal De Larena que tenga una charla mano a mano con el Delegado de Saldungaray. Yo creo que cuando nos ponemos a hablar las cosas se entienden, somos todos del mismo distrito, en este caso la Concejal De Larena se cruza constantemente con el Delegado Olgiatti. Ahora lo que no le voy a permitir que en las redes sociales mencione que el Intendente Municipal no respeta los derechos de las mujeres porque no le permite la entrada a la Delegaci\u00f3n. Algo muy parecido, a esto \u00a0no lo recuerdo bien, pero s\u00ed, muy parecido a esto lo que expres\u00f3 en las redes sociales. De todas maneras tambi\u00e9n me sorprende que se refiera a las personas, en este caso al \u00e1rea de Acci\u00f3n Social. Yo tambi\u00e9n puedo decir que los vecinos a mi me transmiten distintas versiones de la oposici\u00f3n, pero no me consta ni lo tengo por escrito, es decir, estar planteando esto en el Recinto con respecto a las distintas \u00e1reas del Departamento Ejecutivo, no es la primera vez, porque ya esto\u00a0 viene sucediendo desde el a\u00f1o pasado, me resulta muy ingrato. Creo que las cosas se resuelven hablando de frente, y no \u201cme dijo, le dijo, y me mand\u00f3 a decir\u201d. Nada m\u00e1s Sr. Presidente\u201d.<\/p>\n<p>&nbsp;<\/p>\n<p>Concejal Gabella Ezequiel:<\/p>\n<p>\u201cEl objetivo de mi alocuci\u00f3n en verdad, no ten\u00eda pensado inmiscuirme en una cuesti\u00f3n, un debate del cual participaba la Concejal De Larena, y el Concejal Etcheber. Pero quiz\u00e1s me obliga mi rol como Concejal, y lo que entiendo que debe hacer un Concejal, y lo que entiendo que debe debatirse en un Recinto de Sesiones de un Honorable Concejo Deliberante. Me parece poco serio, y no fue la Concejal De Larena que introdujo el tema en la sala de sesiones con respecto a las redes sociales. Las redes sociales m\u00e1s all\u00e1 del enorme valor que han tomado hoy en d\u00eda, producto del auge que tienen, y de que cualquier persona cuenta con una cuenta de facebook, o de twitter, no dejan de ser cuestiones meramente sociales, manera que tienen de interactuar las personas y en las cual muchas veces, mal que nos pese, nos puede llegar a molestar los conceptos vertidos, comentarios, pero no tienen ning\u00fan tipo de validez ni de seriedad desde el momento que existen perfiles truchos, o que una persona puede manipular la red social de otro, entonces, me parece que si queremos, y esto ya me recuerda una vez en una sesi\u00f3n en la cual se me critic\u00f3 por objetar qu\u00e9 dice o qu\u00e9 no dice un concejal, esto es una opini\u00f3n meramente personal, considero que estamos ac\u00e1 para otra cosa, considero que estamos ac\u00e1 para debatir cuestiones que hacen a los tornquistenses, a hablar de proyectos como por ejemplo hoy que tenemos que mandar nuevamente una nota para que una secretar\u00eda se expida sobre un proyecto de modificaci\u00f3n para cambiar el perfil tur\u00edstico comercial de Tornquist, y duerme en un caj\u00f3n. Debatamos ideas, debatamos proyectos, debatamos qu\u00e9 queremos para Tornquist, pero a esta altura del tiempo que estemos hablando de lo que se dice en una red social me parece que no tiene mucha importancia, y no es el lugar para hacerlo, repito, es una opini\u00f3n personal y por supuesto que acepto las cr\u00edticas que se hagan con respecto a eso. Considero que la Concejal De Larena no necesita que la defienda nadie, pero quiz\u00e1s en el rol que me toca como Presidente del Bloque que ella integra, que considero que lo que hizo es valedero, porque utiliz\u00f3 la enorme posibilidad que le dio el electorado de que hoy est\u00e9 ocupando una Banca de hacer un reclamo de algo que considero justo, y puede gustar o no, pero es una situaci\u00f3n que ella vivi\u00f3 y la gente sabe qui\u00e9n es Sonia De Larena en Saldungaray, en Tornquist, en Sierra de la Ventana, en cualquier localidad, ella est\u00e1 muy tranquila de lo que hace y de lo que no hace, y cuando pasan estas cosas nos molestan a todos, y nos deber\u00eda preocupar y mucho, lo mal que le hace a la democracia el solo hecho de que exista la sospecha de que funcionarios le impiden la informaci\u00f3n a un Concejal con lo importante que es esa informaci\u00f3n para ese Concejal, para poder ejercer dignamente su cargo. Nada m\u00e1s Sr. Presidente\u201d.<\/p>\n<p>&nbsp;<\/p>\n<p>Concejal Ant\u00f3n V\u00edctor:<\/p>\n<p>\u201cBueno, ya que estamos hablando de informaci\u00f3n, yo no voy a hablar de redes sociales, pero s\u00ed de una nota que se public\u00f3 creo que el viernes pasado en el medio local, Noticias Tornquist, en la cual se hac\u00eda referencia a una obra, a la obra del Jard\u00edn 907, que est\u00e1 inconclusa por los motivos que todos conocemos, o que capaz que no todos conocen. Creo que todo lo que se viene hablando hasta ahora aqu\u00ed tiene que ver tambi\u00e9n con el respeto, y lamentablemente yo al escuchar la nota escuchaba al Sr. Presidente que dec\u00eda que poco menos que lo trataba de inoperante al Intendente, o particularmente dijo textualmente, \u201cyo no me veo siendo intendente y no pudiendo hacer nada de eso\u201d, hablando obviamente de resolver la obra del jard\u00edn 907, \u201cla verdad es que para mi es inoperancia y no querer hacer nada\u201d. Yo creo que si su presencia en ese medio era como Presidente del Honorable Concejo Deliberante no correspond\u00eda ese t\u00e9rmino porque fue utilizado de manera peyorativa y casi insultante. Si uno quiere empezar a recordar las obras o las gestiones que ha hecho el Intendente en el distrito en lo que tienen que ver con la educaci\u00f3n, podemos mencionar, ten\u00eda varias anotadas pero la verdad que me parece que todos las conocemos, y que en cada una de las localidades existe una obra. Particularmente la obra del Jard\u00edn 907 es una obra que yo recuerdo, la verdad, con sinceridad, yo recuerdo cuando el Gobernador Scioli la prometi\u00f3 ac\u00e1 en el Teatro, a partir de ah\u00ed tuvimos una licitaci\u00f3n que qued\u00f3 sin oferentes, porque adem\u00e1s en la misma nota se dijo que la licitaci\u00f3n se hab\u00eda ca\u00eddo tres, cuatro, cinco o seis veces, cosa que tambi\u00e9n no es exacto, porque la primer oportunidad que esa obra se licit\u00f3, es verdad que qued\u00f3 sin oferente, y todos lo conocemos al tema, luego la toma una empresa que lamentablemente quiebra, la tercera vez la toma, hab\u00eda un solo oferente, la Provincia cuando licita, perd\u00f3n, la Unidad Ejecutora Nacional cuando licita esta obra digamos que recibe el pliego de esta empresa y no contaba con los requisitos, y la cuarta vez que se va a licitar si se quiere, va a ser el d\u00eda de, tengo entendido que el d\u00eda de ma\u00f1ana, esperemos que haya un nuevo oferente. La verdad es que ya que surgi\u00f3 este tema de redes sociales y dem\u00e1s, yo creo que deben estar en el debate, obviamente, pero somos nosotros los responsables tambi\u00e9n de cuando vertimos opiniones, ya sea en las redes sociales o en los medios de comunicaci\u00f3n, ser lo suficientemente respetuosos o cuidadosos para no generar esto que estamos hablando, de la brecha, del amor y el odio, de la grieta, de no poder conversar, de no poder hablar, porque me parece importante y lo repito, yo si ha ido como Presidente de la Cooperadora de la Instituci\u00f3n que representa no me parece bien, y mucho menos si lo ha hecho en representaci\u00f3n de este Honorable Cuerpo, utilizar la palabra de inoperante para definir al Intendente Municipal que es la m\u00e1xima autoridad del Distrito, elegida democr\u00e1ticamente. Nada m\u00e1s Sr. Presidente\u201d.<\/p>\n<p>&nbsp;<\/p>\n<p>Concejal Moroncini Gustavo:<\/p>\n<p>\u201cYo quisiera presentar una moci\u00f3n, para que desde la Presidencia se le solicite al Departamento Ejecutivo, a ver si nos pueden hacer llegar una copia de la obra de hidr\u00e1ulica que se denomina Master Plan, que me gustar\u00eda conocer de qu\u00e9 se trata y ver si tenemos la posibilidad de verlo y evaluarlo. Ver si tenemos la posibilidad, es una moci\u00f3n firme, muchas gracias\u201d.<\/p>\n<p>Se aprueba por unanimidad la moci\u00f3n del Concejal Moroncini.<\/p>\n<p>&nbsp;<\/p>\n<p>Concejal Musso Mar\u00eda Graciela:<\/p>\n<p>\u201cQuer\u00eda referirme en esta sesi\u00f3n, al Proyecto de Resoluci\u00f3n que este Honorable Cuerpo ha votado en esta noche, respecto de la imposici\u00f3n del nombre del fallecido doctor Juan de Dios Rodr\u00edguez Lehmann. Desde lo personal quiero expresar que si esta sesi\u00f3n\u00a0 hubiese sido la semana anterior no hubiese podido hacer uso de la palabra. Agradezco a los concejales el haber acompa\u00f1ado este proyecto porque creo que coincidimos todos en que la semana pasada casi dir\u00eda, el pueblo estuvo de luto. Inmediatamente que me entero del fallecimiento le env\u00edo al Concejal compa\u00f1ero Ant\u00f3n el deseo de que de alguna manera nos quedara el recuerdo del fallecido m\u00e9dico recordando que pr\u00f3ximamente se iba a poner en funciones el nuevo sector del hospital. Quiero, quiero y necesito expresar que m\u00e1s all\u00e1 de su funci\u00f3n de su rol como m\u00e9dico coincidentemente cuando llega a la localidad de Tornquist en el a\u00f1o 80, por ese entonces yo cursaba el tercer a\u00f1o del bachillerato, ingresa a trabajar Ad-Honorem en el Hospital, pero adem\u00e1s se constituye como profesor de la materia anatom\u00eda, en tercer a\u00f1o. Ah\u00ed conoc\u00ed al profesor Rodr\u00edguez Lehmann. Es precisamente en ese a\u00f1o en el que, bueno, como adolescente cocorita o rebelde, o como lo quieran llamar, tengo algunos entredichos con ese profesor, y obviamente, por la situaci\u00f3n que se hab\u00eda planteado tuve la sanci\u00f3n que me correspond\u00eda, solicit\u00e9 igualmente las disculpas correspondientes, y segu\u00ed el curso de la ma\u00f1ana normalmente. El profesor antes de retirarse porque dictaba clases en otros cursos tambi\u00e9n, solicit\u00f3 que se me llamara, porque quer\u00eda tener una conversaci\u00f3n conmigo. La conversaci\u00f3n fue una extensa charla de la cual sal\u00ed reconfortada, porque en realidad la que hab\u00eda cometido el error era yo, sin embargo al profesor le interesaba un poco m\u00e1s all\u00e1 de mi actitud en ese momento. Ese profesor era el Dr. Rodr\u00edguez Lehmann, as\u00ed ya se manifestaba desde su llegada a Tornquist y con alumnos, con esa actitud, no solamente de atender, prescribir un medicamento o realizar una pr\u00e1ctica m\u00e9dica, sino primero y fundamental escuchar al paciente. Ese fue el doctor que todos sentimos porque precisamente se caracterizaba por ser el m\u00e9dico de darnos no solamente el alivio al cuerpo sino tambi\u00e9n al esp\u00edritu. En lo personal, me uni\u00f3 al Dr. Rodr\u00edguez Lehmann no solamente una relaci\u00f3n de alumna profesor, paciente m\u00e9dico, sino tambi\u00e9n una relaci\u00f3n muy personal, muy intima, compartimos en alg\u00fan momento en la historia pol\u00edtica de Tornquist situaciones que nos unieron, que me hizo conocerlo m\u00e1s profundamente, y que me llevaron a tenerle un profundo afecto, y un profundo afecto porque sab\u00eda y fue fiel a su juramento hipocr\u00e1tico, de atender a todos, de hacer el bien sin mirar a quien, m\u00e1s de una vez, muchos a\u00f1os, inclusive hasta poco tiempo antes de su fallecimiento era muy dif\u00edcil poder pagarle con una mutual. En realidad el am\u00f3 su profesi\u00f3n y nada mejor que es este homenaje que vamos a hacer, colocando el nombre del D. Juan de Dios\u00a0 Rodr\u00edguez Lehmann al nuevo, a la nueva ampliaci\u00f3n del edificio del Hospital Municipal. Y quiero compartir con ustedes una frase que alguna vez le\u00ed y que despu\u00e9s en esas charlas que sol\u00edamos tener, \u00e9l se re\u00eda y me dec\u00eda \u201cqu\u00e9 verdad, pero como se revierte\u201d, esa frase que dice: \u201cqu\u00e9 cosa extra\u00f1a es el hombre, no pide nacer, no sabe vivir, y no quiere morir\u201d. Cada vez que nos acord\u00e1bamos de la frase, por supuesto Juan dec\u00eda: \u201ces muy cierta, pero muy dif\u00edcil de revertir\u201d, y se re\u00eda con esa cl\u00e1sica carcajada que ten\u00eda, y con la que me quedar\u00e9, nos quedaremos seguramente muchos tornquistenses con ese hermoso recuerdo. Muchas gracias Sr. Presidente\u201d.<\/p>\n<p>&nbsp;<\/p>\n<p><strong>HONORABLE CONCEJO DELIBERANTE <\/strong><\/p>\n<p>&nbsp;<\/p>\n<p>&nbsp;<\/p>\n<p>&nbsp;<\/p>\n<p>&nbsp;<\/p>\n","protected":false},"excerpt":{"rendered":"<p>httpv:\/\/www.youtube.com\/watch?v=_ZjYoPxxS3I httpv:\/\/www.youtube.com\/watch?v=l7dfVNWMngw httpv:\/\/www.youtube.com\/watch?v=fOsmBCBu2lE httpv:\/\/www.youtube.com\/watch?v=vIcvgN12gU8 httpv:\/\/www.youtube.com\/watch?v=KBc5iDJzMC8 httpv:\/\/www.youtube.com\/watch?v=m2Pls0vNFPE httpv:\/\/www.youtube.com\/watch?v=QG-ICtscNaU httpv:\/\/www.youtube.com\/watch?v=5rvA2pvCXEQ httpv:\/\/www.youtube.com\/watch?v=fvS635KmQdU El pasado martes 10 del corriente mes, los Concejales\u00a0 resolvieron autoconvocarse en Sesi\u00f3n Extraordinaria, seg\u00fan las facultades otorgadas por el Art\u00edculo 68\u00ba\u00a0 inciso 5\u00ba de la Ley Org\u00e1nica de las Municipalidades para tratar los siguientes temas: &nbsp; Expte. N\u00ba 128\/14: \u201cPte. H.C.D. solicita informe cuenta Fondo [&hellip;]<\/p>\n","protected":false},"author":1,"featured_media":0,"comment_status":"closed","ping_status":"open","sticky":false,"template":"","format":"standard","meta":{"footnotes":""},"categories":[51,52,53,64],"tags":[],"class_list":["post-27294","post","type-post","status-publish","format-standard","hentry","category-comunidad","category-destacadas","category-politica","category-videos-destacados"],"yoast_head":"<!-- This site is optimized with the Yoast SEO plugin v19.7.1 - https:\/\/yoast.com\/wordpress\/plugins\/seo\/ -->\n<title>LO QUE SE DIJO EN LA SESION AUTOCONVOCADA DEL HCD. (Notas y videos) - CELTTV<\/title>\n<meta name=\"description\" content=\"Sitio web de noticias de la localidad de Tornquist, provincia de Buenos Aires, Rep\u00fablica Argentina. Contenido propio originado por periodistas de CELTTV, el canal de TV local de la Cooperativa El\u00e9ctrica de Tornquist. Turismo, Pol\u00edtica, Sociedad, Deporte, Cultura y todo el contenido de inter\u00e9s general que la gente del pueblo y la regi\u00f3n debe conocer.\" \/>\n<meta name=\"robots\" content=\"index, follow, max-snippet:-1, max-image-preview:large, max-video-preview:-1\" \/>\n<link rel=\"canonical\" href=\"https:\/\/www.celttv.com.ar\/index.php\/2015\/03\/13\/lo-que-se-dijo-en-la-sesion-autoconvocada-del-hcd-notas-y-videos\/\" \/>\n<meta property=\"og:locale\" content=\"es_ES\" \/>\n<meta property=\"og:type\" content=\"article\" \/>\n<meta property=\"og:title\" content=\"LO QUE SE DIJO EN LA SESION AUTOCONVOCADA DEL HCD. (Notas y videos) - CELTTV\" \/>\n<meta property=\"og:description\" content=\"Sitio web de noticias de la localidad de Tornquist, provincia de Buenos Aires, Rep\u00fablica Argentina. Contenido propio originado por periodistas de CELTTV, el canal de TV local de la Cooperativa El\u00e9ctrica de Tornquist. Turismo, Pol\u00edtica, Sociedad, Deporte, Cultura y todo el contenido de inter\u00e9s general que la gente del pueblo y la regi\u00f3n debe conocer.\" \/>\n<meta property=\"og:url\" content=\"https:\/\/www.celttv.com.ar\/index.php\/2015\/03\/13\/lo-que-se-dijo-en-la-sesion-autoconvocada-del-hcd-notas-y-videos\/\" \/>\n<meta property=\"og:site_name\" content=\"CELTTV\" \/>\n<meta property=\"article:publisher\" content=\"https:\/\/www.facebook.com\/celtTV\/\" \/>\n<meta property=\"article:published_time\" content=\"2015-03-13T19:16:31+00:00\" \/>\n<meta name=\"author\" content=\"ulises\" \/>\n<meta name=\"twitter:card\" content=\"summary_large_image\" \/>\n<meta name=\"twitter:label1\" content=\"Escrito por\" \/>\n\t<meta name=\"twitter:data1\" content=\"ulises\" \/>\n\t<meta name=\"twitter:label2\" content=\"Tiempo de lectura\" \/>\n\t<meta name=\"twitter:data2\" content=\"33 minutos\" \/>\n<script type=\"application\/ld+json\" class=\"yoast-schema-graph\">{\"@context\":\"https:\/\/schema.org\",\"@graph\":[{\"@type\":\"NewsArticle\",\"@id\":\"https:\/\/www.celttv.com.ar\/index.php\/2015\/03\/13\/lo-que-se-dijo-en-la-sesion-autoconvocada-del-hcd-notas-y-videos\/#article\",\"isPartOf\":{\"@id\":\"https:\/\/www.celttv.com.ar\/index.php\/2015\/03\/13\/lo-que-se-dijo-en-la-sesion-autoconvocada-del-hcd-notas-y-videos\/\"},\"author\":{\"name\":\"ulises\",\"@id\":\"https:\/\/www.celttv.com.ar\/#\/schema\/person\/6d99c072dba59953809c81446e9d0ace\"},\"headline\":\"LO QUE SE DIJO EN LA SESION AUTOCONVOCADA DEL HCD. (Notas y videos)\",\"datePublished\":\"2015-03-13T19:16:31+00:00\",\"dateModified\":\"2015-03-13T19:16:31+00:00\",\"mainEntityOfPage\":{\"@id\":\"https:\/\/www.celttv.com.ar\/index.php\/2015\/03\/13\/lo-que-se-dijo-en-la-sesion-autoconvocada-del-hcd-notas-y-videos\/\"},\"wordCount\":6545,\"publisher\":{\"@id\":\"https:\/\/www.celttv.com.ar\/#organization\"},\"articleSection\":[\"Comunidad\",\"Destacadas\",\"Pol\u00edtica\",\"Videos Destacados\"],\"inLanguage\":\"es\"},{\"@type\":\"WebPage\",\"@id\":\"https:\/\/www.celttv.com.ar\/index.php\/2015\/03\/13\/lo-que-se-dijo-en-la-sesion-autoconvocada-del-hcd-notas-y-videos\/\",\"url\":\"https:\/\/www.celttv.com.ar\/index.php\/2015\/03\/13\/lo-que-se-dijo-en-la-sesion-autoconvocada-del-hcd-notas-y-videos\/\",\"name\":\"LO QUE SE DIJO EN LA SESION AUTOCONVOCADA DEL HCD. (Notas y videos) - CELTTV\",\"isPartOf\":{\"@id\":\"https:\/\/www.celttv.com.ar\/#website\"},\"datePublished\":\"2015-03-13T19:16:31+00:00\",\"dateModified\":\"2015-03-13T19:16:31+00:00\",\"description\":\"Sitio web de noticias de la localidad de Tornquist, provincia de Buenos Aires, Rep\u00fablica Argentina. Contenido propio originado por periodistas de CELTTV, el canal de TV local de la Cooperativa El\u00e9ctrica de Tornquist. Turismo, Pol\u00edtica, Sociedad, Deporte, Cultura y todo el contenido de inter\u00e9s general que la gente del pueblo y la regi\u00f3n debe conocer.\",\"breadcrumb\":{\"@id\":\"https:\/\/www.celttv.com.ar\/index.php\/2015\/03\/13\/lo-que-se-dijo-en-la-sesion-autoconvocada-del-hcd-notas-y-videos\/#breadcrumb\"},\"inLanguage\":\"es\",\"potentialAction\":[{\"@type\":\"ReadAction\",\"target\":[\"https:\/\/www.celttv.com.ar\/index.php\/2015\/03\/13\/lo-que-se-dijo-en-la-sesion-autoconvocada-del-hcd-notas-y-videos\/\"]}]},{\"@type\":\"BreadcrumbList\",\"@id\":\"https:\/\/www.celttv.com.ar\/index.php\/2015\/03\/13\/lo-que-se-dijo-en-la-sesion-autoconvocada-del-hcd-notas-y-videos\/#breadcrumb\",\"itemListElement\":[{\"@type\":\"ListItem\",\"position\":1,\"name\":\"Inicio\",\"item\":\"https:\/\/www.celttv.com.ar\/\"},{\"@type\":\"ListItem\",\"position\":2,\"name\":\"LO QUE SE DIJO EN LA SESION AUTOCONVOCADA DEL HCD. (Notas y videos)\"}]},{\"@type\":\"WebSite\",\"@id\":\"https:\/\/www.celttv.com.ar\/#website\",\"url\":\"https:\/\/www.celttv.com.ar\/\",\"name\":\"CELTTV\",\"description\":\"Cooperativa El\u00e9ctrica de Tornquist\",\"publisher\":{\"@id\":\"https:\/\/www.celttv.com.ar\/#organization\"},\"potentialAction\":[{\"@type\":\"SearchAction\",\"target\":{\"@type\":\"EntryPoint\",\"urlTemplate\":\"https:\/\/www.celttv.com.ar\/?s={search_term_string}\"},\"query-input\":\"required name=search_term_string\"}],\"inLanguage\":\"es\"},{\"@type\":\"Organization\",\"@id\":\"https:\/\/www.celttv.com.ar\/#organization\",\"name\":\"CELTTV\",\"url\":\"https:\/\/www.celttv.com.ar\/\",\"sameAs\":[\"https:\/\/www.youtube.com\/channel\/UCz_oIt8Hig64Ub-EmcNPIhg\",\"https:\/\/www.facebook.com\/celtTV\/\"],\"logo\":{\"@type\":\"ImageObject\",\"inLanguage\":\"es\",\"@id\":\"https:\/\/www.celttv.com.ar\/#\/schema\/logo\/image\/\",\"url\":\"http:\/\/www.celttv.com.ar\/wp-content\/uploads\/2022\/08\/logo-1.png\",\"contentUrl\":\"http:\/\/www.celttv.com.ar\/wp-content\/uploads\/2022\/08\/logo-1.png\",\"width\":461,\"height\":159,\"caption\":\"CELTTV\"},\"image\":{\"@id\":\"https:\/\/www.celttv.com.ar\/#\/schema\/logo\/image\/\"}},{\"@type\":\"Person\",\"@id\":\"https:\/\/www.celttv.com.ar\/#\/schema\/person\/6d99c072dba59953809c81446e9d0ace\",\"name\":\"ulises\",\"image\":{\"@type\":\"ImageObject\",\"inLanguage\":\"es\",\"@id\":\"https:\/\/www.celttv.com.ar\/#\/schema\/person\/image\/\",\"url\":\"https:\/\/secure.gravatar.com\/avatar\/7f2c48bdc33b30088f941fb6082e555f2874c98e20cb159d7b92b50eadfce793?s=96&d=mm&r=g\",\"contentUrl\":\"https:\/\/secure.gravatar.com\/avatar\/7f2c48bdc33b30088f941fb6082e555f2874c98e20cb159d7b92b50eadfce793?s=96&d=mm&r=g\",\"caption\":\"ulises\"},\"sameAs\":[\"http:\/\/www.celttv.com.ar\"]}]}<\/script>\n<!-- \/ Yoast SEO plugin. -->","yoast_head_json":{"title":"LO QUE SE DIJO EN LA SESION AUTOCONVOCADA DEL HCD. (Notas y videos) - CELTTV","description":"Sitio web de noticias de la localidad de Tornquist, provincia de Buenos Aires, Rep\u00fablica Argentina. Contenido propio originado por periodistas de CELTTV, el canal de TV local de la Cooperativa El\u00e9ctrica de Tornquist. Turismo, Pol\u00edtica, Sociedad, Deporte, Cultura y todo el contenido de inter\u00e9s general que la gente del pueblo y la regi\u00f3n debe conocer.","robots":{"index":"index","follow":"follow","max-snippet":"max-snippet:-1","max-image-preview":"max-image-preview:large","max-video-preview":"max-video-preview:-1"},"canonical":"https:\/\/www.celttv.com.ar\/index.php\/2015\/03\/13\/lo-que-se-dijo-en-la-sesion-autoconvocada-del-hcd-notas-y-videos\/","og_locale":"es_ES","og_type":"article","og_title":"LO QUE SE DIJO EN LA SESION AUTOCONVOCADA DEL HCD. (Notas y videos) - CELTTV","og_description":"Sitio web de noticias de la localidad de Tornquist, provincia de Buenos Aires, Rep\u00fablica Argentina. Contenido propio originado por periodistas de CELTTV, el canal de TV local de la Cooperativa El\u00e9ctrica de Tornquist. Turismo, Pol\u00edtica, Sociedad, Deporte, Cultura y todo el contenido de inter\u00e9s general que la gente del pueblo y la regi\u00f3n debe conocer.","og_url":"https:\/\/www.celttv.com.ar\/index.php\/2015\/03\/13\/lo-que-se-dijo-en-la-sesion-autoconvocada-del-hcd-notas-y-videos\/","og_site_name":"CELTTV","article_publisher":"https:\/\/www.facebook.com\/celtTV\/","article_published_time":"2015-03-13T19:16:31+00:00","author":"ulises","twitter_card":"summary_large_image","twitter_misc":{"Escrito por":"ulises","Tiempo de lectura":"33 minutos"},"schema":{"@context":"https:\/\/schema.org","@graph":[{"@type":"NewsArticle","@id":"https:\/\/www.celttv.com.ar\/index.php\/2015\/03\/13\/lo-que-se-dijo-en-la-sesion-autoconvocada-del-hcd-notas-y-videos\/#article","isPartOf":{"@id":"https:\/\/www.celttv.com.ar\/index.php\/2015\/03\/13\/lo-que-se-dijo-en-la-sesion-autoconvocada-del-hcd-notas-y-videos\/"},"author":{"name":"ulises","@id":"https:\/\/www.celttv.com.ar\/#\/schema\/person\/6d99c072dba59953809c81446e9d0ace"},"headline":"LO QUE SE DIJO EN LA SESION AUTOCONVOCADA DEL HCD. (Notas y videos)","datePublished":"2015-03-13T19:16:31+00:00","dateModified":"2015-03-13T19:16:31+00:00","mainEntityOfPage":{"@id":"https:\/\/www.celttv.com.ar\/index.php\/2015\/03\/13\/lo-que-se-dijo-en-la-sesion-autoconvocada-del-hcd-notas-y-videos\/"},"wordCount":6545,"publisher":{"@id":"https:\/\/www.celttv.com.ar\/#organization"},"articleSection":["Comunidad","Destacadas","Pol\u00edtica","Videos Destacados"],"inLanguage":"es"},{"@type":"WebPage","@id":"https:\/\/www.celttv.com.ar\/index.php\/2015\/03\/13\/lo-que-se-dijo-en-la-sesion-autoconvocada-del-hcd-notas-y-videos\/","url":"https:\/\/www.celttv.com.ar\/index.php\/2015\/03\/13\/lo-que-se-dijo-en-la-sesion-autoconvocada-del-hcd-notas-y-videos\/","name":"LO QUE SE DIJO EN LA SESION AUTOCONVOCADA DEL HCD. (Notas y videos) - CELTTV","isPartOf":{"@id":"https:\/\/www.celttv.com.ar\/#website"},"datePublished":"2015-03-13T19:16:31+00:00","dateModified":"2015-03-13T19:16:31+00:00","description":"Sitio web de noticias de la localidad de Tornquist, provincia de Buenos Aires, Rep\u00fablica Argentina. Contenido propio originado por periodistas de CELTTV, el canal de TV local de la Cooperativa El\u00e9ctrica de Tornquist. Turismo, Pol\u00edtica, Sociedad, Deporte, Cultura y todo el contenido de inter\u00e9s general que la gente del pueblo y la regi\u00f3n debe conocer.","breadcrumb":{"@id":"https:\/\/www.celttv.com.ar\/index.php\/2015\/03\/13\/lo-que-se-dijo-en-la-sesion-autoconvocada-del-hcd-notas-y-videos\/#breadcrumb"},"inLanguage":"es","potentialAction":[{"@type":"ReadAction","target":["https:\/\/www.celttv.com.ar\/index.php\/2015\/03\/13\/lo-que-se-dijo-en-la-sesion-autoconvocada-del-hcd-notas-y-videos\/"]}]},{"@type":"BreadcrumbList","@id":"https:\/\/www.celttv.com.ar\/index.php\/2015\/03\/13\/lo-que-se-dijo-en-la-sesion-autoconvocada-del-hcd-notas-y-videos\/#breadcrumb","itemListElement":[{"@type":"ListItem","position":1,"name":"Inicio","item":"https:\/\/www.celttv.com.ar\/"},{"@type":"ListItem","position":2,"name":"LO QUE SE DIJO EN LA SESION AUTOCONVOCADA DEL HCD. (Notas y videos)"}]},{"@type":"WebSite","@id":"https:\/\/www.celttv.com.ar\/#website","url":"https:\/\/www.celttv.com.ar\/","name":"CELTTV","description":"Cooperativa El\u00e9ctrica de Tornquist","publisher":{"@id":"https:\/\/www.celttv.com.ar\/#organization"},"potentialAction":[{"@type":"SearchAction","target":{"@type":"EntryPoint","urlTemplate":"https:\/\/www.celttv.com.ar\/?s={search_term_string}"},"query-input":"required name=search_term_string"}],"inLanguage":"es"},{"@type":"Organization","@id":"https:\/\/www.celttv.com.ar\/#organization","name":"CELTTV","url":"https:\/\/www.celttv.com.ar\/","sameAs":["https:\/\/www.youtube.com\/channel\/UCz_oIt8Hig64Ub-EmcNPIhg","https:\/\/www.facebook.com\/celtTV\/"],"logo":{"@type":"ImageObject","inLanguage":"es","@id":"https:\/\/www.celttv.com.ar\/#\/schema\/logo\/image\/","url":"http:\/\/www.celttv.com.ar\/wp-content\/uploads\/2022\/08\/logo-1.png","contentUrl":"http:\/\/www.celttv.com.ar\/wp-content\/uploads\/2022\/08\/logo-1.png","width":461,"height":159,"caption":"CELTTV"},"image":{"@id":"https:\/\/www.celttv.com.ar\/#\/schema\/logo\/image\/"}},{"@type":"Person","@id":"https:\/\/www.celttv.com.ar\/#\/schema\/person\/6d99c072dba59953809c81446e9d0ace","name":"ulises","image":{"@type":"ImageObject","inLanguage":"es","@id":"https:\/\/www.celttv.com.ar\/#\/schema\/person\/image\/","url":"https:\/\/secure.gravatar.com\/avatar\/7f2c48bdc33b30088f941fb6082e555f2874c98e20cb159d7b92b50eadfce793?s=96&d=mm&r=g","contentUrl":"https:\/\/secure.gravatar.com\/avatar\/7f2c48bdc33b30088f941fb6082e555f2874c98e20cb159d7b92b50eadfce793?s=96&d=mm&r=g","caption":"ulises"},"sameAs":["http:\/\/www.celttv.com.ar"]}]}},"_links":{"self":[{"href":"https:\/\/www.celttv.com.ar\/index.php\/wp-json\/wp\/v2\/posts\/27294","targetHints":{"allow":["GET"]}}],"collection":[{"href":"https:\/\/www.celttv.com.ar\/index.php\/wp-json\/wp\/v2\/posts"}],"about":[{"href":"https:\/\/www.celttv.com.ar\/index.php\/wp-json\/wp\/v2\/types\/post"}],"author":[{"embeddable":true,"href":"https:\/\/www.celttv.com.ar\/index.php\/wp-json\/wp\/v2\/users\/1"}],"replies":[{"embeddable":true,"href":"https:\/\/www.celttv.com.ar\/index.php\/wp-json\/wp\/v2\/comments?post=27294"}],"version-history":[{"count":0,"href":"https:\/\/www.celttv.com.ar\/index.php\/wp-json\/wp\/v2\/posts\/27294\/revisions"}],"wp:attachment":[{"href":"https:\/\/www.celttv.com.ar\/index.php\/wp-json\/wp\/v2\/media?parent=27294"}],"wp:term":[{"taxonomy":"category","embeddable":true,"href":"https:\/\/www.celttv.com.ar\/index.php\/wp-json\/wp\/v2\/categories?post=27294"},{"taxonomy":"post_tag","embeddable":true,"href":"https:\/\/www.celttv.com.ar\/index.php\/wp-json\/wp\/v2\/tags?post=27294"}],"curies":[{"name":"wp","href":"https:\/\/api.w.org\/{rel}","templated":true}]}}