{"id":27297,"date":"2015-03-13T23:41:33","date_gmt":"2015-03-13T23:41:33","guid":{"rendered":"http:\/\/www.tvcnoticias.com.ar\/?p=27297"},"modified":"2015-03-13T23:41:33","modified_gmt":"2015-03-13T23:41:33","slug":"convocatoria-y-movilizacion-de-cooperativas-electricas-en-la-plata","status":"publish","type":"post","link":"https:\/\/www.celttv.com.ar\/index.php\/2015\/03\/13\/convocatoria-y-movilizacion-de-cooperativas-electricas-en-la-plata\/","title":{"rendered":"CONVOCATORIA Y MOVILIZACI\u00d3N DE COOPERATIVAS EL\u00c9CTRICAS EN LA PLATA"},"content":{"rendered":"<p>El mi\u00e9rcoles 18 de marzo se reunir\u00e1n nuevamente en encuentro plenario. Reclaman al gobierno provincial por el incumplimiento del Programa de Convergencia de Tarifas 2014. \u201cEst\u00e1 en juego la subsistencia de las empresas cooperativas que suministran el servicio el\u00e9ctrico al 50% de los bonaerenses\u201d, sostienen.<\/p>\n<p>Las cooperativas el\u00e9ctricas bonaerenses volver\u00e1n a reunirse en encuentro plenario para analizar en conjunto y definir una postura respecto del Programa de Convergencia de Tarifas El\u00e9ctricas propuesto por el gobierno provincial y la cr\u00edtica situaci\u00f3n econ\u00f3mico-financiera por la que atraviesan. La movilizaci\u00f3n y reuni\u00f3n plenaria ser\u00e1 el pr\u00f3ximo mi\u00e9rcoles 18 de marzo en la ciudad de La Plata.<\/p>\n<p>Desde enero pasado las empresas cooperativas que prestan el servicio el\u00e9ctrico en 240 pueblos y ciudades del interior provincial se encuentran en estado de alerta y asamblea permanente producto del incumplimiento de la Provincia con los fondos comprometidos durante 2014 para hacer frente al aumento de los costos de prestaci\u00f3n de servicio, a cambio de mantener el congelamiento tarifario.<\/p>\n<p>En esa l\u00ednea, han condicionado la suscripci\u00f3n de un nuevo acuerdo para este a\u00f1o al pago de los m\u00e1s de 300 millones de pesos adeudados. Si bien durante la \u00faltima semana hubo un ofrecimiento provincial respecto de los fondos para el 2015, los dirigentes de las cinco federaciones que integran a las 200 cooperativas el\u00e9ctricas de la Provincia sostienen que es insuficiente y que no cumple con las necesidades del sector.<\/p>\n<p>\u201cEst\u00e1 en juego la subsistencia de las empresas cooperativas que suministran el servicio el\u00e9ctrico al 50% de los bonaerenses. No estamos en contra del congelamiento tarifario, pero sin los fondos acordados no podemos brindar un servicio eficiente, ni hacer frente a los compromisos econ\u00f3micos con nuestros proveedores, ni tampoco sentarnos a negociar aumento salariales con el gremio de los trabajadores del sector. Cuando decimos que peligra el servicio el\u00e9ctrico no es porque vayamos a cortar la luz como rebeld\u00eda, sino porque no tenemos fondos para mantener la prestaci\u00f3n\u201d, sostienen los dirigentes cooperativos, quienes expresaron su profundo malestar por la discriminaci\u00f3n en el trato con respecto a otros distribuidores del servicio el\u00e9ctrico.<\/p>\n<p>\u201cSomos empresas sociales que en la mayor\u00eda de los casos adem\u00e1s brindamos otros servicios p\u00fablicos y sociales, generamos trabajo, desarrollo local y contenci\u00f3n en el tejido social de nuestras comunidades, pero esta realidad es invisible para el gobernador Scioli que se niega recibirnos en audiencia para conocer personalmente la gravedad de la situaci\u00f3n\u201d, concluye la dirigencia cooperativa provincial.<a rel=\"attachment wp-att-27298\" href=\"http:\/\/www.tvcnoticias.com.ar\/?attachment_id=27298\"><img loading=\"lazy\" decoding=\"async\" class=\"aligncenter size-medium wp-image-27298\" title=\"fedecoba (Medium)\" src=\"http:\/\/www.tvcnoticias.com.ar\/wp-content\/uploads\/2015\/03\/fedecoba-Medium-450x300.jpg\" alt=\"\" width=\"450\" height=\"300\" \/><\/a><\/p>\n<p>&nbsp;<\/p>\n","protected":false},"excerpt":{"rendered":"<p>El mi\u00e9rcoles 18 de marzo se reunir\u00e1n nuevamente en encuentro plenario. Reclaman al gobierno provincial por el incumplimiento del Programa de Convergencia de Tarifas 2014. \u201cEst\u00e1 en juego la subsistencia de las empresas cooperativas que suministran el servicio el\u00e9ctrico al 50% de los bonaerenses\u201d, sostienen. Las cooperativas el\u00e9ctricas bonaerenses volver\u00e1n a reunirse en encuentro plenario [&hellip;]<\/p>\n","protected":false},"author":1,"featured_media":0,"comment_status":"closed","ping_status":"open","sticky":false,"template":"","format":"standard","meta":{"footnotes":""},"categories":[51,52],"tags":[],"class_list":["post-27297","post","type-post","status-publish","format-standard","hentry","category-comunidad","category-destacadas"],"yoast_head":"<!-- This site is optimized with the Yoast SEO plugin v19.7.1 - https:\/\/yoast.com\/wordpress\/plugins\/seo\/ -->\n<title>CONVOCATORIA Y MOVILIZACI\u00d3N DE COOPERATIVAS EL\u00c9CTRICAS EN LA PLATA - CELTTV<\/title>\n<meta name=\"description\" content=\"Sitio web de noticias de la localidad de Tornquist, provincia de Buenos Aires, Rep\u00fablica Argentina. Contenido propio originado por periodistas de CELTTV, el canal de TV local de la Cooperativa El\u00e9ctrica de Tornquist. Turismo, Pol\u00edtica, Sociedad, Deporte, Cultura y todo el contenido de inter\u00e9s general que la gente del pueblo y la regi\u00f3n debe conocer.\" \/>\n<meta name=\"robots\" content=\"index, follow, max-snippet:-1, max-image-preview:large, max-video-preview:-1\" \/>\n<link rel=\"canonical\" href=\"https:\/\/www.celttv.com.ar\/index.php\/2015\/03\/13\/convocatoria-y-movilizacion-de-cooperativas-electricas-en-la-plata\/\" \/>\n<meta property=\"og:locale\" content=\"es_ES\" \/>\n<meta property=\"og:type\" content=\"article\" \/>\n<meta property=\"og:title\" content=\"CONVOCATORIA Y MOVILIZACI\u00d3N DE COOPERATIVAS EL\u00c9CTRICAS EN LA PLATA - CELTTV\" \/>\n<meta property=\"og:description\" content=\"Sitio web de noticias de la localidad de Tornquist, provincia de Buenos Aires, Rep\u00fablica Argentina. Contenido propio originado por periodistas de CELTTV, el canal de TV local de la Cooperativa El\u00e9ctrica de Tornquist. Turismo, Pol\u00edtica, Sociedad, Deporte, Cultura y todo el contenido de inter\u00e9s general que la gente del pueblo y la regi\u00f3n debe conocer.\" \/>\n<meta property=\"og:url\" content=\"https:\/\/www.celttv.com.ar\/index.php\/2015\/03\/13\/convocatoria-y-movilizacion-de-cooperativas-electricas-en-la-plata\/\" \/>\n<meta property=\"og:site_name\" content=\"CELTTV\" \/>\n<meta property=\"article:publisher\" content=\"https:\/\/www.facebook.com\/celtTV\/\" \/>\n<meta property=\"article:published_time\" content=\"2015-03-13T23:41:33+00:00\" \/>\n<meta property=\"og:image\" content=\"http:\/\/www.tvcnoticias.com.ar\/wp-content\/uploads\/2015\/03\/fedecoba-Medium-450x300.jpg\" \/>\n<meta name=\"author\" content=\"ulises\" \/>\n<meta name=\"twitter:card\" content=\"summary_large_image\" \/>\n<meta name=\"twitter:label1\" content=\"Escrito por\" \/>\n\t<meta name=\"twitter:data1\" content=\"ulises\" \/>\n\t<meta name=\"twitter:label2\" content=\"Tiempo de lectura\" \/>\n\t<meta name=\"twitter:data2\" content=\"2 minutos\" \/>\n<script type=\"application\/ld+json\" class=\"yoast-schema-graph\">{\"@context\":\"https:\/\/schema.org\",\"@graph\":[{\"@type\":\"NewsArticle\",\"@id\":\"https:\/\/www.celttv.com.ar\/index.php\/2015\/03\/13\/convocatoria-y-movilizacion-de-cooperativas-electricas-en-la-plata\/#article\",\"isPartOf\":{\"@id\":\"https:\/\/www.celttv.com.ar\/index.php\/2015\/03\/13\/convocatoria-y-movilizacion-de-cooperativas-electricas-en-la-plata\/\"},\"author\":{\"name\":\"ulises\",\"@id\":\"https:\/\/www.celttv.com.ar\/#\/schema\/person\/6d99c072dba59953809c81446e9d0ace\"},\"headline\":\"CONVOCATORIA Y MOVILIZACI\u00d3N DE COOPERATIVAS EL\u00c9CTRICAS EN LA PLATA\",\"datePublished\":\"2015-03-13T23:41:33+00:00\",\"dateModified\":\"2015-03-13T23:41:33+00:00\",\"mainEntityOfPage\":{\"@id\":\"https:\/\/www.celttv.com.ar\/index.php\/2015\/03\/13\/convocatoria-y-movilizacion-de-cooperativas-electricas-en-la-plata\/\"},\"wordCount\":436,\"publisher\":{\"@id\":\"https:\/\/www.celttv.com.ar\/#organization\"},\"articleSection\":[\"Comunidad\",\"Destacadas\"],\"inLanguage\":\"es\"},{\"@type\":\"WebPage\",\"@id\":\"https:\/\/www.celttv.com.ar\/index.php\/2015\/03\/13\/convocatoria-y-movilizacion-de-cooperativas-electricas-en-la-plata\/\",\"url\":\"https:\/\/www.celttv.com.ar\/index.php\/2015\/03\/13\/convocatoria-y-movilizacion-de-cooperativas-electricas-en-la-plata\/\",\"name\":\"CONVOCATORIA Y MOVILIZACI\u00d3N DE COOPERATIVAS EL\u00c9CTRICAS EN LA PLATA - CELTTV\",\"isPartOf\":{\"@id\":\"https:\/\/www.celttv.com.ar\/#website\"},\"datePublished\":\"2015-03-13T23:41:33+00:00\",\"dateModified\":\"2015-03-13T23:41:33+00:00\",\"description\":\"Sitio web de noticias de la localidad de Tornquist, provincia de Buenos Aires, Rep\u00fablica Argentina. Contenido propio originado por periodistas de CELTTV, el canal de TV local de la Cooperativa El\u00e9ctrica de Tornquist. Turismo, Pol\u00edtica, Sociedad, Deporte, Cultura y todo el contenido de inter\u00e9s general que la gente del pueblo y la regi\u00f3n debe conocer.\",\"breadcrumb\":{\"@id\":\"https:\/\/www.celttv.com.ar\/index.php\/2015\/03\/13\/convocatoria-y-movilizacion-de-cooperativas-electricas-en-la-plata\/#breadcrumb\"},\"inLanguage\":\"es\",\"potentialAction\":[{\"@type\":\"ReadAction\",\"target\":[\"https:\/\/www.celttv.com.ar\/index.php\/2015\/03\/13\/convocatoria-y-movilizacion-de-cooperativas-electricas-en-la-plata\/\"]}]},{\"@type\":\"BreadcrumbList\",\"@id\":\"https:\/\/www.celttv.com.ar\/index.php\/2015\/03\/13\/convocatoria-y-movilizacion-de-cooperativas-electricas-en-la-plata\/#breadcrumb\",\"itemListElement\":[{\"@type\":\"ListItem\",\"position\":1,\"name\":\"Inicio\",\"item\":\"https:\/\/www.celttv.com.ar\/\"},{\"@type\":\"ListItem\",\"position\":2,\"name\":\"CONVOCATORIA Y MOVILIZACI\u00d3N DE COOPERATIVAS EL\u00c9CTRICAS EN LA PLATA\"}]},{\"@type\":\"WebSite\",\"@id\":\"https:\/\/www.celttv.com.ar\/#website\",\"url\":\"https:\/\/www.celttv.com.ar\/\",\"name\":\"CELTTV\",\"description\":\"Cooperativa El\u00e9ctrica de Tornquist\",\"publisher\":{\"@id\":\"https:\/\/www.celttv.com.ar\/#organization\"},\"potentialAction\":[{\"@type\":\"SearchAction\",\"target\":{\"@type\":\"EntryPoint\",\"urlTemplate\":\"https:\/\/www.celttv.com.ar\/?s={search_term_string}\"},\"query-input\":\"required name=search_term_string\"}],\"inLanguage\":\"es\"},{\"@type\":\"Organization\",\"@id\":\"https:\/\/www.celttv.com.ar\/#organization\",\"name\":\"CELTTV\",\"url\":\"https:\/\/www.celttv.com.ar\/\",\"sameAs\":[\"https:\/\/www.youtube.com\/channel\/UCz_oIt8Hig64Ub-EmcNPIhg\",\"https:\/\/www.facebook.com\/celtTV\/\"],\"logo\":{\"@type\":\"ImageObject\",\"inLanguage\":\"es\",\"@id\":\"https:\/\/www.celttv.com.ar\/#\/schema\/logo\/image\/\",\"url\":\"http:\/\/www.celttv.com.ar\/wp-content\/uploads\/2022\/08\/logo-1.png\",\"contentUrl\":\"http:\/\/www.celttv.com.ar\/wp-content\/uploads\/2022\/08\/logo-1.png\",\"width\":461,\"height\":159,\"caption\":\"CELTTV\"},\"image\":{\"@id\":\"https:\/\/www.celttv.com.ar\/#\/schema\/logo\/image\/\"}},{\"@type\":\"Person\",\"@id\":\"https:\/\/www.celttv.com.ar\/#\/schema\/person\/6d99c072dba59953809c81446e9d0ace\",\"name\":\"ulises\",\"image\":{\"@type\":\"ImageObject\",\"inLanguage\":\"es\",\"@id\":\"https:\/\/www.celttv.com.ar\/#\/schema\/person\/image\/\",\"url\":\"https:\/\/secure.gravatar.com\/avatar\/7f2c48bdc33b30088f941fb6082e555f2874c98e20cb159d7b92b50eadfce793?s=96&d=mm&r=g\",\"contentUrl\":\"https:\/\/secure.gravatar.com\/avatar\/7f2c48bdc33b30088f941fb6082e555f2874c98e20cb159d7b92b50eadfce793?s=96&d=mm&r=g\",\"caption\":\"ulises\"},\"sameAs\":[\"http:\/\/www.celttv.com.ar\"]}]}<\/script>\n<!-- \/ Yoast SEO plugin. -->","yoast_head_json":{"title":"CONVOCATORIA Y MOVILIZACI\u00d3N DE COOPERATIVAS EL\u00c9CTRICAS EN LA PLATA - CELTTV","description":"Sitio web de noticias de la localidad de Tornquist, provincia de Buenos Aires, Rep\u00fablica Argentina. Contenido propio originado por periodistas de CELTTV, el canal de TV local de la Cooperativa El\u00e9ctrica de Tornquist. Turismo, Pol\u00edtica, Sociedad, Deporte, Cultura y todo el contenido de inter\u00e9s general que la gente del pueblo y la regi\u00f3n debe conocer.","robots":{"index":"index","follow":"follow","max-snippet":"max-snippet:-1","max-image-preview":"max-image-preview:large","max-video-preview":"max-video-preview:-1"},"canonical":"https:\/\/www.celttv.com.ar\/index.php\/2015\/03\/13\/convocatoria-y-movilizacion-de-cooperativas-electricas-en-la-plata\/","og_locale":"es_ES","og_type":"article","og_title":"CONVOCATORIA Y MOVILIZACI\u00d3N DE COOPERATIVAS EL\u00c9CTRICAS EN LA PLATA - CELTTV","og_description":"Sitio web de noticias de la localidad de Tornquist, provincia de Buenos Aires, Rep\u00fablica Argentina. Contenido propio originado por periodistas de CELTTV, el canal de TV local de la Cooperativa El\u00e9ctrica de Tornquist. Turismo, Pol\u00edtica, Sociedad, Deporte, Cultura y todo el contenido de inter\u00e9s general que la gente del pueblo y la regi\u00f3n debe conocer.","og_url":"https:\/\/www.celttv.com.ar\/index.php\/2015\/03\/13\/convocatoria-y-movilizacion-de-cooperativas-electricas-en-la-plata\/","og_site_name":"CELTTV","article_publisher":"https:\/\/www.facebook.com\/celtTV\/","article_published_time":"2015-03-13T23:41:33+00:00","og_image":[{"url":"http:\/\/www.tvcnoticias.com.ar\/wp-content\/uploads\/2015\/03\/fedecoba-Medium-450x300.jpg"}],"author":"ulises","twitter_card":"summary_large_image","twitter_misc":{"Escrito por":"ulises","Tiempo de lectura":"2 minutos"},"schema":{"@context":"https:\/\/schema.org","@graph":[{"@type":"NewsArticle","@id":"https:\/\/www.celttv.com.ar\/index.php\/2015\/03\/13\/convocatoria-y-movilizacion-de-cooperativas-electricas-en-la-plata\/#article","isPartOf":{"@id":"https:\/\/www.celttv.com.ar\/index.php\/2015\/03\/13\/convocatoria-y-movilizacion-de-cooperativas-electricas-en-la-plata\/"},"author":{"name":"ulises","@id":"https:\/\/www.celttv.com.ar\/#\/schema\/person\/6d99c072dba59953809c81446e9d0ace"},"headline":"CONVOCATORIA Y MOVILIZACI\u00d3N DE COOPERATIVAS EL\u00c9CTRICAS EN LA PLATA","datePublished":"2015-03-13T23:41:33+00:00","dateModified":"2015-03-13T23:41:33+00:00","mainEntityOfPage":{"@id":"https:\/\/www.celttv.com.ar\/index.php\/2015\/03\/13\/convocatoria-y-movilizacion-de-cooperativas-electricas-en-la-plata\/"},"wordCount":436,"publisher":{"@id":"https:\/\/www.celttv.com.ar\/#organization"},"articleSection":["Comunidad","Destacadas"],"inLanguage":"es"},{"@type":"WebPage","@id":"https:\/\/www.celttv.com.ar\/index.php\/2015\/03\/13\/convocatoria-y-movilizacion-de-cooperativas-electricas-en-la-plata\/","url":"https:\/\/www.celttv.com.ar\/index.php\/2015\/03\/13\/convocatoria-y-movilizacion-de-cooperativas-electricas-en-la-plata\/","name":"CONVOCATORIA Y MOVILIZACI\u00d3N DE COOPERATIVAS EL\u00c9CTRICAS EN LA PLATA - CELTTV","isPartOf":{"@id":"https:\/\/www.celttv.com.ar\/#website"},"datePublished":"2015-03-13T23:41:33+00:00","dateModified":"2015-03-13T23:41:33+00:00","description":"Sitio web de noticias de la localidad de Tornquist, provincia de Buenos Aires, Rep\u00fablica Argentina. Contenido propio originado por periodistas de CELTTV, el canal de TV local de la Cooperativa El\u00e9ctrica de Tornquist. Turismo, Pol\u00edtica, Sociedad, Deporte, Cultura y todo el contenido de inter\u00e9s general que la gente del pueblo y la regi\u00f3n debe conocer.","breadcrumb":{"@id":"https:\/\/www.celttv.com.ar\/index.php\/2015\/03\/13\/convocatoria-y-movilizacion-de-cooperativas-electricas-en-la-plata\/#breadcrumb"},"inLanguage":"es","potentialAction":[{"@type":"ReadAction","target":["https:\/\/www.celttv.com.ar\/index.php\/2015\/03\/13\/convocatoria-y-movilizacion-de-cooperativas-electricas-en-la-plata\/"]}]},{"@type":"BreadcrumbList","@id":"https:\/\/www.celttv.com.ar\/index.php\/2015\/03\/13\/convocatoria-y-movilizacion-de-cooperativas-electricas-en-la-plata\/#breadcrumb","itemListElement":[{"@type":"ListItem","position":1,"name":"Inicio","item":"https:\/\/www.celttv.com.ar\/"},{"@type":"ListItem","position":2,"name":"CONVOCATORIA Y MOVILIZACI\u00d3N DE COOPERATIVAS EL\u00c9CTRICAS EN LA PLATA"}]},{"@type":"WebSite","@id":"https:\/\/www.celttv.com.ar\/#website","url":"https:\/\/www.celttv.com.ar\/","name":"CELTTV","description":"Cooperativa El\u00e9ctrica de Tornquist","publisher":{"@id":"https:\/\/www.celttv.com.ar\/#organization"},"potentialAction":[{"@type":"SearchAction","target":{"@type":"EntryPoint","urlTemplate":"https:\/\/www.celttv.com.ar\/?s={search_term_string}"},"query-input":"required name=search_term_string"}],"inLanguage":"es"},{"@type":"Organization","@id":"https:\/\/www.celttv.com.ar\/#organization","name":"CELTTV","url":"https:\/\/www.celttv.com.ar\/","sameAs":["https:\/\/www.youtube.com\/channel\/UCz_oIt8Hig64Ub-EmcNPIhg","https:\/\/www.facebook.com\/celtTV\/"],"logo":{"@type":"ImageObject","inLanguage":"es","@id":"https:\/\/www.celttv.com.ar\/#\/schema\/logo\/image\/","url":"http:\/\/www.celttv.com.ar\/wp-content\/uploads\/2022\/08\/logo-1.png","contentUrl":"http:\/\/www.celttv.com.ar\/wp-content\/uploads\/2022\/08\/logo-1.png","width":461,"height":159,"caption":"CELTTV"},"image":{"@id":"https:\/\/www.celttv.com.ar\/#\/schema\/logo\/image\/"}},{"@type":"Person","@id":"https:\/\/www.celttv.com.ar\/#\/schema\/person\/6d99c072dba59953809c81446e9d0ace","name":"ulises","image":{"@type":"ImageObject","inLanguage":"es","@id":"https:\/\/www.celttv.com.ar\/#\/schema\/person\/image\/","url":"https:\/\/secure.gravatar.com\/avatar\/7f2c48bdc33b30088f941fb6082e555f2874c98e20cb159d7b92b50eadfce793?s=96&d=mm&r=g","contentUrl":"https:\/\/secure.gravatar.com\/avatar\/7f2c48bdc33b30088f941fb6082e555f2874c98e20cb159d7b92b50eadfce793?s=96&d=mm&r=g","caption":"ulises"},"sameAs":["http:\/\/www.celttv.com.ar"]}]}},"_links":{"self":[{"href":"https:\/\/www.celttv.com.ar\/index.php\/wp-json\/wp\/v2\/posts\/27297","targetHints":{"allow":["GET"]}}],"collection":[{"href":"https:\/\/www.celttv.com.ar\/index.php\/wp-json\/wp\/v2\/posts"}],"about":[{"href":"https:\/\/www.celttv.com.ar\/index.php\/wp-json\/wp\/v2\/types\/post"}],"author":[{"embeddable":true,"href":"https:\/\/www.celttv.com.ar\/index.php\/wp-json\/wp\/v2\/users\/1"}],"replies":[{"embeddable":true,"href":"https:\/\/www.celttv.com.ar\/index.php\/wp-json\/wp\/v2\/comments?post=27297"}],"version-history":[{"count":0,"href":"https:\/\/www.celttv.com.ar\/index.php\/wp-json\/wp\/v2\/posts\/27297\/revisions"}],"wp:attachment":[{"href":"https:\/\/www.celttv.com.ar\/index.php\/wp-json\/wp\/v2\/media?parent=27297"}],"wp:term":[{"taxonomy":"category","embeddable":true,"href":"https:\/\/www.celttv.com.ar\/index.php\/wp-json\/wp\/v2\/categories?post=27297"},{"taxonomy":"post_tag","embeddable":true,"href":"https:\/\/www.celttv.com.ar\/index.php\/wp-json\/wp\/v2\/tags?post=27297"}],"curies":[{"name":"wp","href":"https:\/\/api.w.org\/{rel}","templated":true}]}}