{"id":27443,"date":"2015-03-19T23:41:48","date_gmt":"2015-03-19T23:41:48","guid":{"rendered":"http:\/\/www.tvcnoticias.com.ar\/?p=27443"},"modified":"2015-03-19T23:41:48","modified_gmt":"2015-03-19T23:41:48","slug":"laporta-participo-de-un-encuentro-de-cooperativas-en-tornquist","status":"publish","type":"post","link":"https:\/\/www.celttv.com.ar\/index.php\/2015\/03\/19\/laporta-participo-de-un-encuentro-de-cooperativas-en-tornquist\/","title":{"rendered":"LAPORTA PARTICIP\u00d3 DE UN ENCUENTRO DE COOPERATIVAS EN TORNQUIST"},"content":{"rendered":"<p>Un encuentro de cooperativas el\u00e9ctricas de la regi\u00f3n, durante el cual se expusieron diferentes aspectos relacionados con la distribuci\u00f3n de energ\u00eda y se entregaron cheques pertenecientes al fondo de emergencia, se realiz\u00f3 en la ma\u00f1ana de hoy en el Teatro Municipal Rodolfo Funke, con la presencia del secretario de Servicios provincial, Franco Laporta; el presidente del OCEBA, Jorge Arce; y el intendente municipal, licenciado Gustavo Trankels.<br \/>\n   Del importante encuentro participaron representantes de m\u00e1s de medio centenar de entidades cooperativistas, integrantes del Directorio del OCEBA y el director de Energ\u00eda bonaerense, N\u00e9stor Callegari, con una tem\u00e1tica que abarc\u00f3 la reglamentaci\u00f3n que obliga a las distribuidoras a asegurar el abastecimiento a usuarios electrodependientes, la convergencia tarifaria y la utilizaci\u00f3n de la firma digital.<br \/>\n   \u201cEstamos trabajando permanentemente con el OCEBA y la Secretar\u00eda de Servicios P\u00fablicos, de quienes siempre recibimos el apoyo. Un ejemplo es el gran inconveniente que ten\u00edamos con la generaci\u00f3n de energ\u00eda, pero gracias al esfuerzo de los mencionados y el Ministerio de Planificaci\u00f3n Federal de la Naci\u00f3n, los equipos de generaci\u00f3n distribuida estuvieron ayer produciendo dos megas para el distrito, evitando restricciones en el servicio\u201d, se\u00f1al\u00f3 el intendente Trankels.<br \/>\n   \u201cQuiero agradecerle a p\u00fablicamente a Laporta y al ministro Julio De Vido por la tarea, la gesti\u00f3n y la decisi\u00f3n pol\u00edtica tomada para que hoy podamos tener los generadores en nuestro distrito\u201d, resalt\u00f3 y destac\u00f3 el hecho de que Tornquist haya sido elegido como punto de encuentro para la reuni\u00f3n.<br \/>\n   Laporta, por su parte, resalt\u00f3 las gestiones efectuadas por el jefe comunal para solucionar una demanda de la comunidad del distrito.<br \/>\n   \u201cParte de la funci\u00f3n de los intendentes es plantear y reclamar con justo derecho lo que necesita su comunidad. La sinergia que permanentemente nos pide el gobernador Daniel Scioli que hay que hacer desde la Provincia con todos los Municipios, tiene que ser siempre muy importante, porque es la forma que nos permite llegar con la mayor celeridad y eficiencia a resolver los problemas. Siempre hay problemas y seguir\u00e1 habiendo, porque la demanda en los servicios p\u00fablicos es cada vez mayor\u201d, se\u00f1al\u00f3.<br \/>\n   Durante el encuentro, se entregaron cheques a 10 cooperativas el\u00e9ctricas de la regi\u00f3n, pertenecientes a un fondo especialmente reservado a casos de emergencia o inconvenientes generados por fen\u00f3menos clim\u00e1ticos.<br \/>\n   \u201cEsta herramienta que se cre\u00f3 es \u00e1gil para ayudar a las cooperativas cuando ocurren estos eventos clim\u00e1ticos, que desgraciadamente se dan m\u00e1s asiduamente. Incluso, ya hemos entregado a entidades del distrito de Tornquist por los sucesos de diciembre pasado. El Estado est\u00e1 siempre presente, pero demandamos del otro lado un esfuerzo y un acompa\u00f1amiento con la convergencia tarifaria\u201d, se\u00f1al\u00f3, por su parte, Arce.<br \/>\n   \u201cMuy temprano sesionamos con el Directorio en pleno, debido a que en el marco del programa de trabajo para el 2015 nos planteamos realizar reuniones en el interior y elegimos a Tornquist para ser el primero lugar. Adem\u00e1s, nos reunimos con las cooperativas y tratamos diversos temas relacionados con la regulaci\u00f3n de los servicios p\u00fablicos\u201d, explic\u00f3.<\/p>\n","protected":false},"excerpt":{"rendered":"<p>Un encuentro de cooperativas el\u00e9ctricas de la regi\u00f3n, durante el cual se expusieron diferentes aspectos relacionados con la distribuci\u00f3n de energ\u00eda y se entregaron cheques pertenecientes al fondo de emergencia, se realiz\u00f3 en la ma\u00f1ana de hoy en el Teatro Municipal Rodolfo Funke, con la presencia del secretario de Servicios provincial, Franco Laporta; el presidente [&hellip;]<\/p>\n","protected":false},"author":1,"featured_media":0,"comment_status":"closed","ping_status":"open","sticky":false,"template":"","format":"standard","meta":{"footnotes":""},"categories":[51,52,53],"tags":[],"class_list":["post-27443","post","type-post","status-publish","format-standard","hentry","category-comunidad","category-destacadas","category-politica"],"yoast_head":"<!-- This site is optimized with the Yoast SEO plugin v19.7.1 - https:\/\/yoast.com\/wordpress\/plugins\/seo\/ -->\n<title>LAPORTA PARTICIP\u00d3 DE UN ENCUENTRO DE COOPERATIVAS EN TORNQUIST - CELTTV<\/title>\n<meta name=\"description\" content=\"Sitio web de noticias de la localidad de Tornquist, provincia de Buenos Aires, Rep\u00fablica Argentina. Contenido propio originado por periodistas de CELTTV, el canal de TV local de la Cooperativa El\u00e9ctrica de Tornquist. Turismo, Pol\u00edtica, Sociedad, Deporte, Cultura y todo el contenido de inter\u00e9s general que la gente del pueblo y la regi\u00f3n debe conocer.\" \/>\n<meta name=\"robots\" content=\"index, follow, max-snippet:-1, max-image-preview:large, max-video-preview:-1\" \/>\n<link rel=\"canonical\" href=\"https:\/\/www.celttv.com.ar\/index.php\/2015\/03\/19\/laporta-participo-de-un-encuentro-de-cooperativas-en-tornquist\/\" \/>\n<meta property=\"og:locale\" content=\"es_ES\" \/>\n<meta property=\"og:type\" content=\"article\" \/>\n<meta property=\"og:title\" content=\"LAPORTA PARTICIP\u00d3 DE UN ENCUENTRO DE COOPERATIVAS EN TORNQUIST - CELTTV\" \/>\n<meta property=\"og:description\" content=\"Sitio web de noticias de la localidad de Tornquist, provincia de Buenos Aires, Rep\u00fablica Argentina. Contenido propio originado por periodistas de CELTTV, el canal de TV local de la Cooperativa El\u00e9ctrica de Tornquist. Turismo, Pol\u00edtica, Sociedad, Deporte, Cultura y todo el contenido de inter\u00e9s general que la gente del pueblo y la regi\u00f3n debe conocer.\" \/>\n<meta property=\"og:url\" content=\"https:\/\/www.celttv.com.ar\/index.php\/2015\/03\/19\/laporta-participo-de-un-encuentro-de-cooperativas-en-tornquist\/\" \/>\n<meta property=\"og:site_name\" content=\"CELTTV\" \/>\n<meta property=\"article:publisher\" content=\"https:\/\/www.facebook.com\/celtTV\/\" \/>\n<meta property=\"article:published_time\" content=\"2015-03-19T23:41:48+00:00\" \/>\n<meta name=\"author\" content=\"ulises\" \/>\n<meta name=\"twitter:card\" content=\"summary_large_image\" \/>\n<meta name=\"twitter:label1\" content=\"Escrito por\" \/>\n\t<meta name=\"twitter:data1\" content=\"ulises\" \/>\n\t<meta name=\"twitter:label2\" content=\"Tiempo de lectura\" \/>\n\t<meta name=\"twitter:data2\" content=\"3 minutos\" \/>\n<script type=\"application\/ld+json\" class=\"yoast-schema-graph\">{\"@context\":\"https:\/\/schema.org\",\"@graph\":[{\"@type\":\"NewsArticle\",\"@id\":\"https:\/\/www.celttv.com.ar\/index.php\/2015\/03\/19\/laporta-participo-de-un-encuentro-de-cooperativas-en-tornquist\/#article\",\"isPartOf\":{\"@id\":\"https:\/\/www.celttv.com.ar\/index.php\/2015\/03\/19\/laporta-participo-de-un-encuentro-de-cooperativas-en-tornquist\/\"},\"author\":{\"name\":\"ulises\",\"@id\":\"https:\/\/www.celttv.com.ar\/#\/schema\/person\/6d99c072dba59953809c81446e9d0ace\"},\"headline\":\"LAPORTA PARTICIP\u00d3 DE UN ENCUENTRO DE COOPERATIVAS EN TORNQUIST\",\"datePublished\":\"2015-03-19T23:41:48+00:00\",\"dateModified\":\"2015-03-19T23:41:48+00:00\",\"mainEntityOfPage\":{\"@id\":\"https:\/\/www.celttv.com.ar\/index.php\/2015\/03\/19\/laporta-participo-de-un-encuentro-de-cooperativas-en-tornquist\/\"},\"wordCount\":537,\"publisher\":{\"@id\":\"https:\/\/www.celttv.com.ar\/#organization\"},\"articleSection\":[\"Comunidad\",\"Destacadas\",\"Pol\u00edtica\"],\"inLanguage\":\"es\"},{\"@type\":\"WebPage\",\"@id\":\"https:\/\/www.celttv.com.ar\/index.php\/2015\/03\/19\/laporta-participo-de-un-encuentro-de-cooperativas-en-tornquist\/\",\"url\":\"https:\/\/www.celttv.com.ar\/index.php\/2015\/03\/19\/laporta-participo-de-un-encuentro-de-cooperativas-en-tornquist\/\",\"name\":\"LAPORTA PARTICIP\u00d3 DE UN ENCUENTRO DE COOPERATIVAS EN TORNQUIST - CELTTV\",\"isPartOf\":{\"@id\":\"https:\/\/www.celttv.com.ar\/#website\"},\"datePublished\":\"2015-03-19T23:41:48+00:00\",\"dateModified\":\"2015-03-19T23:41:48+00:00\",\"description\":\"Sitio web de noticias de la localidad de Tornquist, provincia de Buenos Aires, Rep\u00fablica Argentina. Contenido propio originado por periodistas de CELTTV, el canal de TV local de la Cooperativa El\u00e9ctrica de Tornquist. Turismo, Pol\u00edtica, Sociedad, Deporte, Cultura y todo el contenido de inter\u00e9s general que la gente del pueblo y la regi\u00f3n debe conocer.\",\"breadcrumb\":{\"@id\":\"https:\/\/www.celttv.com.ar\/index.php\/2015\/03\/19\/laporta-participo-de-un-encuentro-de-cooperativas-en-tornquist\/#breadcrumb\"},\"inLanguage\":\"es\",\"potentialAction\":[{\"@type\":\"ReadAction\",\"target\":[\"https:\/\/www.celttv.com.ar\/index.php\/2015\/03\/19\/laporta-participo-de-un-encuentro-de-cooperativas-en-tornquist\/\"]}]},{\"@type\":\"BreadcrumbList\",\"@id\":\"https:\/\/www.celttv.com.ar\/index.php\/2015\/03\/19\/laporta-participo-de-un-encuentro-de-cooperativas-en-tornquist\/#breadcrumb\",\"itemListElement\":[{\"@type\":\"ListItem\",\"position\":1,\"name\":\"Inicio\",\"item\":\"https:\/\/www.celttv.com.ar\/\"},{\"@type\":\"ListItem\",\"position\":2,\"name\":\"LAPORTA PARTICIP\u00d3 DE UN ENCUENTRO DE COOPERATIVAS EN TORNQUIST\"}]},{\"@type\":\"WebSite\",\"@id\":\"https:\/\/www.celttv.com.ar\/#website\",\"url\":\"https:\/\/www.celttv.com.ar\/\",\"name\":\"CELTTV\",\"description\":\"Cooperativa El\u00e9ctrica de Tornquist\",\"publisher\":{\"@id\":\"https:\/\/www.celttv.com.ar\/#organization\"},\"potentialAction\":[{\"@type\":\"SearchAction\",\"target\":{\"@type\":\"EntryPoint\",\"urlTemplate\":\"https:\/\/www.celttv.com.ar\/?s={search_term_string}\"},\"query-input\":\"required name=search_term_string\"}],\"inLanguage\":\"es\"},{\"@type\":\"Organization\",\"@id\":\"https:\/\/www.celttv.com.ar\/#organization\",\"name\":\"CELTTV\",\"url\":\"https:\/\/www.celttv.com.ar\/\",\"sameAs\":[\"https:\/\/www.youtube.com\/channel\/UCz_oIt8Hig64Ub-EmcNPIhg\",\"https:\/\/www.facebook.com\/celtTV\/\"],\"logo\":{\"@type\":\"ImageObject\",\"inLanguage\":\"es\",\"@id\":\"https:\/\/www.celttv.com.ar\/#\/schema\/logo\/image\/\",\"url\":\"http:\/\/www.celttv.com.ar\/wp-content\/uploads\/2022\/08\/logo-1.png\",\"contentUrl\":\"http:\/\/www.celttv.com.ar\/wp-content\/uploads\/2022\/08\/logo-1.png\",\"width\":461,\"height\":159,\"caption\":\"CELTTV\"},\"image\":{\"@id\":\"https:\/\/www.celttv.com.ar\/#\/schema\/logo\/image\/\"}},{\"@type\":\"Person\",\"@id\":\"https:\/\/www.celttv.com.ar\/#\/schema\/person\/6d99c072dba59953809c81446e9d0ace\",\"name\":\"ulises\",\"image\":{\"@type\":\"ImageObject\",\"inLanguage\":\"es\",\"@id\":\"https:\/\/www.celttv.com.ar\/#\/schema\/person\/image\/\",\"url\":\"https:\/\/secure.gravatar.com\/avatar\/7f2c48bdc33b30088f941fb6082e555f2874c98e20cb159d7b92b50eadfce793?s=96&d=mm&r=g\",\"contentUrl\":\"https:\/\/secure.gravatar.com\/avatar\/7f2c48bdc33b30088f941fb6082e555f2874c98e20cb159d7b92b50eadfce793?s=96&d=mm&r=g\",\"caption\":\"ulises\"},\"sameAs\":[\"http:\/\/www.celttv.com.ar\"]}]}<\/script>\n<!-- \/ Yoast SEO plugin. -->","yoast_head_json":{"title":"LAPORTA PARTICIP\u00d3 DE UN ENCUENTRO DE COOPERATIVAS EN TORNQUIST - CELTTV","description":"Sitio web de noticias de la localidad de Tornquist, provincia de Buenos Aires, Rep\u00fablica Argentina. Contenido propio originado por periodistas de CELTTV, el canal de TV local de la Cooperativa El\u00e9ctrica de Tornquist. Turismo, Pol\u00edtica, Sociedad, Deporte, Cultura y todo el contenido de inter\u00e9s general que la gente del pueblo y la regi\u00f3n debe conocer.","robots":{"index":"index","follow":"follow","max-snippet":"max-snippet:-1","max-image-preview":"max-image-preview:large","max-video-preview":"max-video-preview:-1"},"canonical":"https:\/\/www.celttv.com.ar\/index.php\/2015\/03\/19\/laporta-participo-de-un-encuentro-de-cooperativas-en-tornquist\/","og_locale":"es_ES","og_type":"article","og_title":"LAPORTA PARTICIP\u00d3 DE UN ENCUENTRO DE COOPERATIVAS EN TORNQUIST - CELTTV","og_description":"Sitio web de noticias de la localidad de Tornquist, provincia de Buenos Aires, Rep\u00fablica Argentina. Contenido propio originado por periodistas de CELTTV, el canal de TV local de la Cooperativa El\u00e9ctrica de Tornquist. Turismo, Pol\u00edtica, Sociedad, Deporte, Cultura y todo el contenido de inter\u00e9s general que la gente del pueblo y la regi\u00f3n debe conocer.","og_url":"https:\/\/www.celttv.com.ar\/index.php\/2015\/03\/19\/laporta-participo-de-un-encuentro-de-cooperativas-en-tornquist\/","og_site_name":"CELTTV","article_publisher":"https:\/\/www.facebook.com\/celtTV\/","article_published_time":"2015-03-19T23:41:48+00:00","author":"ulises","twitter_card":"summary_large_image","twitter_misc":{"Escrito por":"ulises","Tiempo de lectura":"3 minutos"},"schema":{"@context":"https:\/\/schema.org","@graph":[{"@type":"NewsArticle","@id":"https:\/\/www.celttv.com.ar\/index.php\/2015\/03\/19\/laporta-participo-de-un-encuentro-de-cooperativas-en-tornquist\/#article","isPartOf":{"@id":"https:\/\/www.celttv.com.ar\/index.php\/2015\/03\/19\/laporta-participo-de-un-encuentro-de-cooperativas-en-tornquist\/"},"author":{"name":"ulises","@id":"https:\/\/www.celttv.com.ar\/#\/schema\/person\/6d99c072dba59953809c81446e9d0ace"},"headline":"LAPORTA PARTICIP\u00d3 DE UN ENCUENTRO DE COOPERATIVAS EN TORNQUIST","datePublished":"2015-03-19T23:41:48+00:00","dateModified":"2015-03-19T23:41:48+00:00","mainEntityOfPage":{"@id":"https:\/\/www.celttv.com.ar\/index.php\/2015\/03\/19\/laporta-participo-de-un-encuentro-de-cooperativas-en-tornquist\/"},"wordCount":537,"publisher":{"@id":"https:\/\/www.celttv.com.ar\/#organization"},"articleSection":["Comunidad","Destacadas","Pol\u00edtica"],"inLanguage":"es"},{"@type":"WebPage","@id":"https:\/\/www.celttv.com.ar\/index.php\/2015\/03\/19\/laporta-participo-de-un-encuentro-de-cooperativas-en-tornquist\/","url":"https:\/\/www.celttv.com.ar\/index.php\/2015\/03\/19\/laporta-participo-de-un-encuentro-de-cooperativas-en-tornquist\/","name":"LAPORTA PARTICIP\u00d3 DE UN ENCUENTRO DE COOPERATIVAS EN TORNQUIST - CELTTV","isPartOf":{"@id":"https:\/\/www.celttv.com.ar\/#website"},"datePublished":"2015-03-19T23:41:48+00:00","dateModified":"2015-03-19T23:41:48+00:00","description":"Sitio web de noticias de la localidad de Tornquist, provincia de Buenos Aires, Rep\u00fablica Argentina. Contenido propio originado por periodistas de CELTTV, el canal de TV local de la Cooperativa El\u00e9ctrica de Tornquist. Turismo, Pol\u00edtica, Sociedad, Deporte, Cultura y todo el contenido de inter\u00e9s general que la gente del pueblo y la regi\u00f3n debe conocer.","breadcrumb":{"@id":"https:\/\/www.celttv.com.ar\/index.php\/2015\/03\/19\/laporta-participo-de-un-encuentro-de-cooperativas-en-tornquist\/#breadcrumb"},"inLanguage":"es","potentialAction":[{"@type":"ReadAction","target":["https:\/\/www.celttv.com.ar\/index.php\/2015\/03\/19\/laporta-participo-de-un-encuentro-de-cooperativas-en-tornquist\/"]}]},{"@type":"BreadcrumbList","@id":"https:\/\/www.celttv.com.ar\/index.php\/2015\/03\/19\/laporta-participo-de-un-encuentro-de-cooperativas-en-tornquist\/#breadcrumb","itemListElement":[{"@type":"ListItem","position":1,"name":"Inicio","item":"https:\/\/www.celttv.com.ar\/"},{"@type":"ListItem","position":2,"name":"LAPORTA PARTICIP\u00d3 DE UN ENCUENTRO DE COOPERATIVAS EN TORNQUIST"}]},{"@type":"WebSite","@id":"https:\/\/www.celttv.com.ar\/#website","url":"https:\/\/www.celttv.com.ar\/","name":"CELTTV","description":"Cooperativa El\u00e9ctrica de Tornquist","publisher":{"@id":"https:\/\/www.celttv.com.ar\/#organization"},"potentialAction":[{"@type":"SearchAction","target":{"@type":"EntryPoint","urlTemplate":"https:\/\/www.celttv.com.ar\/?s={search_term_string}"},"query-input":"required name=search_term_string"}],"inLanguage":"es"},{"@type":"Organization","@id":"https:\/\/www.celttv.com.ar\/#organization","name":"CELTTV","url":"https:\/\/www.celttv.com.ar\/","sameAs":["https:\/\/www.youtube.com\/channel\/UCz_oIt8Hig64Ub-EmcNPIhg","https:\/\/www.facebook.com\/celtTV\/"],"logo":{"@type":"ImageObject","inLanguage":"es","@id":"https:\/\/www.celttv.com.ar\/#\/schema\/logo\/image\/","url":"http:\/\/www.celttv.com.ar\/wp-content\/uploads\/2022\/08\/logo-1.png","contentUrl":"http:\/\/www.celttv.com.ar\/wp-content\/uploads\/2022\/08\/logo-1.png","width":461,"height":159,"caption":"CELTTV"},"image":{"@id":"https:\/\/www.celttv.com.ar\/#\/schema\/logo\/image\/"}},{"@type":"Person","@id":"https:\/\/www.celttv.com.ar\/#\/schema\/person\/6d99c072dba59953809c81446e9d0ace","name":"ulises","image":{"@type":"ImageObject","inLanguage":"es","@id":"https:\/\/www.celttv.com.ar\/#\/schema\/person\/image\/","url":"https:\/\/secure.gravatar.com\/avatar\/7f2c48bdc33b30088f941fb6082e555f2874c98e20cb159d7b92b50eadfce793?s=96&d=mm&r=g","contentUrl":"https:\/\/secure.gravatar.com\/avatar\/7f2c48bdc33b30088f941fb6082e555f2874c98e20cb159d7b92b50eadfce793?s=96&d=mm&r=g","caption":"ulises"},"sameAs":["http:\/\/www.celttv.com.ar"]}]}},"_links":{"self":[{"href":"https:\/\/www.celttv.com.ar\/index.php\/wp-json\/wp\/v2\/posts\/27443","targetHints":{"allow":["GET"]}}],"collection":[{"href":"https:\/\/www.celttv.com.ar\/index.php\/wp-json\/wp\/v2\/posts"}],"about":[{"href":"https:\/\/www.celttv.com.ar\/index.php\/wp-json\/wp\/v2\/types\/post"}],"author":[{"embeddable":true,"href":"https:\/\/www.celttv.com.ar\/index.php\/wp-json\/wp\/v2\/users\/1"}],"replies":[{"embeddable":true,"href":"https:\/\/www.celttv.com.ar\/index.php\/wp-json\/wp\/v2\/comments?post=27443"}],"version-history":[{"count":0,"href":"https:\/\/www.celttv.com.ar\/index.php\/wp-json\/wp\/v2\/posts\/27443\/revisions"}],"wp:attachment":[{"href":"https:\/\/www.celttv.com.ar\/index.php\/wp-json\/wp\/v2\/media?parent=27443"}],"wp:term":[{"taxonomy":"category","embeddable":true,"href":"https:\/\/www.celttv.com.ar\/index.php\/wp-json\/wp\/v2\/categories?post=27443"},{"taxonomy":"post_tag","embeddable":true,"href":"https:\/\/www.celttv.com.ar\/index.php\/wp-json\/wp\/v2\/tags?post=27443"}],"curies":[{"name":"wp","href":"https:\/\/api.w.org\/{rel}","templated":true}]}}