{"id":27471,"date":"2015-03-22T13:52:54","date_gmt":"2015-03-22T13:52:54","guid":{"rendered":"http:\/\/www.tvcnoticias.com.ar\/?p=27471"},"modified":"2015-03-22T13:52:54","modified_gmt":"2015-03-22T13:52:54","slug":"secuestro-de-moto-demorado-por-desorden-y-ebriedad-demorado-por-presunta-infraccion-a-la-ley-de-estupefacientes","status":"publish","type":"post","link":"https:\/\/www.celttv.com.ar\/index.php\/2015\/03\/22\/secuestro-de-moto-demorado-por-desorden-y-ebriedad-demorado-por-presunta-infraccion-a-la-ley-de-estupefacientes\/","title":{"rendered":"SECUESTRO DE MOTO &#8211; DEMORADO POR DESORDEN Y EBRIEDAD &#8211; DEMORADO POR PRESUNTA INFRACCION A LA LEY DE ESTUPEFACIENTES"},"content":{"rendered":"<p><a href=\"http:\/\/www.tvcnoticias.com.ar\/?attachment_id=27472\" rel=\"attachment wp-att-27472\"><img loading=\"lazy\" decoding=\"async\" src=\"http:\/\/www.tvcnoticias.com.ar\/wp-content\/uploads\/2015\/03\/MOVIL-Small1-450x336.jpg\" alt=\"\" title=\"MOVIL (Small)\" width=\"450\" height=\"336\" class=\"aligncenter size-medium wp-image-27472\" \/><\/a><\/p>\n<p>La Estaci\u00f3n de Polic\u00eda Comunal de Tornquist lleva a conocimiento de la poblaci\u00f3n que con fecha 20 del corriente personal de esta dependencia policial procedi\u00f3 a la demora del ciudadano HECTOR GONZALO REGUEIRA, oriundo de este medio, quien se hallara provocando desorden en la v\u00eda p\u00fablica y en aparente estado de ebriedad, por tal motivo se procedi\u00f3 a labrar Actuaciones Contravencionales por INFRACCION A LOS ARTICULOS 72 y 74 inciso \u201cA\u201d del Decreto Ley 8031\/73 del C\u00f3digo de Faltas Contravencionales, d\u00e1ndose intervenci\u00f3n al Juzgado de Paz Letrado del Partido de Tornquist, a cargo del Se\u00f1or Juez, Doctor Francisco Frizza.-<br \/>\nAsimismo se lleva a conocimiento de la poblaci\u00f3n que con fecha 20 del corriente, 03:00 horas, personal policial de este dependencia procedi\u00f3 a la demora de un joven menor de edad, el cual por su condici\u00f3n no se pueden ampliar m\u00e1s datos, oriundo de la vecina localidad de Saavedra, a quien en su poder se le SECUESTRO un frasco conteniendo en su interior varias ramas de hierbas arom\u00e1ticas de fuerte olor s\u00edmil picadura de marihuana, labr\u00e1ndose Actuaciones Prevencionales por INFRACCION A LA LEY NACIONAL DE ESTUPEFACIENTES N\u00ba 23.737, d\u00e1ndosele intervenci\u00f3n a la Unidad Funcional de Instrucci\u00f3n y Juicio Numero DOS del Fuero de Responsabilidad Penal Juvenil, del Departamento Judicial de Bah\u00eda Blanca.-<br \/>\nTambi\u00e9n se lleva a conocimiento de la poblaci\u00f3n que en el d\u00eda de la fecha, en diferentes Operativos de Interceptaci\u00f3n Vehicular llevada a cabo en esta ciudad de Tornquist, orden emanada por la superioridad, personal de esta dependencia policial procedi\u00f3 al SECUESTRO de un moto vehiculo marca GILERA SMASH, de dominio colocado 271-ABS, propiedad del joven DIEGO ALEJANDRO AGUADO, oriundo de este medio, por INFRACCION A LOS ARTICULOS 40 inciso \u201cA\u201d (FALTA DE LICENCIA DE CONDUCIR) y 40 inciso \u201cC\u201d \u2013 68 (FALTA DE SEGURO OBLIGATORIO), todos de la LEY NACIONAL DE TRANSITO N\u00ba 24.449, procedi\u00e9ndose a la RETENCION PREVENTIVA del rodado menor, d\u00e1ndose  intervenci\u00f3n al Juzgado de Faltas Municipal del Partido de Tornquist, a cargo del Se\u00f1or Instructor Francisco Lanaro.-<br \/>\nESTACION DE POLICIA COMUNAL DE TORNQUIST.-<br \/>\nMARZO 21 DEL 2015.-  <\/p>\n","protected":false},"excerpt":{"rendered":"<p>La Estaci\u00f3n de Polic\u00eda Comunal de Tornquist lleva a conocimiento de la poblaci\u00f3n que con fecha 20 del corriente personal de esta dependencia policial procedi\u00f3 a la demora del ciudadano HECTOR GONZALO REGUEIRA, oriundo de este medio, quien se hallara provocando desorden en la v\u00eda p\u00fablica y en aparente estado de ebriedad, por tal motivo [&hellip;]<\/p>\n","protected":false},"author":1,"featured_media":0,"comment_status":"closed","ping_status":"open","sticky":false,"template":"","format":"standard","meta":{"footnotes":""},"categories":[51,52,61],"tags":[],"class_list":["post-27471","post","type-post","status-publish","format-standard","hentry","category-comunidad","category-destacadas","category-policiales"],"yoast_head":"<!-- This site is optimized with the Yoast SEO plugin v19.7.1 - https:\/\/yoast.com\/wordpress\/plugins\/seo\/ -->\n<title>SECUESTRO DE MOTO - DEMORADO POR DESORDEN Y EBRIEDAD - DEMORADO POR PRESUNTA INFRACCION A LA LEY DE ESTUPEFACIENTES - CELTTV<\/title>\n<meta name=\"description\" content=\"Sitio web de noticias de la localidad de Tornquist, provincia de Buenos Aires, Rep\u00fablica Argentina. Contenido propio originado por periodistas de CELTTV, el canal de TV local de la Cooperativa El\u00e9ctrica de Tornquist. Turismo, Pol\u00edtica, Sociedad, Deporte, Cultura y todo el contenido de inter\u00e9s general que la gente del pueblo y la regi\u00f3n debe conocer.\" \/>\n<meta name=\"robots\" content=\"index, follow, max-snippet:-1, max-image-preview:large, max-video-preview:-1\" \/>\n<link rel=\"canonical\" href=\"https:\/\/www.celttv.com.ar\/index.php\/2015\/03\/22\/secuestro-de-moto-demorado-por-desorden-y-ebriedad-demorado-por-presunta-infraccion-a-la-ley-de-estupefacientes\/\" \/>\n<meta property=\"og:locale\" content=\"es_ES\" \/>\n<meta property=\"og:type\" content=\"article\" \/>\n<meta property=\"og:title\" content=\"SECUESTRO DE MOTO - DEMORADO POR DESORDEN Y EBRIEDAD - DEMORADO POR PRESUNTA INFRACCION A LA LEY DE ESTUPEFACIENTES - CELTTV\" \/>\n<meta property=\"og:description\" content=\"Sitio web de noticias de la localidad de Tornquist, provincia de Buenos Aires, Rep\u00fablica Argentina. Contenido propio originado por periodistas de CELTTV, el canal de TV local de la Cooperativa El\u00e9ctrica de Tornquist. Turismo, Pol\u00edtica, Sociedad, Deporte, Cultura y todo el contenido de inter\u00e9s general que la gente del pueblo y la regi\u00f3n debe conocer.\" \/>\n<meta property=\"og:url\" content=\"https:\/\/www.celttv.com.ar\/index.php\/2015\/03\/22\/secuestro-de-moto-demorado-por-desorden-y-ebriedad-demorado-por-presunta-infraccion-a-la-ley-de-estupefacientes\/\" \/>\n<meta property=\"og:site_name\" content=\"CELTTV\" \/>\n<meta property=\"article:publisher\" content=\"https:\/\/www.facebook.com\/celtTV\/\" \/>\n<meta property=\"article:published_time\" content=\"2015-03-22T13:52:54+00:00\" \/>\n<meta property=\"og:image\" content=\"http:\/\/www.tvcnoticias.com.ar\/wp-content\/uploads\/2015\/03\/MOVIL-Small1-450x336.jpg\" \/>\n<meta name=\"author\" content=\"ulises\" \/>\n<meta name=\"twitter:card\" content=\"summary_large_image\" \/>\n<meta name=\"twitter:label1\" content=\"Escrito por\" \/>\n\t<meta name=\"twitter:data1\" content=\"ulises\" \/>\n\t<meta name=\"twitter:label2\" content=\"Tiempo de lectura\" \/>\n\t<meta name=\"twitter:data2\" content=\"2 minutos\" \/>\n<script type=\"application\/ld+json\" class=\"yoast-schema-graph\">{\"@context\":\"https:\/\/schema.org\",\"@graph\":[{\"@type\":\"NewsArticle\",\"@id\":\"https:\/\/www.celttv.com.ar\/index.php\/2015\/03\/22\/secuestro-de-moto-demorado-por-desorden-y-ebriedad-demorado-por-presunta-infraccion-a-la-ley-de-estupefacientes\/#article\",\"isPartOf\":{\"@id\":\"https:\/\/www.celttv.com.ar\/index.php\/2015\/03\/22\/secuestro-de-moto-demorado-por-desorden-y-ebriedad-demorado-por-presunta-infraccion-a-la-ley-de-estupefacientes\/\"},\"author\":{\"name\":\"ulises\",\"@id\":\"https:\/\/www.celttv.com.ar\/#\/schema\/person\/6d99c072dba59953809c81446e9d0ace\"},\"headline\":\"SECUESTRO DE MOTO &#8211; DEMORADO POR DESORDEN Y EBRIEDAD &#8211; DEMORADO POR PRESUNTA INFRACCION A LA LEY DE ESTUPEFACIENTES\",\"datePublished\":\"2015-03-22T13:52:54+00:00\",\"dateModified\":\"2015-03-22T13:52:54+00:00\",\"mainEntityOfPage\":{\"@id\":\"https:\/\/www.celttv.com.ar\/index.php\/2015\/03\/22\/secuestro-de-moto-demorado-por-desorden-y-ebriedad-demorado-por-presunta-infraccion-a-la-ley-de-estupefacientes\/\"},\"wordCount\":378,\"publisher\":{\"@id\":\"https:\/\/www.celttv.com.ar\/#organization\"},\"articleSection\":[\"Comunidad\",\"Destacadas\",\"Policiales\"],\"inLanguage\":\"es\"},{\"@type\":\"WebPage\",\"@id\":\"https:\/\/www.celttv.com.ar\/index.php\/2015\/03\/22\/secuestro-de-moto-demorado-por-desorden-y-ebriedad-demorado-por-presunta-infraccion-a-la-ley-de-estupefacientes\/\",\"url\":\"https:\/\/www.celttv.com.ar\/index.php\/2015\/03\/22\/secuestro-de-moto-demorado-por-desorden-y-ebriedad-demorado-por-presunta-infraccion-a-la-ley-de-estupefacientes\/\",\"name\":\"SECUESTRO DE MOTO - DEMORADO POR DESORDEN Y EBRIEDAD - DEMORADO POR PRESUNTA INFRACCION A LA LEY DE ESTUPEFACIENTES - CELTTV\",\"isPartOf\":{\"@id\":\"https:\/\/www.celttv.com.ar\/#website\"},\"datePublished\":\"2015-03-22T13:52:54+00:00\",\"dateModified\":\"2015-03-22T13:52:54+00:00\",\"description\":\"Sitio web de noticias de la localidad de Tornquist, provincia de Buenos Aires, Rep\u00fablica Argentina. Contenido propio originado por periodistas de CELTTV, el canal de TV local de la Cooperativa El\u00e9ctrica de Tornquist. Turismo, Pol\u00edtica, Sociedad, Deporte, Cultura y todo el contenido de inter\u00e9s general que la gente del pueblo y la regi\u00f3n debe conocer.\",\"breadcrumb\":{\"@id\":\"https:\/\/www.celttv.com.ar\/index.php\/2015\/03\/22\/secuestro-de-moto-demorado-por-desorden-y-ebriedad-demorado-por-presunta-infraccion-a-la-ley-de-estupefacientes\/#breadcrumb\"},\"inLanguage\":\"es\",\"potentialAction\":[{\"@type\":\"ReadAction\",\"target\":[\"https:\/\/www.celttv.com.ar\/index.php\/2015\/03\/22\/secuestro-de-moto-demorado-por-desorden-y-ebriedad-demorado-por-presunta-infraccion-a-la-ley-de-estupefacientes\/\"]}]},{\"@type\":\"BreadcrumbList\",\"@id\":\"https:\/\/www.celttv.com.ar\/index.php\/2015\/03\/22\/secuestro-de-moto-demorado-por-desorden-y-ebriedad-demorado-por-presunta-infraccion-a-la-ley-de-estupefacientes\/#breadcrumb\",\"itemListElement\":[{\"@type\":\"ListItem\",\"position\":1,\"name\":\"Inicio\",\"item\":\"https:\/\/www.celttv.com.ar\/\"},{\"@type\":\"ListItem\",\"position\":2,\"name\":\"SECUESTRO DE MOTO &#8211; DEMORADO POR DESORDEN Y EBRIEDAD &#8211; DEMORADO POR PRESUNTA INFRACCION A LA LEY DE ESTUPEFACIENTES\"}]},{\"@type\":\"WebSite\",\"@id\":\"https:\/\/www.celttv.com.ar\/#website\",\"url\":\"https:\/\/www.celttv.com.ar\/\",\"name\":\"CELTTV\",\"description\":\"Cooperativa El\u00e9ctrica de Tornquist\",\"publisher\":{\"@id\":\"https:\/\/www.celttv.com.ar\/#organization\"},\"potentialAction\":[{\"@type\":\"SearchAction\",\"target\":{\"@type\":\"EntryPoint\",\"urlTemplate\":\"https:\/\/www.celttv.com.ar\/?s={search_term_string}\"},\"query-input\":\"required name=search_term_string\"}],\"inLanguage\":\"es\"},{\"@type\":\"Organization\",\"@id\":\"https:\/\/www.celttv.com.ar\/#organization\",\"name\":\"CELTTV\",\"url\":\"https:\/\/www.celttv.com.ar\/\",\"sameAs\":[\"https:\/\/www.youtube.com\/channel\/UCz_oIt8Hig64Ub-EmcNPIhg\",\"https:\/\/www.facebook.com\/celtTV\/\"],\"logo\":{\"@type\":\"ImageObject\",\"inLanguage\":\"es\",\"@id\":\"https:\/\/www.celttv.com.ar\/#\/schema\/logo\/image\/\",\"url\":\"http:\/\/www.celttv.com.ar\/wp-content\/uploads\/2022\/08\/logo-1.png\",\"contentUrl\":\"http:\/\/www.celttv.com.ar\/wp-content\/uploads\/2022\/08\/logo-1.png\",\"width\":461,\"height\":159,\"caption\":\"CELTTV\"},\"image\":{\"@id\":\"https:\/\/www.celttv.com.ar\/#\/schema\/logo\/image\/\"}},{\"@type\":\"Person\",\"@id\":\"https:\/\/www.celttv.com.ar\/#\/schema\/person\/6d99c072dba59953809c81446e9d0ace\",\"name\":\"ulises\",\"image\":{\"@type\":\"ImageObject\",\"inLanguage\":\"es\",\"@id\":\"https:\/\/www.celttv.com.ar\/#\/schema\/person\/image\/\",\"url\":\"https:\/\/secure.gravatar.com\/avatar\/7f2c48bdc33b30088f941fb6082e555f2874c98e20cb159d7b92b50eadfce793?s=96&d=mm&r=g\",\"contentUrl\":\"https:\/\/secure.gravatar.com\/avatar\/7f2c48bdc33b30088f941fb6082e555f2874c98e20cb159d7b92b50eadfce793?s=96&d=mm&r=g\",\"caption\":\"ulises\"},\"sameAs\":[\"http:\/\/www.celttv.com.ar\"]}]}<\/script>\n<!-- \/ Yoast SEO plugin. -->","yoast_head_json":{"title":"SECUESTRO DE MOTO - DEMORADO POR DESORDEN Y EBRIEDAD - DEMORADO POR PRESUNTA INFRACCION A LA LEY DE ESTUPEFACIENTES - CELTTV","description":"Sitio web de noticias de la localidad de Tornquist, provincia de Buenos Aires, Rep\u00fablica Argentina. Contenido propio originado por periodistas de CELTTV, el canal de TV local de la Cooperativa El\u00e9ctrica de Tornquist. Turismo, Pol\u00edtica, Sociedad, Deporte, Cultura y todo el contenido de inter\u00e9s general que la gente del pueblo y la regi\u00f3n debe conocer.","robots":{"index":"index","follow":"follow","max-snippet":"max-snippet:-1","max-image-preview":"max-image-preview:large","max-video-preview":"max-video-preview:-1"},"canonical":"https:\/\/www.celttv.com.ar\/index.php\/2015\/03\/22\/secuestro-de-moto-demorado-por-desorden-y-ebriedad-demorado-por-presunta-infraccion-a-la-ley-de-estupefacientes\/","og_locale":"es_ES","og_type":"article","og_title":"SECUESTRO DE MOTO - DEMORADO POR DESORDEN Y EBRIEDAD - DEMORADO POR PRESUNTA INFRACCION A LA LEY DE ESTUPEFACIENTES - CELTTV","og_description":"Sitio web de noticias de la localidad de Tornquist, provincia de Buenos Aires, Rep\u00fablica Argentina. Contenido propio originado por periodistas de CELTTV, el canal de TV local de la Cooperativa El\u00e9ctrica de Tornquist. Turismo, Pol\u00edtica, Sociedad, Deporte, Cultura y todo el contenido de inter\u00e9s general que la gente del pueblo y la regi\u00f3n debe conocer.","og_url":"https:\/\/www.celttv.com.ar\/index.php\/2015\/03\/22\/secuestro-de-moto-demorado-por-desorden-y-ebriedad-demorado-por-presunta-infraccion-a-la-ley-de-estupefacientes\/","og_site_name":"CELTTV","article_publisher":"https:\/\/www.facebook.com\/celtTV\/","article_published_time":"2015-03-22T13:52:54+00:00","og_image":[{"url":"http:\/\/www.tvcnoticias.com.ar\/wp-content\/uploads\/2015\/03\/MOVIL-Small1-450x336.jpg"}],"author":"ulises","twitter_card":"summary_large_image","twitter_misc":{"Escrito por":"ulises","Tiempo de lectura":"2 minutos"},"schema":{"@context":"https:\/\/schema.org","@graph":[{"@type":"NewsArticle","@id":"https:\/\/www.celttv.com.ar\/index.php\/2015\/03\/22\/secuestro-de-moto-demorado-por-desorden-y-ebriedad-demorado-por-presunta-infraccion-a-la-ley-de-estupefacientes\/#article","isPartOf":{"@id":"https:\/\/www.celttv.com.ar\/index.php\/2015\/03\/22\/secuestro-de-moto-demorado-por-desorden-y-ebriedad-demorado-por-presunta-infraccion-a-la-ley-de-estupefacientes\/"},"author":{"name":"ulises","@id":"https:\/\/www.celttv.com.ar\/#\/schema\/person\/6d99c072dba59953809c81446e9d0ace"},"headline":"SECUESTRO DE MOTO &#8211; DEMORADO POR DESORDEN Y EBRIEDAD &#8211; DEMORADO POR PRESUNTA INFRACCION A LA LEY DE ESTUPEFACIENTES","datePublished":"2015-03-22T13:52:54+00:00","dateModified":"2015-03-22T13:52:54+00:00","mainEntityOfPage":{"@id":"https:\/\/www.celttv.com.ar\/index.php\/2015\/03\/22\/secuestro-de-moto-demorado-por-desorden-y-ebriedad-demorado-por-presunta-infraccion-a-la-ley-de-estupefacientes\/"},"wordCount":378,"publisher":{"@id":"https:\/\/www.celttv.com.ar\/#organization"},"articleSection":["Comunidad","Destacadas","Policiales"],"inLanguage":"es"},{"@type":"WebPage","@id":"https:\/\/www.celttv.com.ar\/index.php\/2015\/03\/22\/secuestro-de-moto-demorado-por-desorden-y-ebriedad-demorado-por-presunta-infraccion-a-la-ley-de-estupefacientes\/","url":"https:\/\/www.celttv.com.ar\/index.php\/2015\/03\/22\/secuestro-de-moto-demorado-por-desorden-y-ebriedad-demorado-por-presunta-infraccion-a-la-ley-de-estupefacientes\/","name":"SECUESTRO DE MOTO - DEMORADO POR DESORDEN Y EBRIEDAD - DEMORADO POR PRESUNTA INFRACCION A LA LEY DE ESTUPEFACIENTES - CELTTV","isPartOf":{"@id":"https:\/\/www.celttv.com.ar\/#website"},"datePublished":"2015-03-22T13:52:54+00:00","dateModified":"2015-03-22T13:52:54+00:00","description":"Sitio web de noticias de la localidad de Tornquist, provincia de Buenos Aires, Rep\u00fablica Argentina. Contenido propio originado por periodistas de CELTTV, el canal de TV local de la Cooperativa El\u00e9ctrica de Tornquist. Turismo, Pol\u00edtica, Sociedad, Deporte, Cultura y todo el contenido de inter\u00e9s general que la gente del pueblo y la regi\u00f3n debe conocer.","breadcrumb":{"@id":"https:\/\/www.celttv.com.ar\/index.php\/2015\/03\/22\/secuestro-de-moto-demorado-por-desorden-y-ebriedad-demorado-por-presunta-infraccion-a-la-ley-de-estupefacientes\/#breadcrumb"},"inLanguage":"es","potentialAction":[{"@type":"ReadAction","target":["https:\/\/www.celttv.com.ar\/index.php\/2015\/03\/22\/secuestro-de-moto-demorado-por-desorden-y-ebriedad-demorado-por-presunta-infraccion-a-la-ley-de-estupefacientes\/"]}]},{"@type":"BreadcrumbList","@id":"https:\/\/www.celttv.com.ar\/index.php\/2015\/03\/22\/secuestro-de-moto-demorado-por-desorden-y-ebriedad-demorado-por-presunta-infraccion-a-la-ley-de-estupefacientes\/#breadcrumb","itemListElement":[{"@type":"ListItem","position":1,"name":"Inicio","item":"https:\/\/www.celttv.com.ar\/"},{"@type":"ListItem","position":2,"name":"SECUESTRO DE MOTO &#8211; DEMORADO POR DESORDEN Y EBRIEDAD &#8211; DEMORADO POR PRESUNTA INFRACCION A LA LEY DE ESTUPEFACIENTES"}]},{"@type":"WebSite","@id":"https:\/\/www.celttv.com.ar\/#website","url":"https:\/\/www.celttv.com.ar\/","name":"CELTTV","description":"Cooperativa El\u00e9ctrica de Tornquist","publisher":{"@id":"https:\/\/www.celttv.com.ar\/#organization"},"potentialAction":[{"@type":"SearchAction","target":{"@type":"EntryPoint","urlTemplate":"https:\/\/www.celttv.com.ar\/?s={search_term_string}"},"query-input":"required name=search_term_string"}],"inLanguage":"es"},{"@type":"Organization","@id":"https:\/\/www.celttv.com.ar\/#organization","name":"CELTTV","url":"https:\/\/www.celttv.com.ar\/","sameAs":["https:\/\/www.youtube.com\/channel\/UCz_oIt8Hig64Ub-EmcNPIhg","https:\/\/www.facebook.com\/celtTV\/"],"logo":{"@type":"ImageObject","inLanguage":"es","@id":"https:\/\/www.celttv.com.ar\/#\/schema\/logo\/image\/","url":"http:\/\/www.celttv.com.ar\/wp-content\/uploads\/2022\/08\/logo-1.png","contentUrl":"http:\/\/www.celttv.com.ar\/wp-content\/uploads\/2022\/08\/logo-1.png","width":461,"height":159,"caption":"CELTTV"},"image":{"@id":"https:\/\/www.celttv.com.ar\/#\/schema\/logo\/image\/"}},{"@type":"Person","@id":"https:\/\/www.celttv.com.ar\/#\/schema\/person\/6d99c072dba59953809c81446e9d0ace","name":"ulises","image":{"@type":"ImageObject","inLanguage":"es","@id":"https:\/\/www.celttv.com.ar\/#\/schema\/person\/image\/","url":"https:\/\/secure.gravatar.com\/avatar\/7f2c48bdc33b30088f941fb6082e555f2874c98e20cb159d7b92b50eadfce793?s=96&d=mm&r=g","contentUrl":"https:\/\/secure.gravatar.com\/avatar\/7f2c48bdc33b30088f941fb6082e555f2874c98e20cb159d7b92b50eadfce793?s=96&d=mm&r=g","caption":"ulises"},"sameAs":["http:\/\/www.celttv.com.ar"]}]}},"_links":{"self":[{"href":"https:\/\/www.celttv.com.ar\/index.php\/wp-json\/wp\/v2\/posts\/27471","targetHints":{"allow":["GET"]}}],"collection":[{"href":"https:\/\/www.celttv.com.ar\/index.php\/wp-json\/wp\/v2\/posts"}],"about":[{"href":"https:\/\/www.celttv.com.ar\/index.php\/wp-json\/wp\/v2\/types\/post"}],"author":[{"embeddable":true,"href":"https:\/\/www.celttv.com.ar\/index.php\/wp-json\/wp\/v2\/users\/1"}],"replies":[{"embeddable":true,"href":"https:\/\/www.celttv.com.ar\/index.php\/wp-json\/wp\/v2\/comments?post=27471"}],"version-history":[{"count":0,"href":"https:\/\/www.celttv.com.ar\/index.php\/wp-json\/wp\/v2\/posts\/27471\/revisions"}],"wp:attachment":[{"href":"https:\/\/www.celttv.com.ar\/index.php\/wp-json\/wp\/v2\/media?parent=27471"}],"wp:term":[{"taxonomy":"category","embeddable":true,"href":"https:\/\/www.celttv.com.ar\/index.php\/wp-json\/wp\/v2\/categories?post=27471"},{"taxonomy":"post_tag","embeddable":true,"href":"https:\/\/www.celttv.com.ar\/index.php\/wp-json\/wp\/v2\/tags?post=27471"}],"curies":[{"name":"wp","href":"https:\/\/api.w.org\/{rel}","templated":true}]}}