{"id":2804,"date":"2011-10-26T20:02:15","date_gmt":"2011-10-26T20:02:15","guid":{"rendered":"http:\/\/www.tvcnoticias.com.ar\/?p=2804"},"modified":"2011-10-26T20:02:15","modified_gmt":"2011-10-26T20:02:15","slug":"los-ministerios-de-agricultura-y-salud-toman-una-de-las-medidas-de-mayor-impacto-sanitario-de-los-ultimos-anos","status":"publish","type":"post","link":"https:\/\/www.celttv.com.ar\/index.php\/2011\/10\/26\/los-ministerios-de-agricultura-y-salud-toman-una-de-las-medidas-de-mayor-impacto-sanitario-de-los-ultimos-anos\/","title":{"rendered":"LOS MINISTERIOS DE AGRICULTURA Y SALUD TOMAN UNA DE LAS MEDIDAS DE MAYOR IMPACTO SANITARIO DE LOS \u00daLTIMOS A\u00d1OS"},"content":{"rendered":"<p>El ministro de Agricultura, Ganader\u00eda y Pesca de la Naci\u00f3n, Juli\u00e1n Dom\u00ednguez, y su par de la cartera de Salud, Juan Manzur, firmaron hoy un convenio marco con la Coordinadora de las Industrias de Productos Alimentarios (COPAL) para disminuir el contenido de sal en los alimentos procesados, y de esta manera reducir el riesgo de enfermedades cardiovasculares en la poblaci\u00f3n.<br \/>\nEl acuerdo, que ya cuenta con 30 empresas adheridas, establece que el sector industrial de alimentos reducir\u00e1 de manera voluntaria y progresiva el contenido de sodio en productos c\u00e1rnicos y sus derivados, farin\u00e1ceos, l\u00e1cteos, sopas, aderezos y conservas.<br \/>\nSeg\u00fan proyecciones de la cartera sanitaria nacional, la disminuci\u00f3n de 3 gramos de sal en la dieta de toda la poblaci\u00f3n salvar\u00eda unas 6.000 vidas anuales y evitar\u00eda cerca de 60.000 eventos cardiovasculares y ataques cerebrovasculares cada a\u00f1o.<br \/>\n&#8220;Producir alimentos sanos es un valor diferencial que posiciona a nuestro pa\u00eds en el mundo como proveedor de alta calidad, porque ser capaces de cuidar la salud de nuestra poblaci\u00f3n certifica la calidad de nuestros alimentos ante el mundo, y este es el principal desaf\u00edo del Plan Estrat\u00e9gico Agroalimentario y Agroindustrial&#8221;, afirm\u00f3 Dom\u00ednguez.<br \/>\nEl titular de Agricultura destac\u00f3 la articulaci\u00f3n entre el sector p\u00fablico y privado para la puesta en marcha del convenio. &#8220;Esta es la se\u00f1al de una nueva era en la que logramos una articulaci\u00f3n inteligente entre el Estado y las industrias para implementar pol\u00edticas que mejoren la calidad de vida de la poblaci\u00f3n&#8221;, manifest\u00f3.<br \/>\nEl Ministro realiz\u00f3 estas declaraciones durante un acto que se realiz\u00f3 esta ma\u00f1ana, en la sede del Ministerio de Salud, en el cual se firm\u00f3 el acuerdo junto al presidente de la COPAL; Daniel Funes de Rioja; representantes de empresas del rubro alimentario y C\u00e1maras de Industriales Lecheros.<br \/>\nDom\u00ednguez destac\u00f3 la participaci\u00f3n del sector cient\u00edfico y acad\u00e9mico, al afirmar que \u0093el trabajo mancomunado entre las universidades y la industria es signo de un cambio de paradigma en el que los sectores estrat\u00e9gicos trabajan junto en pos de un objetivo com\u00fan\u0094.<br \/>\nEn el mismo sentido, Manzur se refiri\u00f3 al trabajo conjunto que llevaron adelante los Ministerios de Agricultura y Salud junto con las industrias alimenticias, y se\u00f1al\u00f3 que \u0093no hay antecedente en el mundo de una articulaci\u00f3n p\u00fablico-privada de esta magnitud\u0094.<br \/>\nAsimismo, el titular de la cartera sanitaria afirm\u00f3 que el acuerdo firmado hoy \u0093es una de las medidas con mayor impacto sanitario de los \u00faltimos a\u00f1os\u0094.<br \/>\nPor su parte, el presidente de la COPAL, Daniel Funes de Rioja, destac\u00f3 durante su discurso la puesta en marcha del Plan Estrat\u00e9gico Agroalimentario y Agroindustrial, al se\u00f1alar que el mismo \u0093permiti\u00f3 forjar una agenda com\u00fan entre los diferentes actores del sector para constituir una verdadera alianza productiva\u0094.<br \/>\nLas metas de este acuerdo fueron fijadas a dos a\u00f1os, y tienen por objetivo promover la reducci\u00f3n del consumo de sal en Argentina a partir de un trabajo mancomunado entre el Estado y la Industria Alimentaria para alcanzar, en 2020, la meta de 5 gramos diarios de consumo promedio de sal por persona, seg\u00fan el valor m\u00e1ximo recomendado por la Organizaci\u00f3n Mundial de la Salud (OMS).<br \/>\n26 de octubre de 2011<\/p>\n","protected":false},"excerpt":{"rendered":"<p>El ministro de Agricultura, Ganader\u00eda y Pesca de la Naci\u00f3n, Juli\u00e1n Dom\u00ednguez, y su par de la cartera de Salud, Juan Manzur, firmaron hoy un convenio marco con la Coordinadora de las Industrias de Productos Alimentarios (COPAL) para disminuir el contenido de sal en los alimentos procesados, y de esta manera reducir el riesgo de [&hellip;]<\/p>\n","protected":false},"author":1,"featured_media":0,"comment_status":"closed","ping_status":"open","sticky":false,"template":"","format":"standard","meta":{"footnotes":""},"categories":[51,52,53],"tags":[],"class_list":["post-2804","post","type-post","status-publish","format-standard","hentry","category-comunidad","category-destacadas","category-politica"],"yoast_head":"<!-- This site is optimized with the Yoast SEO plugin v19.7.1 - https:\/\/yoast.com\/wordpress\/plugins\/seo\/ -->\n<title>LOS MINISTERIOS DE AGRICULTURA Y SALUD TOMAN UNA DE LAS MEDIDAS DE MAYOR IMPACTO SANITARIO DE LOS \u00daLTIMOS A\u00d1OS - CELTTV<\/title>\n<meta name=\"description\" content=\"Sitio web de noticias de la localidad de Tornquist, provincia de Buenos Aires, Rep\u00fablica Argentina. Contenido propio originado por periodistas de CELTTV, el canal de TV local de la Cooperativa El\u00e9ctrica de Tornquist. Turismo, Pol\u00edtica, Sociedad, Deporte, Cultura y todo el contenido de inter\u00e9s general que la gente del pueblo y la regi\u00f3n debe conocer.\" \/>\n<meta name=\"robots\" content=\"index, follow, max-snippet:-1, max-image-preview:large, max-video-preview:-1\" \/>\n<link rel=\"canonical\" href=\"https:\/\/www.celttv.com.ar\/index.php\/2011\/10\/26\/los-ministerios-de-agricultura-y-salud-toman-una-de-las-medidas-de-mayor-impacto-sanitario-de-los-ultimos-anos\/\" \/>\n<meta property=\"og:locale\" content=\"es_ES\" \/>\n<meta property=\"og:type\" content=\"article\" \/>\n<meta property=\"og:title\" content=\"LOS MINISTERIOS DE AGRICULTURA Y SALUD TOMAN UNA DE LAS MEDIDAS DE MAYOR IMPACTO SANITARIO DE LOS \u00daLTIMOS A\u00d1OS - CELTTV\" \/>\n<meta property=\"og:description\" content=\"Sitio web de noticias de la localidad de Tornquist, provincia de Buenos Aires, Rep\u00fablica Argentina. Contenido propio originado por periodistas de CELTTV, el canal de TV local de la Cooperativa El\u00e9ctrica de Tornquist. Turismo, Pol\u00edtica, Sociedad, Deporte, Cultura y todo el contenido de inter\u00e9s general que la gente del pueblo y la regi\u00f3n debe conocer.\" \/>\n<meta property=\"og:url\" content=\"https:\/\/www.celttv.com.ar\/index.php\/2011\/10\/26\/los-ministerios-de-agricultura-y-salud-toman-una-de-las-medidas-de-mayor-impacto-sanitario-de-los-ultimos-anos\/\" \/>\n<meta property=\"og:site_name\" content=\"CELTTV\" \/>\n<meta property=\"article:publisher\" content=\"https:\/\/www.facebook.com\/celtTV\/\" \/>\n<meta property=\"article:published_time\" content=\"2011-10-26T20:02:15+00:00\" \/>\n<meta name=\"author\" content=\"ulises\" \/>\n<meta name=\"twitter:card\" content=\"summary_large_image\" \/>\n<meta name=\"twitter:label1\" content=\"Escrito por\" \/>\n\t<meta name=\"twitter:data1\" content=\"ulises\" \/>\n\t<meta name=\"twitter:label2\" content=\"Tiempo de lectura\" \/>\n\t<meta name=\"twitter:data2\" content=\"3 minutos\" \/>\n<script type=\"application\/ld+json\" class=\"yoast-schema-graph\">{\"@context\":\"https:\/\/schema.org\",\"@graph\":[{\"@type\":\"NewsArticle\",\"@id\":\"https:\/\/www.celttv.com.ar\/index.php\/2011\/10\/26\/los-ministerios-de-agricultura-y-salud-toman-una-de-las-medidas-de-mayor-impacto-sanitario-de-los-ultimos-anos\/#article\",\"isPartOf\":{\"@id\":\"https:\/\/www.celttv.com.ar\/index.php\/2011\/10\/26\/los-ministerios-de-agricultura-y-salud-toman-una-de-las-medidas-de-mayor-impacto-sanitario-de-los-ultimos-anos\/\"},\"author\":{\"name\":\"ulises\",\"@id\":\"https:\/\/www.celttv.com.ar\/#\/schema\/person\/6d99c072dba59953809c81446e9d0ace\"},\"headline\":\"LOS MINISTERIOS DE AGRICULTURA Y SALUD TOMAN UNA DE LAS MEDIDAS DE MAYOR IMPACTO SANITARIO DE LOS \u00daLTIMOS A\u00d1OS\",\"datePublished\":\"2011-10-26T20:02:15+00:00\",\"dateModified\":\"2011-10-26T20:02:15+00:00\",\"mainEntityOfPage\":{\"@id\":\"https:\/\/www.celttv.com.ar\/index.php\/2011\/10\/26\/los-ministerios-de-agricultura-y-salud-toman-una-de-las-medidas-de-mayor-impacto-sanitario-de-los-ultimos-anos\/\"},\"wordCount\":575,\"publisher\":{\"@id\":\"https:\/\/www.celttv.com.ar\/#organization\"},\"articleSection\":[\"Comunidad\",\"Destacadas\",\"Pol\u00edtica\"],\"inLanguage\":\"es\"},{\"@type\":\"WebPage\",\"@id\":\"https:\/\/www.celttv.com.ar\/index.php\/2011\/10\/26\/los-ministerios-de-agricultura-y-salud-toman-una-de-las-medidas-de-mayor-impacto-sanitario-de-los-ultimos-anos\/\",\"url\":\"https:\/\/www.celttv.com.ar\/index.php\/2011\/10\/26\/los-ministerios-de-agricultura-y-salud-toman-una-de-las-medidas-de-mayor-impacto-sanitario-de-los-ultimos-anos\/\",\"name\":\"LOS MINISTERIOS DE AGRICULTURA Y SALUD TOMAN UNA DE LAS MEDIDAS DE MAYOR IMPACTO SANITARIO DE LOS \u00daLTIMOS A\u00d1OS - CELTTV\",\"isPartOf\":{\"@id\":\"https:\/\/www.celttv.com.ar\/#website\"},\"datePublished\":\"2011-10-26T20:02:15+00:00\",\"dateModified\":\"2011-10-26T20:02:15+00:00\",\"description\":\"Sitio web de noticias de la localidad de Tornquist, provincia de Buenos Aires, Rep\u00fablica Argentina. Contenido propio originado por periodistas de CELTTV, el canal de TV local de la Cooperativa El\u00e9ctrica de Tornquist. Turismo, Pol\u00edtica, Sociedad, Deporte, Cultura y todo el contenido de inter\u00e9s general que la gente del pueblo y la regi\u00f3n debe conocer.\",\"breadcrumb\":{\"@id\":\"https:\/\/www.celttv.com.ar\/index.php\/2011\/10\/26\/los-ministerios-de-agricultura-y-salud-toman-una-de-las-medidas-de-mayor-impacto-sanitario-de-los-ultimos-anos\/#breadcrumb\"},\"inLanguage\":\"es\",\"potentialAction\":[{\"@type\":\"ReadAction\",\"target\":[\"https:\/\/www.celttv.com.ar\/index.php\/2011\/10\/26\/los-ministerios-de-agricultura-y-salud-toman-una-de-las-medidas-de-mayor-impacto-sanitario-de-los-ultimos-anos\/\"]}]},{\"@type\":\"BreadcrumbList\",\"@id\":\"https:\/\/www.celttv.com.ar\/index.php\/2011\/10\/26\/los-ministerios-de-agricultura-y-salud-toman-una-de-las-medidas-de-mayor-impacto-sanitario-de-los-ultimos-anos\/#breadcrumb\",\"itemListElement\":[{\"@type\":\"ListItem\",\"position\":1,\"name\":\"Inicio\",\"item\":\"https:\/\/www.celttv.com.ar\/\"},{\"@type\":\"ListItem\",\"position\":2,\"name\":\"LOS MINISTERIOS DE AGRICULTURA Y SALUD TOMAN UNA DE LAS MEDIDAS DE MAYOR IMPACTO SANITARIO DE LOS \u00daLTIMOS A\u00d1OS\"}]},{\"@type\":\"WebSite\",\"@id\":\"https:\/\/www.celttv.com.ar\/#website\",\"url\":\"https:\/\/www.celttv.com.ar\/\",\"name\":\"CELTTV\",\"description\":\"Cooperativa El\u00e9ctrica de Tornquist\",\"publisher\":{\"@id\":\"https:\/\/www.celttv.com.ar\/#organization\"},\"potentialAction\":[{\"@type\":\"SearchAction\",\"target\":{\"@type\":\"EntryPoint\",\"urlTemplate\":\"https:\/\/www.celttv.com.ar\/?s={search_term_string}\"},\"query-input\":\"required name=search_term_string\"}],\"inLanguage\":\"es\"},{\"@type\":\"Organization\",\"@id\":\"https:\/\/www.celttv.com.ar\/#organization\",\"name\":\"CELTTV\",\"url\":\"https:\/\/www.celttv.com.ar\/\",\"sameAs\":[\"https:\/\/www.youtube.com\/channel\/UCz_oIt8Hig64Ub-EmcNPIhg\",\"https:\/\/www.facebook.com\/celtTV\/\"],\"logo\":{\"@type\":\"ImageObject\",\"inLanguage\":\"es\",\"@id\":\"https:\/\/www.celttv.com.ar\/#\/schema\/logo\/image\/\",\"url\":\"http:\/\/www.celttv.com.ar\/wp-content\/uploads\/2022\/08\/logo-1.png\",\"contentUrl\":\"http:\/\/www.celttv.com.ar\/wp-content\/uploads\/2022\/08\/logo-1.png\",\"width\":461,\"height\":159,\"caption\":\"CELTTV\"},\"image\":{\"@id\":\"https:\/\/www.celttv.com.ar\/#\/schema\/logo\/image\/\"}},{\"@type\":\"Person\",\"@id\":\"https:\/\/www.celttv.com.ar\/#\/schema\/person\/6d99c072dba59953809c81446e9d0ace\",\"name\":\"ulises\",\"image\":{\"@type\":\"ImageObject\",\"inLanguage\":\"es\",\"@id\":\"https:\/\/www.celttv.com.ar\/#\/schema\/person\/image\/\",\"url\":\"https:\/\/secure.gravatar.com\/avatar\/7f2c48bdc33b30088f941fb6082e555f2874c98e20cb159d7b92b50eadfce793?s=96&d=mm&r=g\",\"contentUrl\":\"https:\/\/secure.gravatar.com\/avatar\/7f2c48bdc33b30088f941fb6082e555f2874c98e20cb159d7b92b50eadfce793?s=96&d=mm&r=g\",\"caption\":\"ulises\"},\"sameAs\":[\"http:\/\/www.celttv.com.ar\"]}]}<\/script>\n<!-- \/ Yoast SEO plugin. -->","yoast_head_json":{"title":"LOS MINISTERIOS DE AGRICULTURA Y SALUD TOMAN UNA DE LAS MEDIDAS DE MAYOR IMPACTO SANITARIO DE LOS \u00daLTIMOS A\u00d1OS - CELTTV","description":"Sitio web de noticias de la localidad de Tornquist, provincia de Buenos Aires, Rep\u00fablica Argentina. Contenido propio originado por periodistas de CELTTV, el canal de TV local de la Cooperativa El\u00e9ctrica de Tornquist. Turismo, Pol\u00edtica, Sociedad, Deporte, Cultura y todo el contenido de inter\u00e9s general que la gente del pueblo y la regi\u00f3n debe conocer.","robots":{"index":"index","follow":"follow","max-snippet":"max-snippet:-1","max-image-preview":"max-image-preview:large","max-video-preview":"max-video-preview:-1"},"canonical":"https:\/\/www.celttv.com.ar\/index.php\/2011\/10\/26\/los-ministerios-de-agricultura-y-salud-toman-una-de-las-medidas-de-mayor-impacto-sanitario-de-los-ultimos-anos\/","og_locale":"es_ES","og_type":"article","og_title":"LOS MINISTERIOS DE AGRICULTURA Y SALUD TOMAN UNA DE LAS MEDIDAS DE MAYOR IMPACTO SANITARIO DE LOS \u00daLTIMOS A\u00d1OS - CELTTV","og_description":"Sitio web de noticias de la localidad de Tornquist, provincia de Buenos Aires, Rep\u00fablica Argentina. Contenido propio originado por periodistas de CELTTV, el canal de TV local de la Cooperativa El\u00e9ctrica de Tornquist. Turismo, Pol\u00edtica, Sociedad, Deporte, Cultura y todo el contenido de inter\u00e9s general que la gente del pueblo y la regi\u00f3n debe conocer.","og_url":"https:\/\/www.celttv.com.ar\/index.php\/2011\/10\/26\/los-ministerios-de-agricultura-y-salud-toman-una-de-las-medidas-de-mayor-impacto-sanitario-de-los-ultimos-anos\/","og_site_name":"CELTTV","article_publisher":"https:\/\/www.facebook.com\/celtTV\/","article_published_time":"2011-10-26T20:02:15+00:00","author":"ulises","twitter_card":"summary_large_image","twitter_misc":{"Escrito por":"ulises","Tiempo de lectura":"3 minutos"},"schema":{"@context":"https:\/\/schema.org","@graph":[{"@type":"NewsArticle","@id":"https:\/\/www.celttv.com.ar\/index.php\/2011\/10\/26\/los-ministerios-de-agricultura-y-salud-toman-una-de-las-medidas-de-mayor-impacto-sanitario-de-los-ultimos-anos\/#article","isPartOf":{"@id":"https:\/\/www.celttv.com.ar\/index.php\/2011\/10\/26\/los-ministerios-de-agricultura-y-salud-toman-una-de-las-medidas-de-mayor-impacto-sanitario-de-los-ultimos-anos\/"},"author":{"name":"ulises","@id":"https:\/\/www.celttv.com.ar\/#\/schema\/person\/6d99c072dba59953809c81446e9d0ace"},"headline":"LOS MINISTERIOS DE AGRICULTURA Y SALUD TOMAN UNA DE LAS MEDIDAS DE MAYOR IMPACTO SANITARIO DE LOS \u00daLTIMOS A\u00d1OS","datePublished":"2011-10-26T20:02:15+00:00","dateModified":"2011-10-26T20:02:15+00:00","mainEntityOfPage":{"@id":"https:\/\/www.celttv.com.ar\/index.php\/2011\/10\/26\/los-ministerios-de-agricultura-y-salud-toman-una-de-las-medidas-de-mayor-impacto-sanitario-de-los-ultimos-anos\/"},"wordCount":575,"publisher":{"@id":"https:\/\/www.celttv.com.ar\/#organization"},"articleSection":["Comunidad","Destacadas","Pol\u00edtica"],"inLanguage":"es"},{"@type":"WebPage","@id":"https:\/\/www.celttv.com.ar\/index.php\/2011\/10\/26\/los-ministerios-de-agricultura-y-salud-toman-una-de-las-medidas-de-mayor-impacto-sanitario-de-los-ultimos-anos\/","url":"https:\/\/www.celttv.com.ar\/index.php\/2011\/10\/26\/los-ministerios-de-agricultura-y-salud-toman-una-de-las-medidas-de-mayor-impacto-sanitario-de-los-ultimos-anos\/","name":"LOS MINISTERIOS DE AGRICULTURA Y SALUD TOMAN UNA DE LAS MEDIDAS DE MAYOR IMPACTO SANITARIO DE LOS \u00daLTIMOS A\u00d1OS - CELTTV","isPartOf":{"@id":"https:\/\/www.celttv.com.ar\/#website"},"datePublished":"2011-10-26T20:02:15+00:00","dateModified":"2011-10-26T20:02:15+00:00","description":"Sitio web de noticias de la localidad de Tornquist, provincia de Buenos Aires, Rep\u00fablica Argentina. Contenido propio originado por periodistas de CELTTV, el canal de TV local de la Cooperativa El\u00e9ctrica de Tornquist. Turismo, Pol\u00edtica, Sociedad, Deporte, Cultura y todo el contenido de inter\u00e9s general que la gente del pueblo y la regi\u00f3n debe conocer.","breadcrumb":{"@id":"https:\/\/www.celttv.com.ar\/index.php\/2011\/10\/26\/los-ministerios-de-agricultura-y-salud-toman-una-de-las-medidas-de-mayor-impacto-sanitario-de-los-ultimos-anos\/#breadcrumb"},"inLanguage":"es","potentialAction":[{"@type":"ReadAction","target":["https:\/\/www.celttv.com.ar\/index.php\/2011\/10\/26\/los-ministerios-de-agricultura-y-salud-toman-una-de-las-medidas-de-mayor-impacto-sanitario-de-los-ultimos-anos\/"]}]},{"@type":"BreadcrumbList","@id":"https:\/\/www.celttv.com.ar\/index.php\/2011\/10\/26\/los-ministerios-de-agricultura-y-salud-toman-una-de-las-medidas-de-mayor-impacto-sanitario-de-los-ultimos-anos\/#breadcrumb","itemListElement":[{"@type":"ListItem","position":1,"name":"Inicio","item":"https:\/\/www.celttv.com.ar\/"},{"@type":"ListItem","position":2,"name":"LOS MINISTERIOS DE AGRICULTURA Y SALUD TOMAN UNA DE LAS MEDIDAS DE MAYOR IMPACTO SANITARIO DE LOS \u00daLTIMOS A\u00d1OS"}]},{"@type":"WebSite","@id":"https:\/\/www.celttv.com.ar\/#website","url":"https:\/\/www.celttv.com.ar\/","name":"CELTTV","description":"Cooperativa El\u00e9ctrica de Tornquist","publisher":{"@id":"https:\/\/www.celttv.com.ar\/#organization"},"potentialAction":[{"@type":"SearchAction","target":{"@type":"EntryPoint","urlTemplate":"https:\/\/www.celttv.com.ar\/?s={search_term_string}"},"query-input":"required name=search_term_string"}],"inLanguage":"es"},{"@type":"Organization","@id":"https:\/\/www.celttv.com.ar\/#organization","name":"CELTTV","url":"https:\/\/www.celttv.com.ar\/","sameAs":["https:\/\/www.youtube.com\/channel\/UCz_oIt8Hig64Ub-EmcNPIhg","https:\/\/www.facebook.com\/celtTV\/"],"logo":{"@type":"ImageObject","inLanguage":"es","@id":"https:\/\/www.celttv.com.ar\/#\/schema\/logo\/image\/","url":"http:\/\/www.celttv.com.ar\/wp-content\/uploads\/2022\/08\/logo-1.png","contentUrl":"http:\/\/www.celttv.com.ar\/wp-content\/uploads\/2022\/08\/logo-1.png","width":461,"height":159,"caption":"CELTTV"},"image":{"@id":"https:\/\/www.celttv.com.ar\/#\/schema\/logo\/image\/"}},{"@type":"Person","@id":"https:\/\/www.celttv.com.ar\/#\/schema\/person\/6d99c072dba59953809c81446e9d0ace","name":"ulises","image":{"@type":"ImageObject","inLanguage":"es","@id":"https:\/\/www.celttv.com.ar\/#\/schema\/person\/image\/","url":"https:\/\/secure.gravatar.com\/avatar\/7f2c48bdc33b30088f941fb6082e555f2874c98e20cb159d7b92b50eadfce793?s=96&d=mm&r=g","contentUrl":"https:\/\/secure.gravatar.com\/avatar\/7f2c48bdc33b30088f941fb6082e555f2874c98e20cb159d7b92b50eadfce793?s=96&d=mm&r=g","caption":"ulises"},"sameAs":["http:\/\/www.celttv.com.ar"]}]}},"_links":{"self":[{"href":"https:\/\/www.celttv.com.ar\/index.php\/wp-json\/wp\/v2\/posts\/2804","targetHints":{"allow":["GET"]}}],"collection":[{"href":"https:\/\/www.celttv.com.ar\/index.php\/wp-json\/wp\/v2\/posts"}],"about":[{"href":"https:\/\/www.celttv.com.ar\/index.php\/wp-json\/wp\/v2\/types\/post"}],"author":[{"embeddable":true,"href":"https:\/\/www.celttv.com.ar\/index.php\/wp-json\/wp\/v2\/users\/1"}],"replies":[{"embeddable":true,"href":"https:\/\/www.celttv.com.ar\/index.php\/wp-json\/wp\/v2\/comments?post=2804"}],"version-history":[{"count":0,"href":"https:\/\/www.celttv.com.ar\/index.php\/wp-json\/wp\/v2\/posts\/2804\/revisions"}],"wp:attachment":[{"href":"https:\/\/www.celttv.com.ar\/index.php\/wp-json\/wp\/v2\/media?parent=2804"}],"wp:term":[{"taxonomy":"category","embeddable":true,"href":"https:\/\/www.celttv.com.ar\/index.php\/wp-json\/wp\/v2\/categories?post=2804"},{"taxonomy":"post_tag","embeddable":true,"href":"https:\/\/www.celttv.com.ar\/index.php\/wp-json\/wp\/v2\/tags?post=2804"}],"curies":[{"name":"wp","href":"https:\/\/api.w.org\/{rel}","templated":true}]}}