{"id":28070,"date":"2015-04-16T20:00:13","date_gmt":"2015-04-16T20:00:13","guid":{"rendered":"http:\/\/www.tvcnoticias.com.ar\/?p=28070"},"modified":"2015-04-16T20:00:13","modified_gmt":"2015-04-16T20:00:13","slug":"las-paso-en-la-provincia-seran-el-9-de-agosto-y-las-generales-el-25-de-octubre","status":"publish","type":"post","link":"https:\/\/www.celttv.com.ar\/index.php\/2015\/04\/16\/las-paso-en-la-provincia-seran-el-9-de-agosto-y-las-generales-el-25-de-octubre\/","title":{"rendered":"LAS PASO EN LA PROVINCIA SER\u00c1N EL 9 DE AGOSTO Y LAS GENERALES EL 25 DE OCTUBRE"},"content":{"rendered":"<p><a href=\"http:\/\/www.tvcnoticias.com.ar\/?attachment_id=28071\" rel=\"attachment wp-att-28071\"><img loading=\"lazy\" decoding=\"async\" src=\"http:\/\/www.tvcnoticias.com.ar\/wp-content\/uploads\/2015\/04\/URNA-ELECTORAL-Medium-450x270.jpg\" alt=\"\" title=\"URNA ELECTORAL (Medium)\" width=\"450\" height=\"270\" class=\"aligncenter size-medium wp-image-28071\" \/><\/a><\/p>\n<p>El gobernador Daniel Scioli firm\u00f3 el decreto 114 que formaliza la convocatoria a elecciones primarias, abiertas y simult\u00e1neas para el 9 de agosto pr\u00f3ximo y las generales para el 25 de octubre, como parte del cronograma electoral de la provincia de Buenos Aires, se inform\u00f3 oficialmente.<\/p>\n<p>Al respecto, el jefe de Gabinete provincial, Alberto P\u00e9rez, sostuvo que \u201ca trav\u00e9s de este decreto la provincia formaliza la simultaneidad con las elecciones nacionales primarias y adherimos a la Ley Nacional Electoral en temas de campa\u00f1as electorales y de publicidad audiovisual, dando inicio al cronograma electoral provincial para este a\u00f1o\u201d.<\/p>\n<p>\u201cLa adhesi\u00f3n al r\u00e9gimen de la Ley 15.262 implica el uso del padr\u00f3n confeccionado en base al Registro Nacional de Electores; las mismas mesas de votaci\u00f3n y autoridades; la realizaci\u00f3n del escrutinio corresponde a las autoridades nacionales, as\u00ed como tambi\u00e9n todo lo relacionado con la aprobaci\u00f3n de los modelos de boleta\u201d, explic\u00f3 el subsecretario de Gabinete, Juan Pablo \u00c1lvarez Echag\u00fce.<\/p>\n<p>De esta manera, el padr\u00f3n electoral provisorio ser\u00e1 publicado por la C\u00e1mara Nacional Electoral el 8 de mayo y desde ese momento se recibir\u00e1n reclamos de los ciudadanos para modificar cualquier dato incorrecto que figure hasta el 23 de mayo.<\/p>\n<p>Desde la Jefatura de Gabinete informaron adem\u00e1s que se podr\u00e1 votar con todos los DNI (los verdes, celestes, libretas y DNI tarjetas). Es decir que todos est\u00e1n vigentes, siempre que est\u00e9n legibles y en buen estado. Sin embargo, cabe recordar que s\u00f3lo se puede votar con el DNI que figura en el padr\u00f3n o con un ejemplar posterior pero no con uno anterior.<\/p>\n<p>Adem\u00e1s, tal como se realiz\u00f3 en el proceso electoral de 2013, todos los j\u00f3venes a partir de los 16 a\u00f1os pueden ejercer sus derechos en el \u00e1mbito de la provincia de Buenos Aires y podr\u00e1n votar quienes los cumplan hasta el 25 de octubre inclusive, siempre que se encuentren inscriptos en el padr\u00f3n electoral.<\/p>\n<p>Para eso, tienen que realizar hasta el 28 de abril su tr\u00e1mite de renovaci\u00f3n del documento nacional de identidad y quedar as\u00ed empadronados autom\u00e1ticamente. Por otra parte, los residentes extranjeros mayores de 18 a\u00f1os en la provincia de Buenos Aires, inscriptos en el padr\u00f3n electoral que oportunamente publicar\u00e1 la Junta Electoral de la Provincia, tienen el deber y el derecho de votar en las pr\u00f3ximas elecciones para todos los cargos provinciales y municipales, ya que el sufragio es obligatorio por ley.<\/p>\n<p>Adem\u00e1s, los extranjeros pueden presentarse como candidatos para concejales siempre que cumplan con requisitos como el de poseer 25 a\u00f1os o m\u00e1s, saber leer y escribir, y tener cinco a\u00f1os de residencia.<\/p>\n<p>Fuente: El D\u00eda<\/p>\n","protected":false},"excerpt":{"rendered":"<p>El gobernador Daniel Scioli firm\u00f3 el decreto 114 que formaliza la convocatoria a elecciones primarias, abiertas y simult\u00e1neas para el 9 de agosto pr\u00f3ximo y las generales para el 25 de octubre, como parte del cronograma electoral de la provincia de Buenos Aires, se inform\u00f3 oficialmente. Al respecto, el jefe de Gabinete provincial, Alberto P\u00e9rez, [&hellip;]<\/p>\n","protected":false},"author":1,"featured_media":0,"comment_status":"closed","ping_status":"open","sticky":false,"template":"","format":"standard","meta":{"footnotes":""},"categories":[52,53],"tags":[],"class_list":["post-28070","post","type-post","status-publish","format-standard","hentry","category-destacadas","category-politica"],"yoast_head":"<!-- This site is optimized with the Yoast SEO plugin v19.7.1 - https:\/\/yoast.com\/wordpress\/plugins\/seo\/ -->\n<title>LAS PASO EN LA PROVINCIA SER\u00c1N EL 9 DE AGOSTO Y LAS GENERALES EL 25 DE OCTUBRE - CELTTV<\/title>\n<meta name=\"description\" content=\"Sitio web de noticias de la localidad de Tornquist, provincia de Buenos Aires, Rep\u00fablica Argentina. Contenido propio originado por periodistas de CELTTV, el canal de TV local de la Cooperativa El\u00e9ctrica de Tornquist. Turismo, Pol\u00edtica, Sociedad, Deporte, Cultura y todo el contenido de inter\u00e9s general que la gente del pueblo y la regi\u00f3n debe conocer.\" \/>\n<meta name=\"robots\" content=\"index, follow, max-snippet:-1, max-image-preview:large, max-video-preview:-1\" \/>\n<link rel=\"canonical\" href=\"https:\/\/www.celttv.com.ar\/index.php\/2015\/04\/16\/las-paso-en-la-provincia-seran-el-9-de-agosto-y-las-generales-el-25-de-octubre\/\" \/>\n<meta property=\"og:locale\" content=\"es_ES\" \/>\n<meta property=\"og:type\" content=\"article\" \/>\n<meta property=\"og:title\" content=\"LAS PASO EN LA PROVINCIA SER\u00c1N EL 9 DE AGOSTO Y LAS GENERALES EL 25 DE OCTUBRE - CELTTV\" \/>\n<meta property=\"og:description\" content=\"Sitio web de noticias de la localidad de Tornquist, provincia de Buenos Aires, Rep\u00fablica Argentina. Contenido propio originado por periodistas de CELTTV, el canal de TV local de la Cooperativa El\u00e9ctrica de Tornquist. Turismo, Pol\u00edtica, Sociedad, Deporte, Cultura y todo el contenido de inter\u00e9s general que la gente del pueblo y la regi\u00f3n debe conocer.\" \/>\n<meta property=\"og:url\" content=\"https:\/\/www.celttv.com.ar\/index.php\/2015\/04\/16\/las-paso-en-la-provincia-seran-el-9-de-agosto-y-las-generales-el-25-de-octubre\/\" \/>\n<meta property=\"og:site_name\" content=\"CELTTV\" \/>\n<meta property=\"article:publisher\" content=\"https:\/\/www.facebook.com\/celtTV\/\" \/>\n<meta property=\"article:published_time\" content=\"2015-04-16T20:00:13+00:00\" \/>\n<meta property=\"og:image\" content=\"http:\/\/www.tvcnoticias.com.ar\/wp-content\/uploads\/2015\/04\/URNA-ELECTORAL-Medium-450x270.jpg\" \/>\n<meta name=\"author\" content=\"ulises\" \/>\n<meta name=\"twitter:card\" content=\"summary_large_image\" \/>\n<meta name=\"twitter:label1\" content=\"Escrito por\" \/>\n\t<meta name=\"twitter:data1\" content=\"ulises\" \/>\n\t<meta name=\"twitter:label2\" content=\"Tiempo de lectura\" \/>\n\t<meta name=\"twitter:data2\" content=\"2 minutos\" \/>\n<script type=\"application\/ld+json\" class=\"yoast-schema-graph\">{\"@context\":\"https:\/\/schema.org\",\"@graph\":[{\"@type\":\"NewsArticle\",\"@id\":\"https:\/\/www.celttv.com.ar\/index.php\/2015\/04\/16\/las-paso-en-la-provincia-seran-el-9-de-agosto-y-las-generales-el-25-de-octubre\/#article\",\"isPartOf\":{\"@id\":\"https:\/\/www.celttv.com.ar\/index.php\/2015\/04\/16\/las-paso-en-la-provincia-seran-el-9-de-agosto-y-las-generales-el-25-de-octubre\/\"},\"author\":{\"name\":\"ulises\",\"@id\":\"https:\/\/www.celttv.com.ar\/#\/schema\/person\/6d99c072dba59953809c81446e9d0ace\"},\"headline\":\"LAS PASO EN LA PROVINCIA SER\u00c1N EL 9 DE AGOSTO Y LAS GENERALES EL 25 DE OCTUBRE\",\"datePublished\":\"2015-04-16T20:00:13+00:00\",\"dateModified\":\"2015-04-16T20:00:13+00:00\",\"mainEntityOfPage\":{\"@id\":\"https:\/\/www.celttv.com.ar\/index.php\/2015\/04\/16\/las-paso-en-la-provincia-seran-el-9-de-agosto-y-las-generales-el-25-de-octubre\/\"},\"wordCount\":472,\"publisher\":{\"@id\":\"https:\/\/www.celttv.com.ar\/#organization\"},\"articleSection\":[\"Destacadas\",\"Pol\u00edtica\"],\"inLanguage\":\"es\"},{\"@type\":\"WebPage\",\"@id\":\"https:\/\/www.celttv.com.ar\/index.php\/2015\/04\/16\/las-paso-en-la-provincia-seran-el-9-de-agosto-y-las-generales-el-25-de-octubre\/\",\"url\":\"https:\/\/www.celttv.com.ar\/index.php\/2015\/04\/16\/las-paso-en-la-provincia-seran-el-9-de-agosto-y-las-generales-el-25-de-octubre\/\",\"name\":\"LAS PASO EN LA PROVINCIA SER\u00c1N EL 9 DE AGOSTO Y LAS GENERALES EL 25 DE OCTUBRE - CELTTV\",\"isPartOf\":{\"@id\":\"https:\/\/www.celttv.com.ar\/#website\"},\"datePublished\":\"2015-04-16T20:00:13+00:00\",\"dateModified\":\"2015-04-16T20:00:13+00:00\",\"description\":\"Sitio web de noticias de la localidad de Tornquist, provincia de Buenos Aires, Rep\u00fablica Argentina. Contenido propio originado por periodistas de CELTTV, el canal de TV local de la Cooperativa El\u00e9ctrica de Tornquist. Turismo, Pol\u00edtica, Sociedad, Deporte, Cultura y todo el contenido de inter\u00e9s general que la gente del pueblo y la regi\u00f3n debe conocer.\",\"breadcrumb\":{\"@id\":\"https:\/\/www.celttv.com.ar\/index.php\/2015\/04\/16\/las-paso-en-la-provincia-seran-el-9-de-agosto-y-las-generales-el-25-de-octubre\/#breadcrumb\"},\"inLanguage\":\"es\",\"potentialAction\":[{\"@type\":\"ReadAction\",\"target\":[\"https:\/\/www.celttv.com.ar\/index.php\/2015\/04\/16\/las-paso-en-la-provincia-seran-el-9-de-agosto-y-las-generales-el-25-de-octubre\/\"]}]},{\"@type\":\"BreadcrumbList\",\"@id\":\"https:\/\/www.celttv.com.ar\/index.php\/2015\/04\/16\/las-paso-en-la-provincia-seran-el-9-de-agosto-y-las-generales-el-25-de-octubre\/#breadcrumb\",\"itemListElement\":[{\"@type\":\"ListItem\",\"position\":1,\"name\":\"Inicio\",\"item\":\"https:\/\/www.celttv.com.ar\/\"},{\"@type\":\"ListItem\",\"position\":2,\"name\":\"LAS PASO EN LA PROVINCIA SER\u00c1N EL 9 DE AGOSTO Y LAS GENERALES EL 25 DE OCTUBRE\"}]},{\"@type\":\"WebSite\",\"@id\":\"https:\/\/www.celttv.com.ar\/#website\",\"url\":\"https:\/\/www.celttv.com.ar\/\",\"name\":\"CELTTV\",\"description\":\"Cooperativa El\u00e9ctrica de Tornquist\",\"publisher\":{\"@id\":\"https:\/\/www.celttv.com.ar\/#organization\"},\"potentialAction\":[{\"@type\":\"SearchAction\",\"target\":{\"@type\":\"EntryPoint\",\"urlTemplate\":\"https:\/\/www.celttv.com.ar\/?s={search_term_string}\"},\"query-input\":\"required name=search_term_string\"}],\"inLanguage\":\"es\"},{\"@type\":\"Organization\",\"@id\":\"https:\/\/www.celttv.com.ar\/#organization\",\"name\":\"CELTTV\",\"url\":\"https:\/\/www.celttv.com.ar\/\",\"sameAs\":[\"https:\/\/www.youtube.com\/channel\/UCz_oIt8Hig64Ub-EmcNPIhg\",\"https:\/\/www.facebook.com\/celtTV\/\"],\"logo\":{\"@type\":\"ImageObject\",\"inLanguage\":\"es\",\"@id\":\"https:\/\/www.celttv.com.ar\/#\/schema\/logo\/image\/\",\"url\":\"http:\/\/www.celttv.com.ar\/wp-content\/uploads\/2022\/08\/logo-1.png\",\"contentUrl\":\"http:\/\/www.celttv.com.ar\/wp-content\/uploads\/2022\/08\/logo-1.png\",\"width\":461,\"height\":159,\"caption\":\"CELTTV\"},\"image\":{\"@id\":\"https:\/\/www.celttv.com.ar\/#\/schema\/logo\/image\/\"}},{\"@type\":\"Person\",\"@id\":\"https:\/\/www.celttv.com.ar\/#\/schema\/person\/6d99c072dba59953809c81446e9d0ace\",\"name\":\"ulises\",\"image\":{\"@type\":\"ImageObject\",\"inLanguage\":\"es\",\"@id\":\"https:\/\/www.celttv.com.ar\/#\/schema\/person\/image\/\",\"url\":\"https:\/\/secure.gravatar.com\/avatar\/7f2c48bdc33b30088f941fb6082e555f2874c98e20cb159d7b92b50eadfce793?s=96&d=mm&r=g\",\"contentUrl\":\"https:\/\/secure.gravatar.com\/avatar\/7f2c48bdc33b30088f941fb6082e555f2874c98e20cb159d7b92b50eadfce793?s=96&d=mm&r=g\",\"caption\":\"ulises\"},\"sameAs\":[\"http:\/\/www.celttv.com.ar\"]}]}<\/script>\n<!-- \/ Yoast SEO plugin. -->","yoast_head_json":{"title":"LAS PASO EN LA PROVINCIA SER\u00c1N EL 9 DE AGOSTO Y LAS GENERALES EL 25 DE OCTUBRE - CELTTV","description":"Sitio web de noticias de la localidad de Tornquist, provincia de Buenos Aires, Rep\u00fablica Argentina. Contenido propio originado por periodistas de CELTTV, el canal de TV local de la Cooperativa El\u00e9ctrica de Tornquist. Turismo, Pol\u00edtica, Sociedad, Deporte, Cultura y todo el contenido de inter\u00e9s general que la gente del pueblo y la regi\u00f3n debe conocer.","robots":{"index":"index","follow":"follow","max-snippet":"max-snippet:-1","max-image-preview":"max-image-preview:large","max-video-preview":"max-video-preview:-1"},"canonical":"https:\/\/www.celttv.com.ar\/index.php\/2015\/04\/16\/las-paso-en-la-provincia-seran-el-9-de-agosto-y-las-generales-el-25-de-octubre\/","og_locale":"es_ES","og_type":"article","og_title":"LAS PASO EN LA PROVINCIA SER\u00c1N EL 9 DE AGOSTO Y LAS GENERALES EL 25 DE OCTUBRE - CELTTV","og_description":"Sitio web de noticias de la localidad de Tornquist, provincia de Buenos Aires, Rep\u00fablica Argentina. Contenido propio originado por periodistas de CELTTV, el canal de TV local de la Cooperativa El\u00e9ctrica de Tornquist. Turismo, Pol\u00edtica, Sociedad, Deporte, Cultura y todo el contenido de inter\u00e9s general que la gente del pueblo y la regi\u00f3n debe conocer.","og_url":"https:\/\/www.celttv.com.ar\/index.php\/2015\/04\/16\/las-paso-en-la-provincia-seran-el-9-de-agosto-y-las-generales-el-25-de-octubre\/","og_site_name":"CELTTV","article_publisher":"https:\/\/www.facebook.com\/celtTV\/","article_published_time":"2015-04-16T20:00:13+00:00","og_image":[{"url":"http:\/\/www.tvcnoticias.com.ar\/wp-content\/uploads\/2015\/04\/URNA-ELECTORAL-Medium-450x270.jpg"}],"author":"ulises","twitter_card":"summary_large_image","twitter_misc":{"Escrito por":"ulises","Tiempo de lectura":"2 minutos"},"schema":{"@context":"https:\/\/schema.org","@graph":[{"@type":"NewsArticle","@id":"https:\/\/www.celttv.com.ar\/index.php\/2015\/04\/16\/las-paso-en-la-provincia-seran-el-9-de-agosto-y-las-generales-el-25-de-octubre\/#article","isPartOf":{"@id":"https:\/\/www.celttv.com.ar\/index.php\/2015\/04\/16\/las-paso-en-la-provincia-seran-el-9-de-agosto-y-las-generales-el-25-de-octubre\/"},"author":{"name":"ulises","@id":"https:\/\/www.celttv.com.ar\/#\/schema\/person\/6d99c072dba59953809c81446e9d0ace"},"headline":"LAS PASO EN LA PROVINCIA SER\u00c1N EL 9 DE AGOSTO Y LAS GENERALES EL 25 DE OCTUBRE","datePublished":"2015-04-16T20:00:13+00:00","dateModified":"2015-04-16T20:00:13+00:00","mainEntityOfPage":{"@id":"https:\/\/www.celttv.com.ar\/index.php\/2015\/04\/16\/las-paso-en-la-provincia-seran-el-9-de-agosto-y-las-generales-el-25-de-octubre\/"},"wordCount":472,"publisher":{"@id":"https:\/\/www.celttv.com.ar\/#organization"},"articleSection":["Destacadas","Pol\u00edtica"],"inLanguage":"es"},{"@type":"WebPage","@id":"https:\/\/www.celttv.com.ar\/index.php\/2015\/04\/16\/las-paso-en-la-provincia-seran-el-9-de-agosto-y-las-generales-el-25-de-octubre\/","url":"https:\/\/www.celttv.com.ar\/index.php\/2015\/04\/16\/las-paso-en-la-provincia-seran-el-9-de-agosto-y-las-generales-el-25-de-octubre\/","name":"LAS PASO EN LA PROVINCIA SER\u00c1N EL 9 DE AGOSTO Y LAS GENERALES EL 25 DE OCTUBRE - CELTTV","isPartOf":{"@id":"https:\/\/www.celttv.com.ar\/#website"},"datePublished":"2015-04-16T20:00:13+00:00","dateModified":"2015-04-16T20:00:13+00:00","description":"Sitio web de noticias de la localidad de Tornquist, provincia de Buenos Aires, Rep\u00fablica Argentina. Contenido propio originado por periodistas de CELTTV, el canal de TV local de la Cooperativa El\u00e9ctrica de Tornquist. Turismo, Pol\u00edtica, Sociedad, Deporte, Cultura y todo el contenido de inter\u00e9s general que la gente del pueblo y la regi\u00f3n debe conocer.","breadcrumb":{"@id":"https:\/\/www.celttv.com.ar\/index.php\/2015\/04\/16\/las-paso-en-la-provincia-seran-el-9-de-agosto-y-las-generales-el-25-de-octubre\/#breadcrumb"},"inLanguage":"es","potentialAction":[{"@type":"ReadAction","target":["https:\/\/www.celttv.com.ar\/index.php\/2015\/04\/16\/las-paso-en-la-provincia-seran-el-9-de-agosto-y-las-generales-el-25-de-octubre\/"]}]},{"@type":"BreadcrumbList","@id":"https:\/\/www.celttv.com.ar\/index.php\/2015\/04\/16\/las-paso-en-la-provincia-seran-el-9-de-agosto-y-las-generales-el-25-de-octubre\/#breadcrumb","itemListElement":[{"@type":"ListItem","position":1,"name":"Inicio","item":"https:\/\/www.celttv.com.ar\/"},{"@type":"ListItem","position":2,"name":"LAS PASO EN LA PROVINCIA SER\u00c1N EL 9 DE AGOSTO Y LAS GENERALES EL 25 DE OCTUBRE"}]},{"@type":"WebSite","@id":"https:\/\/www.celttv.com.ar\/#website","url":"https:\/\/www.celttv.com.ar\/","name":"CELTTV","description":"Cooperativa El\u00e9ctrica de Tornquist","publisher":{"@id":"https:\/\/www.celttv.com.ar\/#organization"},"potentialAction":[{"@type":"SearchAction","target":{"@type":"EntryPoint","urlTemplate":"https:\/\/www.celttv.com.ar\/?s={search_term_string}"},"query-input":"required name=search_term_string"}],"inLanguage":"es"},{"@type":"Organization","@id":"https:\/\/www.celttv.com.ar\/#organization","name":"CELTTV","url":"https:\/\/www.celttv.com.ar\/","sameAs":["https:\/\/www.youtube.com\/channel\/UCz_oIt8Hig64Ub-EmcNPIhg","https:\/\/www.facebook.com\/celtTV\/"],"logo":{"@type":"ImageObject","inLanguage":"es","@id":"https:\/\/www.celttv.com.ar\/#\/schema\/logo\/image\/","url":"http:\/\/www.celttv.com.ar\/wp-content\/uploads\/2022\/08\/logo-1.png","contentUrl":"http:\/\/www.celttv.com.ar\/wp-content\/uploads\/2022\/08\/logo-1.png","width":461,"height":159,"caption":"CELTTV"},"image":{"@id":"https:\/\/www.celttv.com.ar\/#\/schema\/logo\/image\/"}},{"@type":"Person","@id":"https:\/\/www.celttv.com.ar\/#\/schema\/person\/6d99c072dba59953809c81446e9d0ace","name":"ulises","image":{"@type":"ImageObject","inLanguage":"es","@id":"https:\/\/www.celttv.com.ar\/#\/schema\/person\/image\/","url":"https:\/\/secure.gravatar.com\/avatar\/7f2c48bdc33b30088f941fb6082e555f2874c98e20cb159d7b92b50eadfce793?s=96&d=mm&r=g","contentUrl":"https:\/\/secure.gravatar.com\/avatar\/7f2c48bdc33b30088f941fb6082e555f2874c98e20cb159d7b92b50eadfce793?s=96&d=mm&r=g","caption":"ulises"},"sameAs":["http:\/\/www.celttv.com.ar"]}]}},"_links":{"self":[{"href":"https:\/\/www.celttv.com.ar\/index.php\/wp-json\/wp\/v2\/posts\/28070","targetHints":{"allow":["GET"]}}],"collection":[{"href":"https:\/\/www.celttv.com.ar\/index.php\/wp-json\/wp\/v2\/posts"}],"about":[{"href":"https:\/\/www.celttv.com.ar\/index.php\/wp-json\/wp\/v2\/types\/post"}],"author":[{"embeddable":true,"href":"https:\/\/www.celttv.com.ar\/index.php\/wp-json\/wp\/v2\/users\/1"}],"replies":[{"embeddable":true,"href":"https:\/\/www.celttv.com.ar\/index.php\/wp-json\/wp\/v2\/comments?post=28070"}],"version-history":[{"count":0,"href":"https:\/\/www.celttv.com.ar\/index.php\/wp-json\/wp\/v2\/posts\/28070\/revisions"}],"wp:attachment":[{"href":"https:\/\/www.celttv.com.ar\/index.php\/wp-json\/wp\/v2\/media?parent=28070"}],"wp:term":[{"taxonomy":"category","embeddable":true,"href":"https:\/\/www.celttv.com.ar\/index.php\/wp-json\/wp\/v2\/categories?post=28070"},{"taxonomy":"post_tag","embeddable":true,"href":"https:\/\/www.celttv.com.ar\/index.php\/wp-json\/wp\/v2\/tags?post=28070"}],"curies":[{"name":"wp","href":"https:\/\/api.w.org\/{rel}","templated":true}]}}