{"id":2810,"date":"2011-10-28T00:39:12","date_gmt":"2011-10-28T00:39:12","guid":{"rendered":"http:\/\/www.tvcnoticias.com.ar\/?p=2810"},"modified":"2011-10-28T00:39:12","modified_gmt":"2011-10-28T00:39:12","slug":"hcd-destacaron-el-compromiso-civico-de-la-poblacion-en-el-acto-eleccionario-del-pasado-domingo","status":"publish","type":"post","link":"https:\/\/www.celttv.com.ar\/index.php\/2011\/10\/28\/hcd-destacaron-el-compromiso-civico-de-la-poblacion-en-el-acto-eleccionario-del-pasado-domingo\/","title":{"rendered":"HCD.: Destacaron el compromiso c\u00edvico de la poblaci\u00f3n en el acto eleccionario del pasado domingo"},"content":{"rendered":"<p>\u00a0<br \/>\nINFORME SESI\u00d3N ORDINARIA DE FECHA 11 DE OCTUBRE DE 2011<br \/>\nTemas tratados:<br \/>\nComunicaciones Oficiales y Dict\u00e1menes de Comisiones:<br \/>\nExpte. N\u00ba 097\/11: \u201cD.E. \u2013 Incremento Salarial Profesionales M\u00e9dicos\u201d.<br \/>\nSe solicita tratamiento sobre Tablas.<br \/>\nSe aprueba por unanimidad la Ordenanza\u00a0 bajo el N\u00ba 2418\/11 por la que se otorga un incremento salarial del 5% a partir del 1\u00ba de octubre de 2011 para todas las categor\u00edas de los sueldos de los profesionales m\u00e9dicos, profesionales hospitalarios y Jefes de Unidades Sanitarias. &#8211;<br \/>\nExpte. N\u00ba 223\/11: \u201cD.E. \u2013 Convalida la firma del Convenio con Municipios Programa Asistencia Alimentaria Cel\u00edacos entre el Mrio. de Desarrollo Social de la Pcia. de Bs. As. y el Mpio. de Tornquist\u201d.<br \/>\nPasa a las Comisiones de Interpretaci\u00f3n y Reglamento, y Presupuesto y Hacienda.-<br \/>\nExpte. N\u00ba 224\/11: \u201cD.E. \u2013 Convalida la firma del Convenio a suscribir con Municipios del Plan Mas Vida entre el Mrio. de Desarrollo Social y el Mpio. de Tornquist\u201d.<br \/>\nPasa a las Comisiones de Interpretaci\u00f3n y Reglamento, Presupuesto y Hacienda, y Salud P\u00fablica.-<br \/>\nExpte. N\u00ba 356\/11: \u201cD.E. \u2013 Convalida firma del Contrato de Comodato entre Telef\u00f3nica de Argentina y el Municipio de Tornquist\u201d.<br \/>\nPasa a las Comisiones de Interpretaci\u00f3n y Reglamento, y Presupuesto y Hacienda.-<br \/>\nExpte. N\u00ba 363\/11: \u201cD.E. \u2013 Convalida firma del Convenio de Aportes entre el Ministerio de Agricultura, Ganader\u00eda y Pesca y el Municipio de Tornquist\u201d.<br \/>\nPasa a las Comisiones de Interpretaci\u00f3n y Reglamento, y Presupuesto y Hacienda.-<br \/>\nExpte. N\u00ba 365\/11: \u201cD.E. \u2013 Convalida la firma del Acta de Adhesi\u00f3n a la estrategia de Inclusi\u00f3n Juvenil con \u00e9nfasis en educaci\u00f3n entre el Mrio. de Desarrollo Social de la Pcia. de Bs. As. y el Mpio. de Tornquist\u201d.<br \/>\nPasa a las Comisiones de Interpretaci\u00f3n y Reglamento, y Presupuesto y Hacienda.-<br \/>\nExpte. N\u00ba 254\/11: \u201cTaller Protegido solicita eximici\u00f3n de Tasas Municipales\u201d.<br \/>\nSeg\u00fan el dictamen de la Comisi\u00f3n de Presupuesto y Hacienda se aprueba por unanimidad la Ordenanza bajo el N\u00ba 2417\/11 por la que se exime al Centro de Atenci\u00f3n Integral Discapacitados Tornquist, del pago de la Tasa por Alumbrado, Limpieza y Conservaci\u00f3n de la V\u00eda P\u00fablica de la Partida N\u00ba 016667, por el Ejercicio a\u00f1o 2011.-<br \/>\nExpte. N\u00ba 6357\/11: \u201cBloque U.C.R. \u2013 Proyecto de Resoluci\u00f3n: Declarar de Inter\u00e9s Social, Tur\u00edstico, Laboral y Econ\u00f3mico la construcci\u00f3n del Gasoducto Tornquist \u2013 Villa Ventana\u201d.<br \/>\nSe retira del Orden del D\u00eda.-<br \/>\nExpte. N\u00ba 6388\/11: \u201cN.P. \u2013 Sindicato de Trabajadores Municipales de Tornquist: Solicita Reuni\u00f3n Tripartita\u201d.<br \/>\nSe aprueba por unanimidad el dictamen de la Comisi\u00f3n de Asuntos Municipales, que teniendo en cuenta\u00a0 la reuni\u00f3n llevada a cabo el d\u00eda 5 de octubre, aconseja enviar el mismo al Archivo.-<br \/>\nExpte. N\u00ba 6391\/11: \u201cN.P. \u2013 Natalia Molina \u2013 Carolina Mizrahi y Erica Vollers: Solicitan se declare de Inter\u00e9s Municipal a la II Feria del Libro de Sierra de la Ventana\u201d.<br \/>\nSeg\u00fan el dictamen de la Comisi\u00f3n de Asuntos Municipales se aprueba la Resoluci\u00f3n N\u00ba 12\/11 por la que se Declara de Inter\u00e9s Municipal la Segunda Edici\u00f3n de la Feria del Libro de Sierra de la Ventana, a realizarse los d\u00edas 18, 19 y 20 de noviembre del 2011 en el predio de los Galpones del ferrocarril.-<br \/>\nExpte. N\u00ba 6392\/11: \u201cN.P. \u2013 Vecinos de Villa y Sierra de la Ventana: Solicitan para los Centros de Salud de dichas Localidades contar con la atenci\u00f3n profesional de un m\u00e9dico cardi\u00f3logo\u201d.<br \/>\nSe aprueba por unanimidad el dictamen de la Comisi\u00f3n de Salud P\u00fablica que conseja enviar el mismo al \u00c1rea de Salud para que eval\u00fae lo solicitado\u00a0 por la comunidad.-<br \/>\nExpte. N\u00ba 6393\/11: \u201cN.P. \u2013 ONG Ambiente Comarca y vecinos de Sierra de la Ventana: Denuncian, notifican y solicitan informaci\u00f3n sobre un hecho de aplicaci\u00f3n terrestre de agroqu\u00edmicos\u201d.<br \/>\nSe aprueba por unanimidad el dictamen de las Comisiones de Salud P\u00fablica,\u00a0 y Ecolog\u00eda y Medio Ambiente, que aconsejan enviar el mismo al Departamento Ejecutivo para que por el \u00e1rea que corresponda se de respuesta a lo solicitado en la nota.-<br \/>\nAsuntos Particulares<br \/>\nN.P. Sociedad de Fomento, Cultura y Turismo de Villa San Bernardo:<br \/>\nEnv\u00eda nota en relaci\u00f3n a la Banca de Concejal N\u00ba 13.<br \/>\nSe solicita adjuntar la nota al expediente ya formado.-<br \/>\nN.P. Ver\u00f3nica Folco Directora E.P. N\u00ba 28: Informa del logro del alumno Bruno Buschi en el Certamen Nacional de Olimpiadas Matem\u00e1ticas \u00d1and\u00fa y creen oportuno se considere la creaci\u00f3n de un fondo de recursos destinado a la promoci\u00f3n de esta actividad.<br \/>\nSe solicita formaci\u00f3n de Expediente y pase a Comisi\u00f3n.-<br \/>\nN.P. Mirta Graciela \u00c1vila Secretaria de Salud y Bromatolog\u00eda y CEF N\u00ba 9: Solicitan Declarar de Inter\u00e9s Municipal el proyecto \u201cSemana de la Prevenci\u00f3n del Infarto\u201d del 1 al 11 de noviembre.<br \/>\nSe solicita formaci\u00f3n de Expediente y tratamiento sobre Tablas.<br \/>\nSe aprueba por unanimidad la Resoluci\u00f3n N\u00ba 13\/11 por la que se Declara de Inter\u00e9s Municipal la realizaci\u00f3n de la segunda etapa del proyecto\u00a0 denominado \u201cSemana de la Prevenci\u00f3n del Infarto\u201d, el cual se desarrollar\u00e1 del 4 al 11 de noviembre de 2011, en la Unidad Sanitaria de Villa Ventana \u201cDr. Julio H. Pugliese\u201d, espacios cerrados y calles de la localidad.<br \/>\nN.P. Concejal Cleppe Alberto: Solicita licencia de 30 d\u00edas por razones de salud, a partir del d\u00eda 25\/10\/11.<br \/>\nSe aprueba por unanimidad la licencia solicitada.-<br \/>\nN.P. Sergio Rodr\u00edguez \u2013 Presidente de la Cooperativa de Agua del Barrio Parque Golf: Solicita realizar una nueva perforaci\u00f3n para la extracci\u00f3n de agua en el Barrio.<br \/>\nSe solicita formaci\u00f3n de Expediente y pase a Comisi\u00f3n.-<br \/>\nHacen uso de la palabra los Sres. Concejales:<br \/>\nConcejal Manuel Picado:<br \/>\n\u201cQuer\u00eda aprovechar para extenderle mi saludo y felicitaciones a todo el conjunto de los habitantes del Distrito de Tornquist por los comicios realizados el pasado domingo.\u00a0 Felicitar a todos los candidatos que pusieron todo a disposici\u00f3n de la comunidad, para ofrecerles distintas alternativas, felicitar obviamente al actual Intendente y reelecto por el conjunto de la ciudadan\u00eda Gustavo Trankels. Y teniendo en cuenta algunas expresiones que se usaron en los \u00faltimos d\u00edas en la campa\u00f1a, quiero aprovechar para extender una peque\u00f1a reflexi\u00f3n con respecto a la oposici\u00f3n, y a quienes piensan diferente, quer\u00eda simplemente expresar que creemos que\u00a0 en quienes disienten siempre hay algo valorable y algo para rescatar, y en este sentido quer\u00eda leerles\u00a0 unas palabras que le\u00ed hoy de Cris\u00f3logo Larralde, que me parecieron muy interesantes y oportunas que dicen \u201cno hace falta pensar lo mismo, hace falta en base a lo ya logrado ver en qu\u00e9 coincidimos y en qu\u00e9 disentimos en el sue\u00f1o de nuestros mayores, el hacer una Argentina grande y justa\u201d, simplemente extenderles estas palabras que creo son muy importantes, no?, para tener en cuenta y esperemos que en el futuro podamos trabajar en conjunto para seguir desarrollando nuestro Distrito que es lo que tanto anhelamos todos. Muchas gracias\u201d.<br \/>\nConcejal Julio Oviedo:<br \/>\n\u201cQuiero acompa\u00f1ar los dichos del Concejal Picado, saludando a toda la ciudadan\u00eda del Distrito de Tornquist que gracias a Dios tuvo la posibilidad de votar y eso es muy importante. El pueblo se expres\u00f3 y eso vuelvo a repetir es lo m\u00e1s importante porque estamos en democracia, y tambi\u00e9n quiero hacer extensivo el saludo o el agradecimiento, porque en este domingo trabaj\u00f3 mucha gente, autoridades de mesa, fiscales, y sabemos que lo han hecho con muchas ganas y no es un trabajo f\u00e1cil, necesita de muchas responsabilidad, y para ellos un saludo y un agradecimiento. Como Cuerpo Deliberativo este Concejo a partir del 10 de diciembre va a tener una renovaci\u00f3n y estamos totalmente confiados y sabemos lo que queremos que es trabajar en conjunto, porque es lo que la sociedad reclama, m\u00e1s all\u00e1 de las ideas pol\u00edticas, es trabajar en conjunto, con respeto, con humildad, y que la comunidad se quede tranquila que la gente que a partir del 10 de diciembre va a estar en estas bancas estoy seguro que lo va a hacer. Muchas gracias\u201d.<br \/>\nConcejal Julio Nicolini:<br \/>\n\u201cSra. Presidente, en el d\u00eda de ayer hemos vivido una fiesta c\u00edvica como muy pocas. Realmente as\u00ed como se explay\u00f3 el Concejal Oviedo quiero felicitar a todos los fiscales de mesa, los fiscales generales, los cuales trabajaron en una jornada larga, sin complicaciones. Realmente una verdadera fiesta, y esto que se haga una costumbre, que nunca m\u00e1s se corte el hecho de votar. Es muy importante para el progreso, para el futuro del pa\u00eds y de todos nosotros, nunca m\u00e1s golpear las puertas de los militares para que haya golpe de estado, viva la democracia en ese sentido. Por otro lado, ha ganado una lista como la 131 que hace dos a\u00f1os atr\u00e1s, en el 2009 nadie de la oposici\u00f3n daba dos pesos como para que llegue al fin del 2009. Muchos escuch\u00e1bamos que lo daban como el final de la presidencia de Cristina, el final de Scioli, despu\u00e9s de la derrota en la Provincia de Buenos Aires en las elecciones del 2009 y nada ocurri\u00f3 de eso. En esa oportunidad, si tenemos un poco de memoria hablaban de que la econom\u00eda se iba a desbordar, de que el d\u00f3lar no iba a tener un techo, y sin embargo nada ocurri\u00f3, el gobierno maneja el tipo de cambio, fue creciendo y realmente las elecciones de ayer dieron el resultado que el pueblo quiso. Se ha vuelto a una costumbre vieja de festejar en la plaza de mayo. Ve\u00edamos por televisi\u00f3n las familias, j\u00f3venes, chicos, en una fiesta, en una fiesta popular, en una fiesta de la democracia. En contraparte hace diez a\u00f1os, donde la plaza se manchaba de sangre en aquel 22 de diciembre del 2001, eso como los golpes de estado, nunca m\u00e1s. Por otro lado, en el 2008 este gobierno fue duramente criticado por la famosa Resoluci\u00f3n 125 la cual catapult\u00f3 con unas pocas palabras como mi voto no es afirmativo a una persona como un potable candidato a presidente en estas elecciones. Sin embargo, con esas palabras nadie puede ser verdaderamente un potable candidato, se necesitan muchas cosas. En ese momento, a partir del 2008 vino una cr\u00edtica muy fuerte a las pol\u00edticas del gobierno del sector\u00a0 rural. Dos a\u00f1os y medio despu\u00e9s, un gran caudal de distritos rurales, tanto de la Provincia de Buenos Aires, C\u00f3rdoba, Santa Fe, Entre R\u00edos, La Pampa, votan a la Sra. Presidente. Las pol\u00edticas no est\u00e1n realmente equivocadas. En primer lugar quiero felicitar a la Sra. Presidente, al Sr. Gobernador Daniel Scioli, al Sr. Intendente Gustavo Trankels por las elecciones que han hecho, y a todo el resto de los ganadores sean de mi partido o de otro partido pol\u00edtico, porque de esta manera tenemos que respaldar la democracia. Nada m\u00e1s Sra. Presidente\u201d.<br \/>\nConcejal Mabel Corvo:<br \/>\n\u201cPrimero quer\u00eda acompa\u00f1ar las palabras de agradecimiento de Julio Oviedo, Julio Nicolini, y el Concejal Manuel Picado. Tambi\u00e9n quer\u00eda destacar y agradecer la actitud que tuvo el Concejal Manuel Picado y el futuro Concejal\u00a0 Moroncini en haberse acercado a la unidad b\u00e1sica para felicitarnos, que realmente habla de su grandeza como pol\u00edtico y como futuro trabajo en equipo. Tambi\u00e9n quiero destacar al alumno Bruno Buschi, de la escuela EPB 28 que en esta semana va a viajar para representarnos en el Certamen Nacional de Olimpiadas Matem\u00e1ticas \u00d1and\u00fa, \u00fanico en el distrito, y dos alumnos de la regi\u00f3n que nos van a representar en dichas olimp\u00edadas. Me parece bueno destacar sus logros y que nos representen porque es un orgullo para todos. Muchas gracias Sra. Presidente\u201d.<br \/>\nConcejal Horacio Buitrago:<br \/>\n\u201cAdhiero a las palabras del Concejal Picado sobre el acto eleccionario de ayer y dem\u00e1s concejales, y felicito a la ciudadan\u00eda por como se llevaron adelante las elecciones, me parece fant\u00e1stico no? que la Argentina haya retomado en pocos a\u00f1os este camino tan fuerte de la democracia. Yo me quer\u00eda referir, y quer\u00eda solicitarle al Cuerpo, al Concejo y a los Concejales, haber si pod\u00edamos, si est\u00e1bamos de acuerdo en convocar a las instituciones, las eclesi\u00e1sticas y no eclesi\u00e1sticas, para tratar el tema del\u00a0 Proyecto Pro Vida. Se acuerdan que hab\u00edamos tenido unas reuniones\u00a0 y hab\u00edamos quedado en que nos \u00edbamos a volver a reunir para darle una definici\u00f3n a este proyecto de resoluci\u00f3n. Por lo tanto, me gustar\u00eda que nos pongamos de acuerdo a ver si podemos hacer esta convocatoria en breve plazo, cuando ustedes dispongan, a ver si podemos definir este proyecto, gracias\u201d.<br \/>\nSe aprueba que los Presidentes de Bloques acuerden\u00a0 fecha y hora para realizar la reuni\u00f3n solicitada por el Concejal Buitrago.<br \/>\nPRENSA HCD<\/p>\n","protected":false},"excerpt":{"rendered":"<p>\u00a0 INFORME SESI\u00d3N ORDINARIA DE FECHA 11 DE OCTUBRE DE 2011 Temas tratados: Comunicaciones Oficiales y Dict\u00e1menes de Comisiones: Expte. N\u00ba 097\/11: \u201cD.E. \u2013 Incremento Salarial Profesionales M\u00e9dicos\u201d. Se solicita tratamiento sobre Tablas. Se aprueba por unanimidad la Ordenanza\u00a0 bajo el N\u00ba 2418\/11 por la que se otorga un incremento salarial del 5% a partir [&hellip;]<\/p>\n","protected":false},"author":1,"featured_media":0,"comment_status":"closed","ping_status":"open","sticky":false,"template":"","format":"standard","meta":{"footnotes":""},"categories":[52,53],"tags":[],"class_list":["post-2810","post","type-post","status-publish","format-standard","hentry","category-destacadas","category-politica"],"yoast_head":"<!-- This site is optimized with the Yoast SEO plugin v19.7.1 - https:\/\/yoast.com\/wordpress\/plugins\/seo\/ -->\n<title>HCD.: Destacaron el compromiso c\u00edvico de la poblaci\u00f3n en el acto eleccionario del pasado domingo - CELTTV<\/title>\n<meta name=\"description\" content=\"Sitio web de noticias de la localidad de Tornquist, provincia de Buenos Aires, Rep\u00fablica Argentina. Contenido propio originado por periodistas de CELTTV, el canal de TV local de la Cooperativa El\u00e9ctrica de Tornquist. Turismo, Pol\u00edtica, Sociedad, Deporte, Cultura y todo el contenido de inter\u00e9s general que la gente del pueblo y la regi\u00f3n debe conocer.\" \/>\n<meta name=\"robots\" content=\"index, follow, max-snippet:-1, max-image-preview:large, max-video-preview:-1\" \/>\n<link rel=\"canonical\" href=\"https:\/\/www.celttv.com.ar\/index.php\/2011\/10\/28\/hcd-destacaron-el-compromiso-civico-de-la-poblacion-en-el-acto-eleccionario-del-pasado-domingo\/\" \/>\n<meta property=\"og:locale\" content=\"es_ES\" \/>\n<meta property=\"og:type\" content=\"article\" \/>\n<meta property=\"og:title\" content=\"HCD.: Destacaron el compromiso c\u00edvico de la poblaci\u00f3n en el acto eleccionario del pasado domingo - CELTTV\" \/>\n<meta property=\"og:description\" content=\"Sitio web de noticias de la localidad de Tornquist, provincia de Buenos Aires, Rep\u00fablica Argentina. Contenido propio originado por periodistas de CELTTV, el canal de TV local de la Cooperativa El\u00e9ctrica de Tornquist. Turismo, Pol\u00edtica, Sociedad, Deporte, Cultura y todo el contenido de inter\u00e9s general que la gente del pueblo y la regi\u00f3n debe conocer.\" \/>\n<meta property=\"og:url\" content=\"https:\/\/www.celttv.com.ar\/index.php\/2011\/10\/28\/hcd-destacaron-el-compromiso-civico-de-la-poblacion-en-el-acto-eleccionario-del-pasado-domingo\/\" \/>\n<meta property=\"og:site_name\" content=\"CELTTV\" \/>\n<meta property=\"article:publisher\" content=\"https:\/\/www.facebook.com\/celtTV\/\" \/>\n<meta property=\"article:published_time\" content=\"2011-10-28T00:39:12+00:00\" \/>\n<meta name=\"author\" content=\"ulises\" \/>\n<meta name=\"twitter:card\" content=\"summary_large_image\" \/>\n<meta name=\"twitter:label1\" content=\"Escrito por\" \/>\n\t<meta name=\"twitter:data1\" content=\"ulises\" \/>\n\t<meta name=\"twitter:label2\" content=\"Tiempo de lectura\" \/>\n\t<meta name=\"twitter:data2\" content=\"11 minutos\" \/>\n<script type=\"application\/ld+json\" class=\"yoast-schema-graph\">{\"@context\":\"https:\/\/schema.org\",\"@graph\":[{\"@type\":\"NewsArticle\",\"@id\":\"https:\/\/www.celttv.com.ar\/index.php\/2011\/10\/28\/hcd-destacaron-el-compromiso-civico-de-la-poblacion-en-el-acto-eleccionario-del-pasado-domingo\/#article\",\"isPartOf\":{\"@id\":\"https:\/\/www.celttv.com.ar\/index.php\/2011\/10\/28\/hcd-destacaron-el-compromiso-civico-de-la-poblacion-en-el-acto-eleccionario-del-pasado-domingo\/\"},\"author\":{\"name\":\"ulises\",\"@id\":\"https:\/\/www.celttv.com.ar\/#\/schema\/person\/6d99c072dba59953809c81446e9d0ace\"},\"headline\":\"HCD.: Destacaron el compromiso c\u00edvico de la poblaci\u00f3n en el acto eleccionario del pasado domingo\",\"datePublished\":\"2011-10-28T00:39:12+00:00\",\"dateModified\":\"2011-10-28T00:39:12+00:00\",\"mainEntityOfPage\":{\"@id\":\"https:\/\/www.celttv.com.ar\/index.php\/2011\/10\/28\/hcd-destacaron-el-compromiso-civico-de-la-poblacion-en-el-acto-eleccionario-del-pasado-domingo\/\"},\"wordCount\":2179,\"publisher\":{\"@id\":\"https:\/\/www.celttv.com.ar\/#organization\"},\"articleSection\":[\"Destacadas\",\"Pol\u00edtica\"],\"inLanguage\":\"es\"},{\"@type\":\"WebPage\",\"@id\":\"https:\/\/www.celttv.com.ar\/index.php\/2011\/10\/28\/hcd-destacaron-el-compromiso-civico-de-la-poblacion-en-el-acto-eleccionario-del-pasado-domingo\/\",\"url\":\"https:\/\/www.celttv.com.ar\/index.php\/2011\/10\/28\/hcd-destacaron-el-compromiso-civico-de-la-poblacion-en-el-acto-eleccionario-del-pasado-domingo\/\",\"name\":\"HCD.: Destacaron el compromiso c\u00edvico de la poblaci\u00f3n en el acto eleccionario del pasado domingo - CELTTV\",\"isPartOf\":{\"@id\":\"https:\/\/www.celttv.com.ar\/#website\"},\"datePublished\":\"2011-10-28T00:39:12+00:00\",\"dateModified\":\"2011-10-28T00:39:12+00:00\",\"description\":\"Sitio web de noticias de la localidad de Tornquist, provincia de Buenos Aires, Rep\u00fablica Argentina. Contenido propio originado por periodistas de CELTTV, el canal de TV local de la Cooperativa El\u00e9ctrica de Tornquist. Turismo, Pol\u00edtica, Sociedad, Deporte, Cultura y todo el contenido de inter\u00e9s general que la gente del pueblo y la regi\u00f3n debe conocer.\",\"breadcrumb\":{\"@id\":\"https:\/\/www.celttv.com.ar\/index.php\/2011\/10\/28\/hcd-destacaron-el-compromiso-civico-de-la-poblacion-en-el-acto-eleccionario-del-pasado-domingo\/#breadcrumb\"},\"inLanguage\":\"es\",\"potentialAction\":[{\"@type\":\"ReadAction\",\"target\":[\"https:\/\/www.celttv.com.ar\/index.php\/2011\/10\/28\/hcd-destacaron-el-compromiso-civico-de-la-poblacion-en-el-acto-eleccionario-del-pasado-domingo\/\"]}]},{\"@type\":\"BreadcrumbList\",\"@id\":\"https:\/\/www.celttv.com.ar\/index.php\/2011\/10\/28\/hcd-destacaron-el-compromiso-civico-de-la-poblacion-en-el-acto-eleccionario-del-pasado-domingo\/#breadcrumb\",\"itemListElement\":[{\"@type\":\"ListItem\",\"position\":1,\"name\":\"Inicio\",\"item\":\"https:\/\/www.celttv.com.ar\/\"},{\"@type\":\"ListItem\",\"position\":2,\"name\":\"HCD.: Destacaron el compromiso c\u00edvico de la poblaci\u00f3n en el acto eleccionario del pasado domingo\"}]},{\"@type\":\"WebSite\",\"@id\":\"https:\/\/www.celttv.com.ar\/#website\",\"url\":\"https:\/\/www.celttv.com.ar\/\",\"name\":\"CELTTV\",\"description\":\"Cooperativa El\u00e9ctrica de Tornquist\",\"publisher\":{\"@id\":\"https:\/\/www.celttv.com.ar\/#organization\"},\"potentialAction\":[{\"@type\":\"SearchAction\",\"target\":{\"@type\":\"EntryPoint\",\"urlTemplate\":\"https:\/\/www.celttv.com.ar\/?s={search_term_string}\"},\"query-input\":\"required name=search_term_string\"}],\"inLanguage\":\"es\"},{\"@type\":\"Organization\",\"@id\":\"https:\/\/www.celttv.com.ar\/#organization\",\"name\":\"CELTTV\",\"url\":\"https:\/\/www.celttv.com.ar\/\",\"sameAs\":[\"https:\/\/www.youtube.com\/channel\/UCz_oIt8Hig64Ub-EmcNPIhg\",\"https:\/\/www.facebook.com\/celtTV\/\"],\"logo\":{\"@type\":\"ImageObject\",\"inLanguage\":\"es\",\"@id\":\"https:\/\/www.celttv.com.ar\/#\/schema\/logo\/image\/\",\"url\":\"http:\/\/www.celttv.com.ar\/wp-content\/uploads\/2022\/08\/logo-1.png\",\"contentUrl\":\"http:\/\/www.celttv.com.ar\/wp-content\/uploads\/2022\/08\/logo-1.png\",\"width\":461,\"height\":159,\"caption\":\"CELTTV\"},\"image\":{\"@id\":\"https:\/\/www.celttv.com.ar\/#\/schema\/logo\/image\/\"}},{\"@type\":\"Person\",\"@id\":\"https:\/\/www.celttv.com.ar\/#\/schema\/person\/6d99c072dba59953809c81446e9d0ace\",\"name\":\"ulises\",\"image\":{\"@type\":\"ImageObject\",\"inLanguage\":\"es\",\"@id\":\"https:\/\/www.celttv.com.ar\/#\/schema\/person\/image\/\",\"url\":\"https:\/\/secure.gravatar.com\/avatar\/7f2c48bdc33b30088f941fb6082e555f2874c98e20cb159d7b92b50eadfce793?s=96&d=mm&r=g\",\"contentUrl\":\"https:\/\/secure.gravatar.com\/avatar\/7f2c48bdc33b30088f941fb6082e555f2874c98e20cb159d7b92b50eadfce793?s=96&d=mm&r=g\",\"caption\":\"ulises\"},\"sameAs\":[\"http:\/\/www.celttv.com.ar\"]}]}<\/script>\n<!-- \/ Yoast SEO plugin. -->","yoast_head_json":{"title":"HCD.: Destacaron el compromiso c\u00edvico de la poblaci\u00f3n en el acto eleccionario del pasado domingo - CELTTV","description":"Sitio web de noticias de la localidad de Tornquist, provincia de Buenos Aires, Rep\u00fablica Argentina. Contenido propio originado por periodistas de CELTTV, el canal de TV local de la Cooperativa El\u00e9ctrica de Tornquist. Turismo, Pol\u00edtica, Sociedad, Deporte, Cultura y todo el contenido de inter\u00e9s general que la gente del pueblo y la regi\u00f3n debe conocer.","robots":{"index":"index","follow":"follow","max-snippet":"max-snippet:-1","max-image-preview":"max-image-preview:large","max-video-preview":"max-video-preview:-1"},"canonical":"https:\/\/www.celttv.com.ar\/index.php\/2011\/10\/28\/hcd-destacaron-el-compromiso-civico-de-la-poblacion-en-el-acto-eleccionario-del-pasado-domingo\/","og_locale":"es_ES","og_type":"article","og_title":"HCD.: Destacaron el compromiso c\u00edvico de la poblaci\u00f3n en el acto eleccionario del pasado domingo - CELTTV","og_description":"Sitio web de noticias de la localidad de Tornquist, provincia de Buenos Aires, Rep\u00fablica Argentina. Contenido propio originado por periodistas de CELTTV, el canal de TV local de la Cooperativa El\u00e9ctrica de Tornquist. Turismo, Pol\u00edtica, Sociedad, Deporte, Cultura y todo el contenido de inter\u00e9s general que la gente del pueblo y la regi\u00f3n debe conocer.","og_url":"https:\/\/www.celttv.com.ar\/index.php\/2011\/10\/28\/hcd-destacaron-el-compromiso-civico-de-la-poblacion-en-el-acto-eleccionario-del-pasado-domingo\/","og_site_name":"CELTTV","article_publisher":"https:\/\/www.facebook.com\/celtTV\/","article_published_time":"2011-10-28T00:39:12+00:00","author":"ulises","twitter_card":"summary_large_image","twitter_misc":{"Escrito por":"ulises","Tiempo de lectura":"11 minutos"},"schema":{"@context":"https:\/\/schema.org","@graph":[{"@type":"NewsArticle","@id":"https:\/\/www.celttv.com.ar\/index.php\/2011\/10\/28\/hcd-destacaron-el-compromiso-civico-de-la-poblacion-en-el-acto-eleccionario-del-pasado-domingo\/#article","isPartOf":{"@id":"https:\/\/www.celttv.com.ar\/index.php\/2011\/10\/28\/hcd-destacaron-el-compromiso-civico-de-la-poblacion-en-el-acto-eleccionario-del-pasado-domingo\/"},"author":{"name":"ulises","@id":"https:\/\/www.celttv.com.ar\/#\/schema\/person\/6d99c072dba59953809c81446e9d0ace"},"headline":"HCD.: Destacaron el compromiso c\u00edvico de la poblaci\u00f3n en el acto eleccionario del pasado domingo","datePublished":"2011-10-28T00:39:12+00:00","dateModified":"2011-10-28T00:39:12+00:00","mainEntityOfPage":{"@id":"https:\/\/www.celttv.com.ar\/index.php\/2011\/10\/28\/hcd-destacaron-el-compromiso-civico-de-la-poblacion-en-el-acto-eleccionario-del-pasado-domingo\/"},"wordCount":2179,"publisher":{"@id":"https:\/\/www.celttv.com.ar\/#organization"},"articleSection":["Destacadas","Pol\u00edtica"],"inLanguage":"es"},{"@type":"WebPage","@id":"https:\/\/www.celttv.com.ar\/index.php\/2011\/10\/28\/hcd-destacaron-el-compromiso-civico-de-la-poblacion-en-el-acto-eleccionario-del-pasado-domingo\/","url":"https:\/\/www.celttv.com.ar\/index.php\/2011\/10\/28\/hcd-destacaron-el-compromiso-civico-de-la-poblacion-en-el-acto-eleccionario-del-pasado-domingo\/","name":"HCD.: Destacaron el compromiso c\u00edvico de la poblaci\u00f3n en el acto eleccionario del pasado domingo - CELTTV","isPartOf":{"@id":"https:\/\/www.celttv.com.ar\/#website"},"datePublished":"2011-10-28T00:39:12+00:00","dateModified":"2011-10-28T00:39:12+00:00","description":"Sitio web de noticias de la localidad de Tornquist, provincia de Buenos Aires, Rep\u00fablica Argentina. Contenido propio originado por periodistas de CELTTV, el canal de TV local de la Cooperativa El\u00e9ctrica de Tornquist. Turismo, Pol\u00edtica, Sociedad, Deporte, Cultura y todo el contenido de inter\u00e9s general que la gente del pueblo y la regi\u00f3n debe conocer.","breadcrumb":{"@id":"https:\/\/www.celttv.com.ar\/index.php\/2011\/10\/28\/hcd-destacaron-el-compromiso-civico-de-la-poblacion-en-el-acto-eleccionario-del-pasado-domingo\/#breadcrumb"},"inLanguage":"es","potentialAction":[{"@type":"ReadAction","target":["https:\/\/www.celttv.com.ar\/index.php\/2011\/10\/28\/hcd-destacaron-el-compromiso-civico-de-la-poblacion-en-el-acto-eleccionario-del-pasado-domingo\/"]}]},{"@type":"BreadcrumbList","@id":"https:\/\/www.celttv.com.ar\/index.php\/2011\/10\/28\/hcd-destacaron-el-compromiso-civico-de-la-poblacion-en-el-acto-eleccionario-del-pasado-domingo\/#breadcrumb","itemListElement":[{"@type":"ListItem","position":1,"name":"Inicio","item":"https:\/\/www.celttv.com.ar\/"},{"@type":"ListItem","position":2,"name":"HCD.: Destacaron el compromiso c\u00edvico de la poblaci\u00f3n en el acto eleccionario del pasado domingo"}]},{"@type":"WebSite","@id":"https:\/\/www.celttv.com.ar\/#website","url":"https:\/\/www.celttv.com.ar\/","name":"CELTTV","description":"Cooperativa El\u00e9ctrica de Tornquist","publisher":{"@id":"https:\/\/www.celttv.com.ar\/#organization"},"potentialAction":[{"@type":"SearchAction","target":{"@type":"EntryPoint","urlTemplate":"https:\/\/www.celttv.com.ar\/?s={search_term_string}"},"query-input":"required name=search_term_string"}],"inLanguage":"es"},{"@type":"Organization","@id":"https:\/\/www.celttv.com.ar\/#organization","name":"CELTTV","url":"https:\/\/www.celttv.com.ar\/","sameAs":["https:\/\/www.youtube.com\/channel\/UCz_oIt8Hig64Ub-EmcNPIhg","https:\/\/www.facebook.com\/celtTV\/"],"logo":{"@type":"ImageObject","inLanguage":"es","@id":"https:\/\/www.celttv.com.ar\/#\/schema\/logo\/image\/","url":"http:\/\/www.celttv.com.ar\/wp-content\/uploads\/2022\/08\/logo-1.png","contentUrl":"http:\/\/www.celttv.com.ar\/wp-content\/uploads\/2022\/08\/logo-1.png","width":461,"height":159,"caption":"CELTTV"},"image":{"@id":"https:\/\/www.celttv.com.ar\/#\/schema\/logo\/image\/"}},{"@type":"Person","@id":"https:\/\/www.celttv.com.ar\/#\/schema\/person\/6d99c072dba59953809c81446e9d0ace","name":"ulises","image":{"@type":"ImageObject","inLanguage":"es","@id":"https:\/\/www.celttv.com.ar\/#\/schema\/person\/image\/","url":"https:\/\/secure.gravatar.com\/avatar\/7f2c48bdc33b30088f941fb6082e555f2874c98e20cb159d7b92b50eadfce793?s=96&d=mm&r=g","contentUrl":"https:\/\/secure.gravatar.com\/avatar\/7f2c48bdc33b30088f941fb6082e555f2874c98e20cb159d7b92b50eadfce793?s=96&d=mm&r=g","caption":"ulises"},"sameAs":["http:\/\/www.celttv.com.ar"]}]}},"_links":{"self":[{"href":"https:\/\/www.celttv.com.ar\/index.php\/wp-json\/wp\/v2\/posts\/2810","targetHints":{"allow":["GET"]}}],"collection":[{"href":"https:\/\/www.celttv.com.ar\/index.php\/wp-json\/wp\/v2\/posts"}],"about":[{"href":"https:\/\/www.celttv.com.ar\/index.php\/wp-json\/wp\/v2\/types\/post"}],"author":[{"embeddable":true,"href":"https:\/\/www.celttv.com.ar\/index.php\/wp-json\/wp\/v2\/users\/1"}],"replies":[{"embeddable":true,"href":"https:\/\/www.celttv.com.ar\/index.php\/wp-json\/wp\/v2\/comments?post=2810"}],"version-history":[{"count":0,"href":"https:\/\/www.celttv.com.ar\/index.php\/wp-json\/wp\/v2\/posts\/2810\/revisions"}],"wp:attachment":[{"href":"https:\/\/www.celttv.com.ar\/index.php\/wp-json\/wp\/v2\/media?parent=2810"}],"wp:term":[{"taxonomy":"category","embeddable":true,"href":"https:\/\/www.celttv.com.ar\/index.php\/wp-json\/wp\/v2\/categories?post=2810"},{"taxonomy":"post_tag","embeddable":true,"href":"https:\/\/www.celttv.com.ar\/index.php\/wp-json\/wp\/v2\/tags?post=2810"}],"curies":[{"name":"wp","href":"https:\/\/api.w.org\/{rel}","templated":true}]}}