{"id":2820,"date":"2011-10-28T00:54:13","date_gmt":"2011-10-28T00:54:13","guid":{"rendered":"http:\/\/www.tvcnoticias.com.ar\/?p=2820"},"modified":"2011-10-28T00:54:13","modified_gmt":"2011-10-28T00:54:13","slug":"asoc-de-turismo-sergio-nervi-es-el-nuevo-presidente-fotos-y-3-videoentrevistas","status":"publish","type":"post","link":"https:\/\/www.celttv.com.ar\/index.php\/2011\/10\/28\/asoc-de-turismo-sergio-nervi-es-el-nuevo-presidente-fotos-y-3-videoentrevistas\/","title":{"rendered":"ASOC. DE TURISMO: SERGIO NERVI ES EL NUEVO PRESIDENTE (fotos y 3 videoentrevistas)"},"content":{"rendered":"<p><br \/>\nSergio Nervi, prestador tur\u00edstico de Sierra de la Ventana fue electo presidente de la Asociaci\u00f3n para el Desarrollo Tur\u00edstico de la comarca de Sierra de la Ventana, durante la asamblea que la instituci\u00f3n realiz\u00f3 dias pasados.<br \/>\n\u00a0En la mencionada asamblea, ademas de elegirse las nuevas autoridades, se trataron todos los temas incorporados en el orden del d\u00eda, donde se puso a consideraci\u00f3n la memoria y balance del ejercicio que finaliz\u00f3.<br \/>\n\u00a0Luego de la Asamblea Ordinaria se realiz\u00f3 la reuni\u00f3n de distribuci\u00f3n de cargos, quedando constituida la nueva comisi\u00f3n de la siguiente manera:<br \/>\n\u00a0Presidente Sergio A. Nervi (Sierra de la ventana), Vicepresidente: Leandro Pascale (Villa Serrana La Gruta), Secretario: Diego Pizzo (Sierra de la Ventana), Pro Secretario:\u00a0 Rosana Cardoso (Sierra de la ventana), Tesorero: Alejandro Ferreras (Tornquist), Pro tesorero: Roberto Mutti (Tornquist), Vocales Titulares: Guillermo Beck, Julio Rahn, Juan Carlos Gisler y Gerardo Delgado; Vocales suplentes: Horacio Mendoza, Dardo Fernandez, Lidia Viola y Raquel Donnari. Revisores de Cuentas Titulares: Ricardo Gismano, Pablo Gagero y Manuela Parra, Revisor de Cuentas Suplente: Silvana Campagnucchi.<br \/>\n<a href=\"http:\/\/www.youtube.com\/watch?v=MIKo_DERtMk\">httpv:\/\/www.youtube.com\/watch?v=MIKo_DERtMk<\/a><br \/>\n<a href=\"http:\/\/www.youtube.com\/watch?v=ttFvcF9GKwI\">httpv:\/\/www.youtube.com\/watch?v=ttFvcF9GKwI<\/a><br \/>\n<a>httpv:\/\/www.youtube.com\/watch?v=-NHHSJ_xCOQ<\/a><\/p>\n","protected":false},"excerpt":{"rendered":"<p>Sergio Nervi, prestador tur\u00edstico de Sierra de la Ventana fue electo presidente de la Asociaci\u00f3n para el Desarrollo Tur\u00edstico de la comarca de Sierra de la Ventana, durante la asamblea que la instituci\u00f3n realiz\u00f3 dias pasados. \u00a0En la mencionada asamblea, ademas de elegirse las nuevas autoridades, se trataron todos los temas incorporados en el orden [&hellip;]<\/p>\n","protected":false},"author":1,"featured_media":0,"comment_status":"closed","ping_status":"open","sticky":false,"template":"","format":"standard","meta":{"footnotes":""},"categories":[52,95,64],"tags":[],"class_list":["post-2820","post","type-post","status-publish","format-standard","hentry","category-destacadas","category-opiniones","category-videos-destacados"],"yoast_head":"<!-- This site is optimized with the Yoast SEO plugin v19.7.1 - https:\/\/yoast.com\/wordpress\/plugins\/seo\/ -->\n<title>ASOC. DE TURISMO: SERGIO NERVI ES EL NUEVO PRESIDENTE (fotos y 3 videoentrevistas) - CELTTV<\/title>\n<meta name=\"description\" content=\"Sitio web de noticias de la localidad de Tornquist, provincia de Buenos Aires, Rep\u00fablica Argentina. Contenido propio originado por periodistas de CELTTV, el canal de TV local de la Cooperativa El\u00e9ctrica de Tornquist. Turismo, Pol\u00edtica, Sociedad, Deporte, Cultura y todo el contenido de inter\u00e9s general que la gente del pueblo y la regi\u00f3n debe conocer.\" \/>\n<meta name=\"robots\" content=\"index, follow, max-snippet:-1, max-image-preview:large, max-video-preview:-1\" \/>\n<link rel=\"canonical\" href=\"https:\/\/www.celttv.com.ar\/index.php\/2011\/10\/28\/asoc-de-turismo-sergio-nervi-es-el-nuevo-presidente-fotos-y-3-videoentrevistas\/\" \/>\n<meta property=\"og:locale\" content=\"es_ES\" \/>\n<meta property=\"og:type\" content=\"article\" \/>\n<meta property=\"og:title\" content=\"ASOC. DE TURISMO: SERGIO NERVI ES EL NUEVO PRESIDENTE (fotos y 3 videoentrevistas) - CELTTV\" \/>\n<meta property=\"og:description\" content=\"Sitio web de noticias de la localidad de Tornquist, provincia de Buenos Aires, Rep\u00fablica Argentina. Contenido propio originado por periodistas de CELTTV, el canal de TV local de la Cooperativa El\u00e9ctrica de Tornquist. Turismo, Pol\u00edtica, Sociedad, Deporte, Cultura y todo el contenido de inter\u00e9s general que la gente del pueblo y la regi\u00f3n debe conocer.\" \/>\n<meta property=\"og:url\" content=\"https:\/\/www.celttv.com.ar\/index.php\/2011\/10\/28\/asoc-de-turismo-sergio-nervi-es-el-nuevo-presidente-fotos-y-3-videoentrevistas\/\" \/>\n<meta property=\"og:site_name\" content=\"CELTTV\" \/>\n<meta property=\"article:publisher\" content=\"https:\/\/www.facebook.com\/celtTV\/\" \/>\n<meta property=\"article:published_time\" content=\"2011-10-28T00:54:13+00:00\" \/>\n<meta name=\"author\" content=\"ulises\" \/>\n<meta name=\"twitter:card\" content=\"summary_large_image\" \/>\n<meta name=\"twitter:label1\" content=\"Escrito por\" \/>\n\t<meta name=\"twitter:data1\" content=\"ulises\" \/>\n\t<meta name=\"twitter:label2\" content=\"Tiempo de lectura\" \/>\n\t<meta name=\"twitter:data2\" content=\"1 minuto\" \/>\n<script type=\"application\/ld+json\" class=\"yoast-schema-graph\">{\"@context\":\"https:\/\/schema.org\",\"@graph\":[{\"@type\":\"NewsArticle\",\"@id\":\"https:\/\/www.celttv.com.ar\/index.php\/2011\/10\/28\/asoc-de-turismo-sergio-nervi-es-el-nuevo-presidente-fotos-y-3-videoentrevistas\/#article\",\"isPartOf\":{\"@id\":\"https:\/\/www.celttv.com.ar\/index.php\/2011\/10\/28\/asoc-de-turismo-sergio-nervi-es-el-nuevo-presidente-fotos-y-3-videoentrevistas\/\"},\"author\":{\"name\":\"ulises\",\"@id\":\"https:\/\/www.celttv.com.ar\/#\/schema\/person\/6d99c072dba59953809c81446e9d0ace\"},\"headline\":\"ASOC. DE TURISMO: SERGIO NERVI ES EL NUEVO PRESIDENTE (fotos y 3 videoentrevistas)\",\"datePublished\":\"2011-10-28T00:54:13+00:00\",\"dateModified\":\"2011-10-28T00:54:13+00:00\",\"mainEntityOfPage\":{\"@id\":\"https:\/\/www.celttv.com.ar\/index.php\/2011\/10\/28\/asoc-de-turismo-sergio-nervi-es-el-nuevo-presidente-fotos-y-3-videoentrevistas\/\"},\"wordCount\":220,\"publisher\":{\"@id\":\"https:\/\/www.celttv.com.ar\/#organization\"},\"articleSection\":[\"Destacadas\",\"Opiniones\",\"Videos Destacados\"],\"inLanguage\":\"es\"},{\"@type\":\"WebPage\",\"@id\":\"https:\/\/www.celttv.com.ar\/index.php\/2011\/10\/28\/asoc-de-turismo-sergio-nervi-es-el-nuevo-presidente-fotos-y-3-videoentrevistas\/\",\"url\":\"https:\/\/www.celttv.com.ar\/index.php\/2011\/10\/28\/asoc-de-turismo-sergio-nervi-es-el-nuevo-presidente-fotos-y-3-videoentrevistas\/\",\"name\":\"ASOC. DE TURISMO: SERGIO NERVI ES EL NUEVO PRESIDENTE (fotos y 3 videoentrevistas) - CELTTV\",\"isPartOf\":{\"@id\":\"https:\/\/www.celttv.com.ar\/#website\"},\"datePublished\":\"2011-10-28T00:54:13+00:00\",\"dateModified\":\"2011-10-28T00:54:13+00:00\",\"description\":\"Sitio web de noticias de la localidad de Tornquist, provincia de Buenos Aires, Rep\u00fablica Argentina. Contenido propio originado por periodistas de CELTTV, el canal de TV local de la Cooperativa El\u00e9ctrica de Tornquist. Turismo, Pol\u00edtica, Sociedad, Deporte, Cultura y todo el contenido de inter\u00e9s general que la gente del pueblo y la regi\u00f3n debe conocer.\",\"breadcrumb\":{\"@id\":\"https:\/\/www.celttv.com.ar\/index.php\/2011\/10\/28\/asoc-de-turismo-sergio-nervi-es-el-nuevo-presidente-fotos-y-3-videoentrevistas\/#breadcrumb\"},\"inLanguage\":\"es\",\"potentialAction\":[{\"@type\":\"ReadAction\",\"target\":[\"https:\/\/www.celttv.com.ar\/index.php\/2011\/10\/28\/asoc-de-turismo-sergio-nervi-es-el-nuevo-presidente-fotos-y-3-videoentrevistas\/\"]}]},{\"@type\":\"BreadcrumbList\",\"@id\":\"https:\/\/www.celttv.com.ar\/index.php\/2011\/10\/28\/asoc-de-turismo-sergio-nervi-es-el-nuevo-presidente-fotos-y-3-videoentrevistas\/#breadcrumb\",\"itemListElement\":[{\"@type\":\"ListItem\",\"position\":1,\"name\":\"Inicio\",\"item\":\"https:\/\/www.celttv.com.ar\/\"},{\"@type\":\"ListItem\",\"position\":2,\"name\":\"ASOC. DE TURISMO: SERGIO NERVI ES EL NUEVO PRESIDENTE (fotos y 3 videoentrevistas)\"}]},{\"@type\":\"WebSite\",\"@id\":\"https:\/\/www.celttv.com.ar\/#website\",\"url\":\"https:\/\/www.celttv.com.ar\/\",\"name\":\"CELTTV\",\"description\":\"Cooperativa El\u00e9ctrica de Tornquist\",\"publisher\":{\"@id\":\"https:\/\/www.celttv.com.ar\/#organization\"},\"potentialAction\":[{\"@type\":\"SearchAction\",\"target\":{\"@type\":\"EntryPoint\",\"urlTemplate\":\"https:\/\/www.celttv.com.ar\/?s={search_term_string}\"},\"query-input\":\"required name=search_term_string\"}],\"inLanguage\":\"es\"},{\"@type\":\"Organization\",\"@id\":\"https:\/\/www.celttv.com.ar\/#organization\",\"name\":\"CELTTV\",\"url\":\"https:\/\/www.celttv.com.ar\/\",\"sameAs\":[\"https:\/\/www.youtube.com\/channel\/UCz_oIt8Hig64Ub-EmcNPIhg\",\"https:\/\/www.facebook.com\/celtTV\/\"],\"logo\":{\"@type\":\"ImageObject\",\"inLanguage\":\"es\",\"@id\":\"https:\/\/www.celttv.com.ar\/#\/schema\/logo\/image\/\",\"url\":\"http:\/\/www.celttv.com.ar\/wp-content\/uploads\/2022\/08\/logo-1.png\",\"contentUrl\":\"http:\/\/www.celttv.com.ar\/wp-content\/uploads\/2022\/08\/logo-1.png\",\"width\":461,\"height\":159,\"caption\":\"CELTTV\"},\"image\":{\"@id\":\"https:\/\/www.celttv.com.ar\/#\/schema\/logo\/image\/\"}},{\"@type\":\"Person\",\"@id\":\"https:\/\/www.celttv.com.ar\/#\/schema\/person\/6d99c072dba59953809c81446e9d0ace\",\"name\":\"ulises\",\"image\":{\"@type\":\"ImageObject\",\"inLanguage\":\"es\",\"@id\":\"https:\/\/www.celttv.com.ar\/#\/schema\/person\/image\/\",\"url\":\"https:\/\/secure.gravatar.com\/avatar\/7f2c48bdc33b30088f941fb6082e555f2874c98e20cb159d7b92b50eadfce793?s=96&d=mm&r=g\",\"contentUrl\":\"https:\/\/secure.gravatar.com\/avatar\/7f2c48bdc33b30088f941fb6082e555f2874c98e20cb159d7b92b50eadfce793?s=96&d=mm&r=g\",\"caption\":\"ulises\"},\"sameAs\":[\"http:\/\/www.celttv.com.ar\"]}]}<\/script>\n<!-- \/ Yoast SEO plugin. -->","yoast_head_json":{"title":"ASOC. DE TURISMO: SERGIO NERVI ES EL NUEVO PRESIDENTE (fotos y 3 videoentrevistas) - CELTTV","description":"Sitio web de noticias de la localidad de Tornquist, provincia de Buenos Aires, Rep\u00fablica Argentina. Contenido propio originado por periodistas de CELTTV, el canal de TV local de la Cooperativa El\u00e9ctrica de Tornquist. Turismo, Pol\u00edtica, Sociedad, Deporte, Cultura y todo el contenido de inter\u00e9s general que la gente del pueblo y la regi\u00f3n debe conocer.","robots":{"index":"index","follow":"follow","max-snippet":"max-snippet:-1","max-image-preview":"max-image-preview:large","max-video-preview":"max-video-preview:-1"},"canonical":"https:\/\/www.celttv.com.ar\/index.php\/2011\/10\/28\/asoc-de-turismo-sergio-nervi-es-el-nuevo-presidente-fotos-y-3-videoentrevistas\/","og_locale":"es_ES","og_type":"article","og_title":"ASOC. DE TURISMO: SERGIO NERVI ES EL NUEVO PRESIDENTE (fotos y 3 videoentrevistas) - CELTTV","og_description":"Sitio web de noticias de la localidad de Tornquist, provincia de Buenos Aires, Rep\u00fablica Argentina. Contenido propio originado por periodistas de CELTTV, el canal de TV local de la Cooperativa El\u00e9ctrica de Tornquist. Turismo, Pol\u00edtica, Sociedad, Deporte, Cultura y todo el contenido de inter\u00e9s general que la gente del pueblo y la regi\u00f3n debe conocer.","og_url":"https:\/\/www.celttv.com.ar\/index.php\/2011\/10\/28\/asoc-de-turismo-sergio-nervi-es-el-nuevo-presidente-fotos-y-3-videoentrevistas\/","og_site_name":"CELTTV","article_publisher":"https:\/\/www.facebook.com\/celtTV\/","article_published_time":"2011-10-28T00:54:13+00:00","author":"ulises","twitter_card":"summary_large_image","twitter_misc":{"Escrito por":"ulises","Tiempo de lectura":"1 minuto"},"schema":{"@context":"https:\/\/schema.org","@graph":[{"@type":"NewsArticle","@id":"https:\/\/www.celttv.com.ar\/index.php\/2011\/10\/28\/asoc-de-turismo-sergio-nervi-es-el-nuevo-presidente-fotos-y-3-videoentrevistas\/#article","isPartOf":{"@id":"https:\/\/www.celttv.com.ar\/index.php\/2011\/10\/28\/asoc-de-turismo-sergio-nervi-es-el-nuevo-presidente-fotos-y-3-videoentrevistas\/"},"author":{"name":"ulises","@id":"https:\/\/www.celttv.com.ar\/#\/schema\/person\/6d99c072dba59953809c81446e9d0ace"},"headline":"ASOC. DE TURISMO: SERGIO NERVI ES EL NUEVO PRESIDENTE (fotos y 3 videoentrevistas)","datePublished":"2011-10-28T00:54:13+00:00","dateModified":"2011-10-28T00:54:13+00:00","mainEntityOfPage":{"@id":"https:\/\/www.celttv.com.ar\/index.php\/2011\/10\/28\/asoc-de-turismo-sergio-nervi-es-el-nuevo-presidente-fotos-y-3-videoentrevistas\/"},"wordCount":220,"publisher":{"@id":"https:\/\/www.celttv.com.ar\/#organization"},"articleSection":["Destacadas","Opiniones","Videos Destacados"],"inLanguage":"es"},{"@type":"WebPage","@id":"https:\/\/www.celttv.com.ar\/index.php\/2011\/10\/28\/asoc-de-turismo-sergio-nervi-es-el-nuevo-presidente-fotos-y-3-videoentrevistas\/","url":"https:\/\/www.celttv.com.ar\/index.php\/2011\/10\/28\/asoc-de-turismo-sergio-nervi-es-el-nuevo-presidente-fotos-y-3-videoentrevistas\/","name":"ASOC. DE TURISMO: SERGIO NERVI ES EL NUEVO PRESIDENTE (fotos y 3 videoentrevistas) - CELTTV","isPartOf":{"@id":"https:\/\/www.celttv.com.ar\/#website"},"datePublished":"2011-10-28T00:54:13+00:00","dateModified":"2011-10-28T00:54:13+00:00","description":"Sitio web de noticias de la localidad de Tornquist, provincia de Buenos Aires, Rep\u00fablica Argentina. Contenido propio originado por periodistas de CELTTV, el canal de TV local de la Cooperativa El\u00e9ctrica de Tornquist. Turismo, Pol\u00edtica, Sociedad, Deporte, Cultura y todo el contenido de inter\u00e9s general que la gente del pueblo y la regi\u00f3n debe conocer.","breadcrumb":{"@id":"https:\/\/www.celttv.com.ar\/index.php\/2011\/10\/28\/asoc-de-turismo-sergio-nervi-es-el-nuevo-presidente-fotos-y-3-videoentrevistas\/#breadcrumb"},"inLanguage":"es","potentialAction":[{"@type":"ReadAction","target":["https:\/\/www.celttv.com.ar\/index.php\/2011\/10\/28\/asoc-de-turismo-sergio-nervi-es-el-nuevo-presidente-fotos-y-3-videoentrevistas\/"]}]},{"@type":"BreadcrumbList","@id":"https:\/\/www.celttv.com.ar\/index.php\/2011\/10\/28\/asoc-de-turismo-sergio-nervi-es-el-nuevo-presidente-fotos-y-3-videoentrevistas\/#breadcrumb","itemListElement":[{"@type":"ListItem","position":1,"name":"Inicio","item":"https:\/\/www.celttv.com.ar\/"},{"@type":"ListItem","position":2,"name":"ASOC. DE TURISMO: SERGIO NERVI ES EL NUEVO PRESIDENTE (fotos y 3 videoentrevistas)"}]},{"@type":"WebSite","@id":"https:\/\/www.celttv.com.ar\/#website","url":"https:\/\/www.celttv.com.ar\/","name":"CELTTV","description":"Cooperativa El\u00e9ctrica de Tornquist","publisher":{"@id":"https:\/\/www.celttv.com.ar\/#organization"},"potentialAction":[{"@type":"SearchAction","target":{"@type":"EntryPoint","urlTemplate":"https:\/\/www.celttv.com.ar\/?s={search_term_string}"},"query-input":"required name=search_term_string"}],"inLanguage":"es"},{"@type":"Organization","@id":"https:\/\/www.celttv.com.ar\/#organization","name":"CELTTV","url":"https:\/\/www.celttv.com.ar\/","sameAs":["https:\/\/www.youtube.com\/channel\/UCz_oIt8Hig64Ub-EmcNPIhg","https:\/\/www.facebook.com\/celtTV\/"],"logo":{"@type":"ImageObject","inLanguage":"es","@id":"https:\/\/www.celttv.com.ar\/#\/schema\/logo\/image\/","url":"http:\/\/www.celttv.com.ar\/wp-content\/uploads\/2022\/08\/logo-1.png","contentUrl":"http:\/\/www.celttv.com.ar\/wp-content\/uploads\/2022\/08\/logo-1.png","width":461,"height":159,"caption":"CELTTV"},"image":{"@id":"https:\/\/www.celttv.com.ar\/#\/schema\/logo\/image\/"}},{"@type":"Person","@id":"https:\/\/www.celttv.com.ar\/#\/schema\/person\/6d99c072dba59953809c81446e9d0ace","name":"ulises","image":{"@type":"ImageObject","inLanguage":"es","@id":"https:\/\/www.celttv.com.ar\/#\/schema\/person\/image\/","url":"https:\/\/secure.gravatar.com\/avatar\/7f2c48bdc33b30088f941fb6082e555f2874c98e20cb159d7b92b50eadfce793?s=96&d=mm&r=g","contentUrl":"https:\/\/secure.gravatar.com\/avatar\/7f2c48bdc33b30088f941fb6082e555f2874c98e20cb159d7b92b50eadfce793?s=96&d=mm&r=g","caption":"ulises"},"sameAs":["http:\/\/www.celttv.com.ar"]}]}},"_links":{"self":[{"href":"https:\/\/www.celttv.com.ar\/index.php\/wp-json\/wp\/v2\/posts\/2820","targetHints":{"allow":["GET"]}}],"collection":[{"href":"https:\/\/www.celttv.com.ar\/index.php\/wp-json\/wp\/v2\/posts"}],"about":[{"href":"https:\/\/www.celttv.com.ar\/index.php\/wp-json\/wp\/v2\/types\/post"}],"author":[{"embeddable":true,"href":"https:\/\/www.celttv.com.ar\/index.php\/wp-json\/wp\/v2\/users\/1"}],"replies":[{"embeddable":true,"href":"https:\/\/www.celttv.com.ar\/index.php\/wp-json\/wp\/v2\/comments?post=2820"}],"version-history":[{"count":0,"href":"https:\/\/www.celttv.com.ar\/index.php\/wp-json\/wp\/v2\/posts\/2820\/revisions"}],"wp:attachment":[{"href":"https:\/\/www.celttv.com.ar\/index.php\/wp-json\/wp\/v2\/media?parent=2820"}],"wp:term":[{"taxonomy":"category","embeddable":true,"href":"https:\/\/www.celttv.com.ar\/index.php\/wp-json\/wp\/v2\/categories?post=2820"},{"taxonomy":"post_tag","embeddable":true,"href":"https:\/\/www.celttv.com.ar\/index.php\/wp-json\/wp\/v2\/tags?post=2820"}],"curies":[{"name":"wp","href":"https:\/\/api.w.org\/{rel}","templated":true}]}}