{"id":28228,"date":"2015-04-21T22:36:39","date_gmt":"2015-04-21T22:36:39","guid":{"rendered":"http:\/\/www.tvcnoticias.com.ar\/?p=28228"},"modified":"2015-04-21T22:36:39","modified_gmt":"2015-04-21T22:36:39","slug":"nicolas-candia-boxeara-el-sabado-25-de-abril-en-pigue-nota-e-imagenes","status":"publish","type":"post","link":"https:\/\/www.celttv.com.ar\/index.php\/2015\/04\/21\/nicolas-candia-boxeara-el-sabado-25-de-abril-en-pigue-nota-e-imagenes\/","title":{"rendered":"NICOL\u00c1S CANDIA BOXEAR\u00c1 EL S\u00c1BADO 25 DE ABRIL EN PIG\u00dc\u00c9 (Nota e im\u00e1genes)."},"content":{"rendered":"<p>httpv:\/\/www.youtube.com\/watch?v=tgHNazUx7gs<\/p>\n<p>MAGAZINE SPORT&#8212; El boxeador Nicol\u00e1s Candia, formar\u00e1 parte de la velada que se realizar\u00e1 el 25 de abril, a partir de las 21 hs, en el gimnasio del Club Sarmiento de la ciudad de Pig\u00fc\u00e9.<br \/>\nEl responsable del gimnasio &#8220;A todo Pulm\u00f3n&#8221;, Roberto Saez, dialog\u00f3 con MAGAZINE SPORT sobre la preparaci\u00f3n que esta llevando adelante el p\u00fagil Nicol\u00e1s Candia para formar parte de la gran fiesta de boxeo que se vivir\u00e1 el s\u00e1bado pr\u00f3ximo.<br \/>\nA su vez, adelant\u00f3 que ya se realiz\u00f3 una reuni\u00f3n con integrantes de la Comisi\u00f3n Directiva de Sociedad Italiana para organizar una nueva noche de boxeo en el sal\u00f3n de fiestas de la instituci\u00f3n.<\/p>\n","protected":false},"excerpt":{"rendered":"<p>httpv:\/\/www.youtube.com\/watch?v=tgHNazUx7gs MAGAZINE SPORT&#8212; El boxeador Nicol\u00e1s Candia, formar\u00e1 parte de la velada que se realizar\u00e1 el 25 de abril, a partir de las 21 hs, en el gimnasio del Club Sarmiento de la ciudad de Pig\u00fc\u00e9. El responsable del gimnasio &#8220;A todo Pulm\u00f3n&#8221;, Roberto Saez, dialog\u00f3 con MAGAZINE SPORT sobre la preparaci\u00f3n que esta llevando [&hellip;]<\/p>\n","protected":false},"author":1,"featured_media":0,"comment_status":"closed","ping_status":"open","sticky":false,"template":"","format":"standard","meta":{"footnotes":""},"categories":[60,52,64],"tags":[],"class_list":["post-28228","post","type-post","status-publish","format-standard","hentry","category-deporte","category-destacadas","category-videos-destacados"],"yoast_head":"<!-- This site is optimized with the Yoast SEO plugin v19.7.1 - https:\/\/yoast.com\/wordpress\/plugins\/seo\/ -->\n<title>NICOL\u00c1S CANDIA BOXEAR\u00c1 EL S\u00c1BADO 25 DE ABRIL EN PIG\u00dc\u00c9 (Nota e im\u00e1genes). - CELTTV<\/title>\n<meta name=\"description\" content=\"Sitio web de noticias de la localidad de Tornquist, provincia de Buenos Aires, Rep\u00fablica Argentina. Contenido propio originado por periodistas de CELTTV, el canal de TV local de la Cooperativa El\u00e9ctrica de Tornquist. Turismo, Pol\u00edtica, Sociedad, Deporte, Cultura y todo el contenido de inter\u00e9s general que la gente del pueblo y la regi\u00f3n debe conocer.\" \/>\n<meta name=\"robots\" content=\"index, follow, max-snippet:-1, max-image-preview:large, max-video-preview:-1\" \/>\n<link rel=\"canonical\" href=\"https:\/\/www.celttv.com.ar\/index.php\/2015\/04\/21\/nicolas-candia-boxeara-el-sabado-25-de-abril-en-pigue-nota-e-imagenes\/\" \/>\n<meta property=\"og:locale\" content=\"es_ES\" \/>\n<meta property=\"og:type\" content=\"article\" \/>\n<meta property=\"og:title\" content=\"NICOL\u00c1S CANDIA BOXEAR\u00c1 EL S\u00c1BADO 25 DE ABRIL EN PIG\u00dc\u00c9 (Nota e im\u00e1genes). - CELTTV\" \/>\n<meta property=\"og:description\" content=\"Sitio web de noticias de la localidad de Tornquist, provincia de Buenos Aires, Rep\u00fablica Argentina. Contenido propio originado por periodistas de CELTTV, el canal de TV local de la Cooperativa El\u00e9ctrica de Tornquist. Turismo, Pol\u00edtica, Sociedad, Deporte, Cultura y todo el contenido de inter\u00e9s general que la gente del pueblo y la regi\u00f3n debe conocer.\" \/>\n<meta property=\"og:url\" content=\"https:\/\/www.celttv.com.ar\/index.php\/2015\/04\/21\/nicolas-candia-boxeara-el-sabado-25-de-abril-en-pigue-nota-e-imagenes\/\" \/>\n<meta property=\"og:site_name\" content=\"CELTTV\" \/>\n<meta property=\"article:publisher\" content=\"https:\/\/www.facebook.com\/celtTV\/\" \/>\n<meta property=\"article:published_time\" content=\"2015-04-21T22:36:39+00:00\" \/>\n<meta name=\"author\" content=\"ulises\" \/>\n<meta name=\"twitter:card\" content=\"summary_large_image\" \/>\n<meta name=\"twitter:label1\" content=\"Escrito por\" \/>\n\t<meta name=\"twitter:data1\" content=\"ulises\" \/>\n\t<meta name=\"twitter:label2\" content=\"Tiempo de lectura\" \/>\n\t<meta name=\"twitter:data2\" content=\"1 minuto\" \/>\n<script type=\"application\/ld+json\" class=\"yoast-schema-graph\">{\"@context\":\"https:\/\/schema.org\",\"@graph\":[{\"@type\":\"NewsArticle\",\"@id\":\"https:\/\/www.celttv.com.ar\/index.php\/2015\/04\/21\/nicolas-candia-boxeara-el-sabado-25-de-abril-en-pigue-nota-e-imagenes\/#article\",\"isPartOf\":{\"@id\":\"https:\/\/www.celttv.com.ar\/index.php\/2015\/04\/21\/nicolas-candia-boxeara-el-sabado-25-de-abril-en-pigue-nota-e-imagenes\/\"},\"author\":{\"name\":\"ulises\",\"@id\":\"https:\/\/www.celttv.com.ar\/#\/schema\/person\/6d99c072dba59953809c81446e9d0ace\"},\"headline\":\"NICOL\u00c1S CANDIA BOXEAR\u00c1 EL S\u00c1BADO 25 DE ABRIL EN PIG\u00dc\u00c9 (Nota e im\u00e1genes).\",\"datePublished\":\"2015-04-21T22:36:39+00:00\",\"dateModified\":\"2015-04-21T22:36:39+00:00\",\"mainEntityOfPage\":{\"@id\":\"https:\/\/www.celttv.com.ar\/index.php\/2015\/04\/21\/nicolas-candia-boxeara-el-sabado-25-de-abril-en-pigue-nota-e-imagenes\/\"},\"wordCount\":140,\"publisher\":{\"@id\":\"https:\/\/www.celttv.com.ar\/#organization\"},\"articleSection\":[\"Deporte\",\"Destacadas\",\"Videos Destacados\"],\"inLanguage\":\"es\"},{\"@type\":\"WebPage\",\"@id\":\"https:\/\/www.celttv.com.ar\/index.php\/2015\/04\/21\/nicolas-candia-boxeara-el-sabado-25-de-abril-en-pigue-nota-e-imagenes\/\",\"url\":\"https:\/\/www.celttv.com.ar\/index.php\/2015\/04\/21\/nicolas-candia-boxeara-el-sabado-25-de-abril-en-pigue-nota-e-imagenes\/\",\"name\":\"NICOL\u00c1S CANDIA BOXEAR\u00c1 EL S\u00c1BADO 25 DE ABRIL EN PIG\u00dc\u00c9 (Nota e im\u00e1genes). - CELTTV\",\"isPartOf\":{\"@id\":\"https:\/\/www.celttv.com.ar\/#website\"},\"datePublished\":\"2015-04-21T22:36:39+00:00\",\"dateModified\":\"2015-04-21T22:36:39+00:00\",\"description\":\"Sitio web de noticias de la localidad de Tornquist, provincia de Buenos Aires, Rep\u00fablica Argentina. Contenido propio originado por periodistas de CELTTV, el canal de TV local de la Cooperativa El\u00e9ctrica de Tornquist. Turismo, Pol\u00edtica, Sociedad, Deporte, Cultura y todo el contenido de inter\u00e9s general que la gente del pueblo y la regi\u00f3n debe conocer.\",\"breadcrumb\":{\"@id\":\"https:\/\/www.celttv.com.ar\/index.php\/2015\/04\/21\/nicolas-candia-boxeara-el-sabado-25-de-abril-en-pigue-nota-e-imagenes\/#breadcrumb\"},\"inLanguage\":\"es\",\"potentialAction\":[{\"@type\":\"ReadAction\",\"target\":[\"https:\/\/www.celttv.com.ar\/index.php\/2015\/04\/21\/nicolas-candia-boxeara-el-sabado-25-de-abril-en-pigue-nota-e-imagenes\/\"]}]},{\"@type\":\"BreadcrumbList\",\"@id\":\"https:\/\/www.celttv.com.ar\/index.php\/2015\/04\/21\/nicolas-candia-boxeara-el-sabado-25-de-abril-en-pigue-nota-e-imagenes\/#breadcrumb\",\"itemListElement\":[{\"@type\":\"ListItem\",\"position\":1,\"name\":\"Inicio\",\"item\":\"https:\/\/www.celttv.com.ar\/\"},{\"@type\":\"ListItem\",\"position\":2,\"name\":\"NICOL\u00c1S CANDIA BOXEAR\u00c1 EL S\u00c1BADO 25 DE ABRIL EN PIG\u00dc\u00c9 (Nota e im\u00e1genes).\"}]},{\"@type\":\"WebSite\",\"@id\":\"https:\/\/www.celttv.com.ar\/#website\",\"url\":\"https:\/\/www.celttv.com.ar\/\",\"name\":\"CELTTV\",\"description\":\"Cooperativa El\u00e9ctrica de Tornquist\",\"publisher\":{\"@id\":\"https:\/\/www.celttv.com.ar\/#organization\"},\"potentialAction\":[{\"@type\":\"SearchAction\",\"target\":{\"@type\":\"EntryPoint\",\"urlTemplate\":\"https:\/\/www.celttv.com.ar\/?s={search_term_string}\"},\"query-input\":\"required name=search_term_string\"}],\"inLanguage\":\"es\"},{\"@type\":\"Organization\",\"@id\":\"https:\/\/www.celttv.com.ar\/#organization\",\"name\":\"CELTTV\",\"url\":\"https:\/\/www.celttv.com.ar\/\",\"sameAs\":[\"https:\/\/www.youtube.com\/channel\/UCz_oIt8Hig64Ub-EmcNPIhg\",\"https:\/\/www.facebook.com\/celtTV\/\"],\"logo\":{\"@type\":\"ImageObject\",\"inLanguage\":\"es\",\"@id\":\"https:\/\/www.celttv.com.ar\/#\/schema\/logo\/image\/\",\"url\":\"http:\/\/www.celttv.com.ar\/wp-content\/uploads\/2022\/08\/logo-1.png\",\"contentUrl\":\"http:\/\/www.celttv.com.ar\/wp-content\/uploads\/2022\/08\/logo-1.png\",\"width\":461,\"height\":159,\"caption\":\"CELTTV\"},\"image\":{\"@id\":\"https:\/\/www.celttv.com.ar\/#\/schema\/logo\/image\/\"}},{\"@type\":\"Person\",\"@id\":\"https:\/\/www.celttv.com.ar\/#\/schema\/person\/6d99c072dba59953809c81446e9d0ace\",\"name\":\"ulises\",\"image\":{\"@type\":\"ImageObject\",\"inLanguage\":\"es\",\"@id\":\"https:\/\/www.celttv.com.ar\/#\/schema\/person\/image\/\",\"url\":\"https:\/\/secure.gravatar.com\/avatar\/7f2c48bdc33b30088f941fb6082e555f2874c98e20cb159d7b92b50eadfce793?s=96&d=mm&r=g\",\"contentUrl\":\"https:\/\/secure.gravatar.com\/avatar\/7f2c48bdc33b30088f941fb6082e555f2874c98e20cb159d7b92b50eadfce793?s=96&d=mm&r=g\",\"caption\":\"ulises\"},\"sameAs\":[\"http:\/\/www.celttv.com.ar\"]}]}<\/script>\n<!-- \/ Yoast SEO plugin. -->","yoast_head_json":{"title":"NICOL\u00c1S CANDIA BOXEAR\u00c1 EL S\u00c1BADO 25 DE ABRIL EN PIG\u00dc\u00c9 (Nota e im\u00e1genes). - CELTTV","description":"Sitio web de noticias de la localidad de Tornquist, provincia de Buenos Aires, Rep\u00fablica Argentina. Contenido propio originado por periodistas de CELTTV, el canal de TV local de la Cooperativa El\u00e9ctrica de Tornquist. Turismo, Pol\u00edtica, Sociedad, Deporte, Cultura y todo el contenido de inter\u00e9s general que la gente del pueblo y la regi\u00f3n debe conocer.","robots":{"index":"index","follow":"follow","max-snippet":"max-snippet:-1","max-image-preview":"max-image-preview:large","max-video-preview":"max-video-preview:-1"},"canonical":"https:\/\/www.celttv.com.ar\/index.php\/2015\/04\/21\/nicolas-candia-boxeara-el-sabado-25-de-abril-en-pigue-nota-e-imagenes\/","og_locale":"es_ES","og_type":"article","og_title":"NICOL\u00c1S CANDIA BOXEAR\u00c1 EL S\u00c1BADO 25 DE ABRIL EN PIG\u00dc\u00c9 (Nota e im\u00e1genes). - CELTTV","og_description":"Sitio web de noticias de la localidad de Tornquist, provincia de Buenos Aires, Rep\u00fablica Argentina. Contenido propio originado por periodistas de CELTTV, el canal de TV local de la Cooperativa El\u00e9ctrica de Tornquist. Turismo, Pol\u00edtica, Sociedad, Deporte, Cultura y todo el contenido de inter\u00e9s general que la gente del pueblo y la regi\u00f3n debe conocer.","og_url":"https:\/\/www.celttv.com.ar\/index.php\/2015\/04\/21\/nicolas-candia-boxeara-el-sabado-25-de-abril-en-pigue-nota-e-imagenes\/","og_site_name":"CELTTV","article_publisher":"https:\/\/www.facebook.com\/celtTV\/","article_published_time":"2015-04-21T22:36:39+00:00","author":"ulises","twitter_card":"summary_large_image","twitter_misc":{"Escrito por":"ulises","Tiempo de lectura":"1 minuto"},"schema":{"@context":"https:\/\/schema.org","@graph":[{"@type":"NewsArticle","@id":"https:\/\/www.celttv.com.ar\/index.php\/2015\/04\/21\/nicolas-candia-boxeara-el-sabado-25-de-abril-en-pigue-nota-e-imagenes\/#article","isPartOf":{"@id":"https:\/\/www.celttv.com.ar\/index.php\/2015\/04\/21\/nicolas-candia-boxeara-el-sabado-25-de-abril-en-pigue-nota-e-imagenes\/"},"author":{"name":"ulises","@id":"https:\/\/www.celttv.com.ar\/#\/schema\/person\/6d99c072dba59953809c81446e9d0ace"},"headline":"NICOL\u00c1S CANDIA BOXEAR\u00c1 EL S\u00c1BADO 25 DE ABRIL EN PIG\u00dc\u00c9 (Nota e im\u00e1genes).","datePublished":"2015-04-21T22:36:39+00:00","dateModified":"2015-04-21T22:36:39+00:00","mainEntityOfPage":{"@id":"https:\/\/www.celttv.com.ar\/index.php\/2015\/04\/21\/nicolas-candia-boxeara-el-sabado-25-de-abril-en-pigue-nota-e-imagenes\/"},"wordCount":140,"publisher":{"@id":"https:\/\/www.celttv.com.ar\/#organization"},"articleSection":["Deporte","Destacadas","Videos Destacados"],"inLanguage":"es"},{"@type":"WebPage","@id":"https:\/\/www.celttv.com.ar\/index.php\/2015\/04\/21\/nicolas-candia-boxeara-el-sabado-25-de-abril-en-pigue-nota-e-imagenes\/","url":"https:\/\/www.celttv.com.ar\/index.php\/2015\/04\/21\/nicolas-candia-boxeara-el-sabado-25-de-abril-en-pigue-nota-e-imagenes\/","name":"NICOL\u00c1S CANDIA BOXEAR\u00c1 EL S\u00c1BADO 25 DE ABRIL EN PIG\u00dc\u00c9 (Nota e im\u00e1genes). - CELTTV","isPartOf":{"@id":"https:\/\/www.celttv.com.ar\/#website"},"datePublished":"2015-04-21T22:36:39+00:00","dateModified":"2015-04-21T22:36:39+00:00","description":"Sitio web de noticias de la localidad de Tornquist, provincia de Buenos Aires, Rep\u00fablica Argentina. Contenido propio originado por periodistas de CELTTV, el canal de TV local de la Cooperativa El\u00e9ctrica de Tornquist. Turismo, Pol\u00edtica, Sociedad, Deporte, Cultura y todo el contenido de inter\u00e9s general que la gente del pueblo y la regi\u00f3n debe conocer.","breadcrumb":{"@id":"https:\/\/www.celttv.com.ar\/index.php\/2015\/04\/21\/nicolas-candia-boxeara-el-sabado-25-de-abril-en-pigue-nota-e-imagenes\/#breadcrumb"},"inLanguage":"es","potentialAction":[{"@type":"ReadAction","target":["https:\/\/www.celttv.com.ar\/index.php\/2015\/04\/21\/nicolas-candia-boxeara-el-sabado-25-de-abril-en-pigue-nota-e-imagenes\/"]}]},{"@type":"BreadcrumbList","@id":"https:\/\/www.celttv.com.ar\/index.php\/2015\/04\/21\/nicolas-candia-boxeara-el-sabado-25-de-abril-en-pigue-nota-e-imagenes\/#breadcrumb","itemListElement":[{"@type":"ListItem","position":1,"name":"Inicio","item":"https:\/\/www.celttv.com.ar\/"},{"@type":"ListItem","position":2,"name":"NICOL\u00c1S CANDIA BOXEAR\u00c1 EL S\u00c1BADO 25 DE ABRIL EN PIG\u00dc\u00c9 (Nota e im\u00e1genes)."}]},{"@type":"WebSite","@id":"https:\/\/www.celttv.com.ar\/#website","url":"https:\/\/www.celttv.com.ar\/","name":"CELTTV","description":"Cooperativa El\u00e9ctrica de Tornquist","publisher":{"@id":"https:\/\/www.celttv.com.ar\/#organization"},"potentialAction":[{"@type":"SearchAction","target":{"@type":"EntryPoint","urlTemplate":"https:\/\/www.celttv.com.ar\/?s={search_term_string}"},"query-input":"required name=search_term_string"}],"inLanguage":"es"},{"@type":"Organization","@id":"https:\/\/www.celttv.com.ar\/#organization","name":"CELTTV","url":"https:\/\/www.celttv.com.ar\/","sameAs":["https:\/\/www.youtube.com\/channel\/UCz_oIt8Hig64Ub-EmcNPIhg","https:\/\/www.facebook.com\/celtTV\/"],"logo":{"@type":"ImageObject","inLanguage":"es","@id":"https:\/\/www.celttv.com.ar\/#\/schema\/logo\/image\/","url":"http:\/\/www.celttv.com.ar\/wp-content\/uploads\/2022\/08\/logo-1.png","contentUrl":"http:\/\/www.celttv.com.ar\/wp-content\/uploads\/2022\/08\/logo-1.png","width":461,"height":159,"caption":"CELTTV"},"image":{"@id":"https:\/\/www.celttv.com.ar\/#\/schema\/logo\/image\/"}},{"@type":"Person","@id":"https:\/\/www.celttv.com.ar\/#\/schema\/person\/6d99c072dba59953809c81446e9d0ace","name":"ulises","image":{"@type":"ImageObject","inLanguage":"es","@id":"https:\/\/www.celttv.com.ar\/#\/schema\/person\/image\/","url":"https:\/\/secure.gravatar.com\/avatar\/7f2c48bdc33b30088f941fb6082e555f2874c98e20cb159d7b92b50eadfce793?s=96&d=mm&r=g","contentUrl":"https:\/\/secure.gravatar.com\/avatar\/7f2c48bdc33b30088f941fb6082e555f2874c98e20cb159d7b92b50eadfce793?s=96&d=mm&r=g","caption":"ulises"},"sameAs":["http:\/\/www.celttv.com.ar"]}]}},"_links":{"self":[{"href":"https:\/\/www.celttv.com.ar\/index.php\/wp-json\/wp\/v2\/posts\/28228","targetHints":{"allow":["GET"]}}],"collection":[{"href":"https:\/\/www.celttv.com.ar\/index.php\/wp-json\/wp\/v2\/posts"}],"about":[{"href":"https:\/\/www.celttv.com.ar\/index.php\/wp-json\/wp\/v2\/types\/post"}],"author":[{"embeddable":true,"href":"https:\/\/www.celttv.com.ar\/index.php\/wp-json\/wp\/v2\/users\/1"}],"replies":[{"embeddable":true,"href":"https:\/\/www.celttv.com.ar\/index.php\/wp-json\/wp\/v2\/comments?post=28228"}],"version-history":[{"count":0,"href":"https:\/\/www.celttv.com.ar\/index.php\/wp-json\/wp\/v2\/posts\/28228\/revisions"}],"wp:attachment":[{"href":"https:\/\/www.celttv.com.ar\/index.php\/wp-json\/wp\/v2\/media?parent=28228"}],"wp:term":[{"taxonomy":"category","embeddable":true,"href":"https:\/\/www.celttv.com.ar\/index.php\/wp-json\/wp\/v2\/categories?post=28228"},{"taxonomy":"post_tag","embeddable":true,"href":"https:\/\/www.celttv.com.ar\/index.php\/wp-json\/wp\/v2\/tags?post=28228"}],"curies":[{"name":"wp","href":"https:\/\/api.w.org\/{rel}","templated":true}]}}