{"id":28336,"date":"2015-04-29T22:16:40","date_gmt":"2015-04-29T22:16:40","guid":{"rendered":"http:\/\/www.tvcnoticias.com.ar\/?p=28336"},"modified":"2015-04-29T22:16:40","modified_gmt":"2015-04-29T22:16:40","slug":"del-autor-al-lector-una-experiencia-para-aplaudir-notas-y-videos","status":"publish","type":"post","link":"https:\/\/www.celttv.com.ar\/index.php\/2015\/04\/29\/del-autor-al-lector-una-experiencia-para-aplaudir-notas-y-videos\/","title":{"rendered":"\u201cDel autor al lector\u201d Una experiencia para aplaudir (notas y videos)"},"content":{"rendered":"<p>httpv:\/\/www.youtube.com\/watch?v=eFLCf9sEpfg<br \/>\nhttpv:\/\/www.youtube.com\/watch?v=dSYq2g08UZM<br \/>\nhttpv:\/\/www.youtube.com\/watch?v=cYIoBdfL7LQ<br \/>\nhttpv:\/\/www.youtube.com\/watch?v=yGGTafMDsvY<br \/>\nhttpv:\/\/www.youtube.com\/watch?v=iUKIoriTkRg<br \/>\nhttpv:\/\/www.youtube.com\/watch?v=zSbtM3BnEys<br \/>\nhttpv:\/\/www.youtube.com\/watch?v=zBY0Z-ueYZA<br \/>\nhttpv:\/\/www.youtube.com\/watch?v=IzNM-EHn3tA<br \/>\nhttpv:\/\/www.youtube.com\/watch?v=yjBjzK-E5vU<br \/>\nhttpv:\/\/www.youtube.com\/watch?v=iC8rBQmBI9E<br \/>\nhttpv:\/\/www.youtube.com\/watch?v=4520-DbFYVg<\/p>\n<p>La idea surgi\u00f3 porque una de las integrantes del taller literario de Tornquist (Mar\u00eda Teresa Rodriguez)  visit\u00f3 en Buenos Aires, \u201cLa Noche de las Librer\u00edas\u201d, un encuentro de autores presentando sus obras y dialogando con los lectores.<br \/>\n  La idea no tard\u00f3 en constituirse en un sue\u00f1o a cumplir en el corto o mediano plazo. Resultaba posible poder organizar una presentaci\u00f3n de escritores de nuestro distrito y abril fue una fecha elegida por diversos motivos. En homenaje al pueblo de Tornquist en el 132\u00ba aniversario de su fundaci\u00f3n (17 de abril); a un nuevo aniversario de la Biblioteca Popular Ernesto Tornquist (1\u00ba de abril); D\u00eda del Idioma, en memoria del gran escritor espa\u00f1ol Miguel de Cervantes Saavedra, quien contribuyera al engrandecimiento de la lengua espa\u00f1ola con su obra maestras \u201cEl ingenioso Hidalgo Don Quijote de la Mancha\u201d.<br \/>\n   Y el pasado s\u00e1bado, a partir de las 14:30 hs., lo que hasta ese momento se consideraba un sue\u00f1o, pas\u00f3 a constituirse en una realidad; una experiencia que merece ser aplaudida.<br \/>\n  Las palabras de apertura estuvieron a cargo de la coordinadora del Taller Literario Rosalina Bustamante y en representaci\u00f3n del Municipio habl\u00f3 la Directora de Cultura Andrea Camus.<br \/>\n  Integrantes del Taller Literario Tornquist leyeron sus trabajos y seguidamente In\u00e9s Erquiaga de Tolosa se refiri\u00f3 a su libro \u201cTres Picos\u201d sus historias.<br \/>\n  Mar\u00eda Eva Larralde de Gabella habl\u00f3 de la g\u00e9nesis del libro \u201cL\u00f3pez Lecube, mi pueblo\u201d, dejando detalles de toda la previa de su realizaci\u00f3n y con el ingrediente especial de haber presentando en este encuentro un extraordinario trabajo en escala de una r\u00e9plica de la Iglesia de Lopez Lecube, sobre lo cual nos brindaba detalles su esposo Ra\u00fal Gabella.<br \/>\n   Se present\u00f3 con alguno de sus trabajos el taller Palabriendo Palabruptas de Bah\u00eda Blanca y hubo un taller abierto a cargo de la Prof. Elsa Calzetta y Rosalina Bustamante.<br \/>\n   Mercedes Muller habl\u00f3 del ibro \u201cPresencia Alemana de la Comarca\u201d, cuyo autores no pudieron estar presentes y la escritora local Lelia Torboli con su libro \u201cHistorias de la Comarca\u201d  y Patricio Chaija  tuvo su espacio con \u201cCuentos de Terror\u201d, uno de los trabajos que el escritor tornquistense logr\u00f3 publicar.<br \/>\nRECONOCIMIENTO DE LA BIBLIOTECA A LECTORES MAYORES<br \/>\n   Otro de los momentos destacados de la jornada fue la entrega de reconocimientos a socios y lectores que se hayan destacado  por su antig\u00fcedad como socios y como buenos lectores.<br \/>\n   En esta oportunidad la instituci\u00f3n  reconoci\u00f3 solamente a los socios y lectores de 80 a\u00f1os en adelante, dato que hace doblemente meritoria tal distinci\u00f3n, con todo el orgullo que esto significa.<br \/>\n Por tal motivo fueron reconocidas Elba Blanco de Muscillo, Dora Elsa Brescia de Cassano, Hayde\u00e9 Isabel Echave, Elizabeth Fidani de Conte, Ra\u00fal Frizza, Catalian Godino, Nora Ester G\u00f3mez, Irene Hernandez de Milano, Alicia Esther Issaly, Tercilio Milano, Elsa Beatriz Mutti, Aurora Nu\u00f1ez de Sorbet, Alicia Prado de Bilbao, Delia Esterr Riera, Ana Norma Rosatelli, Edith Wendorff y Nelly Rosa Zelarray\u00e1n.<\/p>\n","protected":false},"excerpt":{"rendered":"<p>httpv:\/\/www.youtube.com\/watch?v=eFLCf9sEpfg httpv:\/\/www.youtube.com\/watch?v=dSYq2g08UZM httpv:\/\/www.youtube.com\/watch?v=cYIoBdfL7LQ httpv:\/\/www.youtube.com\/watch?v=yGGTafMDsvY httpv:\/\/www.youtube.com\/watch?v=iUKIoriTkRg httpv:\/\/www.youtube.com\/watch?v=zSbtM3BnEys httpv:\/\/www.youtube.com\/watch?v=zBY0Z-ueYZA httpv:\/\/www.youtube.com\/watch?v=IzNM-EHn3tA httpv:\/\/www.youtube.com\/watch?v=yjBjzK-E5vU httpv:\/\/www.youtube.com\/watch?v=iC8rBQmBI9E httpv:\/\/www.youtube.com\/watch?v=4520-DbFYVg La idea surgi\u00f3 porque una de las integrantes del taller literario de Tornquist (Mar\u00eda Teresa Rodriguez) visit\u00f3 en Buenos Aires, \u201cLa Noche de las Librer\u00edas\u201d, un encuentro de autores presentando sus obras y dialogando con los lectores. La idea no tard\u00f3 en constituirse en [&hellip;]<\/p>\n","protected":false},"author":1,"featured_media":0,"comment_status":"closed","ping_status":"open","sticky":false,"template":"","format":"standard","meta":{"footnotes":""},"categories":[51,52,64],"tags":[],"class_list":["post-28336","post","type-post","status-publish","format-standard","hentry","category-comunidad","category-destacadas","category-videos-destacados"],"yoast_head":"<!-- This site is optimized with the Yoast SEO plugin v19.7.1 - https:\/\/yoast.com\/wordpress\/plugins\/seo\/ -->\n<title>\u201cDel autor al lector\u201d Una experiencia para aplaudir (notas y videos) - CELTTV<\/title>\n<meta name=\"description\" content=\"Sitio web de noticias de la localidad de Tornquist, provincia de Buenos Aires, Rep\u00fablica Argentina. Contenido propio originado por periodistas de CELTTV, el canal de TV local de la Cooperativa El\u00e9ctrica de Tornquist. Turismo, Pol\u00edtica, Sociedad, Deporte, Cultura y todo el contenido de inter\u00e9s general que la gente del pueblo y la regi\u00f3n debe conocer.\" \/>\n<meta name=\"robots\" content=\"index, follow, max-snippet:-1, max-image-preview:large, max-video-preview:-1\" \/>\n<link rel=\"canonical\" href=\"https:\/\/www.celttv.com.ar\/index.php\/2015\/04\/29\/del-autor-al-lector-una-experiencia-para-aplaudir-notas-y-videos\/\" \/>\n<meta property=\"og:locale\" content=\"es_ES\" \/>\n<meta property=\"og:type\" content=\"article\" \/>\n<meta property=\"og:title\" content=\"\u201cDel autor al lector\u201d Una experiencia para aplaudir (notas y videos) - CELTTV\" \/>\n<meta property=\"og:description\" content=\"Sitio web de noticias de la localidad de Tornquist, provincia de Buenos Aires, Rep\u00fablica Argentina. Contenido propio originado por periodistas de CELTTV, el canal de TV local de la Cooperativa El\u00e9ctrica de Tornquist. Turismo, Pol\u00edtica, Sociedad, Deporte, Cultura y todo el contenido de inter\u00e9s general que la gente del pueblo y la regi\u00f3n debe conocer.\" \/>\n<meta property=\"og:url\" content=\"https:\/\/www.celttv.com.ar\/index.php\/2015\/04\/29\/del-autor-al-lector-una-experiencia-para-aplaudir-notas-y-videos\/\" \/>\n<meta property=\"og:site_name\" content=\"CELTTV\" \/>\n<meta property=\"article:publisher\" content=\"https:\/\/www.facebook.com\/celtTV\/\" \/>\n<meta property=\"article:published_time\" content=\"2015-04-29T22:16:40+00:00\" \/>\n<meta name=\"author\" content=\"ulises\" \/>\n<meta name=\"twitter:card\" content=\"summary_large_image\" \/>\n<meta name=\"twitter:label1\" content=\"Escrito por\" \/>\n\t<meta name=\"twitter:data1\" content=\"ulises\" \/>\n\t<meta name=\"twitter:label2\" content=\"Tiempo de lectura\" \/>\n\t<meta name=\"twitter:data2\" content=\"3 minutos\" \/>\n<script type=\"application\/ld+json\" class=\"yoast-schema-graph\">{\"@context\":\"https:\/\/schema.org\",\"@graph\":[{\"@type\":\"NewsArticle\",\"@id\":\"https:\/\/www.celttv.com.ar\/index.php\/2015\/04\/29\/del-autor-al-lector-una-experiencia-para-aplaudir-notas-y-videos\/#article\",\"isPartOf\":{\"@id\":\"https:\/\/www.celttv.com.ar\/index.php\/2015\/04\/29\/del-autor-al-lector-una-experiencia-para-aplaudir-notas-y-videos\/\"},\"author\":{\"name\":\"ulises\",\"@id\":\"https:\/\/www.celttv.com.ar\/#\/schema\/person\/6d99c072dba59953809c81446e9d0ace\"},\"headline\":\"\u201cDel autor al lector\u201d Una experiencia para aplaudir (notas y videos)\",\"datePublished\":\"2015-04-29T22:16:40+00:00\",\"dateModified\":\"2015-04-29T22:16:40+00:00\",\"mainEntityOfPage\":{\"@id\":\"https:\/\/www.celttv.com.ar\/index.php\/2015\/04\/29\/del-autor-al-lector-una-experiencia-para-aplaudir-notas-y-videos\/\"},\"wordCount\":602,\"publisher\":{\"@id\":\"https:\/\/www.celttv.com.ar\/#organization\"},\"articleSection\":[\"Comunidad\",\"Destacadas\",\"Videos Destacados\"],\"inLanguage\":\"es\"},{\"@type\":\"WebPage\",\"@id\":\"https:\/\/www.celttv.com.ar\/index.php\/2015\/04\/29\/del-autor-al-lector-una-experiencia-para-aplaudir-notas-y-videos\/\",\"url\":\"https:\/\/www.celttv.com.ar\/index.php\/2015\/04\/29\/del-autor-al-lector-una-experiencia-para-aplaudir-notas-y-videos\/\",\"name\":\"\u201cDel autor al lector\u201d Una experiencia para aplaudir (notas y videos) - CELTTV\",\"isPartOf\":{\"@id\":\"https:\/\/www.celttv.com.ar\/#website\"},\"datePublished\":\"2015-04-29T22:16:40+00:00\",\"dateModified\":\"2015-04-29T22:16:40+00:00\",\"description\":\"Sitio web de noticias de la localidad de Tornquist, provincia de Buenos Aires, Rep\u00fablica Argentina. Contenido propio originado por periodistas de CELTTV, el canal de TV local de la Cooperativa El\u00e9ctrica de Tornquist. Turismo, Pol\u00edtica, Sociedad, Deporte, Cultura y todo el contenido de inter\u00e9s general que la gente del pueblo y la regi\u00f3n debe conocer.\",\"breadcrumb\":{\"@id\":\"https:\/\/www.celttv.com.ar\/index.php\/2015\/04\/29\/del-autor-al-lector-una-experiencia-para-aplaudir-notas-y-videos\/#breadcrumb\"},\"inLanguage\":\"es\",\"potentialAction\":[{\"@type\":\"ReadAction\",\"target\":[\"https:\/\/www.celttv.com.ar\/index.php\/2015\/04\/29\/del-autor-al-lector-una-experiencia-para-aplaudir-notas-y-videos\/\"]}]},{\"@type\":\"BreadcrumbList\",\"@id\":\"https:\/\/www.celttv.com.ar\/index.php\/2015\/04\/29\/del-autor-al-lector-una-experiencia-para-aplaudir-notas-y-videos\/#breadcrumb\",\"itemListElement\":[{\"@type\":\"ListItem\",\"position\":1,\"name\":\"Inicio\",\"item\":\"https:\/\/www.celttv.com.ar\/\"},{\"@type\":\"ListItem\",\"position\":2,\"name\":\"\u201cDel autor al lector\u201d Una experiencia para aplaudir (notas y videos)\"}]},{\"@type\":\"WebSite\",\"@id\":\"https:\/\/www.celttv.com.ar\/#website\",\"url\":\"https:\/\/www.celttv.com.ar\/\",\"name\":\"CELTTV\",\"description\":\"Cooperativa El\u00e9ctrica de Tornquist\",\"publisher\":{\"@id\":\"https:\/\/www.celttv.com.ar\/#organization\"},\"potentialAction\":[{\"@type\":\"SearchAction\",\"target\":{\"@type\":\"EntryPoint\",\"urlTemplate\":\"https:\/\/www.celttv.com.ar\/?s={search_term_string}\"},\"query-input\":\"required name=search_term_string\"}],\"inLanguage\":\"es\"},{\"@type\":\"Organization\",\"@id\":\"https:\/\/www.celttv.com.ar\/#organization\",\"name\":\"CELTTV\",\"url\":\"https:\/\/www.celttv.com.ar\/\",\"sameAs\":[\"https:\/\/www.youtube.com\/channel\/UCz_oIt8Hig64Ub-EmcNPIhg\",\"https:\/\/www.facebook.com\/celtTV\/\"],\"logo\":{\"@type\":\"ImageObject\",\"inLanguage\":\"es\",\"@id\":\"https:\/\/www.celttv.com.ar\/#\/schema\/logo\/image\/\",\"url\":\"http:\/\/www.celttv.com.ar\/wp-content\/uploads\/2022\/08\/logo-1.png\",\"contentUrl\":\"http:\/\/www.celttv.com.ar\/wp-content\/uploads\/2022\/08\/logo-1.png\",\"width\":461,\"height\":159,\"caption\":\"CELTTV\"},\"image\":{\"@id\":\"https:\/\/www.celttv.com.ar\/#\/schema\/logo\/image\/\"}},{\"@type\":\"Person\",\"@id\":\"https:\/\/www.celttv.com.ar\/#\/schema\/person\/6d99c072dba59953809c81446e9d0ace\",\"name\":\"ulises\",\"image\":{\"@type\":\"ImageObject\",\"inLanguage\":\"es\",\"@id\":\"https:\/\/www.celttv.com.ar\/#\/schema\/person\/image\/\",\"url\":\"https:\/\/secure.gravatar.com\/avatar\/7f2c48bdc33b30088f941fb6082e555f2874c98e20cb159d7b92b50eadfce793?s=96&d=mm&r=g\",\"contentUrl\":\"https:\/\/secure.gravatar.com\/avatar\/7f2c48bdc33b30088f941fb6082e555f2874c98e20cb159d7b92b50eadfce793?s=96&d=mm&r=g\",\"caption\":\"ulises\"},\"sameAs\":[\"http:\/\/www.celttv.com.ar\"]}]}<\/script>\n<!-- \/ Yoast SEO plugin. -->","yoast_head_json":{"title":"\u201cDel autor al lector\u201d Una experiencia para aplaudir (notas y videos) - CELTTV","description":"Sitio web de noticias de la localidad de Tornquist, provincia de Buenos Aires, Rep\u00fablica Argentina. Contenido propio originado por periodistas de CELTTV, el canal de TV local de la Cooperativa El\u00e9ctrica de Tornquist. Turismo, Pol\u00edtica, Sociedad, Deporte, Cultura y todo el contenido de inter\u00e9s general que la gente del pueblo y la regi\u00f3n debe conocer.","robots":{"index":"index","follow":"follow","max-snippet":"max-snippet:-1","max-image-preview":"max-image-preview:large","max-video-preview":"max-video-preview:-1"},"canonical":"https:\/\/www.celttv.com.ar\/index.php\/2015\/04\/29\/del-autor-al-lector-una-experiencia-para-aplaudir-notas-y-videos\/","og_locale":"es_ES","og_type":"article","og_title":"\u201cDel autor al lector\u201d Una experiencia para aplaudir (notas y videos) - CELTTV","og_description":"Sitio web de noticias de la localidad de Tornquist, provincia de Buenos Aires, Rep\u00fablica Argentina. Contenido propio originado por periodistas de CELTTV, el canal de TV local de la Cooperativa El\u00e9ctrica de Tornquist. Turismo, Pol\u00edtica, Sociedad, Deporte, Cultura y todo el contenido de inter\u00e9s general que la gente del pueblo y la regi\u00f3n debe conocer.","og_url":"https:\/\/www.celttv.com.ar\/index.php\/2015\/04\/29\/del-autor-al-lector-una-experiencia-para-aplaudir-notas-y-videos\/","og_site_name":"CELTTV","article_publisher":"https:\/\/www.facebook.com\/celtTV\/","article_published_time":"2015-04-29T22:16:40+00:00","author":"ulises","twitter_card":"summary_large_image","twitter_misc":{"Escrito por":"ulises","Tiempo de lectura":"3 minutos"},"schema":{"@context":"https:\/\/schema.org","@graph":[{"@type":"NewsArticle","@id":"https:\/\/www.celttv.com.ar\/index.php\/2015\/04\/29\/del-autor-al-lector-una-experiencia-para-aplaudir-notas-y-videos\/#article","isPartOf":{"@id":"https:\/\/www.celttv.com.ar\/index.php\/2015\/04\/29\/del-autor-al-lector-una-experiencia-para-aplaudir-notas-y-videos\/"},"author":{"name":"ulises","@id":"https:\/\/www.celttv.com.ar\/#\/schema\/person\/6d99c072dba59953809c81446e9d0ace"},"headline":"\u201cDel autor al lector\u201d Una experiencia para aplaudir (notas y videos)","datePublished":"2015-04-29T22:16:40+00:00","dateModified":"2015-04-29T22:16:40+00:00","mainEntityOfPage":{"@id":"https:\/\/www.celttv.com.ar\/index.php\/2015\/04\/29\/del-autor-al-lector-una-experiencia-para-aplaudir-notas-y-videos\/"},"wordCount":602,"publisher":{"@id":"https:\/\/www.celttv.com.ar\/#organization"},"articleSection":["Comunidad","Destacadas","Videos Destacados"],"inLanguage":"es"},{"@type":"WebPage","@id":"https:\/\/www.celttv.com.ar\/index.php\/2015\/04\/29\/del-autor-al-lector-una-experiencia-para-aplaudir-notas-y-videos\/","url":"https:\/\/www.celttv.com.ar\/index.php\/2015\/04\/29\/del-autor-al-lector-una-experiencia-para-aplaudir-notas-y-videos\/","name":"\u201cDel autor al lector\u201d Una experiencia para aplaudir (notas y videos) - CELTTV","isPartOf":{"@id":"https:\/\/www.celttv.com.ar\/#website"},"datePublished":"2015-04-29T22:16:40+00:00","dateModified":"2015-04-29T22:16:40+00:00","description":"Sitio web de noticias de la localidad de Tornquist, provincia de Buenos Aires, Rep\u00fablica Argentina. Contenido propio originado por periodistas de CELTTV, el canal de TV local de la Cooperativa El\u00e9ctrica de Tornquist. Turismo, Pol\u00edtica, Sociedad, Deporte, Cultura y todo el contenido de inter\u00e9s general que la gente del pueblo y la regi\u00f3n debe conocer.","breadcrumb":{"@id":"https:\/\/www.celttv.com.ar\/index.php\/2015\/04\/29\/del-autor-al-lector-una-experiencia-para-aplaudir-notas-y-videos\/#breadcrumb"},"inLanguage":"es","potentialAction":[{"@type":"ReadAction","target":["https:\/\/www.celttv.com.ar\/index.php\/2015\/04\/29\/del-autor-al-lector-una-experiencia-para-aplaudir-notas-y-videos\/"]}]},{"@type":"BreadcrumbList","@id":"https:\/\/www.celttv.com.ar\/index.php\/2015\/04\/29\/del-autor-al-lector-una-experiencia-para-aplaudir-notas-y-videos\/#breadcrumb","itemListElement":[{"@type":"ListItem","position":1,"name":"Inicio","item":"https:\/\/www.celttv.com.ar\/"},{"@type":"ListItem","position":2,"name":"\u201cDel autor al lector\u201d Una experiencia para aplaudir (notas y videos)"}]},{"@type":"WebSite","@id":"https:\/\/www.celttv.com.ar\/#website","url":"https:\/\/www.celttv.com.ar\/","name":"CELTTV","description":"Cooperativa El\u00e9ctrica de Tornquist","publisher":{"@id":"https:\/\/www.celttv.com.ar\/#organization"},"potentialAction":[{"@type":"SearchAction","target":{"@type":"EntryPoint","urlTemplate":"https:\/\/www.celttv.com.ar\/?s={search_term_string}"},"query-input":"required name=search_term_string"}],"inLanguage":"es"},{"@type":"Organization","@id":"https:\/\/www.celttv.com.ar\/#organization","name":"CELTTV","url":"https:\/\/www.celttv.com.ar\/","sameAs":["https:\/\/www.youtube.com\/channel\/UCz_oIt8Hig64Ub-EmcNPIhg","https:\/\/www.facebook.com\/celtTV\/"],"logo":{"@type":"ImageObject","inLanguage":"es","@id":"https:\/\/www.celttv.com.ar\/#\/schema\/logo\/image\/","url":"http:\/\/www.celttv.com.ar\/wp-content\/uploads\/2022\/08\/logo-1.png","contentUrl":"http:\/\/www.celttv.com.ar\/wp-content\/uploads\/2022\/08\/logo-1.png","width":461,"height":159,"caption":"CELTTV"},"image":{"@id":"https:\/\/www.celttv.com.ar\/#\/schema\/logo\/image\/"}},{"@type":"Person","@id":"https:\/\/www.celttv.com.ar\/#\/schema\/person\/6d99c072dba59953809c81446e9d0ace","name":"ulises","image":{"@type":"ImageObject","inLanguage":"es","@id":"https:\/\/www.celttv.com.ar\/#\/schema\/person\/image\/","url":"https:\/\/secure.gravatar.com\/avatar\/7f2c48bdc33b30088f941fb6082e555f2874c98e20cb159d7b92b50eadfce793?s=96&d=mm&r=g","contentUrl":"https:\/\/secure.gravatar.com\/avatar\/7f2c48bdc33b30088f941fb6082e555f2874c98e20cb159d7b92b50eadfce793?s=96&d=mm&r=g","caption":"ulises"},"sameAs":["http:\/\/www.celttv.com.ar"]}]}},"_links":{"self":[{"href":"https:\/\/www.celttv.com.ar\/index.php\/wp-json\/wp\/v2\/posts\/28336","targetHints":{"allow":["GET"]}}],"collection":[{"href":"https:\/\/www.celttv.com.ar\/index.php\/wp-json\/wp\/v2\/posts"}],"about":[{"href":"https:\/\/www.celttv.com.ar\/index.php\/wp-json\/wp\/v2\/types\/post"}],"author":[{"embeddable":true,"href":"https:\/\/www.celttv.com.ar\/index.php\/wp-json\/wp\/v2\/users\/1"}],"replies":[{"embeddable":true,"href":"https:\/\/www.celttv.com.ar\/index.php\/wp-json\/wp\/v2\/comments?post=28336"}],"version-history":[{"count":0,"href":"https:\/\/www.celttv.com.ar\/index.php\/wp-json\/wp\/v2\/posts\/28336\/revisions"}],"wp:attachment":[{"href":"https:\/\/www.celttv.com.ar\/index.php\/wp-json\/wp\/v2\/media?parent=28336"}],"wp:term":[{"taxonomy":"category","embeddable":true,"href":"https:\/\/www.celttv.com.ar\/index.php\/wp-json\/wp\/v2\/categories?post=28336"},{"taxonomy":"post_tag","embeddable":true,"href":"https:\/\/www.celttv.com.ar\/index.php\/wp-json\/wp\/v2\/tags?post=28336"}],"curies":[{"name":"wp","href":"https:\/\/api.w.org\/{rel}","templated":true}]}}