{"id":28477,"date":"2015-05-12T01:37:55","date_gmt":"2015-05-12T01:37:55","guid":{"rendered":"http:\/\/www.tvcnoticias.com.ar\/?p=28477"},"modified":"2015-05-12T01:37:55","modified_gmt":"2015-05-12T01:37:55","slug":"fabio-martinez-meier-seria-candidato-a-senador-por-la-ucr","status":"publish","type":"post","link":"https:\/\/www.celttv.com.ar\/index.php\/2015\/05\/12\/fabio-martinez-meier-seria-candidato-a-senador-por-la-ucr\/","title":{"rendered":"FABIO MARTINEZ MEIER SERIA CANDIDATO A SENADOR POR LA UCR."},"content":{"rendered":"<p><a href=\"http:\/\/www.tvcnoticias.com.ar\/?attachment_id=28478\" rel=\"attachment wp-att-28478\"><img loading=\"lazy\" decoding=\"async\" src=\"http:\/\/www.tvcnoticias.com.ar\/wp-content\/uploads\/2015\/05\/nuevasucr-12-Medium-450x290.jpg\" alt=\"\" title=\"nuevasucr (12) (Medium)\" width=\"450\" height=\"290\" class=\"aligncenter size-medium wp-image-28478\" \/><\/a><\/p>\n<p>LA UCR DE LA SEXTA SECCI\u00d3N RATIFIC\u00d3 LA CANDIDATURA DEL ACTUAL SENADOR HORACIO L\u00d3PEZ PARA SU REELECCION<\/p>\n<p>Adem\u00e1s buscaron avanzar en los acuerdos program\u00e1ticos con otras fuerzas pol\u00edticas de la regi\u00f3n. El ex concejal de Tornquist, Fabio Mart\u00ednez Maier, ser\u00eda quien acompa\u00f1e a L\u00f3pez en la lista.<\/p>\n<p>Se reuni\u00f3 el radicalismo de la Sexta secci\u00f3n para avanzar en los ejes program\u00e1ticos del acuerdo UCR\/CC\/PRO. Fue este s\u00e1bado en Tornquist, y cada distrito expuso su realidad actual, expres\u00f3 sus dudas y aport\u00f3 sugerencias en vistas de la campa\u00f1a electoral que se avecina. Y en c\u00f3mo se desarrollar\u00e1 la campa\u00f1a regional del candidato a Presidente de la UCR, Ernesto Sanz.<br \/>\nEntre los presentes se encontraban los intendentes radicales de la Sexta secci\u00f3n, Enrique Catt\u00e1neo de Salliquel\u00f3; Esteban Hernando de Daireaux; Facundo Castelli de Puan; David Hirtz de Adolfo Alsina; Miguel Pacheco de Pellegrini; el diputado provincial Luis Oliver; el ex intendente de Guamin\u00ed, y actual miembro de la Mesa de conducci\u00f3n del Comit\u00e9 Provincia, Alberto Cordero; el presidente de la Juventud Radical seccional, Cristian Reising; los candidatos a Intendentes Marcos D\u00edaz de Benito Ju\u00e1rez, Martin Randazzo de La Madrid, Carolina Bertazzo de Monte Hermoso, Cristina Espil de Coronel Pringles, Jorge Hern\u00e1ndez de Salliquel\u00f3, autoridades partidarias y dirigentes de dieciocho distritos, concejales, y consejeros escolares.<br \/>\nAnte un n\u00famero aproximado de un centenar de militantes, habl\u00f3 el intendente David Hirtz, quien manifest\u00f3 \u201cla necesidad de ratificar la candidatura del actual senador Horacio L\u00f3pez para su reelecci\u00f3n\u201d, a la vez que indic\u00f3 que deber\u00eda \u201cser \u00e9l quien encabece la lista seccional en acuerdo con otros sectores\u201d, en representaci\u00f3n del centenario partido.<br \/>\nA su turno, el senador L\u00f3pez manifest\u00f3 su felicidad de \u201cver a la militancia y a los intendentes y dirigentes amigos\u201d pidi\u00e9ndole que encabece la lista nuevamente, y resalto \u201cestos cuatro a\u00f1os que fui legislador he podido trabajar mucho, pero siempre de la mano de cada comit\u00e9 y de los militantes, y as\u00ed seguir\u00e1 siendo\u201d.<br \/>\nDurante el encuentro tambi\u00e9n se habl\u00f3 de c\u00f3mo seguir\u00e1 conformada la lista que encabezar\u00e1 L\u00f3pez, y fue el concejal de Adolfo Alsina, Facundo Montenegro quien, en nombre de un grupo de j\u00f3venes que vienen trabajando en la regi\u00f3n, se\u00f1al\u00f3 la posibilidad de que sea Fabio Mart\u00ednez Maier, ex concejal y actual presidente del  comit\u00e9 radical de Tornquist, moci\u00f3n que fue aceptada por los presentes.<br \/>\nDe la reuni\u00f3n particip\u00f3 tambi\u00e9n el Lic. Agust\u00edn Campero, integrante de los equipos t\u00e9cnicos de Ernesto Sanz, quien brindo una charla sobre c\u00f3mo ser\u00e1 la campa\u00f1a SANZ 2015 y herramientas a tener en cuenta en la secci\u00f3n<br \/>\nFinalmente combinaron una nueva reuni\u00f3n para dentro de veinte d\u00edas, en lugar a confirmar, para seguir avanzando en los acuerdos program\u00e1ticos con otras fuerzas pol\u00edticas de la regi\u00f3n, y temas reglamentarios concernientes al acuerdo UCR\/CC\/PRO.<\/p>\n","protected":false},"excerpt":{"rendered":"<p>LA UCR DE LA SEXTA SECCI\u00d3N RATIFIC\u00d3 LA CANDIDATURA DEL ACTUAL SENADOR HORACIO L\u00d3PEZ PARA SU REELECCION Adem\u00e1s buscaron avanzar en los acuerdos program\u00e1ticos con otras fuerzas pol\u00edticas de la regi\u00f3n. El ex concejal de Tornquist, Fabio Mart\u00ednez Maier, ser\u00eda quien acompa\u00f1e a L\u00f3pez en la lista. Se reuni\u00f3 el radicalismo de la Sexta secci\u00f3n [&hellip;]<\/p>\n","protected":false},"author":1,"featured_media":0,"comment_status":"closed","ping_status":"open","sticky":false,"template":"","format":"standard","meta":{"footnotes":""},"categories":[51,52,53],"tags":[],"class_list":["post-28477","post","type-post","status-publish","format-standard","hentry","category-comunidad","category-destacadas","category-politica"],"yoast_head":"<!-- This site is optimized with the Yoast SEO plugin v19.7.1 - https:\/\/yoast.com\/wordpress\/plugins\/seo\/ -->\n<title>FABIO MARTINEZ MEIER SERIA CANDIDATO A SENADOR POR LA UCR. - CELTTV<\/title>\n<meta name=\"description\" content=\"Sitio web de noticias de la localidad de Tornquist, provincia de Buenos Aires, Rep\u00fablica Argentina. Contenido propio originado por periodistas de CELTTV, el canal de TV local de la Cooperativa El\u00e9ctrica de Tornquist. Turismo, Pol\u00edtica, Sociedad, Deporte, Cultura y todo el contenido de inter\u00e9s general que la gente del pueblo y la regi\u00f3n debe conocer.\" \/>\n<meta name=\"robots\" content=\"index, follow, max-snippet:-1, max-image-preview:large, max-video-preview:-1\" \/>\n<link rel=\"canonical\" href=\"https:\/\/www.celttv.com.ar\/index.php\/2015\/05\/12\/fabio-martinez-meier-seria-candidato-a-senador-por-la-ucr\/\" \/>\n<meta property=\"og:locale\" content=\"es_ES\" \/>\n<meta property=\"og:type\" content=\"article\" \/>\n<meta property=\"og:title\" content=\"FABIO MARTINEZ MEIER SERIA CANDIDATO A SENADOR POR LA UCR. - CELTTV\" \/>\n<meta property=\"og:description\" content=\"Sitio web de noticias de la localidad de Tornquist, provincia de Buenos Aires, Rep\u00fablica Argentina. Contenido propio originado por periodistas de CELTTV, el canal de TV local de la Cooperativa El\u00e9ctrica de Tornquist. Turismo, Pol\u00edtica, Sociedad, Deporte, Cultura y todo el contenido de inter\u00e9s general que la gente del pueblo y la regi\u00f3n debe conocer.\" \/>\n<meta property=\"og:url\" content=\"https:\/\/www.celttv.com.ar\/index.php\/2015\/05\/12\/fabio-martinez-meier-seria-candidato-a-senador-por-la-ucr\/\" \/>\n<meta property=\"og:site_name\" content=\"CELTTV\" \/>\n<meta property=\"article:publisher\" content=\"https:\/\/www.facebook.com\/celtTV\/\" \/>\n<meta property=\"article:published_time\" content=\"2015-05-12T01:37:55+00:00\" \/>\n<meta property=\"og:image\" content=\"http:\/\/www.tvcnoticias.com.ar\/wp-content\/uploads\/2015\/05\/nuevasucr-12-Medium-450x290.jpg\" \/>\n<meta name=\"author\" content=\"ulises\" \/>\n<meta name=\"twitter:card\" content=\"summary_large_image\" \/>\n<meta name=\"twitter:label1\" content=\"Escrito por\" \/>\n\t<meta name=\"twitter:data1\" content=\"ulises\" \/>\n\t<meta name=\"twitter:label2\" content=\"Tiempo de lectura\" \/>\n\t<meta name=\"twitter:data2\" content=\"3 minutos\" \/>\n<script type=\"application\/ld+json\" class=\"yoast-schema-graph\">{\"@context\":\"https:\/\/schema.org\",\"@graph\":[{\"@type\":\"NewsArticle\",\"@id\":\"https:\/\/www.celttv.com.ar\/index.php\/2015\/05\/12\/fabio-martinez-meier-seria-candidato-a-senador-por-la-ucr\/#article\",\"isPartOf\":{\"@id\":\"https:\/\/www.celttv.com.ar\/index.php\/2015\/05\/12\/fabio-martinez-meier-seria-candidato-a-senador-por-la-ucr\/\"},\"author\":{\"name\":\"ulises\",\"@id\":\"https:\/\/www.celttv.com.ar\/#\/schema\/person\/6d99c072dba59953809c81446e9d0ace\"},\"headline\":\"FABIO MARTINEZ MEIER SERIA CANDIDATO A SENADOR POR LA UCR.\",\"datePublished\":\"2015-05-12T01:37:55+00:00\",\"dateModified\":\"2015-05-12T01:37:55+00:00\",\"mainEntityOfPage\":{\"@id\":\"https:\/\/www.celttv.com.ar\/index.php\/2015\/05\/12\/fabio-martinez-meier-seria-candidato-a-senador-por-la-ucr\/\"},\"wordCount\":520,\"publisher\":{\"@id\":\"https:\/\/www.celttv.com.ar\/#organization\"},\"articleSection\":[\"Comunidad\",\"Destacadas\",\"Pol\u00edtica\"],\"inLanguage\":\"es\"},{\"@type\":\"WebPage\",\"@id\":\"https:\/\/www.celttv.com.ar\/index.php\/2015\/05\/12\/fabio-martinez-meier-seria-candidato-a-senador-por-la-ucr\/\",\"url\":\"https:\/\/www.celttv.com.ar\/index.php\/2015\/05\/12\/fabio-martinez-meier-seria-candidato-a-senador-por-la-ucr\/\",\"name\":\"FABIO MARTINEZ MEIER SERIA CANDIDATO A SENADOR POR LA UCR. - CELTTV\",\"isPartOf\":{\"@id\":\"https:\/\/www.celttv.com.ar\/#website\"},\"datePublished\":\"2015-05-12T01:37:55+00:00\",\"dateModified\":\"2015-05-12T01:37:55+00:00\",\"description\":\"Sitio web de noticias de la localidad de Tornquist, provincia de Buenos Aires, Rep\u00fablica Argentina. Contenido propio originado por periodistas de CELTTV, el canal de TV local de la Cooperativa El\u00e9ctrica de Tornquist. Turismo, Pol\u00edtica, Sociedad, Deporte, Cultura y todo el contenido de inter\u00e9s general que la gente del pueblo y la regi\u00f3n debe conocer.\",\"breadcrumb\":{\"@id\":\"https:\/\/www.celttv.com.ar\/index.php\/2015\/05\/12\/fabio-martinez-meier-seria-candidato-a-senador-por-la-ucr\/#breadcrumb\"},\"inLanguage\":\"es\",\"potentialAction\":[{\"@type\":\"ReadAction\",\"target\":[\"https:\/\/www.celttv.com.ar\/index.php\/2015\/05\/12\/fabio-martinez-meier-seria-candidato-a-senador-por-la-ucr\/\"]}]},{\"@type\":\"BreadcrumbList\",\"@id\":\"https:\/\/www.celttv.com.ar\/index.php\/2015\/05\/12\/fabio-martinez-meier-seria-candidato-a-senador-por-la-ucr\/#breadcrumb\",\"itemListElement\":[{\"@type\":\"ListItem\",\"position\":1,\"name\":\"Inicio\",\"item\":\"https:\/\/www.celttv.com.ar\/\"},{\"@type\":\"ListItem\",\"position\":2,\"name\":\"FABIO MARTINEZ MEIER SERIA CANDIDATO A SENADOR POR LA UCR.\"}]},{\"@type\":\"WebSite\",\"@id\":\"https:\/\/www.celttv.com.ar\/#website\",\"url\":\"https:\/\/www.celttv.com.ar\/\",\"name\":\"CELTTV\",\"description\":\"Cooperativa El\u00e9ctrica de Tornquist\",\"publisher\":{\"@id\":\"https:\/\/www.celttv.com.ar\/#organization\"},\"potentialAction\":[{\"@type\":\"SearchAction\",\"target\":{\"@type\":\"EntryPoint\",\"urlTemplate\":\"https:\/\/www.celttv.com.ar\/?s={search_term_string}\"},\"query-input\":\"required name=search_term_string\"}],\"inLanguage\":\"es\"},{\"@type\":\"Organization\",\"@id\":\"https:\/\/www.celttv.com.ar\/#organization\",\"name\":\"CELTTV\",\"url\":\"https:\/\/www.celttv.com.ar\/\",\"sameAs\":[\"https:\/\/www.youtube.com\/channel\/UCz_oIt8Hig64Ub-EmcNPIhg\",\"https:\/\/www.facebook.com\/celtTV\/\"],\"logo\":{\"@type\":\"ImageObject\",\"inLanguage\":\"es\",\"@id\":\"https:\/\/www.celttv.com.ar\/#\/schema\/logo\/image\/\",\"url\":\"http:\/\/www.celttv.com.ar\/wp-content\/uploads\/2022\/08\/logo-1.png\",\"contentUrl\":\"http:\/\/www.celttv.com.ar\/wp-content\/uploads\/2022\/08\/logo-1.png\",\"width\":461,\"height\":159,\"caption\":\"CELTTV\"},\"image\":{\"@id\":\"https:\/\/www.celttv.com.ar\/#\/schema\/logo\/image\/\"}},{\"@type\":\"Person\",\"@id\":\"https:\/\/www.celttv.com.ar\/#\/schema\/person\/6d99c072dba59953809c81446e9d0ace\",\"name\":\"ulises\",\"image\":{\"@type\":\"ImageObject\",\"inLanguage\":\"es\",\"@id\":\"https:\/\/www.celttv.com.ar\/#\/schema\/person\/image\/\",\"url\":\"https:\/\/secure.gravatar.com\/avatar\/7f2c48bdc33b30088f941fb6082e555f2874c98e20cb159d7b92b50eadfce793?s=96&d=mm&r=g\",\"contentUrl\":\"https:\/\/secure.gravatar.com\/avatar\/7f2c48bdc33b30088f941fb6082e555f2874c98e20cb159d7b92b50eadfce793?s=96&d=mm&r=g\",\"caption\":\"ulises\"},\"sameAs\":[\"http:\/\/www.celttv.com.ar\"]}]}<\/script>\n<!-- \/ Yoast SEO plugin. -->","yoast_head_json":{"title":"FABIO MARTINEZ MEIER SERIA CANDIDATO A SENADOR POR LA UCR. - CELTTV","description":"Sitio web de noticias de la localidad de Tornquist, provincia de Buenos Aires, Rep\u00fablica Argentina. Contenido propio originado por periodistas de CELTTV, el canal de TV local de la Cooperativa El\u00e9ctrica de Tornquist. Turismo, Pol\u00edtica, Sociedad, Deporte, Cultura y todo el contenido de inter\u00e9s general que la gente del pueblo y la regi\u00f3n debe conocer.","robots":{"index":"index","follow":"follow","max-snippet":"max-snippet:-1","max-image-preview":"max-image-preview:large","max-video-preview":"max-video-preview:-1"},"canonical":"https:\/\/www.celttv.com.ar\/index.php\/2015\/05\/12\/fabio-martinez-meier-seria-candidato-a-senador-por-la-ucr\/","og_locale":"es_ES","og_type":"article","og_title":"FABIO MARTINEZ MEIER SERIA CANDIDATO A SENADOR POR LA UCR. - CELTTV","og_description":"Sitio web de noticias de la localidad de Tornquist, provincia de Buenos Aires, Rep\u00fablica Argentina. Contenido propio originado por periodistas de CELTTV, el canal de TV local de la Cooperativa El\u00e9ctrica de Tornquist. Turismo, Pol\u00edtica, Sociedad, Deporte, Cultura y todo el contenido de inter\u00e9s general que la gente del pueblo y la regi\u00f3n debe conocer.","og_url":"https:\/\/www.celttv.com.ar\/index.php\/2015\/05\/12\/fabio-martinez-meier-seria-candidato-a-senador-por-la-ucr\/","og_site_name":"CELTTV","article_publisher":"https:\/\/www.facebook.com\/celtTV\/","article_published_time":"2015-05-12T01:37:55+00:00","og_image":[{"url":"http:\/\/www.tvcnoticias.com.ar\/wp-content\/uploads\/2015\/05\/nuevasucr-12-Medium-450x290.jpg"}],"author":"ulises","twitter_card":"summary_large_image","twitter_misc":{"Escrito por":"ulises","Tiempo de lectura":"3 minutos"},"schema":{"@context":"https:\/\/schema.org","@graph":[{"@type":"NewsArticle","@id":"https:\/\/www.celttv.com.ar\/index.php\/2015\/05\/12\/fabio-martinez-meier-seria-candidato-a-senador-por-la-ucr\/#article","isPartOf":{"@id":"https:\/\/www.celttv.com.ar\/index.php\/2015\/05\/12\/fabio-martinez-meier-seria-candidato-a-senador-por-la-ucr\/"},"author":{"name":"ulises","@id":"https:\/\/www.celttv.com.ar\/#\/schema\/person\/6d99c072dba59953809c81446e9d0ace"},"headline":"FABIO MARTINEZ MEIER SERIA CANDIDATO A SENADOR POR LA UCR.","datePublished":"2015-05-12T01:37:55+00:00","dateModified":"2015-05-12T01:37:55+00:00","mainEntityOfPage":{"@id":"https:\/\/www.celttv.com.ar\/index.php\/2015\/05\/12\/fabio-martinez-meier-seria-candidato-a-senador-por-la-ucr\/"},"wordCount":520,"publisher":{"@id":"https:\/\/www.celttv.com.ar\/#organization"},"articleSection":["Comunidad","Destacadas","Pol\u00edtica"],"inLanguage":"es"},{"@type":"WebPage","@id":"https:\/\/www.celttv.com.ar\/index.php\/2015\/05\/12\/fabio-martinez-meier-seria-candidato-a-senador-por-la-ucr\/","url":"https:\/\/www.celttv.com.ar\/index.php\/2015\/05\/12\/fabio-martinez-meier-seria-candidato-a-senador-por-la-ucr\/","name":"FABIO MARTINEZ MEIER SERIA CANDIDATO A SENADOR POR LA UCR. - CELTTV","isPartOf":{"@id":"https:\/\/www.celttv.com.ar\/#website"},"datePublished":"2015-05-12T01:37:55+00:00","dateModified":"2015-05-12T01:37:55+00:00","description":"Sitio web de noticias de la localidad de Tornquist, provincia de Buenos Aires, Rep\u00fablica Argentina. Contenido propio originado por periodistas de CELTTV, el canal de TV local de la Cooperativa El\u00e9ctrica de Tornquist. Turismo, Pol\u00edtica, Sociedad, Deporte, Cultura y todo el contenido de inter\u00e9s general que la gente del pueblo y la regi\u00f3n debe conocer.","breadcrumb":{"@id":"https:\/\/www.celttv.com.ar\/index.php\/2015\/05\/12\/fabio-martinez-meier-seria-candidato-a-senador-por-la-ucr\/#breadcrumb"},"inLanguage":"es","potentialAction":[{"@type":"ReadAction","target":["https:\/\/www.celttv.com.ar\/index.php\/2015\/05\/12\/fabio-martinez-meier-seria-candidato-a-senador-por-la-ucr\/"]}]},{"@type":"BreadcrumbList","@id":"https:\/\/www.celttv.com.ar\/index.php\/2015\/05\/12\/fabio-martinez-meier-seria-candidato-a-senador-por-la-ucr\/#breadcrumb","itemListElement":[{"@type":"ListItem","position":1,"name":"Inicio","item":"https:\/\/www.celttv.com.ar\/"},{"@type":"ListItem","position":2,"name":"FABIO MARTINEZ MEIER SERIA CANDIDATO A SENADOR POR LA UCR."}]},{"@type":"WebSite","@id":"https:\/\/www.celttv.com.ar\/#website","url":"https:\/\/www.celttv.com.ar\/","name":"CELTTV","description":"Cooperativa El\u00e9ctrica de Tornquist","publisher":{"@id":"https:\/\/www.celttv.com.ar\/#organization"},"potentialAction":[{"@type":"SearchAction","target":{"@type":"EntryPoint","urlTemplate":"https:\/\/www.celttv.com.ar\/?s={search_term_string}"},"query-input":"required name=search_term_string"}],"inLanguage":"es"},{"@type":"Organization","@id":"https:\/\/www.celttv.com.ar\/#organization","name":"CELTTV","url":"https:\/\/www.celttv.com.ar\/","sameAs":["https:\/\/www.youtube.com\/channel\/UCz_oIt8Hig64Ub-EmcNPIhg","https:\/\/www.facebook.com\/celtTV\/"],"logo":{"@type":"ImageObject","inLanguage":"es","@id":"https:\/\/www.celttv.com.ar\/#\/schema\/logo\/image\/","url":"http:\/\/www.celttv.com.ar\/wp-content\/uploads\/2022\/08\/logo-1.png","contentUrl":"http:\/\/www.celttv.com.ar\/wp-content\/uploads\/2022\/08\/logo-1.png","width":461,"height":159,"caption":"CELTTV"},"image":{"@id":"https:\/\/www.celttv.com.ar\/#\/schema\/logo\/image\/"}},{"@type":"Person","@id":"https:\/\/www.celttv.com.ar\/#\/schema\/person\/6d99c072dba59953809c81446e9d0ace","name":"ulises","image":{"@type":"ImageObject","inLanguage":"es","@id":"https:\/\/www.celttv.com.ar\/#\/schema\/person\/image\/","url":"https:\/\/secure.gravatar.com\/avatar\/7f2c48bdc33b30088f941fb6082e555f2874c98e20cb159d7b92b50eadfce793?s=96&d=mm&r=g","contentUrl":"https:\/\/secure.gravatar.com\/avatar\/7f2c48bdc33b30088f941fb6082e555f2874c98e20cb159d7b92b50eadfce793?s=96&d=mm&r=g","caption":"ulises"},"sameAs":["http:\/\/www.celttv.com.ar"]}]}},"_links":{"self":[{"href":"https:\/\/www.celttv.com.ar\/index.php\/wp-json\/wp\/v2\/posts\/28477","targetHints":{"allow":["GET"]}}],"collection":[{"href":"https:\/\/www.celttv.com.ar\/index.php\/wp-json\/wp\/v2\/posts"}],"about":[{"href":"https:\/\/www.celttv.com.ar\/index.php\/wp-json\/wp\/v2\/types\/post"}],"author":[{"embeddable":true,"href":"https:\/\/www.celttv.com.ar\/index.php\/wp-json\/wp\/v2\/users\/1"}],"replies":[{"embeddable":true,"href":"https:\/\/www.celttv.com.ar\/index.php\/wp-json\/wp\/v2\/comments?post=28477"}],"version-history":[{"count":0,"href":"https:\/\/www.celttv.com.ar\/index.php\/wp-json\/wp\/v2\/posts\/28477\/revisions"}],"wp:attachment":[{"href":"https:\/\/www.celttv.com.ar\/index.php\/wp-json\/wp\/v2\/media?parent=28477"}],"wp:term":[{"taxonomy":"category","embeddable":true,"href":"https:\/\/www.celttv.com.ar\/index.php\/wp-json\/wp\/v2\/categories?post=28477"},{"taxonomy":"post_tag","embeddable":true,"href":"https:\/\/www.celttv.com.ar\/index.php\/wp-json\/wp\/v2\/tags?post=28477"}],"curies":[{"name":"wp","href":"https:\/\/api.w.org\/{rel}","templated":true}]}}