{"id":28494,"date":"2015-05-13T20:16:04","date_gmt":"2015-05-13T20:16:04","guid":{"rendered":"http:\/\/www.tvcnoticias.com.ar\/?p=28494"},"modified":"2015-05-13T20:16:04","modified_gmt":"2015-05-13T20:16:04","slug":"en-pocos-dias-se-probaran-en-nuestro-distrito-los-nuevos-trenes-chinos","status":"publish","type":"post","link":"https:\/\/www.celttv.com.ar\/index.php\/2015\/05\/13\/en-pocos-dias-se-probaran-en-nuestro-distrito-los-nuevos-trenes-chinos\/","title":{"rendered":"En pocos d\u00edas, se probar\u00e1n en nuestro distrito los nuevos trenes chinos"},"content":{"rendered":"<p><a href=\"http:\/\/www.tvcnoticias.com.ar\/?attachment_id=28495\" rel=\"attachment wp-att-28495\"><img loading=\"lazy\" decoding=\"async\" src=\"http:\/\/www.tvcnoticias.com.ar\/wp-content\/uploads\/2015\/05\/DSCN4130-1280x960-Small-450x337.jpg\" alt=\"\" title=\"DSCN4130 (1280x960) (Small)\" width=\"450\" height=\"337\" class=\"aligncenter size-medium wp-image-28495\" \/><\/a><br \/>\n<\/p>\n<p>   El intendente municipal, licenciado Gustavo Trankels, acompa\u00f1\u00f3 al ministro del Interior y Transporte de la Naci\u00f3n, Florencio Randazzo, durante su visita a la ciudad de Bah\u00eda Blanca, donde anunci\u00f3 que el 28 y 29 del corriente mes se probar\u00e1n los trenes chinos para comprobar si es factible que cumplan el servicio entre esa ciudad y la Ciudad Aut\u00f3noma de Buenos Aires.<br \/>\n   El propio funcionario nacional fue el encargado de dar a conocer la importante noticia, cuyos beneficios, de concretarse, alcanzar\u00e1n a nuestro distrito.<br \/>\n   \u201cHasta ahora, por las evaluaciones realizadas, el nuevo servicio deber\u00eda usar la v\u00eda que viene desde Olavarr\u00eda y pasa por Coronel Su\u00e1rez y Pig\u00fc\u00e9. Los d\u00edas 28 y 29 de este mes vamos a hacer la primera prueba con material rodante de \u00faltima generaci\u00f3n en materia de seguridad y confort, con cinco coches de primera, cuatro pullman, dos coches camarote y un coche restaurant con capacidad para 613 personas\u201d, explic\u00f3 Randazzo, quien asegur\u00f3 que se estudiar\u00e1 el estado de las v\u00edas.<br \/>\n   En este sentido, el intendente Trankels se mostr\u00f3 entusiasmado con la posibilidad de que mejore el servicio que se presta entre nuestra regi\u00f3n y la capital del pa\u00eds.<br \/>\n   \u201cRecibimos una muy importante noticia en materia ferroviaria, que podr\u00eda mejorar considerablemente el servicio de pasajeros que atraviesa nuestro distrito. Estamos ante la posibilidad de optimizar un medio de transporte econ\u00f3mico, eficiente y muy seguro, pilar fundamental de la fundaci\u00f3n de muchos de nuestros pueblos\u201d, confi\u00f3 el jefe comunal, quien agradeci\u00f3 y felicit\u00f3 por impulsar esta renovaci\u00f3n a la presidenta Cristina Fern\u00e1ndez y al ministro Florencio Randazzo.<\/p>\n<p>Prensa Municipalidad de Tornquist (prensa@tornquist.gov.ar)<br \/>\nTwitter: @prensatornquist<\/p>\n","protected":false},"excerpt":{"rendered":"<p>El intendente municipal, licenciado Gustavo Trankels, acompa\u00f1\u00f3 al ministro del Interior y Transporte de la Naci\u00f3n, Florencio Randazzo, durante su visita a la ciudad de Bah\u00eda Blanca, donde anunci\u00f3 que el 28 y 29 del corriente mes se probar\u00e1n los trenes chinos para comprobar si es factible que cumplan el servicio entre esa ciudad y [&hellip;]<\/p>\n","protected":false},"author":1,"featured_media":0,"comment_status":"closed","ping_status":"open","sticky":false,"template":"","format":"standard","meta":{"footnotes":""},"categories":[51,52,53],"tags":[],"class_list":["post-28494","post","type-post","status-publish","format-standard","hentry","category-comunidad","category-destacadas","category-politica"],"yoast_head":"<!-- This site is optimized with the Yoast SEO plugin v19.7.1 - https:\/\/yoast.com\/wordpress\/plugins\/seo\/ -->\n<title>En pocos d\u00edas, se probar\u00e1n en nuestro distrito los nuevos trenes chinos - CELTTV<\/title>\n<meta name=\"description\" content=\"Sitio web de noticias de la localidad de Tornquist, provincia de Buenos Aires, Rep\u00fablica Argentina. Contenido propio originado por periodistas de CELTTV, el canal de TV local de la Cooperativa El\u00e9ctrica de Tornquist. Turismo, Pol\u00edtica, Sociedad, Deporte, Cultura y todo el contenido de inter\u00e9s general que la gente del pueblo y la regi\u00f3n debe conocer.\" \/>\n<meta name=\"robots\" content=\"index, follow, max-snippet:-1, max-image-preview:large, max-video-preview:-1\" \/>\n<link rel=\"canonical\" href=\"https:\/\/www.celttv.com.ar\/index.php\/2015\/05\/13\/en-pocos-dias-se-probaran-en-nuestro-distrito-los-nuevos-trenes-chinos\/\" \/>\n<meta property=\"og:locale\" content=\"es_ES\" \/>\n<meta property=\"og:type\" content=\"article\" \/>\n<meta property=\"og:title\" content=\"En pocos d\u00edas, se probar\u00e1n en nuestro distrito los nuevos trenes chinos - CELTTV\" \/>\n<meta property=\"og:description\" content=\"Sitio web de noticias de la localidad de Tornquist, provincia de Buenos Aires, Rep\u00fablica Argentina. Contenido propio originado por periodistas de CELTTV, el canal de TV local de la Cooperativa El\u00e9ctrica de Tornquist. Turismo, Pol\u00edtica, Sociedad, Deporte, Cultura y todo el contenido de inter\u00e9s general que la gente del pueblo y la regi\u00f3n debe conocer.\" \/>\n<meta property=\"og:url\" content=\"https:\/\/www.celttv.com.ar\/index.php\/2015\/05\/13\/en-pocos-dias-se-probaran-en-nuestro-distrito-los-nuevos-trenes-chinos\/\" \/>\n<meta property=\"og:site_name\" content=\"CELTTV\" \/>\n<meta property=\"article:publisher\" content=\"https:\/\/www.facebook.com\/celtTV\/\" \/>\n<meta property=\"article:published_time\" content=\"2015-05-13T20:16:04+00:00\" \/>\n<meta property=\"og:image\" content=\"http:\/\/www.tvcnoticias.com.ar\/wp-content\/uploads\/2015\/05\/DSCN4130-1280x960-Small-450x337.jpg\" \/>\n<meta name=\"author\" content=\"ulises\" \/>\n<meta name=\"twitter:card\" content=\"summary_large_image\" \/>\n<meta name=\"twitter:label1\" content=\"Escrito por\" \/>\n\t<meta name=\"twitter:data1\" content=\"ulises\" \/>\n\t<meta name=\"twitter:label2\" content=\"Tiempo de lectura\" \/>\n\t<meta name=\"twitter:data2\" content=\"1 minuto\" \/>\n<script type=\"application\/ld+json\" class=\"yoast-schema-graph\">{\"@context\":\"https:\/\/schema.org\",\"@graph\":[{\"@type\":\"NewsArticle\",\"@id\":\"https:\/\/www.celttv.com.ar\/index.php\/2015\/05\/13\/en-pocos-dias-se-probaran-en-nuestro-distrito-los-nuevos-trenes-chinos\/#article\",\"isPartOf\":{\"@id\":\"https:\/\/www.celttv.com.ar\/index.php\/2015\/05\/13\/en-pocos-dias-se-probaran-en-nuestro-distrito-los-nuevos-trenes-chinos\/\"},\"author\":{\"name\":\"ulises\",\"@id\":\"https:\/\/www.celttv.com.ar\/#\/schema\/person\/6d99c072dba59953809c81446e9d0ace\"},\"headline\":\"En pocos d\u00edas, se probar\u00e1n en nuestro distrito los nuevos trenes chinos\",\"datePublished\":\"2015-05-13T20:16:04+00:00\",\"dateModified\":\"2015-05-13T20:16:04+00:00\",\"mainEntityOfPage\":{\"@id\":\"https:\/\/www.celttv.com.ar\/index.php\/2015\/05\/13\/en-pocos-dias-se-probaran-en-nuestro-distrito-los-nuevos-trenes-chinos\/\"},\"wordCount\":298,\"publisher\":{\"@id\":\"https:\/\/www.celttv.com.ar\/#organization\"},\"articleSection\":[\"Comunidad\",\"Destacadas\",\"Pol\u00edtica\"],\"inLanguage\":\"es\"},{\"@type\":\"WebPage\",\"@id\":\"https:\/\/www.celttv.com.ar\/index.php\/2015\/05\/13\/en-pocos-dias-se-probaran-en-nuestro-distrito-los-nuevos-trenes-chinos\/\",\"url\":\"https:\/\/www.celttv.com.ar\/index.php\/2015\/05\/13\/en-pocos-dias-se-probaran-en-nuestro-distrito-los-nuevos-trenes-chinos\/\",\"name\":\"En pocos d\u00edas, se probar\u00e1n en nuestro distrito los nuevos trenes chinos - CELTTV\",\"isPartOf\":{\"@id\":\"https:\/\/www.celttv.com.ar\/#website\"},\"datePublished\":\"2015-05-13T20:16:04+00:00\",\"dateModified\":\"2015-05-13T20:16:04+00:00\",\"description\":\"Sitio web de noticias de la localidad de Tornquist, provincia de Buenos Aires, Rep\u00fablica Argentina. Contenido propio originado por periodistas de CELTTV, el canal de TV local de la Cooperativa El\u00e9ctrica de Tornquist. Turismo, Pol\u00edtica, Sociedad, Deporte, Cultura y todo el contenido de inter\u00e9s general que la gente del pueblo y la regi\u00f3n debe conocer.\",\"breadcrumb\":{\"@id\":\"https:\/\/www.celttv.com.ar\/index.php\/2015\/05\/13\/en-pocos-dias-se-probaran-en-nuestro-distrito-los-nuevos-trenes-chinos\/#breadcrumb\"},\"inLanguage\":\"es\",\"potentialAction\":[{\"@type\":\"ReadAction\",\"target\":[\"https:\/\/www.celttv.com.ar\/index.php\/2015\/05\/13\/en-pocos-dias-se-probaran-en-nuestro-distrito-los-nuevos-trenes-chinos\/\"]}]},{\"@type\":\"BreadcrumbList\",\"@id\":\"https:\/\/www.celttv.com.ar\/index.php\/2015\/05\/13\/en-pocos-dias-se-probaran-en-nuestro-distrito-los-nuevos-trenes-chinos\/#breadcrumb\",\"itemListElement\":[{\"@type\":\"ListItem\",\"position\":1,\"name\":\"Inicio\",\"item\":\"https:\/\/www.celttv.com.ar\/\"},{\"@type\":\"ListItem\",\"position\":2,\"name\":\"En pocos d\u00edas, se probar\u00e1n en nuestro distrito los nuevos trenes chinos\"}]},{\"@type\":\"WebSite\",\"@id\":\"https:\/\/www.celttv.com.ar\/#website\",\"url\":\"https:\/\/www.celttv.com.ar\/\",\"name\":\"CELTTV\",\"description\":\"Cooperativa El\u00e9ctrica de Tornquist\",\"publisher\":{\"@id\":\"https:\/\/www.celttv.com.ar\/#organization\"},\"potentialAction\":[{\"@type\":\"SearchAction\",\"target\":{\"@type\":\"EntryPoint\",\"urlTemplate\":\"https:\/\/www.celttv.com.ar\/?s={search_term_string}\"},\"query-input\":\"required name=search_term_string\"}],\"inLanguage\":\"es\"},{\"@type\":\"Organization\",\"@id\":\"https:\/\/www.celttv.com.ar\/#organization\",\"name\":\"CELTTV\",\"url\":\"https:\/\/www.celttv.com.ar\/\",\"sameAs\":[\"https:\/\/www.youtube.com\/channel\/UCz_oIt8Hig64Ub-EmcNPIhg\",\"https:\/\/www.facebook.com\/celtTV\/\"],\"logo\":{\"@type\":\"ImageObject\",\"inLanguage\":\"es\",\"@id\":\"https:\/\/www.celttv.com.ar\/#\/schema\/logo\/image\/\",\"url\":\"http:\/\/www.celttv.com.ar\/wp-content\/uploads\/2022\/08\/logo-1.png\",\"contentUrl\":\"http:\/\/www.celttv.com.ar\/wp-content\/uploads\/2022\/08\/logo-1.png\",\"width\":461,\"height\":159,\"caption\":\"CELTTV\"},\"image\":{\"@id\":\"https:\/\/www.celttv.com.ar\/#\/schema\/logo\/image\/\"}},{\"@type\":\"Person\",\"@id\":\"https:\/\/www.celttv.com.ar\/#\/schema\/person\/6d99c072dba59953809c81446e9d0ace\",\"name\":\"ulises\",\"image\":{\"@type\":\"ImageObject\",\"inLanguage\":\"es\",\"@id\":\"https:\/\/www.celttv.com.ar\/#\/schema\/person\/image\/\",\"url\":\"https:\/\/secure.gravatar.com\/avatar\/7f2c48bdc33b30088f941fb6082e555f2874c98e20cb159d7b92b50eadfce793?s=96&d=mm&r=g\",\"contentUrl\":\"https:\/\/secure.gravatar.com\/avatar\/7f2c48bdc33b30088f941fb6082e555f2874c98e20cb159d7b92b50eadfce793?s=96&d=mm&r=g\",\"caption\":\"ulises\"},\"sameAs\":[\"http:\/\/www.celttv.com.ar\"]}]}<\/script>\n<!-- \/ Yoast SEO plugin. -->","yoast_head_json":{"title":"En pocos d\u00edas, se probar\u00e1n en nuestro distrito los nuevos trenes chinos - CELTTV","description":"Sitio web de noticias de la localidad de Tornquist, provincia de Buenos Aires, Rep\u00fablica Argentina. Contenido propio originado por periodistas de CELTTV, el canal de TV local de la Cooperativa El\u00e9ctrica de Tornquist. Turismo, Pol\u00edtica, Sociedad, Deporte, Cultura y todo el contenido de inter\u00e9s general que la gente del pueblo y la regi\u00f3n debe conocer.","robots":{"index":"index","follow":"follow","max-snippet":"max-snippet:-1","max-image-preview":"max-image-preview:large","max-video-preview":"max-video-preview:-1"},"canonical":"https:\/\/www.celttv.com.ar\/index.php\/2015\/05\/13\/en-pocos-dias-se-probaran-en-nuestro-distrito-los-nuevos-trenes-chinos\/","og_locale":"es_ES","og_type":"article","og_title":"En pocos d\u00edas, se probar\u00e1n en nuestro distrito los nuevos trenes chinos - CELTTV","og_description":"Sitio web de noticias de la localidad de Tornquist, provincia de Buenos Aires, Rep\u00fablica Argentina. Contenido propio originado por periodistas de CELTTV, el canal de TV local de la Cooperativa El\u00e9ctrica de Tornquist. Turismo, Pol\u00edtica, Sociedad, Deporte, Cultura y todo el contenido de inter\u00e9s general que la gente del pueblo y la regi\u00f3n debe conocer.","og_url":"https:\/\/www.celttv.com.ar\/index.php\/2015\/05\/13\/en-pocos-dias-se-probaran-en-nuestro-distrito-los-nuevos-trenes-chinos\/","og_site_name":"CELTTV","article_publisher":"https:\/\/www.facebook.com\/celtTV\/","article_published_time":"2015-05-13T20:16:04+00:00","og_image":[{"url":"http:\/\/www.tvcnoticias.com.ar\/wp-content\/uploads\/2015\/05\/DSCN4130-1280x960-Small-450x337.jpg"}],"author":"ulises","twitter_card":"summary_large_image","twitter_misc":{"Escrito por":"ulises","Tiempo de lectura":"1 minuto"},"schema":{"@context":"https:\/\/schema.org","@graph":[{"@type":"NewsArticle","@id":"https:\/\/www.celttv.com.ar\/index.php\/2015\/05\/13\/en-pocos-dias-se-probaran-en-nuestro-distrito-los-nuevos-trenes-chinos\/#article","isPartOf":{"@id":"https:\/\/www.celttv.com.ar\/index.php\/2015\/05\/13\/en-pocos-dias-se-probaran-en-nuestro-distrito-los-nuevos-trenes-chinos\/"},"author":{"name":"ulises","@id":"https:\/\/www.celttv.com.ar\/#\/schema\/person\/6d99c072dba59953809c81446e9d0ace"},"headline":"En pocos d\u00edas, se probar\u00e1n en nuestro distrito los nuevos trenes chinos","datePublished":"2015-05-13T20:16:04+00:00","dateModified":"2015-05-13T20:16:04+00:00","mainEntityOfPage":{"@id":"https:\/\/www.celttv.com.ar\/index.php\/2015\/05\/13\/en-pocos-dias-se-probaran-en-nuestro-distrito-los-nuevos-trenes-chinos\/"},"wordCount":298,"publisher":{"@id":"https:\/\/www.celttv.com.ar\/#organization"},"articleSection":["Comunidad","Destacadas","Pol\u00edtica"],"inLanguage":"es"},{"@type":"WebPage","@id":"https:\/\/www.celttv.com.ar\/index.php\/2015\/05\/13\/en-pocos-dias-se-probaran-en-nuestro-distrito-los-nuevos-trenes-chinos\/","url":"https:\/\/www.celttv.com.ar\/index.php\/2015\/05\/13\/en-pocos-dias-se-probaran-en-nuestro-distrito-los-nuevos-trenes-chinos\/","name":"En pocos d\u00edas, se probar\u00e1n en nuestro distrito los nuevos trenes chinos - CELTTV","isPartOf":{"@id":"https:\/\/www.celttv.com.ar\/#website"},"datePublished":"2015-05-13T20:16:04+00:00","dateModified":"2015-05-13T20:16:04+00:00","description":"Sitio web de noticias de la localidad de Tornquist, provincia de Buenos Aires, Rep\u00fablica Argentina. Contenido propio originado por periodistas de CELTTV, el canal de TV local de la Cooperativa El\u00e9ctrica de Tornquist. Turismo, Pol\u00edtica, Sociedad, Deporte, Cultura y todo el contenido de inter\u00e9s general que la gente del pueblo y la regi\u00f3n debe conocer.","breadcrumb":{"@id":"https:\/\/www.celttv.com.ar\/index.php\/2015\/05\/13\/en-pocos-dias-se-probaran-en-nuestro-distrito-los-nuevos-trenes-chinos\/#breadcrumb"},"inLanguage":"es","potentialAction":[{"@type":"ReadAction","target":["https:\/\/www.celttv.com.ar\/index.php\/2015\/05\/13\/en-pocos-dias-se-probaran-en-nuestro-distrito-los-nuevos-trenes-chinos\/"]}]},{"@type":"BreadcrumbList","@id":"https:\/\/www.celttv.com.ar\/index.php\/2015\/05\/13\/en-pocos-dias-se-probaran-en-nuestro-distrito-los-nuevos-trenes-chinos\/#breadcrumb","itemListElement":[{"@type":"ListItem","position":1,"name":"Inicio","item":"https:\/\/www.celttv.com.ar\/"},{"@type":"ListItem","position":2,"name":"En pocos d\u00edas, se probar\u00e1n en nuestro distrito los nuevos trenes chinos"}]},{"@type":"WebSite","@id":"https:\/\/www.celttv.com.ar\/#website","url":"https:\/\/www.celttv.com.ar\/","name":"CELTTV","description":"Cooperativa El\u00e9ctrica de Tornquist","publisher":{"@id":"https:\/\/www.celttv.com.ar\/#organization"},"potentialAction":[{"@type":"SearchAction","target":{"@type":"EntryPoint","urlTemplate":"https:\/\/www.celttv.com.ar\/?s={search_term_string}"},"query-input":"required name=search_term_string"}],"inLanguage":"es"},{"@type":"Organization","@id":"https:\/\/www.celttv.com.ar\/#organization","name":"CELTTV","url":"https:\/\/www.celttv.com.ar\/","sameAs":["https:\/\/www.youtube.com\/channel\/UCz_oIt8Hig64Ub-EmcNPIhg","https:\/\/www.facebook.com\/celtTV\/"],"logo":{"@type":"ImageObject","inLanguage":"es","@id":"https:\/\/www.celttv.com.ar\/#\/schema\/logo\/image\/","url":"http:\/\/www.celttv.com.ar\/wp-content\/uploads\/2022\/08\/logo-1.png","contentUrl":"http:\/\/www.celttv.com.ar\/wp-content\/uploads\/2022\/08\/logo-1.png","width":461,"height":159,"caption":"CELTTV"},"image":{"@id":"https:\/\/www.celttv.com.ar\/#\/schema\/logo\/image\/"}},{"@type":"Person","@id":"https:\/\/www.celttv.com.ar\/#\/schema\/person\/6d99c072dba59953809c81446e9d0ace","name":"ulises","image":{"@type":"ImageObject","inLanguage":"es","@id":"https:\/\/www.celttv.com.ar\/#\/schema\/person\/image\/","url":"https:\/\/secure.gravatar.com\/avatar\/7f2c48bdc33b30088f941fb6082e555f2874c98e20cb159d7b92b50eadfce793?s=96&d=mm&r=g","contentUrl":"https:\/\/secure.gravatar.com\/avatar\/7f2c48bdc33b30088f941fb6082e555f2874c98e20cb159d7b92b50eadfce793?s=96&d=mm&r=g","caption":"ulises"},"sameAs":["http:\/\/www.celttv.com.ar"]}]}},"_links":{"self":[{"href":"https:\/\/www.celttv.com.ar\/index.php\/wp-json\/wp\/v2\/posts\/28494","targetHints":{"allow":["GET"]}}],"collection":[{"href":"https:\/\/www.celttv.com.ar\/index.php\/wp-json\/wp\/v2\/posts"}],"about":[{"href":"https:\/\/www.celttv.com.ar\/index.php\/wp-json\/wp\/v2\/types\/post"}],"author":[{"embeddable":true,"href":"https:\/\/www.celttv.com.ar\/index.php\/wp-json\/wp\/v2\/users\/1"}],"replies":[{"embeddable":true,"href":"https:\/\/www.celttv.com.ar\/index.php\/wp-json\/wp\/v2\/comments?post=28494"}],"version-history":[{"count":0,"href":"https:\/\/www.celttv.com.ar\/index.php\/wp-json\/wp\/v2\/posts\/28494\/revisions"}],"wp:attachment":[{"href":"https:\/\/www.celttv.com.ar\/index.php\/wp-json\/wp\/v2\/media?parent=28494"}],"wp:term":[{"taxonomy":"category","embeddable":true,"href":"https:\/\/www.celttv.com.ar\/index.php\/wp-json\/wp\/v2\/categories?post=28494"},{"taxonomy":"post_tag","embeddable":true,"href":"https:\/\/www.celttv.com.ar\/index.php\/wp-json\/wp\/v2\/tags?post=28494"}],"curies":[{"name":"wp","href":"https:\/\/api.w.org\/{rel}","templated":true}]}}