{"id":28506,"date":"2015-05-13T22:53:32","date_gmt":"2015-05-13T22:53:32","guid":{"rendered":"http:\/\/www.tvcnoticias.com.ar\/?p=28506"},"modified":"2015-05-13T22:53:32","modified_gmt":"2015-05-13T22:53:32","slug":"se-concretaron-los-primeros-trabajos-en-un-nuevo-barrio-de-viviendas","status":"publish","type":"post","link":"https:\/\/www.celttv.com.ar\/index.php\/2015\/05\/13\/se-concretaron-los-primeros-trabajos-en-un-nuevo-barrio-de-viviendas\/","title":{"rendered":"Se concretaron los primeros trabajos en un nuevo barrio de viviendas"},"content":{"rendered":"<p><a href=\"http:\/\/www.tvcnoticias.com.ar\/?attachment_id=28511\" rel=\"attachment wp-att-28511\"><img loading=\"lazy\" decoding=\"async\" src=\"http:\/\/www.tvcnoticias.com.ar\/wp-content\/uploads\/2015\/05\/DSCN4155-1280x960-Small-450x337.jpg\" alt=\"\" title=\"DSCN4155 (1280x960) (Small)\" width=\"450\" height=\"337\" class=\"aligncenter size-medium wp-image-28511\" \/><\/a><\/p>\n\n<p> Con la realizaci\u00f3n de los cimientos en ocho de las 20 viviendas que conforman el proyecto, se concret\u00f3 el primer importante rubro de obra en el nuevo barrio que se est\u00e1 construyendo en la ciudad cabecera del distrito, perteneciente al programa Buenos Aires Hogar que financia la provincia de Buenos Aires.<br \/>\n   El intendente municipal, licenciado Gustavo Trankels, recorri\u00f3 esta ma\u00f1ana el sector en donde la empresa adjudicataria se encuentra realizando las tareas iniciales. El jefe comunal estuvo acompa\u00f1ado por la secretaria de Obras y Servicios P\u00fablicos municipal, arquitecta Anabella Madue\u00f1a, e integrantes de la mencionada dependencia.<br \/>\n   \u201cEstamos muy entusiasmados y contentos, siendo testigos de lo que est\u00e1 sucediendo en la manzana 106 del barrio sur, donde empez\u00f3 la construcci\u00f3n de estas 20 nuevas viviendas. Hace algunos d\u00edas hab\u00edamos sido testigos de las primeras mediciones, ahora estamos observando los trabajos de hormigonado\u201d, enfatiz\u00f3 Trankels, despu\u00e9s de observar las tareas y la llegada de dos de los cuatro camiones con hormig\u00f3n que se utilizaron durante la jornada.<br \/>\n   Las casas cuentan con 56 metros cuadrados de extensi\u00f3n, con cocina, ba\u00f1o y dos habitaciones, con la posibilidad de ampliar en el futuro.<br \/>\n   \u201cEs importante que no se detenga la construcci\u00f3n de viviendas de inter\u00e9s social en el distrito. Este es un barrio distinto a los que estamos acostumbrados, como el Plan Federal o el Plurianual Reconvertido que hemos ejecutado. El dise\u00f1o es totalmente diferente, espec\u00edfico y distintivo\u201d, coment\u00f3.<br \/>\n   \u201cEl barrio tendr\u00e1 una calle interna y vamos a tratar de dotarlo de la mayor cantidad de servicios posibles, es decir, agua corriente, cloacas, gas natural, energ\u00eda el\u00e9ctrica y alumbrado p\u00fablico, siempre dentro de nuestras posibilidades. Ya estamos articulando con distintos programas para que eso se pueda ir ejecutando en la medida que vayamos construyendo las viviendas\u201d, afirm\u00f3.<\/p>\n<p>Prensa Municipalidad de Tornquist (prensa@tornquist.gov.ar)<br \/>\nTwitter: @prensatornquist<br \/>\nwww.tornquist.gob.ar<\/p>\n","protected":false},"excerpt":{"rendered":"<p>Con la realizaci\u00f3n de los cimientos en ocho de las 20 viviendas que conforman el proyecto, se concret\u00f3 el primer importante rubro de obra en el nuevo barrio que se est\u00e1 construyendo en la ciudad cabecera del distrito, perteneciente al programa Buenos Aires Hogar que financia la provincia de Buenos Aires. El intendente municipal, licenciado [&hellip;]<\/p>\n","protected":false},"author":1,"featured_media":0,"comment_status":"closed","ping_status":"open","sticky":false,"template":"","format":"standard","meta":{"footnotes":""},"categories":[51,52,53],"tags":[],"class_list":["post-28506","post","type-post","status-publish","format-standard","hentry","category-comunidad","category-destacadas","category-politica"],"yoast_head":"<!-- This site is optimized with the Yoast SEO plugin v19.7.1 - https:\/\/yoast.com\/wordpress\/plugins\/seo\/ -->\n<title>Se concretaron los primeros trabajos en un nuevo barrio de viviendas - CELTTV<\/title>\n<meta name=\"description\" content=\"Sitio web de noticias de la localidad de Tornquist, provincia de Buenos Aires, Rep\u00fablica Argentina. Contenido propio originado por periodistas de CELTTV, el canal de TV local de la Cooperativa El\u00e9ctrica de Tornquist. Turismo, Pol\u00edtica, Sociedad, Deporte, Cultura y todo el contenido de inter\u00e9s general que la gente del pueblo y la regi\u00f3n debe conocer.\" \/>\n<meta name=\"robots\" content=\"index, follow, max-snippet:-1, max-image-preview:large, max-video-preview:-1\" \/>\n<link rel=\"canonical\" href=\"https:\/\/www.celttv.com.ar\/index.php\/2015\/05\/13\/se-concretaron-los-primeros-trabajos-en-un-nuevo-barrio-de-viviendas\/\" \/>\n<meta property=\"og:locale\" content=\"es_ES\" \/>\n<meta property=\"og:type\" content=\"article\" \/>\n<meta property=\"og:title\" content=\"Se concretaron los primeros trabajos en un nuevo barrio de viviendas - CELTTV\" \/>\n<meta property=\"og:description\" content=\"Sitio web de noticias de la localidad de Tornquist, provincia de Buenos Aires, Rep\u00fablica Argentina. Contenido propio originado por periodistas de CELTTV, el canal de TV local de la Cooperativa El\u00e9ctrica de Tornquist. Turismo, Pol\u00edtica, Sociedad, Deporte, Cultura y todo el contenido de inter\u00e9s general que la gente del pueblo y la regi\u00f3n debe conocer.\" \/>\n<meta property=\"og:url\" content=\"https:\/\/www.celttv.com.ar\/index.php\/2015\/05\/13\/se-concretaron-los-primeros-trabajos-en-un-nuevo-barrio-de-viviendas\/\" \/>\n<meta property=\"og:site_name\" content=\"CELTTV\" \/>\n<meta property=\"article:publisher\" content=\"https:\/\/www.facebook.com\/celtTV\/\" \/>\n<meta property=\"article:published_time\" content=\"2015-05-13T22:53:32+00:00\" \/>\n<meta property=\"og:image\" content=\"http:\/\/www.tvcnoticias.com.ar\/wp-content\/uploads\/2015\/05\/DSCN4155-1280x960-Small-450x337.jpg\" \/>\n<meta name=\"author\" content=\"ulises\" \/>\n<meta name=\"twitter:card\" content=\"summary_large_image\" \/>\n<meta name=\"twitter:label1\" content=\"Escrito por\" \/>\n\t<meta name=\"twitter:data1\" content=\"ulises\" \/>\n\t<meta name=\"twitter:label2\" content=\"Tiempo de lectura\" \/>\n\t<meta name=\"twitter:data2\" content=\"2 minutos\" \/>\n<script type=\"application\/ld+json\" class=\"yoast-schema-graph\">{\"@context\":\"https:\/\/schema.org\",\"@graph\":[{\"@type\":\"NewsArticle\",\"@id\":\"https:\/\/www.celttv.com.ar\/index.php\/2015\/05\/13\/se-concretaron-los-primeros-trabajos-en-un-nuevo-barrio-de-viviendas\/#article\",\"isPartOf\":{\"@id\":\"https:\/\/www.celttv.com.ar\/index.php\/2015\/05\/13\/se-concretaron-los-primeros-trabajos-en-un-nuevo-barrio-de-viviendas\/\"},\"author\":{\"name\":\"ulises\",\"@id\":\"https:\/\/www.celttv.com.ar\/#\/schema\/person\/6d99c072dba59953809c81446e9d0ace\"},\"headline\":\"Se concretaron los primeros trabajos en un nuevo barrio de viviendas\",\"datePublished\":\"2015-05-13T22:53:32+00:00\",\"dateModified\":\"2015-05-13T22:53:32+00:00\",\"mainEntityOfPage\":{\"@id\":\"https:\/\/www.celttv.com.ar\/index.php\/2015\/05\/13\/se-concretaron-los-primeros-trabajos-en-un-nuevo-barrio-de-viviendas\/\"},\"wordCount\":333,\"publisher\":{\"@id\":\"https:\/\/www.celttv.com.ar\/#organization\"},\"articleSection\":[\"Comunidad\",\"Destacadas\",\"Pol\u00edtica\"],\"inLanguage\":\"es\"},{\"@type\":\"WebPage\",\"@id\":\"https:\/\/www.celttv.com.ar\/index.php\/2015\/05\/13\/se-concretaron-los-primeros-trabajos-en-un-nuevo-barrio-de-viviendas\/\",\"url\":\"https:\/\/www.celttv.com.ar\/index.php\/2015\/05\/13\/se-concretaron-los-primeros-trabajos-en-un-nuevo-barrio-de-viviendas\/\",\"name\":\"Se concretaron los primeros trabajos en un nuevo barrio de viviendas - CELTTV\",\"isPartOf\":{\"@id\":\"https:\/\/www.celttv.com.ar\/#website\"},\"datePublished\":\"2015-05-13T22:53:32+00:00\",\"dateModified\":\"2015-05-13T22:53:32+00:00\",\"description\":\"Sitio web de noticias de la localidad de Tornquist, provincia de Buenos Aires, Rep\u00fablica Argentina. Contenido propio originado por periodistas de CELTTV, el canal de TV local de la Cooperativa El\u00e9ctrica de Tornquist. Turismo, Pol\u00edtica, Sociedad, Deporte, Cultura y todo el contenido de inter\u00e9s general que la gente del pueblo y la regi\u00f3n debe conocer.\",\"breadcrumb\":{\"@id\":\"https:\/\/www.celttv.com.ar\/index.php\/2015\/05\/13\/se-concretaron-los-primeros-trabajos-en-un-nuevo-barrio-de-viviendas\/#breadcrumb\"},\"inLanguage\":\"es\",\"potentialAction\":[{\"@type\":\"ReadAction\",\"target\":[\"https:\/\/www.celttv.com.ar\/index.php\/2015\/05\/13\/se-concretaron-los-primeros-trabajos-en-un-nuevo-barrio-de-viviendas\/\"]}]},{\"@type\":\"BreadcrumbList\",\"@id\":\"https:\/\/www.celttv.com.ar\/index.php\/2015\/05\/13\/se-concretaron-los-primeros-trabajos-en-un-nuevo-barrio-de-viviendas\/#breadcrumb\",\"itemListElement\":[{\"@type\":\"ListItem\",\"position\":1,\"name\":\"Inicio\",\"item\":\"https:\/\/www.celttv.com.ar\/\"},{\"@type\":\"ListItem\",\"position\":2,\"name\":\"Se concretaron los primeros trabajos en un nuevo barrio de viviendas\"}]},{\"@type\":\"WebSite\",\"@id\":\"https:\/\/www.celttv.com.ar\/#website\",\"url\":\"https:\/\/www.celttv.com.ar\/\",\"name\":\"CELTTV\",\"description\":\"Cooperativa El\u00e9ctrica de Tornquist\",\"publisher\":{\"@id\":\"https:\/\/www.celttv.com.ar\/#organization\"},\"potentialAction\":[{\"@type\":\"SearchAction\",\"target\":{\"@type\":\"EntryPoint\",\"urlTemplate\":\"https:\/\/www.celttv.com.ar\/?s={search_term_string}\"},\"query-input\":\"required name=search_term_string\"}],\"inLanguage\":\"es\"},{\"@type\":\"Organization\",\"@id\":\"https:\/\/www.celttv.com.ar\/#organization\",\"name\":\"CELTTV\",\"url\":\"https:\/\/www.celttv.com.ar\/\",\"sameAs\":[\"https:\/\/www.youtube.com\/channel\/UCz_oIt8Hig64Ub-EmcNPIhg\",\"https:\/\/www.facebook.com\/celtTV\/\"],\"logo\":{\"@type\":\"ImageObject\",\"inLanguage\":\"es\",\"@id\":\"https:\/\/www.celttv.com.ar\/#\/schema\/logo\/image\/\",\"url\":\"http:\/\/www.celttv.com.ar\/wp-content\/uploads\/2022\/08\/logo-1.png\",\"contentUrl\":\"http:\/\/www.celttv.com.ar\/wp-content\/uploads\/2022\/08\/logo-1.png\",\"width\":461,\"height\":159,\"caption\":\"CELTTV\"},\"image\":{\"@id\":\"https:\/\/www.celttv.com.ar\/#\/schema\/logo\/image\/\"}},{\"@type\":\"Person\",\"@id\":\"https:\/\/www.celttv.com.ar\/#\/schema\/person\/6d99c072dba59953809c81446e9d0ace\",\"name\":\"ulises\",\"image\":{\"@type\":\"ImageObject\",\"inLanguage\":\"es\",\"@id\":\"https:\/\/www.celttv.com.ar\/#\/schema\/person\/image\/\",\"url\":\"https:\/\/secure.gravatar.com\/avatar\/7f2c48bdc33b30088f941fb6082e555f2874c98e20cb159d7b92b50eadfce793?s=96&d=mm&r=g\",\"contentUrl\":\"https:\/\/secure.gravatar.com\/avatar\/7f2c48bdc33b30088f941fb6082e555f2874c98e20cb159d7b92b50eadfce793?s=96&d=mm&r=g\",\"caption\":\"ulises\"},\"sameAs\":[\"http:\/\/www.celttv.com.ar\"]}]}<\/script>\n<!-- \/ Yoast SEO plugin. -->","yoast_head_json":{"title":"Se concretaron los primeros trabajos en un nuevo barrio de viviendas - CELTTV","description":"Sitio web de noticias de la localidad de Tornquist, provincia de Buenos Aires, Rep\u00fablica Argentina. Contenido propio originado por periodistas de CELTTV, el canal de TV local de la Cooperativa El\u00e9ctrica de Tornquist. Turismo, Pol\u00edtica, Sociedad, Deporte, Cultura y todo el contenido de inter\u00e9s general que la gente del pueblo y la regi\u00f3n debe conocer.","robots":{"index":"index","follow":"follow","max-snippet":"max-snippet:-1","max-image-preview":"max-image-preview:large","max-video-preview":"max-video-preview:-1"},"canonical":"https:\/\/www.celttv.com.ar\/index.php\/2015\/05\/13\/se-concretaron-los-primeros-trabajos-en-un-nuevo-barrio-de-viviendas\/","og_locale":"es_ES","og_type":"article","og_title":"Se concretaron los primeros trabajos en un nuevo barrio de viviendas - CELTTV","og_description":"Sitio web de noticias de la localidad de Tornquist, provincia de Buenos Aires, Rep\u00fablica Argentina. Contenido propio originado por periodistas de CELTTV, el canal de TV local de la Cooperativa El\u00e9ctrica de Tornquist. Turismo, Pol\u00edtica, Sociedad, Deporte, Cultura y todo el contenido de inter\u00e9s general que la gente del pueblo y la regi\u00f3n debe conocer.","og_url":"https:\/\/www.celttv.com.ar\/index.php\/2015\/05\/13\/se-concretaron-los-primeros-trabajos-en-un-nuevo-barrio-de-viviendas\/","og_site_name":"CELTTV","article_publisher":"https:\/\/www.facebook.com\/celtTV\/","article_published_time":"2015-05-13T22:53:32+00:00","og_image":[{"url":"http:\/\/www.tvcnoticias.com.ar\/wp-content\/uploads\/2015\/05\/DSCN4155-1280x960-Small-450x337.jpg"}],"author":"ulises","twitter_card":"summary_large_image","twitter_misc":{"Escrito por":"ulises","Tiempo de lectura":"2 minutos"},"schema":{"@context":"https:\/\/schema.org","@graph":[{"@type":"NewsArticle","@id":"https:\/\/www.celttv.com.ar\/index.php\/2015\/05\/13\/se-concretaron-los-primeros-trabajos-en-un-nuevo-barrio-de-viviendas\/#article","isPartOf":{"@id":"https:\/\/www.celttv.com.ar\/index.php\/2015\/05\/13\/se-concretaron-los-primeros-trabajos-en-un-nuevo-barrio-de-viviendas\/"},"author":{"name":"ulises","@id":"https:\/\/www.celttv.com.ar\/#\/schema\/person\/6d99c072dba59953809c81446e9d0ace"},"headline":"Se concretaron los primeros trabajos en un nuevo barrio de viviendas","datePublished":"2015-05-13T22:53:32+00:00","dateModified":"2015-05-13T22:53:32+00:00","mainEntityOfPage":{"@id":"https:\/\/www.celttv.com.ar\/index.php\/2015\/05\/13\/se-concretaron-los-primeros-trabajos-en-un-nuevo-barrio-de-viviendas\/"},"wordCount":333,"publisher":{"@id":"https:\/\/www.celttv.com.ar\/#organization"},"articleSection":["Comunidad","Destacadas","Pol\u00edtica"],"inLanguage":"es"},{"@type":"WebPage","@id":"https:\/\/www.celttv.com.ar\/index.php\/2015\/05\/13\/se-concretaron-los-primeros-trabajos-en-un-nuevo-barrio-de-viviendas\/","url":"https:\/\/www.celttv.com.ar\/index.php\/2015\/05\/13\/se-concretaron-los-primeros-trabajos-en-un-nuevo-barrio-de-viviendas\/","name":"Se concretaron los primeros trabajos en un nuevo barrio de viviendas - CELTTV","isPartOf":{"@id":"https:\/\/www.celttv.com.ar\/#website"},"datePublished":"2015-05-13T22:53:32+00:00","dateModified":"2015-05-13T22:53:32+00:00","description":"Sitio web de noticias de la localidad de Tornquist, provincia de Buenos Aires, Rep\u00fablica Argentina. Contenido propio originado por periodistas de CELTTV, el canal de TV local de la Cooperativa El\u00e9ctrica de Tornquist. Turismo, Pol\u00edtica, Sociedad, Deporte, Cultura y todo el contenido de inter\u00e9s general que la gente del pueblo y la regi\u00f3n debe conocer.","breadcrumb":{"@id":"https:\/\/www.celttv.com.ar\/index.php\/2015\/05\/13\/se-concretaron-los-primeros-trabajos-en-un-nuevo-barrio-de-viviendas\/#breadcrumb"},"inLanguage":"es","potentialAction":[{"@type":"ReadAction","target":["https:\/\/www.celttv.com.ar\/index.php\/2015\/05\/13\/se-concretaron-los-primeros-trabajos-en-un-nuevo-barrio-de-viviendas\/"]}]},{"@type":"BreadcrumbList","@id":"https:\/\/www.celttv.com.ar\/index.php\/2015\/05\/13\/se-concretaron-los-primeros-trabajos-en-un-nuevo-barrio-de-viviendas\/#breadcrumb","itemListElement":[{"@type":"ListItem","position":1,"name":"Inicio","item":"https:\/\/www.celttv.com.ar\/"},{"@type":"ListItem","position":2,"name":"Se concretaron los primeros trabajos en un nuevo barrio de viviendas"}]},{"@type":"WebSite","@id":"https:\/\/www.celttv.com.ar\/#website","url":"https:\/\/www.celttv.com.ar\/","name":"CELTTV","description":"Cooperativa El\u00e9ctrica de Tornquist","publisher":{"@id":"https:\/\/www.celttv.com.ar\/#organization"},"potentialAction":[{"@type":"SearchAction","target":{"@type":"EntryPoint","urlTemplate":"https:\/\/www.celttv.com.ar\/?s={search_term_string}"},"query-input":"required name=search_term_string"}],"inLanguage":"es"},{"@type":"Organization","@id":"https:\/\/www.celttv.com.ar\/#organization","name":"CELTTV","url":"https:\/\/www.celttv.com.ar\/","sameAs":["https:\/\/www.youtube.com\/channel\/UCz_oIt8Hig64Ub-EmcNPIhg","https:\/\/www.facebook.com\/celtTV\/"],"logo":{"@type":"ImageObject","inLanguage":"es","@id":"https:\/\/www.celttv.com.ar\/#\/schema\/logo\/image\/","url":"http:\/\/www.celttv.com.ar\/wp-content\/uploads\/2022\/08\/logo-1.png","contentUrl":"http:\/\/www.celttv.com.ar\/wp-content\/uploads\/2022\/08\/logo-1.png","width":461,"height":159,"caption":"CELTTV"},"image":{"@id":"https:\/\/www.celttv.com.ar\/#\/schema\/logo\/image\/"}},{"@type":"Person","@id":"https:\/\/www.celttv.com.ar\/#\/schema\/person\/6d99c072dba59953809c81446e9d0ace","name":"ulises","image":{"@type":"ImageObject","inLanguage":"es","@id":"https:\/\/www.celttv.com.ar\/#\/schema\/person\/image\/","url":"https:\/\/secure.gravatar.com\/avatar\/7f2c48bdc33b30088f941fb6082e555f2874c98e20cb159d7b92b50eadfce793?s=96&d=mm&r=g","contentUrl":"https:\/\/secure.gravatar.com\/avatar\/7f2c48bdc33b30088f941fb6082e555f2874c98e20cb159d7b92b50eadfce793?s=96&d=mm&r=g","caption":"ulises"},"sameAs":["http:\/\/www.celttv.com.ar"]}]}},"_links":{"self":[{"href":"https:\/\/www.celttv.com.ar\/index.php\/wp-json\/wp\/v2\/posts\/28506","targetHints":{"allow":["GET"]}}],"collection":[{"href":"https:\/\/www.celttv.com.ar\/index.php\/wp-json\/wp\/v2\/posts"}],"about":[{"href":"https:\/\/www.celttv.com.ar\/index.php\/wp-json\/wp\/v2\/types\/post"}],"author":[{"embeddable":true,"href":"https:\/\/www.celttv.com.ar\/index.php\/wp-json\/wp\/v2\/users\/1"}],"replies":[{"embeddable":true,"href":"https:\/\/www.celttv.com.ar\/index.php\/wp-json\/wp\/v2\/comments?post=28506"}],"version-history":[{"count":0,"href":"https:\/\/www.celttv.com.ar\/index.php\/wp-json\/wp\/v2\/posts\/28506\/revisions"}],"wp:attachment":[{"href":"https:\/\/www.celttv.com.ar\/index.php\/wp-json\/wp\/v2\/media?parent=28506"}],"wp:term":[{"taxonomy":"category","embeddable":true,"href":"https:\/\/www.celttv.com.ar\/index.php\/wp-json\/wp\/v2\/categories?post=28506"},{"taxonomy":"post_tag","embeddable":true,"href":"https:\/\/www.celttv.com.ar\/index.php\/wp-json\/wp\/v2\/tags?post=28506"}],"curies":[{"name":"wp","href":"https:\/\/api.w.org\/{rel}","templated":true}]}}