{"id":28518,"date":"2015-05-14T13:48:59","date_gmt":"2015-05-14T13:48:59","guid":{"rendered":"http:\/\/www.tvcnoticias.com.ar\/?p=28518"},"modified":"2015-05-14T13:48:59","modified_gmt":"2015-05-14T13:48:59","slug":"espacio-de-publicidad-viaje-a-cataratas-y-a-paraguay-para-la-llegada-del-papa-francisco","status":"publish","type":"post","link":"https:\/\/www.celttv.com.ar\/index.php\/2015\/05\/14\/espacio-de-publicidad-viaje-a-cataratas-y-a-paraguay-para-la-llegada-del-papa-francisco\/","title":{"rendered":"ESPACIO DE PUBLICIDAD: VIAJE A CATARATAS Y A PARAGUAY PARA LA LLEGADA DEL PAPA FRANCISCO"},"content":{"rendered":"<p>httpv:\/\/www.youtube.com\/watch?v=0qpZsia0MmU<\/p>\n<p>Julio Lopez Viajes y Turismo ofrece la posibilidad de viajar a Cataratas del Iguaz\u00fa el pr\u00f3ximo 24 de mayo y el SUPER PAQUETE para el 9 de Julio con motivo de la visita del Papa Francisco a Paraguay<\/p>\n","protected":false},"excerpt":{"rendered":"<p>httpv:\/\/www.youtube.com\/watch?v=0qpZsia0MmU Julio Lopez Viajes y Turismo ofrece la posibilidad de viajar a Cataratas del Iguaz\u00fa el pr\u00f3ximo 24 de mayo y el SUPER PAQUETE para el 9 de Julio con motivo de la visita del Papa Francisco a Paraguay<\/p>\n","protected":false},"author":1,"featured_media":0,"comment_status":"closed","ping_status":"open","sticky":false,"template":"","format":"standard","meta":{"footnotes":""},"categories":[52,64],"tags":[],"class_list":["post-28518","post","type-post","status-publish","format-standard","hentry","category-destacadas","category-videos-destacados"],"yoast_head":"<!-- This site is optimized with the Yoast SEO plugin v19.7.1 - https:\/\/yoast.com\/wordpress\/plugins\/seo\/ -->\n<title>ESPACIO DE PUBLICIDAD: VIAJE A CATARATAS Y A PARAGUAY PARA LA LLEGADA DEL PAPA FRANCISCO - CELTTV<\/title>\n<meta name=\"description\" content=\"Sitio web de noticias de la localidad de Tornquist, provincia de Buenos Aires, Rep\u00fablica Argentina. Contenido propio originado por periodistas de CELTTV, el canal de TV local de la Cooperativa El\u00e9ctrica de Tornquist. Turismo, Pol\u00edtica, Sociedad, Deporte, Cultura y todo el contenido de inter\u00e9s general que la gente del pueblo y la regi\u00f3n debe conocer.\" \/>\n<meta name=\"robots\" content=\"index, follow, max-snippet:-1, max-image-preview:large, max-video-preview:-1\" \/>\n<link rel=\"canonical\" href=\"https:\/\/www.celttv.com.ar\/index.php\/2015\/05\/14\/espacio-de-publicidad-viaje-a-cataratas-y-a-paraguay-para-la-llegada-del-papa-francisco\/\" \/>\n<meta property=\"og:locale\" content=\"es_ES\" \/>\n<meta property=\"og:type\" content=\"article\" \/>\n<meta property=\"og:title\" content=\"ESPACIO DE PUBLICIDAD: VIAJE A CATARATAS Y A PARAGUAY PARA LA LLEGADA DEL PAPA FRANCISCO - CELTTV\" \/>\n<meta property=\"og:description\" content=\"Sitio web de noticias de la localidad de Tornquist, provincia de Buenos Aires, Rep\u00fablica Argentina. Contenido propio originado por periodistas de CELTTV, el canal de TV local de la Cooperativa El\u00e9ctrica de Tornquist. Turismo, Pol\u00edtica, Sociedad, Deporte, Cultura y todo el contenido de inter\u00e9s general que la gente del pueblo y la regi\u00f3n debe conocer.\" \/>\n<meta property=\"og:url\" content=\"https:\/\/www.celttv.com.ar\/index.php\/2015\/05\/14\/espacio-de-publicidad-viaje-a-cataratas-y-a-paraguay-para-la-llegada-del-papa-francisco\/\" \/>\n<meta property=\"og:site_name\" content=\"CELTTV\" \/>\n<meta property=\"article:publisher\" content=\"https:\/\/www.facebook.com\/celtTV\/\" \/>\n<meta property=\"article:published_time\" content=\"2015-05-14T13:48:59+00:00\" \/>\n<meta name=\"author\" content=\"ulises\" \/>\n<meta name=\"twitter:card\" content=\"summary_large_image\" \/>\n<meta name=\"twitter:label1\" content=\"Escrito por\" \/>\n\t<meta name=\"twitter:data1\" content=\"ulises\" \/>\n<script type=\"application\/ld+json\" class=\"yoast-schema-graph\">{\"@context\":\"https:\/\/schema.org\",\"@graph\":[{\"@type\":\"NewsArticle\",\"@id\":\"https:\/\/www.celttv.com.ar\/index.php\/2015\/05\/14\/espacio-de-publicidad-viaje-a-cataratas-y-a-paraguay-para-la-llegada-del-papa-francisco\/#article\",\"isPartOf\":{\"@id\":\"https:\/\/www.celttv.com.ar\/index.php\/2015\/05\/14\/espacio-de-publicidad-viaje-a-cataratas-y-a-paraguay-para-la-llegada-del-papa-francisco\/\"},\"author\":{\"name\":\"ulises\",\"@id\":\"https:\/\/www.celttv.com.ar\/#\/schema\/person\/6d99c072dba59953809c81446e9d0ace\"},\"headline\":\"ESPACIO DE PUBLICIDAD: VIAJE A CATARATAS Y A PARAGUAY PARA LA LLEGADA DEL PAPA FRANCISCO\",\"datePublished\":\"2015-05-14T13:48:59+00:00\",\"dateModified\":\"2015-05-14T13:48:59+00:00\",\"mainEntityOfPage\":{\"@id\":\"https:\/\/www.celttv.com.ar\/index.php\/2015\/05\/14\/espacio-de-publicidad-viaje-a-cataratas-y-a-paraguay-para-la-llegada-del-papa-francisco\/\"},\"wordCount\":60,\"publisher\":{\"@id\":\"https:\/\/www.celttv.com.ar\/#organization\"},\"articleSection\":[\"Destacadas\",\"Videos Destacados\"],\"inLanguage\":\"es\"},{\"@type\":\"WebPage\",\"@id\":\"https:\/\/www.celttv.com.ar\/index.php\/2015\/05\/14\/espacio-de-publicidad-viaje-a-cataratas-y-a-paraguay-para-la-llegada-del-papa-francisco\/\",\"url\":\"https:\/\/www.celttv.com.ar\/index.php\/2015\/05\/14\/espacio-de-publicidad-viaje-a-cataratas-y-a-paraguay-para-la-llegada-del-papa-francisco\/\",\"name\":\"ESPACIO DE PUBLICIDAD: VIAJE A CATARATAS Y A PARAGUAY PARA LA LLEGADA DEL PAPA FRANCISCO - CELTTV\",\"isPartOf\":{\"@id\":\"https:\/\/www.celttv.com.ar\/#website\"},\"datePublished\":\"2015-05-14T13:48:59+00:00\",\"dateModified\":\"2015-05-14T13:48:59+00:00\",\"description\":\"Sitio web de noticias de la localidad de Tornquist, provincia de Buenos Aires, Rep\u00fablica Argentina. Contenido propio originado por periodistas de CELTTV, el canal de TV local de la Cooperativa El\u00e9ctrica de Tornquist. Turismo, Pol\u00edtica, Sociedad, Deporte, Cultura y todo el contenido de inter\u00e9s general que la gente del pueblo y la regi\u00f3n debe conocer.\",\"breadcrumb\":{\"@id\":\"https:\/\/www.celttv.com.ar\/index.php\/2015\/05\/14\/espacio-de-publicidad-viaje-a-cataratas-y-a-paraguay-para-la-llegada-del-papa-francisco\/#breadcrumb\"},\"inLanguage\":\"es\",\"potentialAction\":[{\"@type\":\"ReadAction\",\"target\":[\"https:\/\/www.celttv.com.ar\/index.php\/2015\/05\/14\/espacio-de-publicidad-viaje-a-cataratas-y-a-paraguay-para-la-llegada-del-papa-francisco\/\"]}]},{\"@type\":\"BreadcrumbList\",\"@id\":\"https:\/\/www.celttv.com.ar\/index.php\/2015\/05\/14\/espacio-de-publicidad-viaje-a-cataratas-y-a-paraguay-para-la-llegada-del-papa-francisco\/#breadcrumb\",\"itemListElement\":[{\"@type\":\"ListItem\",\"position\":1,\"name\":\"Inicio\",\"item\":\"https:\/\/www.celttv.com.ar\/\"},{\"@type\":\"ListItem\",\"position\":2,\"name\":\"ESPACIO DE PUBLICIDAD: VIAJE A CATARATAS Y A PARAGUAY PARA LA LLEGADA DEL PAPA FRANCISCO\"}]},{\"@type\":\"WebSite\",\"@id\":\"https:\/\/www.celttv.com.ar\/#website\",\"url\":\"https:\/\/www.celttv.com.ar\/\",\"name\":\"CELTTV\",\"description\":\"Cooperativa El\u00e9ctrica de Tornquist\",\"publisher\":{\"@id\":\"https:\/\/www.celttv.com.ar\/#organization\"},\"potentialAction\":[{\"@type\":\"SearchAction\",\"target\":{\"@type\":\"EntryPoint\",\"urlTemplate\":\"https:\/\/www.celttv.com.ar\/?s={search_term_string}\"},\"query-input\":\"required name=search_term_string\"}],\"inLanguage\":\"es\"},{\"@type\":\"Organization\",\"@id\":\"https:\/\/www.celttv.com.ar\/#organization\",\"name\":\"CELTTV\",\"url\":\"https:\/\/www.celttv.com.ar\/\",\"sameAs\":[\"https:\/\/www.youtube.com\/channel\/UCz_oIt8Hig64Ub-EmcNPIhg\",\"https:\/\/www.facebook.com\/celtTV\/\"],\"logo\":{\"@type\":\"ImageObject\",\"inLanguage\":\"es\",\"@id\":\"https:\/\/www.celttv.com.ar\/#\/schema\/logo\/image\/\",\"url\":\"http:\/\/www.celttv.com.ar\/wp-content\/uploads\/2022\/08\/logo-1.png\",\"contentUrl\":\"http:\/\/www.celttv.com.ar\/wp-content\/uploads\/2022\/08\/logo-1.png\",\"width\":461,\"height\":159,\"caption\":\"CELTTV\"},\"image\":{\"@id\":\"https:\/\/www.celttv.com.ar\/#\/schema\/logo\/image\/\"}},{\"@type\":\"Person\",\"@id\":\"https:\/\/www.celttv.com.ar\/#\/schema\/person\/6d99c072dba59953809c81446e9d0ace\",\"name\":\"ulises\",\"image\":{\"@type\":\"ImageObject\",\"inLanguage\":\"es\",\"@id\":\"https:\/\/www.celttv.com.ar\/#\/schema\/person\/image\/\",\"url\":\"https:\/\/secure.gravatar.com\/avatar\/7f2c48bdc33b30088f941fb6082e555f2874c98e20cb159d7b92b50eadfce793?s=96&d=mm&r=g\",\"contentUrl\":\"https:\/\/secure.gravatar.com\/avatar\/7f2c48bdc33b30088f941fb6082e555f2874c98e20cb159d7b92b50eadfce793?s=96&d=mm&r=g\",\"caption\":\"ulises\"},\"sameAs\":[\"http:\/\/www.celttv.com.ar\"]}]}<\/script>\n<!-- \/ Yoast SEO plugin. -->","yoast_head_json":{"title":"ESPACIO DE PUBLICIDAD: VIAJE A CATARATAS Y A PARAGUAY PARA LA LLEGADA DEL PAPA FRANCISCO - CELTTV","description":"Sitio web de noticias de la localidad de Tornquist, provincia de Buenos Aires, Rep\u00fablica Argentina. Contenido propio originado por periodistas de CELTTV, el canal de TV local de la Cooperativa El\u00e9ctrica de Tornquist. Turismo, Pol\u00edtica, Sociedad, Deporte, Cultura y todo el contenido de inter\u00e9s general que la gente del pueblo y la regi\u00f3n debe conocer.","robots":{"index":"index","follow":"follow","max-snippet":"max-snippet:-1","max-image-preview":"max-image-preview:large","max-video-preview":"max-video-preview:-1"},"canonical":"https:\/\/www.celttv.com.ar\/index.php\/2015\/05\/14\/espacio-de-publicidad-viaje-a-cataratas-y-a-paraguay-para-la-llegada-del-papa-francisco\/","og_locale":"es_ES","og_type":"article","og_title":"ESPACIO DE PUBLICIDAD: VIAJE A CATARATAS Y A PARAGUAY PARA LA LLEGADA DEL PAPA FRANCISCO - CELTTV","og_description":"Sitio web de noticias de la localidad de Tornquist, provincia de Buenos Aires, Rep\u00fablica Argentina. Contenido propio originado por periodistas de CELTTV, el canal de TV local de la Cooperativa El\u00e9ctrica de Tornquist. Turismo, Pol\u00edtica, Sociedad, Deporte, Cultura y todo el contenido de inter\u00e9s general que la gente del pueblo y la regi\u00f3n debe conocer.","og_url":"https:\/\/www.celttv.com.ar\/index.php\/2015\/05\/14\/espacio-de-publicidad-viaje-a-cataratas-y-a-paraguay-para-la-llegada-del-papa-francisco\/","og_site_name":"CELTTV","article_publisher":"https:\/\/www.facebook.com\/celtTV\/","article_published_time":"2015-05-14T13:48:59+00:00","author":"ulises","twitter_card":"summary_large_image","twitter_misc":{"Escrito por":"ulises"},"schema":{"@context":"https:\/\/schema.org","@graph":[{"@type":"NewsArticle","@id":"https:\/\/www.celttv.com.ar\/index.php\/2015\/05\/14\/espacio-de-publicidad-viaje-a-cataratas-y-a-paraguay-para-la-llegada-del-papa-francisco\/#article","isPartOf":{"@id":"https:\/\/www.celttv.com.ar\/index.php\/2015\/05\/14\/espacio-de-publicidad-viaje-a-cataratas-y-a-paraguay-para-la-llegada-del-papa-francisco\/"},"author":{"name":"ulises","@id":"https:\/\/www.celttv.com.ar\/#\/schema\/person\/6d99c072dba59953809c81446e9d0ace"},"headline":"ESPACIO DE PUBLICIDAD: VIAJE A CATARATAS Y A PARAGUAY PARA LA LLEGADA DEL PAPA FRANCISCO","datePublished":"2015-05-14T13:48:59+00:00","dateModified":"2015-05-14T13:48:59+00:00","mainEntityOfPage":{"@id":"https:\/\/www.celttv.com.ar\/index.php\/2015\/05\/14\/espacio-de-publicidad-viaje-a-cataratas-y-a-paraguay-para-la-llegada-del-papa-francisco\/"},"wordCount":60,"publisher":{"@id":"https:\/\/www.celttv.com.ar\/#organization"},"articleSection":["Destacadas","Videos Destacados"],"inLanguage":"es"},{"@type":"WebPage","@id":"https:\/\/www.celttv.com.ar\/index.php\/2015\/05\/14\/espacio-de-publicidad-viaje-a-cataratas-y-a-paraguay-para-la-llegada-del-papa-francisco\/","url":"https:\/\/www.celttv.com.ar\/index.php\/2015\/05\/14\/espacio-de-publicidad-viaje-a-cataratas-y-a-paraguay-para-la-llegada-del-papa-francisco\/","name":"ESPACIO DE PUBLICIDAD: VIAJE A CATARATAS Y A PARAGUAY PARA LA LLEGADA DEL PAPA FRANCISCO - CELTTV","isPartOf":{"@id":"https:\/\/www.celttv.com.ar\/#website"},"datePublished":"2015-05-14T13:48:59+00:00","dateModified":"2015-05-14T13:48:59+00:00","description":"Sitio web de noticias de la localidad de Tornquist, provincia de Buenos Aires, Rep\u00fablica Argentina. Contenido propio originado por periodistas de CELTTV, el canal de TV local de la Cooperativa El\u00e9ctrica de Tornquist. Turismo, Pol\u00edtica, Sociedad, Deporte, Cultura y todo el contenido de inter\u00e9s general que la gente del pueblo y la regi\u00f3n debe conocer.","breadcrumb":{"@id":"https:\/\/www.celttv.com.ar\/index.php\/2015\/05\/14\/espacio-de-publicidad-viaje-a-cataratas-y-a-paraguay-para-la-llegada-del-papa-francisco\/#breadcrumb"},"inLanguage":"es","potentialAction":[{"@type":"ReadAction","target":["https:\/\/www.celttv.com.ar\/index.php\/2015\/05\/14\/espacio-de-publicidad-viaje-a-cataratas-y-a-paraguay-para-la-llegada-del-papa-francisco\/"]}]},{"@type":"BreadcrumbList","@id":"https:\/\/www.celttv.com.ar\/index.php\/2015\/05\/14\/espacio-de-publicidad-viaje-a-cataratas-y-a-paraguay-para-la-llegada-del-papa-francisco\/#breadcrumb","itemListElement":[{"@type":"ListItem","position":1,"name":"Inicio","item":"https:\/\/www.celttv.com.ar\/"},{"@type":"ListItem","position":2,"name":"ESPACIO DE PUBLICIDAD: VIAJE A CATARATAS Y A PARAGUAY PARA LA LLEGADA DEL PAPA FRANCISCO"}]},{"@type":"WebSite","@id":"https:\/\/www.celttv.com.ar\/#website","url":"https:\/\/www.celttv.com.ar\/","name":"CELTTV","description":"Cooperativa El\u00e9ctrica de Tornquist","publisher":{"@id":"https:\/\/www.celttv.com.ar\/#organization"},"potentialAction":[{"@type":"SearchAction","target":{"@type":"EntryPoint","urlTemplate":"https:\/\/www.celttv.com.ar\/?s={search_term_string}"},"query-input":"required name=search_term_string"}],"inLanguage":"es"},{"@type":"Organization","@id":"https:\/\/www.celttv.com.ar\/#organization","name":"CELTTV","url":"https:\/\/www.celttv.com.ar\/","sameAs":["https:\/\/www.youtube.com\/channel\/UCz_oIt8Hig64Ub-EmcNPIhg","https:\/\/www.facebook.com\/celtTV\/"],"logo":{"@type":"ImageObject","inLanguage":"es","@id":"https:\/\/www.celttv.com.ar\/#\/schema\/logo\/image\/","url":"http:\/\/www.celttv.com.ar\/wp-content\/uploads\/2022\/08\/logo-1.png","contentUrl":"http:\/\/www.celttv.com.ar\/wp-content\/uploads\/2022\/08\/logo-1.png","width":461,"height":159,"caption":"CELTTV"},"image":{"@id":"https:\/\/www.celttv.com.ar\/#\/schema\/logo\/image\/"}},{"@type":"Person","@id":"https:\/\/www.celttv.com.ar\/#\/schema\/person\/6d99c072dba59953809c81446e9d0ace","name":"ulises","image":{"@type":"ImageObject","inLanguage":"es","@id":"https:\/\/www.celttv.com.ar\/#\/schema\/person\/image\/","url":"https:\/\/secure.gravatar.com\/avatar\/7f2c48bdc33b30088f941fb6082e555f2874c98e20cb159d7b92b50eadfce793?s=96&d=mm&r=g","contentUrl":"https:\/\/secure.gravatar.com\/avatar\/7f2c48bdc33b30088f941fb6082e555f2874c98e20cb159d7b92b50eadfce793?s=96&d=mm&r=g","caption":"ulises"},"sameAs":["http:\/\/www.celttv.com.ar"]}]}},"_links":{"self":[{"href":"https:\/\/www.celttv.com.ar\/index.php\/wp-json\/wp\/v2\/posts\/28518","targetHints":{"allow":["GET"]}}],"collection":[{"href":"https:\/\/www.celttv.com.ar\/index.php\/wp-json\/wp\/v2\/posts"}],"about":[{"href":"https:\/\/www.celttv.com.ar\/index.php\/wp-json\/wp\/v2\/types\/post"}],"author":[{"embeddable":true,"href":"https:\/\/www.celttv.com.ar\/index.php\/wp-json\/wp\/v2\/users\/1"}],"replies":[{"embeddable":true,"href":"https:\/\/www.celttv.com.ar\/index.php\/wp-json\/wp\/v2\/comments?post=28518"}],"version-history":[{"count":0,"href":"https:\/\/www.celttv.com.ar\/index.php\/wp-json\/wp\/v2\/posts\/28518\/revisions"}],"wp:attachment":[{"href":"https:\/\/www.celttv.com.ar\/index.php\/wp-json\/wp\/v2\/media?parent=28518"}],"wp:term":[{"taxonomy":"category","embeddable":true,"href":"https:\/\/www.celttv.com.ar\/index.php\/wp-json\/wp\/v2\/categories?post=28518"},{"taxonomy":"post_tag","embeddable":true,"href":"https:\/\/www.celttv.com.ar\/index.php\/wp-json\/wp\/v2\/tags?post=28518"}],"curies":[{"name":"wp","href":"https:\/\/api.w.org\/{rel}","templated":true}]}}