{"id":2888,"date":"2011-11-05T02:40:57","date_gmt":"2011-11-05T02:40:57","guid":{"rendered":"http:\/\/www.tvcnoticias.com.ar\/?p=2888"},"modified":"2011-11-05T02:40:57","modified_gmt":"2011-11-05T02:40:57","slug":"el-distrito-mas-bonito-de-la-provincia-de-buenos-aires-mensaje-del-intendente-municipal-con-motivo-de-un-nuevo-aniversario-del-partido-de-tornquist-trankels-hablo-de-distintos-proyectos-en-marcha","status":"publish","type":"post","link":"https:\/\/www.celttv.com.ar\/index.php\/2011\/11\/05\/el-distrito-mas-bonito-de-la-provincia-de-buenos-aires-mensaje-del-intendente-municipal-con-motivo-de-un-nuevo-aniversario-del-partido-de-tornquist-trankels-hablo-de-distintos-proyectos-en-marcha\/","title":{"rendered":"&#8220;EL DISTRITO MAS BONITO DE LA PROVINCIA DE BUENOS AIRES&#8221; Mensaje del Intendente Municipal con motivo de un nuevo aniversario del Partido de Tornquist. Trankels habl\u00f3 de distintos proyectos en marcha"},"content":{"rendered":"<p>En este nuevo Aniversario del cambio de nombre de nuestro Distrito, que naciera con el nombre de Partido de las Sierras en 1905, y en honor a nuestro fundador Don Ernesto Tornquist, el 4 de noviembre de 1910 comenzara a llamarse Partido de Tornquist, es necesario destacar la labor de todas las personas que habitaron y habitan este suelo y que d\u00eda a d\u00eda trabajan por el crecimiento de este Rinc\u00f3n de la Provincia de Buenos Aires.\u00a0<br \/>\nFueron los pioneros quienes confiaron en este lugar y somos nosotros los responsables de llevar a lo m\u00e1s alto el nombre de nuestro querido Distrito que crece \u00a0con la participaci\u00f3n y compromiso de todos.<br \/>\nNuestro Distrito es sin\u00a0 duda\u00a0 \u00a0\u201c\u2026El m\u00e1s bonito de la Provincia\u2026\u201d, como dec\u00eda un querido amigo, y porque no de nuestro pa\u00eds.<br \/>\nQueridos vecinos, muchas gracias por todo lo que hacen d\u00eda a d\u00eda y por seguir Trabajando Juntos, que es la \u00fanica forma de poder lograr el Tornquist que todos so\u00f1amos. <strong>\u00a1\u00a1\u00a1\u00a1\u00a1Feliz Aniversario!!!!!!<\/strong><br \/>\n<span style=\"font-family: Verdana;\"><em><strong>Lic. Gustavo Trankels<br \/>\nIntendente Municipal<\/strong><\/em><\/span><br \/>\n<span style=\"font-family: Verdana;\"><em><strong><a href=\"http:\/\/www.youtube.com\/watch?v=WFSlszPsB5g\"><img loading=\"lazy\" decoding=\"async\" class=\"aligncenter size-full wp-image-2889\" title=\"trankels (Small)\" src=\"http:\/\/www.tvcnoticias.com.ar\/wp-content\/uploads\/2011\/11\/trankels-Small.jpg\" alt=\"\" width=\"640\" height=\"518\" \/>httpv:\/\/www.youtube.com\/watch?v=WFSlszPsB5g<\/a><\/strong><\/em><\/span><br \/>\n<span style=\"font-family: Verdana;\"><em><strong><a>httpv:\/\/www.youtube.com\/watch?v=dNIXLsu1WhY<\/a><\/strong><\/em><\/span><\/p>\n","protected":false},"excerpt":{"rendered":"<p>En este nuevo Aniversario del cambio de nombre de nuestro Distrito, que naciera con el nombre de Partido de las Sierras en 1905, y en honor a nuestro fundador Don Ernesto Tornquist, el 4 de noviembre de 1910 comenzara a llamarse Partido de Tornquist, es necesario destacar la labor de todas las personas que habitaron [&hellip;]<\/p>\n","protected":false},"author":1,"featured_media":0,"comment_status":"closed","ping_status":"open","sticky":false,"template":"","format":"standard","meta":{"footnotes":""},"categories":[51,52,53,64],"tags":[],"class_list":["post-2888","post","type-post","status-publish","format-standard","hentry","category-comunidad","category-destacadas","category-politica","category-videos-destacados"],"yoast_head":"<!-- This site is optimized with the Yoast SEO plugin v19.7.1 - https:\/\/yoast.com\/wordpress\/plugins\/seo\/ -->\n<title>&quot;EL DISTRITO MAS BONITO DE LA PROVINCIA DE BUENOS AIRES&quot; Mensaje del Intendente Municipal con motivo de un nuevo aniversario del Partido de Tornquist. Trankels habl\u00f3 de distintos proyectos en marcha - CELTTV<\/title>\n<meta name=\"description\" content=\"Sitio web de noticias de la localidad de Tornquist, provincia de Buenos Aires, Rep\u00fablica Argentina. Contenido propio originado por periodistas de CELTTV, el canal de TV local de la Cooperativa El\u00e9ctrica de Tornquist. Turismo, Pol\u00edtica, Sociedad, Deporte, Cultura y todo el contenido de inter\u00e9s general que la gente del pueblo y la regi\u00f3n debe conocer.\" \/>\n<meta name=\"robots\" content=\"index, follow, max-snippet:-1, max-image-preview:large, max-video-preview:-1\" \/>\n<link rel=\"canonical\" href=\"https:\/\/www.celttv.com.ar\/index.php\/2011\/11\/05\/el-distrito-mas-bonito-de-la-provincia-de-buenos-aires-mensaje-del-intendente-municipal-con-motivo-de-un-nuevo-aniversario-del-partido-de-tornquist-trankels-hablo-de-distintos-proyectos-en-marcha\/\" \/>\n<meta property=\"og:locale\" content=\"es_ES\" \/>\n<meta property=\"og:type\" content=\"article\" \/>\n<meta property=\"og:title\" content=\"&quot;EL DISTRITO MAS BONITO DE LA PROVINCIA DE BUENOS AIRES&quot; Mensaje del Intendente Municipal con motivo de un nuevo aniversario del Partido de Tornquist. Trankels habl\u00f3 de distintos proyectos en marcha - CELTTV\" \/>\n<meta property=\"og:description\" content=\"Sitio web de noticias de la localidad de Tornquist, provincia de Buenos Aires, Rep\u00fablica Argentina. Contenido propio originado por periodistas de CELTTV, el canal de TV local de la Cooperativa El\u00e9ctrica de Tornquist. Turismo, Pol\u00edtica, Sociedad, Deporte, Cultura y todo el contenido de inter\u00e9s general que la gente del pueblo y la regi\u00f3n debe conocer.\" \/>\n<meta property=\"og:url\" content=\"https:\/\/www.celttv.com.ar\/index.php\/2011\/11\/05\/el-distrito-mas-bonito-de-la-provincia-de-buenos-aires-mensaje-del-intendente-municipal-con-motivo-de-un-nuevo-aniversario-del-partido-de-tornquist-trankels-hablo-de-distintos-proyectos-en-marcha\/\" \/>\n<meta property=\"og:site_name\" content=\"CELTTV\" \/>\n<meta property=\"article:publisher\" content=\"https:\/\/www.facebook.com\/celtTV\/\" \/>\n<meta property=\"article:published_time\" content=\"2011-11-05T02:40:57+00:00\" \/>\n<meta property=\"og:image\" content=\"http:\/\/www.tvcnoticias.com.ar\/wp-content\/uploads\/2011\/11\/trankels-Small.jpg\" \/>\n<meta name=\"author\" content=\"ulises\" \/>\n<meta name=\"twitter:card\" content=\"summary_large_image\" \/>\n<meta name=\"twitter:label1\" content=\"Escrito por\" \/>\n\t<meta name=\"twitter:data1\" content=\"ulises\" \/>\n\t<meta name=\"twitter:label2\" content=\"Tiempo de lectura\" \/>\n\t<meta name=\"twitter:data2\" content=\"1 minuto\" \/>\n<script type=\"application\/ld+json\" class=\"yoast-schema-graph\">{\"@context\":\"https:\/\/schema.org\",\"@graph\":[{\"@type\":\"NewsArticle\",\"@id\":\"https:\/\/www.celttv.com.ar\/index.php\/2011\/11\/05\/el-distrito-mas-bonito-de-la-provincia-de-buenos-aires-mensaje-del-intendente-municipal-con-motivo-de-un-nuevo-aniversario-del-partido-de-tornquist-trankels-hablo-de-distintos-proyectos-en-marcha\/#article\",\"isPartOf\":{\"@id\":\"https:\/\/www.celttv.com.ar\/index.php\/2011\/11\/05\/el-distrito-mas-bonito-de-la-provincia-de-buenos-aires-mensaje-del-intendente-municipal-con-motivo-de-un-nuevo-aniversario-del-partido-de-tornquist-trankels-hablo-de-distintos-proyectos-en-marcha\/\"},\"author\":{\"name\":\"ulises\",\"@id\":\"https:\/\/www.celttv.com.ar\/#\/schema\/person\/6d99c072dba59953809c81446e9d0ace\"},\"headline\":\"&#8220;EL DISTRITO MAS BONITO DE LA PROVINCIA DE BUENOS AIRES&#8221; Mensaje del Intendente Municipal con motivo de un nuevo aniversario del Partido de Tornquist. Trankels habl\u00f3 de distintos proyectos en marcha\",\"datePublished\":\"2011-11-05T02:40:57+00:00\",\"dateModified\":\"2011-11-05T02:40:57+00:00\",\"mainEntityOfPage\":{\"@id\":\"https:\/\/www.celttv.com.ar\/index.php\/2011\/11\/05\/el-distrito-mas-bonito-de-la-provincia-de-buenos-aires-mensaje-del-intendente-municipal-con-motivo-de-un-nuevo-aniversario-del-partido-de-tornquist-trankels-hablo-de-distintos-proyectos-en-marcha\/\"},\"wordCount\":225,\"publisher\":{\"@id\":\"https:\/\/www.celttv.com.ar\/#organization\"},\"articleSection\":[\"Comunidad\",\"Destacadas\",\"Pol\u00edtica\",\"Videos Destacados\"],\"inLanguage\":\"es\"},{\"@type\":\"WebPage\",\"@id\":\"https:\/\/www.celttv.com.ar\/index.php\/2011\/11\/05\/el-distrito-mas-bonito-de-la-provincia-de-buenos-aires-mensaje-del-intendente-municipal-con-motivo-de-un-nuevo-aniversario-del-partido-de-tornquist-trankels-hablo-de-distintos-proyectos-en-marcha\/\",\"url\":\"https:\/\/www.celttv.com.ar\/index.php\/2011\/11\/05\/el-distrito-mas-bonito-de-la-provincia-de-buenos-aires-mensaje-del-intendente-municipal-con-motivo-de-un-nuevo-aniversario-del-partido-de-tornquist-trankels-hablo-de-distintos-proyectos-en-marcha\/\",\"name\":\"\\\"EL DISTRITO MAS BONITO DE LA PROVINCIA DE BUENOS AIRES\\\" Mensaje del Intendente Municipal con motivo de un nuevo aniversario del Partido de Tornquist. Trankels habl\u00f3 de distintos proyectos en marcha - CELTTV\",\"isPartOf\":{\"@id\":\"https:\/\/www.celttv.com.ar\/#website\"},\"datePublished\":\"2011-11-05T02:40:57+00:00\",\"dateModified\":\"2011-11-05T02:40:57+00:00\",\"description\":\"Sitio web de noticias de la localidad de Tornquist, provincia de Buenos Aires, Rep\u00fablica Argentina. Contenido propio originado por periodistas de CELTTV, el canal de TV local de la Cooperativa El\u00e9ctrica de Tornquist. Turismo, Pol\u00edtica, Sociedad, Deporte, Cultura y todo el contenido de inter\u00e9s general que la gente del pueblo y la regi\u00f3n debe conocer.\",\"breadcrumb\":{\"@id\":\"https:\/\/www.celttv.com.ar\/index.php\/2011\/11\/05\/el-distrito-mas-bonito-de-la-provincia-de-buenos-aires-mensaje-del-intendente-municipal-con-motivo-de-un-nuevo-aniversario-del-partido-de-tornquist-trankels-hablo-de-distintos-proyectos-en-marcha\/#breadcrumb\"},\"inLanguage\":\"es\",\"potentialAction\":[{\"@type\":\"ReadAction\",\"target\":[\"https:\/\/www.celttv.com.ar\/index.php\/2011\/11\/05\/el-distrito-mas-bonito-de-la-provincia-de-buenos-aires-mensaje-del-intendente-municipal-con-motivo-de-un-nuevo-aniversario-del-partido-de-tornquist-trankels-hablo-de-distintos-proyectos-en-marcha\/\"]}]},{\"@type\":\"BreadcrumbList\",\"@id\":\"https:\/\/www.celttv.com.ar\/index.php\/2011\/11\/05\/el-distrito-mas-bonito-de-la-provincia-de-buenos-aires-mensaje-del-intendente-municipal-con-motivo-de-un-nuevo-aniversario-del-partido-de-tornquist-trankels-hablo-de-distintos-proyectos-en-marcha\/#breadcrumb\",\"itemListElement\":[{\"@type\":\"ListItem\",\"position\":1,\"name\":\"Inicio\",\"item\":\"https:\/\/www.celttv.com.ar\/\"},{\"@type\":\"ListItem\",\"position\":2,\"name\":\"&#8220;EL DISTRITO MAS BONITO DE LA PROVINCIA DE BUENOS AIRES&#8221; Mensaje del Intendente Municipal con motivo de un nuevo aniversario del Partido de Tornquist. Trankels habl\u00f3 de distintos proyectos en marcha\"}]},{\"@type\":\"WebSite\",\"@id\":\"https:\/\/www.celttv.com.ar\/#website\",\"url\":\"https:\/\/www.celttv.com.ar\/\",\"name\":\"CELTTV\",\"description\":\"Cooperativa El\u00e9ctrica de Tornquist\",\"publisher\":{\"@id\":\"https:\/\/www.celttv.com.ar\/#organization\"},\"potentialAction\":[{\"@type\":\"SearchAction\",\"target\":{\"@type\":\"EntryPoint\",\"urlTemplate\":\"https:\/\/www.celttv.com.ar\/?s={search_term_string}\"},\"query-input\":\"required name=search_term_string\"}],\"inLanguage\":\"es\"},{\"@type\":\"Organization\",\"@id\":\"https:\/\/www.celttv.com.ar\/#organization\",\"name\":\"CELTTV\",\"url\":\"https:\/\/www.celttv.com.ar\/\",\"sameAs\":[\"https:\/\/www.youtube.com\/channel\/UCz_oIt8Hig64Ub-EmcNPIhg\",\"https:\/\/www.facebook.com\/celtTV\/\"],\"logo\":{\"@type\":\"ImageObject\",\"inLanguage\":\"es\",\"@id\":\"https:\/\/www.celttv.com.ar\/#\/schema\/logo\/image\/\",\"url\":\"http:\/\/www.celttv.com.ar\/wp-content\/uploads\/2022\/08\/logo-1.png\",\"contentUrl\":\"http:\/\/www.celttv.com.ar\/wp-content\/uploads\/2022\/08\/logo-1.png\",\"width\":461,\"height\":159,\"caption\":\"CELTTV\"},\"image\":{\"@id\":\"https:\/\/www.celttv.com.ar\/#\/schema\/logo\/image\/\"}},{\"@type\":\"Person\",\"@id\":\"https:\/\/www.celttv.com.ar\/#\/schema\/person\/6d99c072dba59953809c81446e9d0ace\",\"name\":\"ulises\",\"image\":{\"@type\":\"ImageObject\",\"inLanguage\":\"es\",\"@id\":\"https:\/\/www.celttv.com.ar\/#\/schema\/person\/image\/\",\"url\":\"https:\/\/secure.gravatar.com\/avatar\/7f2c48bdc33b30088f941fb6082e555f2874c98e20cb159d7b92b50eadfce793?s=96&d=mm&r=g\",\"contentUrl\":\"https:\/\/secure.gravatar.com\/avatar\/7f2c48bdc33b30088f941fb6082e555f2874c98e20cb159d7b92b50eadfce793?s=96&d=mm&r=g\",\"caption\":\"ulises\"},\"sameAs\":[\"http:\/\/www.celttv.com.ar\"]}]}<\/script>\n<!-- \/ Yoast SEO plugin. -->","yoast_head_json":{"title":"\"EL DISTRITO MAS BONITO DE LA PROVINCIA DE BUENOS AIRES\" Mensaje del Intendente Municipal con motivo de un nuevo aniversario del Partido de Tornquist. Trankels habl\u00f3 de distintos proyectos en marcha - CELTTV","description":"Sitio web de noticias de la localidad de Tornquist, provincia de Buenos Aires, Rep\u00fablica Argentina. Contenido propio originado por periodistas de CELTTV, el canal de TV local de la Cooperativa El\u00e9ctrica de Tornquist. Turismo, Pol\u00edtica, Sociedad, Deporte, Cultura y todo el contenido de inter\u00e9s general que la gente del pueblo y la regi\u00f3n debe conocer.","robots":{"index":"index","follow":"follow","max-snippet":"max-snippet:-1","max-image-preview":"max-image-preview:large","max-video-preview":"max-video-preview:-1"},"canonical":"https:\/\/www.celttv.com.ar\/index.php\/2011\/11\/05\/el-distrito-mas-bonito-de-la-provincia-de-buenos-aires-mensaje-del-intendente-municipal-con-motivo-de-un-nuevo-aniversario-del-partido-de-tornquist-trankels-hablo-de-distintos-proyectos-en-marcha\/","og_locale":"es_ES","og_type":"article","og_title":"\"EL DISTRITO MAS BONITO DE LA PROVINCIA DE BUENOS AIRES\" Mensaje del Intendente Municipal con motivo de un nuevo aniversario del Partido de Tornquist. Trankels habl\u00f3 de distintos proyectos en marcha - CELTTV","og_description":"Sitio web de noticias de la localidad de Tornquist, provincia de Buenos Aires, Rep\u00fablica Argentina. Contenido propio originado por periodistas de CELTTV, el canal de TV local de la Cooperativa El\u00e9ctrica de Tornquist. Turismo, Pol\u00edtica, Sociedad, Deporte, Cultura y todo el contenido de inter\u00e9s general que la gente del pueblo y la regi\u00f3n debe conocer.","og_url":"https:\/\/www.celttv.com.ar\/index.php\/2011\/11\/05\/el-distrito-mas-bonito-de-la-provincia-de-buenos-aires-mensaje-del-intendente-municipal-con-motivo-de-un-nuevo-aniversario-del-partido-de-tornquist-trankels-hablo-de-distintos-proyectos-en-marcha\/","og_site_name":"CELTTV","article_publisher":"https:\/\/www.facebook.com\/celtTV\/","article_published_time":"2011-11-05T02:40:57+00:00","og_image":[{"url":"http:\/\/www.tvcnoticias.com.ar\/wp-content\/uploads\/2011\/11\/trankels-Small.jpg"}],"author":"ulises","twitter_card":"summary_large_image","twitter_misc":{"Escrito por":"ulises","Tiempo de lectura":"1 minuto"},"schema":{"@context":"https:\/\/schema.org","@graph":[{"@type":"NewsArticle","@id":"https:\/\/www.celttv.com.ar\/index.php\/2011\/11\/05\/el-distrito-mas-bonito-de-la-provincia-de-buenos-aires-mensaje-del-intendente-municipal-con-motivo-de-un-nuevo-aniversario-del-partido-de-tornquist-trankels-hablo-de-distintos-proyectos-en-marcha\/#article","isPartOf":{"@id":"https:\/\/www.celttv.com.ar\/index.php\/2011\/11\/05\/el-distrito-mas-bonito-de-la-provincia-de-buenos-aires-mensaje-del-intendente-municipal-con-motivo-de-un-nuevo-aniversario-del-partido-de-tornquist-trankels-hablo-de-distintos-proyectos-en-marcha\/"},"author":{"name":"ulises","@id":"https:\/\/www.celttv.com.ar\/#\/schema\/person\/6d99c072dba59953809c81446e9d0ace"},"headline":"&#8220;EL DISTRITO MAS BONITO DE LA PROVINCIA DE BUENOS AIRES&#8221; Mensaje del Intendente Municipal con motivo de un nuevo aniversario del Partido de Tornquist. Trankels habl\u00f3 de distintos proyectos en marcha","datePublished":"2011-11-05T02:40:57+00:00","dateModified":"2011-11-05T02:40:57+00:00","mainEntityOfPage":{"@id":"https:\/\/www.celttv.com.ar\/index.php\/2011\/11\/05\/el-distrito-mas-bonito-de-la-provincia-de-buenos-aires-mensaje-del-intendente-municipal-con-motivo-de-un-nuevo-aniversario-del-partido-de-tornquist-trankels-hablo-de-distintos-proyectos-en-marcha\/"},"wordCount":225,"publisher":{"@id":"https:\/\/www.celttv.com.ar\/#organization"},"articleSection":["Comunidad","Destacadas","Pol\u00edtica","Videos Destacados"],"inLanguage":"es"},{"@type":"WebPage","@id":"https:\/\/www.celttv.com.ar\/index.php\/2011\/11\/05\/el-distrito-mas-bonito-de-la-provincia-de-buenos-aires-mensaje-del-intendente-municipal-con-motivo-de-un-nuevo-aniversario-del-partido-de-tornquist-trankels-hablo-de-distintos-proyectos-en-marcha\/","url":"https:\/\/www.celttv.com.ar\/index.php\/2011\/11\/05\/el-distrito-mas-bonito-de-la-provincia-de-buenos-aires-mensaje-del-intendente-municipal-con-motivo-de-un-nuevo-aniversario-del-partido-de-tornquist-trankels-hablo-de-distintos-proyectos-en-marcha\/","name":"\"EL DISTRITO MAS BONITO DE LA PROVINCIA DE BUENOS AIRES\" Mensaje del Intendente Municipal con motivo de un nuevo aniversario del Partido de Tornquist. Trankels habl\u00f3 de distintos proyectos en marcha - CELTTV","isPartOf":{"@id":"https:\/\/www.celttv.com.ar\/#website"},"datePublished":"2011-11-05T02:40:57+00:00","dateModified":"2011-11-05T02:40:57+00:00","description":"Sitio web de noticias de la localidad de Tornquist, provincia de Buenos Aires, Rep\u00fablica Argentina. Contenido propio originado por periodistas de CELTTV, el canal de TV local de la Cooperativa El\u00e9ctrica de Tornquist. Turismo, Pol\u00edtica, Sociedad, Deporte, Cultura y todo el contenido de inter\u00e9s general que la gente del pueblo y la regi\u00f3n debe conocer.","breadcrumb":{"@id":"https:\/\/www.celttv.com.ar\/index.php\/2011\/11\/05\/el-distrito-mas-bonito-de-la-provincia-de-buenos-aires-mensaje-del-intendente-municipal-con-motivo-de-un-nuevo-aniversario-del-partido-de-tornquist-trankels-hablo-de-distintos-proyectos-en-marcha\/#breadcrumb"},"inLanguage":"es","potentialAction":[{"@type":"ReadAction","target":["https:\/\/www.celttv.com.ar\/index.php\/2011\/11\/05\/el-distrito-mas-bonito-de-la-provincia-de-buenos-aires-mensaje-del-intendente-municipal-con-motivo-de-un-nuevo-aniversario-del-partido-de-tornquist-trankels-hablo-de-distintos-proyectos-en-marcha\/"]}]},{"@type":"BreadcrumbList","@id":"https:\/\/www.celttv.com.ar\/index.php\/2011\/11\/05\/el-distrito-mas-bonito-de-la-provincia-de-buenos-aires-mensaje-del-intendente-municipal-con-motivo-de-un-nuevo-aniversario-del-partido-de-tornquist-trankels-hablo-de-distintos-proyectos-en-marcha\/#breadcrumb","itemListElement":[{"@type":"ListItem","position":1,"name":"Inicio","item":"https:\/\/www.celttv.com.ar\/"},{"@type":"ListItem","position":2,"name":"&#8220;EL DISTRITO MAS BONITO DE LA PROVINCIA DE BUENOS AIRES&#8221; Mensaje del Intendente Municipal con motivo de un nuevo aniversario del Partido de Tornquist. Trankels habl\u00f3 de distintos proyectos en marcha"}]},{"@type":"WebSite","@id":"https:\/\/www.celttv.com.ar\/#website","url":"https:\/\/www.celttv.com.ar\/","name":"CELTTV","description":"Cooperativa El\u00e9ctrica de Tornquist","publisher":{"@id":"https:\/\/www.celttv.com.ar\/#organization"},"potentialAction":[{"@type":"SearchAction","target":{"@type":"EntryPoint","urlTemplate":"https:\/\/www.celttv.com.ar\/?s={search_term_string}"},"query-input":"required name=search_term_string"}],"inLanguage":"es"},{"@type":"Organization","@id":"https:\/\/www.celttv.com.ar\/#organization","name":"CELTTV","url":"https:\/\/www.celttv.com.ar\/","sameAs":["https:\/\/www.youtube.com\/channel\/UCz_oIt8Hig64Ub-EmcNPIhg","https:\/\/www.facebook.com\/celtTV\/"],"logo":{"@type":"ImageObject","inLanguage":"es","@id":"https:\/\/www.celttv.com.ar\/#\/schema\/logo\/image\/","url":"http:\/\/www.celttv.com.ar\/wp-content\/uploads\/2022\/08\/logo-1.png","contentUrl":"http:\/\/www.celttv.com.ar\/wp-content\/uploads\/2022\/08\/logo-1.png","width":461,"height":159,"caption":"CELTTV"},"image":{"@id":"https:\/\/www.celttv.com.ar\/#\/schema\/logo\/image\/"}},{"@type":"Person","@id":"https:\/\/www.celttv.com.ar\/#\/schema\/person\/6d99c072dba59953809c81446e9d0ace","name":"ulises","image":{"@type":"ImageObject","inLanguage":"es","@id":"https:\/\/www.celttv.com.ar\/#\/schema\/person\/image\/","url":"https:\/\/secure.gravatar.com\/avatar\/7f2c48bdc33b30088f941fb6082e555f2874c98e20cb159d7b92b50eadfce793?s=96&d=mm&r=g","contentUrl":"https:\/\/secure.gravatar.com\/avatar\/7f2c48bdc33b30088f941fb6082e555f2874c98e20cb159d7b92b50eadfce793?s=96&d=mm&r=g","caption":"ulises"},"sameAs":["http:\/\/www.celttv.com.ar"]}]}},"_links":{"self":[{"href":"https:\/\/www.celttv.com.ar\/index.php\/wp-json\/wp\/v2\/posts\/2888","targetHints":{"allow":["GET"]}}],"collection":[{"href":"https:\/\/www.celttv.com.ar\/index.php\/wp-json\/wp\/v2\/posts"}],"about":[{"href":"https:\/\/www.celttv.com.ar\/index.php\/wp-json\/wp\/v2\/types\/post"}],"author":[{"embeddable":true,"href":"https:\/\/www.celttv.com.ar\/index.php\/wp-json\/wp\/v2\/users\/1"}],"replies":[{"embeddable":true,"href":"https:\/\/www.celttv.com.ar\/index.php\/wp-json\/wp\/v2\/comments?post=2888"}],"version-history":[{"count":0,"href":"https:\/\/www.celttv.com.ar\/index.php\/wp-json\/wp\/v2\/posts\/2888\/revisions"}],"wp:attachment":[{"href":"https:\/\/www.celttv.com.ar\/index.php\/wp-json\/wp\/v2\/media?parent=2888"}],"wp:term":[{"taxonomy":"category","embeddable":true,"href":"https:\/\/www.celttv.com.ar\/index.php\/wp-json\/wp\/v2\/categories?post=2888"},{"taxonomy":"post_tag","embeddable":true,"href":"https:\/\/www.celttv.com.ar\/index.php\/wp-json\/wp\/v2\/tags?post=2888"}],"curies":[{"name":"wp","href":"https:\/\/api.w.org\/{rel}","templated":true}]}}