{"id":29001,"date":"2015-06-05T21:21:45","date_gmt":"2015-06-05T21:21:45","guid":{"rendered":"http:\/\/www.tvcnoticias.com.ar\/?p=29001"},"modified":"2015-06-05T21:21:45","modified_gmt":"2015-06-05T21:21:45","slug":"el-hospital-municipal-ya-cuenta-con-su-sector-de-emergencias","status":"publish","type":"post","link":"https:\/\/www.celttv.com.ar\/index.php\/2015\/06\/05\/el-hospital-municipal-ya-cuenta-con-su-sector-de-emergencias\/","title":{"rendered":"El Hospital Municipal ya cuenta con su sector de emergencias"},"content":{"rendered":"<p><a href=\"http:\/\/www.tvcnoticias.com.ar\/?attachment_id=29012\" rel=\"attachment wp-att-29012\"><img loading=\"lazy\" decoding=\"async\" src=\"http:\/\/www.tvcnoticias.com.ar\/wp-content\/uploads\/2015\/06\/EMERN-12_resize.jpg\" alt=\"\" title=\"EMERN 12_resize\" width=\"410\" height=\"307\" class=\"aligncenter size-full wp-image-29012\" \/><\/a><br \/>\n<\/p>\n<p>   En medio de un clima de emoci\u00f3n, satisfacci\u00f3n y felicidad, se inaugur\u00f3 en la tarde de hoy el nuevo sector de emergencias \u201cDoctor Juan de Dios Rodr\u00edguez Lehmann\u201d del Hospital Municipal, que permitir\u00e1 optimizar la atenci\u00f3n que se brinda en el principal centro asistencial de nuestro distrito.<br \/>\n   El acto se desarroll\u00f3 en el exterior de las flamantes instalaciones, con la presencia del intendente municipal, licenciado Gustavo Trankels; el Director de la Regi\u00f3n Sanitaria I, doctor Guillermo Quevedo; integrantes del Departamento Ejecutivo; el presidente del C\u00edrculo M\u00e9dico de Tornquist, doctor Gustavo D\u00edaz, y dem\u00e1s miembros de la instituci\u00f3n; representantes del Colegio de M\u00e9dicos de la Provincia de Buenos Aires, concejales, consejeros escolares, autoridades religiosas y educativas; representantes de instituciones; y vecinos de la comunidad.<br \/>\n   \u201cEs un d\u00eda muy lindo. Esto era un sue\u00f1o y lo hab\u00edamos propuesto con mucha fuerza y ganas, por eso fuimos encontrando en el camino a gente que fue sumando la voluntad y la buena onda de trabajar por este pueblo y a todos ellos les agradezco en este d\u00eda. Esta obra es un motivo m\u00e1s para que nos sintamos orgullosos, porque casi la totalidad de lo que est\u00e1 construido ac\u00e1 se realiz\u00f3 con mano de obra de nuestra ciudad y pensado por nuestra gente\u201d, se\u00f1al\u00f3 el jefe comunal.<br \/>\n   \u201cAgradezco al ministro de Salud provincial, Alejandro Collia, y al gobernador Daniel Scioli, que una vez m\u00e1s nos escucharon y nos dieron el apoyo, porque sin esa mano esta obra no hubiera sido posible\u201d, a\u00f1adi\u00f3.<br \/>\n   Trankels le agradeci\u00f3 a los integrantes de la Secretar\u00eda de Obras y Servicios P\u00fablicos, encabezada por Anabella Madue\u00f1a, y la Secretar\u00eda de Salud, adem\u00e1s de los profesionales y el personal que se desempe\u00f1an en el hospital y todos los que trabajaron en la construcci\u00f3n de la ampliaci\u00f3n.<br \/>\n   \u201cCon el bloque de concejales del Frente para la Victoria tomamos la iniciativa de imponerle el nombre a este lugar de una persona que le ha rendido homenaje a su profesi\u00f3n, al que todos valoramos por su capacidad y porque, los que tuvimos la suerte de conocerlo, no vamos a olvidar nunca lo que signific\u00f3 Juan de Dios Rodr\u00edguez Lehmann para nosotros. Lo vamos a tener en el coraz\u00f3n por siempre\u201d, resalt\u00f3.<br \/>\n   La ceremonia incluy\u00f3 las bendiciones a cargo del cura p\u00e1rroco Norberto L\u00f3pez y el pastor David Sandoval, presidente de la Confraternidad de Pastores de Tornquist.<br \/>\n   \u201cEs el Estado el que tiene que hacerse cargo de las complejidades del sistema de salud. Esta es la participaci\u00f3n t\u00edpica de este Estado, alguien que se expres\u00f3 sobre cu\u00e1les son las necesidades del pueblo y alguien que las escuch\u00f3 y las transmiti\u00f3, como fue el intendente Gustavo Trankels, que m\u00e1s de una vez le toc\u00f3 la puerta al Ministro. Y esa gesti\u00f3n se tradujo en que hoy toda la comunidad de Tornquist pueda contar con estas instalaciones\u201d, enfatiz\u00f3.<br \/>\n   Uno de los momentos m\u00e1s trascendentes del acto fue el corte de cintas, que estuvo a cargo del intendente Trankels, Quevedo, la secretaria de Obras y Servicios P\u00fablicos, arquitecta Anabella Madue\u00f1a; la secretaria de Salud, licenciada Mirta Avila; y la subsecretaria de Salud, doctora Ver\u00f3nica Castro.<br \/>\n   Luego se le dio paso al descubrimiento de dos placas alusivas, una de la gesti\u00f3n de gobierno municipal y otra del C\u00edrculo M\u00e9dico de Tornquist.<br \/>\n   Una vez concluida la parte protocolar, los asistentes visitaron las nuevas instalaciones.<br \/>\nDetalles de la obra<br \/>\n   La inauguraci\u00f3n del sector de emergencias optimiza la atenci\u00f3n que se brinda en el principal efector de salud del distrito, debido a que las guardias y emergencias pasan a prestarse en el lugar, favoreciendo la r\u00e1pida atenci\u00f3n de las urgencias.<br \/>\n   La construcci\u00f3n, que comprende m\u00e1s de 140 metros cuadrados cubiertos, cuenta con un shock room, especialmente dise\u00f1ado para la reanimaci\u00f3n y estabilizaci\u00f3n del paciente cr\u00edticamente enfermo. El sector est\u00e1 equipado con la mayor complejidad para el diagn\u00f3stico y tratamiento del paciente agudo grave.<br \/>\n   Adem\u00e1s, la obra incluye una habitaci\u00f3n de observaci\u00f3n con ba\u00f1o, office de enfermer\u00eda, sala de espera con ba\u00f1o adaptado para personas en silla de rueda y un consultorio de atenci\u00f3n de guardias.<br \/>\n   Esta obra permitir\u00e1 reorganizar todo el sistema de atenci\u00f3n de emergencias del Hospital Municipal, incluido el ingreso y egreso de ambulancias, que se efectuar\u00e1 desde avenida Lavalle y calle Uriburu, respectivamente. De esta forma, se genera un lugar exclusivo para la atenci\u00f3n r\u00e1pida en caso de urgencia.<br \/>\n   Acompa\u00f1ando la intervenci\u00f3n, se ejecutaron obras complementarias: una d\u00e1rsena para estacionamiento vehicular, una vereda de acceso peatonal al nuevo sitio, sector para estacionamiento de bicicletas, iluminaci\u00f3n acorde y equipamiento complementario.<br \/>\n   A partir de la puesta en funcionamiento de las nuevas instalaciones, se contar\u00e1 con un hospital modernizado, de r\u00e1pida atenci\u00f3n de la urgencia y acorde con las necesidades de los vecinos del distrito.<\/p>\n","protected":false},"excerpt":{"rendered":"<p>En medio de un clima de emoci\u00f3n, satisfacci\u00f3n y felicidad, se inaugur\u00f3 en la tarde de hoy el nuevo sector de emergencias \u201cDoctor Juan de Dios Rodr\u00edguez Lehmann\u201d del Hospital Municipal, que permitir\u00e1 optimizar la atenci\u00f3n que se brinda en el principal centro asistencial de nuestro distrito. El acto se desarroll\u00f3 en el exterior de [&hellip;]<\/p>\n","protected":false},"author":1,"featured_media":0,"comment_status":"closed","ping_status":"open","sticky":false,"template":"","format":"standard","meta":{"footnotes":""},"categories":[52,53],"tags":[],"class_list":["post-29001","post","type-post","status-publish","format-standard","hentry","category-destacadas","category-politica"],"yoast_head":"<!-- This site is optimized with the Yoast SEO plugin v19.7.1 - https:\/\/yoast.com\/wordpress\/plugins\/seo\/ -->\n<title>El Hospital Municipal ya cuenta con su sector de emergencias - CELTTV<\/title>\n<meta name=\"description\" content=\"Sitio web de noticias de la localidad de Tornquist, provincia de Buenos Aires, Rep\u00fablica Argentina. Contenido propio originado por periodistas de CELTTV, el canal de TV local de la Cooperativa El\u00e9ctrica de Tornquist. Turismo, Pol\u00edtica, Sociedad, Deporte, Cultura y todo el contenido de inter\u00e9s general que la gente del pueblo y la regi\u00f3n debe conocer.\" \/>\n<meta name=\"robots\" content=\"index, follow, max-snippet:-1, max-image-preview:large, max-video-preview:-1\" \/>\n<link rel=\"canonical\" href=\"https:\/\/www.celttv.com.ar\/index.php\/2015\/06\/05\/el-hospital-municipal-ya-cuenta-con-su-sector-de-emergencias\/\" \/>\n<meta property=\"og:locale\" content=\"es_ES\" \/>\n<meta property=\"og:type\" content=\"article\" \/>\n<meta property=\"og:title\" content=\"El Hospital Municipal ya cuenta con su sector de emergencias - CELTTV\" \/>\n<meta property=\"og:description\" content=\"Sitio web de noticias de la localidad de Tornquist, provincia de Buenos Aires, Rep\u00fablica Argentina. Contenido propio originado por periodistas de CELTTV, el canal de TV local de la Cooperativa El\u00e9ctrica de Tornquist. Turismo, Pol\u00edtica, Sociedad, Deporte, Cultura y todo el contenido de inter\u00e9s general que la gente del pueblo y la regi\u00f3n debe conocer.\" \/>\n<meta property=\"og:url\" content=\"https:\/\/www.celttv.com.ar\/index.php\/2015\/06\/05\/el-hospital-municipal-ya-cuenta-con-su-sector-de-emergencias\/\" \/>\n<meta property=\"og:site_name\" content=\"CELTTV\" \/>\n<meta property=\"article:publisher\" content=\"https:\/\/www.facebook.com\/celtTV\/\" \/>\n<meta property=\"article:published_time\" content=\"2015-06-05T21:21:45+00:00\" \/>\n<meta property=\"og:image\" content=\"http:\/\/www.tvcnoticias.com.ar\/wp-content\/uploads\/2015\/06\/EMERN-12_resize.jpg\" \/>\n<meta name=\"author\" content=\"ulises\" \/>\n<meta name=\"twitter:card\" content=\"summary_large_image\" \/>\n<meta name=\"twitter:label1\" content=\"Escrito por\" \/>\n\t<meta name=\"twitter:data1\" content=\"ulises\" \/>\n\t<meta name=\"twitter:label2\" content=\"Tiempo de lectura\" \/>\n\t<meta name=\"twitter:data2\" content=\"4 minutos\" \/>\n<script type=\"application\/ld+json\" class=\"yoast-schema-graph\">{\"@context\":\"https:\/\/schema.org\",\"@graph\":[{\"@type\":\"NewsArticle\",\"@id\":\"https:\/\/www.celttv.com.ar\/index.php\/2015\/06\/05\/el-hospital-municipal-ya-cuenta-con-su-sector-de-emergencias\/#article\",\"isPartOf\":{\"@id\":\"https:\/\/www.celttv.com.ar\/index.php\/2015\/06\/05\/el-hospital-municipal-ya-cuenta-con-su-sector-de-emergencias\/\"},\"author\":{\"name\":\"ulises\",\"@id\":\"https:\/\/www.celttv.com.ar\/#\/schema\/person\/6d99c072dba59953809c81446e9d0ace\"},\"headline\":\"El Hospital Municipal ya cuenta con su sector de emergencias\",\"datePublished\":\"2015-06-05T21:21:45+00:00\",\"dateModified\":\"2015-06-05T21:21:45+00:00\",\"mainEntityOfPage\":{\"@id\":\"https:\/\/www.celttv.com.ar\/index.php\/2015\/06\/05\/el-hospital-municipal-ya-cuenta-con-su-sector-de-emergencias\/\"},\"wordCount\":863,\"publisher\":{\"@id\":\"https:\/\/www.celttv.com.ar\/#organization\"},\"articleSection\":[\"Destacadas\",\"Pol\u00edtica\"],\"inLanguage\":\"es\"},{\"@type\":\"WebPage\",\"@id\":\"https:\/\/www.celttv.com.ar\/index.php\/2015\/06\/05\/el-hospital-municipal-ya-cuenta-con-su-sector-de-emergencias\/\",\"url\":\"https:\/\/www.celttv.com.ar\/index.php\/2015\/06\/05\/el-hospital-municipal-ya-cuenta-con-su-sector-de-emergencias\/\",\"name\":\"El Hospital Municipal ya cuenta con su sector de emergencias - CELTTV\",\"isPartOf\":{\"@id\":\"https:\/\/www.celttv.com.ar\/#website\"},\"datePublished\":\"2015-06-05T21:21:45+00:00\",\"dateModified\":\"2015-06-05T21:21:45+00:00\",\"description\":\"Sitio web de noticias de la localidad de Tornquist, provincia de Buenos Aires, Rep\u00fablica Argentina. Contenido propio originado por periodistas de CELTTV, el canal de TV local de la Cooperativa El\u00e9ctrica de Tornquist. Turismo, Pol\u00edtica, Sociedad, Deporte, Cultura y todo el contenido de inter\u00e9s general que la gente del pueblo y la regi\u00f3n debe conocer.\",\"breadcrumb\":{\"@id\":\"https:\/\/www.celttv.com.ar\/index.php\/2015\/06\/05\/el-hospital-municipal-ya-cuenta-con-su-sector-de-emergencias\/#breadcrumb\"},\"inLanguage\":\"es\",\"potentialAction\":[{\"@type\":\"ReadAction\",\"target\":[\"https:\/\/www.celttv.com.ar\/index.php\/2015\/06\/05\/el-hospital-municipal-ya-cuenta-con-su-sector-de-emergencias\/\"]}]},{\"@type\":\"BreadcrumbList\",\"@id\":\"https:\/\/www.celttv.com.ar\/index.php\/2015\/06\/05\/el-hospital-municipal-ya-cuenta-con-su-sector-de-emergencias\/#breadcrumb\",\"itemListElement\":[{\"@type\":\"ListItem\",\"position\":1,\"name\":\"Inicio\",\"item\":\"https:\/\/www.celttv.com.ar\/\"},{\"@type\":\"ListItem\",\"position\":2,\"name\":\"El Hospital Municipal ya cuenta con su sector de emergencias\"}]},{\"@type\":\"WebSite\",\"@id\":\"https:\/\/www.celttv.com.ar\/#website\",\"url\":\"https:\/\/www.celttv.com.ar\/\",\"name\":\"CELTTV\",\"description\":\"Cooperativa El\u00e9ctrica de Tornquist\",\"publisher\":{\"@id\":\"https:\/\/www.celttv.com.ar\/#organization\"},\"potentialAction\":[{\"@type\":\"SearchAction\",\"target\":{\"@type\":\"EntryPoint\",\"urlTemplate\":\"https:\/\/www.celttv.com.ar\/?s={search_term_string}\"},\"query-input\":\"required name=search_term_string\"}],\"inLanguage\":\"es\"},{\"@type\":\"Organization\",\"@id\":\"https:\/\/www.celttv.com.ar\/#organization\",\"name\":\"CELTTV\",\"url\":\"https:\/\/www.celttv.com.ar\/\",\"sameAs\":[\"https:\/\/www.youtube.com\/channel\/UCz_oIt8Hig64Ub-EmcNPIhg\",\"https:\/\/www.facebook.com\/celtTV\/\"],\"logo\":{\"@type\":\"ImageObject\",\"inLanguage\":\"es\",\"@id\":\"https:\/\/www.celttv.com.ar\/#\/schema\/logo\/image\/\",\"url\":\"http:\/\/www.celttv.com.ar\/wp-content\/uploads\/2022\/08\/logo-1.png\",\"contentUrl\":\"http:\/\/www.celttv.com.ar\/wp-content\/uploads\/2022\/08\/logo-1.png\",\"width\":461,\"height\":159,\"caption\":\"CELTTV\"},\"image\":{\"@id\":\"https:\/\/www.celttv.com.ar\/#\/schema\/logo\/image\/\"}},{\"@type\":\"Person\",\"@id\":\"https:\/\/www.celttv.com.ar\/#\/schema\/person\/6d99c072dba59953809c81446e9d0ace\",\"name\":\"ulises\",\"image\":{\"@type\":\"ImageObject\",\"inLanguage\":\"es\",\"@id\":\"https:\/\/www.celttv.com.ar\/#\/schema\/person\/image\/\",\"url\":\"https:\/\/secure.gravatar.com\/avatar\/7f2c48bdc33b30088f941fb6082e555f2874c98e20cb159d7b92b50eadfce793?s=96&d=mm&r=g\",\"contentUrl\":\"https:\/\/secure.gravatar.com\/avatar\/7f2c48bdc33b30088f941fb6082e555f2874c98e20cb159d7b92b50eadfce793?s=96&d=mm&r=g\",\"caption\":\"ulises\"},\"sameAs\":[\"http:\/\/www.celttv.com.ar\"]}]}<\/script>\n<!-- \/ Yoast SEO plugin. -->","yoast_head_json":{"title":"El Hospital Municipal ya cuenta con su sector de emergencias - CELTTV","description":"Sitio web de noticias de la localidad de Tornquist, provincia de Buenos Aires, Rep\u00fablica Argentina. Contenido propio originado por periodistas de CELTTV, el canal de TV local de la Cooperativa El\u00e9ctrica de Tornquist. Turismo, Pol\u00edtica, Sociedad, Deporte, Cultura y todo el contenido de inter\u00e9s general que la gente del pueblo y la regi\u00f3n debe conocer.","robots":{"index":"index","follow":"follow","max-snippet":"max-snippet:-1","max-image-preview":"max-image-preview:large","max-video-preview":"max-video-preview:-1"},"canonical":"https:\/\/www.celttv.com.ar\/index.php\/2015\/06\/05\/el-hospital-municipal-ya-cuenta-con-su-sector-de-emergencias\/","og_locale":"es_ES","og_type":"article","og_title":"El Hospital Municipal ya cuenta con su sector de emergencias - CELTTV","og_description":"Sitio web de noticias de la localidad de Tornquist, provincia de Buenos Aires, Rep\u00fablica Argentina. Contenido propio originado por periodistas de CELTTV, el canal de TV local de la Cooperativa El\u00e9ctrica de Tornquist. Turismo, Pol\u00edtica, Sociedad, Deporte, Cultura y todo el contenido de inter\u00e9s general que la gente del pueblo y la regi\u00f3n debe conocer.","og_url":"https:\/\/www.celttv.com.ar\/index.php\/2015\/06\/05\/el-hospital-municipal-ya-cuenta-con-su-sector-de-emergencias\/","og_site_name":"CELTTV","article_publisher":"https:\/\/www.facebook.com\/celtTV\/","article_published_time":"2015-06-05T21:21:45+00:00","og_image":[{"url":"http:\/\/www.tvcnoticias.com.ar\/wp-content\/uploads\/2015\/06\/EMERN-12_resize.jpg"}],"author":"ulises","twitter_card":"summary_large_image","twitter_misc":{"Escrito por":"ulises","Tiempo de lectura":"4 minutos"},"schema":{"@context":"https:\/\/schema.org","@graph":[{"@type":"NewsArticle","@id":"https:\/\/www.celttv.com.ar\/index.php\/2015\/06\/05\/el-hospital-municipal-ya-cuenta-con-su-sector-de-emergencias\/#article","isPartOf":{"@id":"https:\/\/www.celttv.com.ar\/index.php\/2015\/06\/05\/el-hospital-municipal-ya-cuenta-con-su-sector-de-emergencias\/"},"author":{"name":"ulises","@id":"https:\/\/www.celttv.com.ar\/#\/schema\/person\/6d99c072dba59953809c81446e9d0ace"},"headline":"El Hospital Municipal ya cuenta con su sector de emergencias","datePublished":"2015-06-05T21:21:45+00:00","dateModified":"2015-06-05T21:21:45+00:00","mainEntityOfPage":{"@id":"https:\/\/www.celttv.com.ar\/index.php\/2015\/06\/05\/el-hospital-municipal-ya-cuenta-con-su-sector-de-emergencias\/"},"wordCount":863,"publisher":{"@id":"https:\/\/www.celttv.com.ar\/#organization"},"articleSection":["Destacadas","Pol\u00edtica"],"inLanguage":"es"},{"@type":"WebPage","@id":"https:\/\/www.celttv.com.ar\/index.php\/2015\/06\/05\/el-hospital-municipal-ya-cuenta-con-su-sector-de-emergencias\/","url":"https:\/\/www.celttv.com.ar\/index.php\/2015\/06\/05\/el-hospital-municipal-ya-cuenta-con-su-sector-de-emergencias\/","name":"El Hospital Municipal ya cuenta con su sector de emergencias - CELTTV","isPartOf":{"@id":"https:\/\/www.celttv.com.ar\/#website"},"datePublished":"2015-06-05T21:21:45+00:00","dateModified":"2015-06-05T21:21:45+00:00","description":"Sitio web de noticias de la localidad de Tornquist, provincia de Buenos Aires, Rep\u00fablica Argentina. Contenido propio originado por periodistas de CELTTV, el canal de TV local de la Cooperativa El\u00e9ctrica de Tornquist. Turismo, Pol\u00edtica, Sociedad, Deporte, Cultura y todo el contenido de inter\u00e9s general que la gente del pueblo y la regi\u00f3n debe conocer.","breadcrumb":{"@id":"https:\/\/www.celttv.com.ar\/index.php\/2015\/06\/05\/el-hospital-municipal-ya-cuenta-con-su-sector-de-emergencias\/#breadcrumb"},"inLanguage":"es","potentialAction":[{"@type":"ReadAction","target":["https:\/\/www.celttv.com.ar\/index.php\/2015\/06\/05\/el-hospital-municipal-ya-cuenta-con-su-sector-de-emergencias\/"]}]},{"@type":"BreadcrumbList","@id":"https:\/\/www.celttv.com.ar\/index.php\/2015\/06\/05\/el-hospital-municipal-ya-cuenta-con-su-sector-de-emergencias\/#breadcrumb","itemListElement":[{"@type":"ListItem","position":1,"name":"Inicio","item":"https:\/\/www.celttv.com.ar\/"},{"@type":"ListItem","position":2,"name":"El Hospital Municipal ya cuenta con su sector de emergencias"}]},{"@type":"WebSite","@id":"https:\/\/www.celttv.com.ar\/#website","url":"https:\/\/www.celttv.com.ar\/","name":"CELTTV","description":"Cooperativa El\u00e9ctrica de Tornquist","publisher":{"@id":"https:\/\/www.celttv.com.ar\/#organization"},"potentialAction":[{"@type":"SearchAction","target":{"@type":"EntryPoint","urlTemplate":"https:\/\/www.celttv.com.ar\/?s={search_term_string}"},"query-input":"required name=search_term_string"}],"inLanguage":"es"},{"@type":"Organization","@id":"https:\/\/www.celttv.com.ar\/#organization","name":"CELTTV","url":"https:\/\/www.celttv.com.ar\/","sameAs":["https:\/\/www.youtube.com\/channel\/UCz_oIt8Hig64Ub-EmcNPIhg","https:\/\/www.facebook.com\/celtTV\/"],"logo":{"@type":"ImageObject","inLanguage":"es","@id":"https:\/\/www.celttv.com.ar\/#\/schema\/logo\/image\/","url":"http:\/\/www.celttv.com.ar\/wp-content\/uploads\/2022\/08\/logo-1.png","contentUrl":"http:\/\/www.celttv.com.ar\/wp-content\/uploads\/2022\/08\/logo-1.png","width":461,"height":159,"caption":"CELTTV"},"image":{"@id":"https:\/\/www.celttv.com.ar\/#\/schema\/logo\/image\/"}},{"@type":"Person","@id":"https:\/\/www.celttv.com.ar\/#\/schema\/person\/6d99c072dba59953809c81446e9d0ace","name":"ulises","image":{"@type":"ImageObject","inLanguage":"es","@id":"https:\/\/www.celttv.com.ar\/#\/schema\/person\/image\/","url":"https:\/\/secure.gravatar.com\/avatar\/7f2c48bdc33b30088f941fb6082e555f2874c98e20cb159d7b92b50eadfce793?s=96&d=mm&r=g","contentUrl":"https:\/\/secure.gravatar.com\/avatar\/7f2c48bdc33b30088f941fb6082e555f2874c98e20cb159d7b92b50eadfce793?s=96&d=mm&r=g","caption":"ulises"},"sameAs":["http:\/\/www.celttv.com.ar"]}]}},"_links":{"self":[{"href":"https:\/\/www.celttv.com.ar\/index.php\/wp-json\/wp\/v2\/posts\/29001","targetHints":{"allow":["GET"]}}],"collection":[{"href":"https:\/\/www.celttv.com.ar\/index.php\/wp-json\/wp\/v2\/posts"}],"about":[{"href":"https:\/\/www.celttv.com.ar\/index.php\/wp-json\/wp\/v2\/types\/post"}],"author":[{"embeddable":true,"href":"https:\/\/www.celttv.com.ar\/index.php\/wp-json\/wp\/v2\/users\/1"}],"replies":[{"embeddable":true,"href":"https:\/\/www.celttv.com.ar\/index.php\/wp-json\/wp\/v2\/comments?post=29001"}],"version-history":[{"count":0,"href":"https:\/\/www.celttv.com.ar\/index.php\/wp-json\/wp\/v2\/posts\/29001\/revisions"}],"wp:attachment":[{"href":"https:\/\/www.celttv.com.ar\/index.php\/wp-json\/wp\/v2\/media?parent=29001"}],"wp:term":[{"taxonomy":"category","embeddable":true,"href":"https:\/\/www.celttv.com.ar\/index.php\/wp-json\/wp\/v2\/categories?post=29001"},{"taxonomy":"post_tag","embeddable":true,"href":"https:\/\/www.celttv.com.ar\/index.php\/wp-json\/wp\/v2\/tags?post=29001"}],"curies":[{"name":"wp","href":"https:\/\/api.w.org\/{rel}","templated":true}]}}