{"id":29181,"date":"2015-06-19T22:31:34","date_gmt":"2015-06-19T22:31:34","guid":{"rendered":"http:\/\/www.tvcnoticias.com.ar\/?p=29181"},"modified":"2015-06-19T22:31:34","modified_gmt":"2015-06-19T22:31:34","slug":"se-registro-un-incendio-de-pastos-naturales-que-afecto-anosos-arboles-de-eucaliptos-video-tvc-noticias-foto-noticias-tornquist","status":"publish","type":"post","link":"https:\/\/www.celttv.com.ar\/index.php\/2015\/06\/19\/se-registro-un-incendio-de-pastos-naturales-que-afecto-anosos-arboles-de-eucaliptos-video-tvc-noticias-foto-noticias-tornquist\/","title":{"rendered":"Se registr\u00f3 un incendio de pastos naturales que afect\u00f3 a\u00f1osos \u00e1rboles de eucaliptos (video) TVC Noticias Foto: Noticias Tornquist"},"content":{"rendered":"<p>httpv:\/\/www.youtube.com\/watch?v=U70BWxskzBc<br \/>\nCerca de la hora 18.30 de este viernes se escuch\u00f3 la sirena desde el cuartel local de Bomberos.<br \/>\nAl ser consultados, los servidores p\u00fablicos informaron que se hab\u00eda producido un incendio en el sector de la ex feria de la Cooperativa Rural detr\u00e1s de las v\u00edas del Ferrocarril. En ese lugar el fuego que se presume fue provocado por el toque de cables debido al fuerte viento que super\u00f3 los 60 kil\u00f3metros en la hora provoc\u00f3 el incendio que tom\u00f3 varias plantas del sector y pastizales aleda\u00f1os.<br \/>\nPersonal de la Cooperativa El\u00e9ctrica trabajaba junto a Bomberos y Polic\u00eda con un fuerte viento reinante.<\/p>\n","protected":false},"excerpt":{"rendered":"<p>httpv:\/\/www.youtube.com\/watch?v=U70BWxskzBc Cerca de la hora 18.30 de este viernes se escuch\u00f3 la sirena desde el cuartel local de Bomberos. Al ser consultados, los servidores p\u00fablicos informaron que se hab\u00eda producido un incendio en el sector de la ex feria de la Cooperativa Rural detr\u00e1s de las v\u00edas del Ferrocarril. En ese lugar el fuego que [&hellip;]<\/p>\n","protected":false},"author":1,"featured_media":0,"comment_status":"closed","ping_status":"open","sticky":false,"template":"","format":"standard","meta":{"footnotes":""},"categories":[52,61,64],"tags":[],"class_list":["post-29181","post","type-post","status-publish","format-standard","hentry","category-destacadas","category-policiales","category-videos-destacados"],"yoast_head":"<!-- This site is optimized with the Yoast SEO plugin v19.7.1 - https:\/\/yoast.com\/wordpress\/plugins\/seo\/ -->\n<title>Se registr\u00f3 un incendio de pastos naturales que afect\u00f3 a\u00f1osos \u00e1rboles de eucaliptos (video) TVC Noticias Foto: Noticias Tornquist - CELTTV<\/title>\n<meta name=\"description\" content=\"Sitio web de noticias de la localidad de Tornquist, provincia de Buenos Aires, Rep\u00fablica Argentina. Contenido propio originado por periodistas de CELTTV, el canal de TV local de la Cooperativa El\u00e9ctrica de Tornquist. Turismo, Pol\u00edtica, Sociedad, Deporte, Cultura y todo el contenido de inter\u00e9s general que la gente del pueblo y la regi\u00f3n debe conocer.\" \/>\n<meta name=\"robots\" content=\"index, follow, max-snippet:-1, max-image-preview:large, max-video-preview:-1\" \/>\n<link rel=\"canonical\" href=\"https:\/\/www.celttv.com.ar\/index.php\/2015\/06\/19\/se-registro-un-incendio-de-pastos-naturales-que-afecto-anosos-arboles-de-eucaliptos-video-tvc-noticias-foto-noticias-tornquist\/\" \/>\n<meta property=\"og:locale\" content=\"es_ES\" \/>\n<meta property=\"og:type\" content=\"article\" \/>\n<meta property=\"og:title\" content=\"Se registr\u00f3 un incendio de pastos naturales que afect\u00f3 a\u00f1osos \u00e1rboles de eucaliptos (video) TVC Noticias Foto: Noticias Tornquist - CELTTV\" \/>\n<meta property=\"og:description\" content=\"Sitio web de noticias de la localidad de Tornquist, provincia de Buenos Aires, Rep\u00fablica Argentina. Contenido propio originado por periodistas de CELTTV, el canal de TV local de la Cooperativa El\u00e9ctrica de Tornquist. Turismo, Pol\u00edtica, Sociedad, Deporte, Cultura y todo el contenido de inter\u00e9s general que la gente del pueblo y la regi\u00f3n debe conocer.\" \/>\n<meta property=\"og:url\" content=\"https:\/\/www.celttv.com.ar\/index.php\/2015\/06\/19\/se-registro-un-incendio-de-pastos-naturales-que-afecto-anosos-arboles-de-eucaliptos-video-tvc-noticias-foto-noticias-tornquist\/\" \/>\n<meta property=\"og:site_name\" content=\"CELTTV\" \/>\n<meta property=\"article:publisher\" content=\"https:\/\/www.facebook.com\/celtTV\/\" \/>\n<meta property=\"article:published_time\" content=\"2015-06-19T22:31:34+00:00\" \/>\n<meta name=\"author\" content=\"ulises\" \/>\n<meta name=\"twitter:card\" content=\"summary_large_image\" \/>\n<meta name=\"twitter:label1\" content=\"Escrito por\" \/>\n\t<meta name=\"twitter:data1\" content=\"ulises\" \/>\n\t<meta name=\"twitter:label2\" content=\"Tiempo de lectura\" \/>\n\t<meta name=\"twitter:data2\" content=\"1 minuto\" \/>\n<script type=\"application\/ld+json\" class=\"yoast-schema-graph\">{\"@context\":\"https:\/\/schema.org\",\"@graph\":[{\"@type\":\"NewsArticle\",\"@id\":\"https:\/\/www.celttv.com.ar\/index.php\/2015\/06\/19\/se-registro-un-incendio-de-pastos-naturales-que-afecto-anosos-arboles-de-eucaliptos-video-tvc-noticias-foto-noticias-tornquist\/#article\",\"isPartOf\":{\"@id\":\"https:\/\/www.celttv.com.ar\/index.php\/2015\/06\/19\/se-registro-un-incendio-de-pastos-naturales-que-afecto-anosos-arboles-de-eucaliptos-video-tvc-noticias-foto-noticias-tornquist\/\"},\"author\":{\"name\":\"ulises\",\"@id\":\"https:\/\/www.celttv.com.ar\/#\/schema\/person\/6d99c072dba59953809c81446e9d0ace\"},\"headline\":\"Se registr\u00f3 un incendio de pastos naturales que afect\u00f3 a\u00f1osos \u00e1rboles de eucaliptos (video) TVC Noticias Foto: Noticias Tornquist\",\"datePublished\":\"2015-06-19T22:31:34+00:00\",\"dateModified\":\"2015-06-19T22:31:34+00:00\",\"mainEntityOfPage\":{\"@id\":\"https:\/\/www.celttv.com.ar\/index.php\/2015\/06\/19\/se-registro-un-incendio-de-pastos-naturales-que-afecto-anosos-arboles-de-eucaliptos-video-tvc-noticias-foto-noticias-tornquist\/\"},\"wordCount\":137,\"publisher\":{\"@id\":\"https:\/\/www.celttv.com.ar\/#organization\"},\"articleSection\":[\"Destacadas\",\"Policiales\",\"Videos Destacados\"],\"inLanguage\":\"es\"},{\"@type\":\"WebPage\",\"@id\":\"https:\/\/www.celttv.com.ar\/index.php\/2015\/06\/19\/se-registro-un-incendio-de-pastos-naturales-que-afecto-anosos-arboles-de-eucaliptos-video-tvc-noticias-foto-noticias-tornquist\/\",\"url\":\"https:\/\/www.celttv.com.ar\/index.php\/2015\/06\/19\/se-registro-un-incendio-de-pastos-naturales-que-afecto-anosos-arboles-de-eucaliptos-video-tvc-noticias-foto-noticias-tornquist\/\",\"name\":\"Se registr\u00f3 un incendio de pastos naturales que afect\u00f3 a\u00f1osos \u00e1rboles de eucaliptos (video) TVC Noticias Foto: Noticias Tornquist - CELTTV\",\"isPartOf\":{\"@id\":\"https:\/\/www.celttv.com.ar\/#website\"},\"datePublished\":\"2015-06-19T22:31:34+00:00\",\"dateModified\":\"2015-06-19T22:31:34+00:00\",\"description\":\"Sitio web de noticias de la localidad de Tornquist, provincia de Buenos Aires, Rep\u00fablica Argentina. Contenido propio originado por periodistas de CELTTV, el canal de TV local de la Cooperativa El\u00e9ctrica de Tornquist. Turismo, Pol\u00edtica, Sociedad, Deporte, Cultura y todo el contenido de inter\u00e9s general que la gente del pueblo y la regi\u00f3n debe conocer.\",\"breadcrumb\":{\"@id\":\"https:\/\/www.celttv.com.ar\/index.php\/2015\/06\/19\/se-registro-un-incendio-de-pastos-naturales-que-afecto-anosos-arboles-de-eucaliptos-video-tvc-noticias-foto-noticias-tornquist\/#breadcrumb\"},\"inLanguage\":\"es\",\"potentialAction\":[{\"@type\":\"ReadAction\",\"target\":[\"https:\/\/www.celttv.com.ar\/index.php\/2015\/06\/19\/se-registro-un-incendio-de-pastos-naturales-que-afecto-anosos-arboles-de-eucaliptos-video-tvc-noticias-foto-noticias-tornquist\/\"]}]},{\"@type\":\"BreadcrumbList\",\"@id\":\"https:\/\/www.celttv.com.ar\/index.php\/2015\/06\/19\/se-registro-un-incendio-de-pastos-naturales-que-afecto-anosos-arboles-de-eucaliptos-video-tvc-noticias-foto-noticias-tornquist\/#breadcrumb\",\"itemListElement\":[{\"@type\":\"ListItem\",\"position\":1,\"name\":\"Inicio\",\"item\":\"https:\/\/www.celttv.com.ar\/\"},{\"@type\":\"ListItem\",\"position\":2,\"name\":\"Se registr\u00f3 un incendio de pastos naturales que afect\u00f3 a\u00f1osos \u00e1rboles de eucaliptos (video) TVC Noticias Foto: Noticias Tornquist\"}]},{\"@type\":\"WebSite\",\"@id\":\"https:\/\/www.celttv.com.ar\/#website\",\"url\":\"https:\/\/www.celttv.com.ar\/\",\"name\":\"CELTTV\",\"description\":\"Cooperativa El\u00e9ctrica de Tornquist\",\"publisher\":{\"@id\":\"https:\/\/www.celttv.com.ar\/#organization\"},\"potentialAction\":[{\"@type\":\"SearchAction\",\"target\":{\"@type\":\"EntryPoint\",\"urlTemplate\":\"https:\/\/www.celttv.com.ar\/?s={search_term_string}\"},\"query-input\":\"required name=search_term_string\"}],\"inLanguage\":\"es\"},{\"@type\":\"Organization\",\"@id\":\"https:\/\/www.celttv.com.ar\/#organization\",\"name\":\"CELTTV\",\"url\":\"https:\/\/www.celttv.com.ar\/\",\"sameAs\":[\"https:\/\/www.youtube.com\/channel\/UCz_oIt8Hig64Ub-EmcNPIhg\",\"https:\/\/www.facebook.com\/celtTV\/\"],\"logo\":{\"@type\":\"ImageObject\",\"inLanguage\":\"es\",\"@id\":\"https:\/\/www.celttv.com.ar\/#\/schema\/logo\/image\/\",\"url\":\"http:\/\/www.celttv.com.ar\/wp-content\/uploads\/2022\/08\/logo-1.png\",\"contentUrl\":\"http:\/\/www.celttv.com.ar\/wp-content\/uploads\/2022\/08\/logo-1.png\",\"width\":461,\"height\":159,\"caption\":\"CELTTV\"},\"image\":{\"@id\":\"https:\/\/www.celttv.com.ar\/#\/schema\/logo\/image\/\"}},{\"@type\":\"Person\",\"@id\":\"https:\/\/www.celttv.com.ar\/#\/schema\/person\/6d99c072dba59953809c81446e9d0ace\",\"name\":\"ulises\",\"image\":{\"@type\":\"ImageObject\",\"inLanguage\":\"es\",\"@id\":\"https:\/\/www.celttv.com.ar\/#\/schema\/person\/image\/\",\"url\":\"https:\/\/secure.gravatar.com\/avatar\/7f2c48bdc33b30088f941fb6082e555f2874c98e20cb159d7b92b50eadfce793?s=96&d=mm&r=g\",\"contentUrl\":\"https:\/\/secure.gravatar.com\/avatar\/7f2c48bdc33b30088f941fb6082e555f2874c98e20cb159d7b92b50eadfce793?s=96&d=mm&r=g\",\"caption\":\"ulises\"},\"sameAs\":[\"http:\/\/www.celttv.com.ar\"]}]}<\/script>\n<!-- \/ Yoast SEO plugin. -->","yoast_head_json":{"title":"Se registr\u00f3 un incendio de pastos naturales que afect\u00f3 a\u00f1osos \u00e1rboles de eucaliptos (video) TVC Noticias Foto: Noticias Tornquist - CELTTV","description":"Sitio web de noticias de la localidad de Tornquist, provincia de Buenos Aires, Rep\u00fablica Argentina. Contenido propio originado por periodistas de CELTTV, el canal de TV local de la Cooperativa El\u00e9ctrica de Tornquist. Turismo, Pol\u00edtica, Sociedad, Deporte, Cultura y todo el contenido de inter\u00e9s general que la gente del pueblo y la regi\u00f3n debe conocer.","robots":{"index":"index","follow":"follow","max-snippet":"max-snippet:-1","max-image-preview":"max-image-preview:large","max-video-preview":"max-video-preview:-1"},"canonical":"https:\/\/www.celttv.com.ar\/index.php\/2015\/06\/19\/se-registro-un-incendio-de-pastos-naturales-que-afecto-anosos-arboles-de-eucaliptos-video-tvc-noticias-foto-noticias-tornquist\/","og_locale":"es_ES","og_type":"article","og_title":"Se registr\u00f3 un incendio de pastos naturales que afect\u00f3 a\u00f1osos \u00e1rboles de eucaliptos (video) TVC Noticias Foto: Noticias Tornquist - CELTTV","og_description":"Sitio web de noticias de la localidad de Tornquist, provincia de Buenos Aires, Rep\u00fablica Argentina. Contenido propio originado por periodistas de CELTTV, el canal de TV local de la Cooperativa El\u00e9ctrica de Tornquist. Turismo, Pol\u00edtica, Sociedad, Deporte, Cultura y todo el contenido de inter\u00e9s general que la gente del pueblo y la regi\u00f3n debe conocer.","og_url":"https:\/\/www.celttv.com.ar\/index.php\/2015\/06\/19\/se-registro-un-incendio-de-pastos-naturales-que-afecto-anosos-arboles-de-eucaliptos-video-tvc-noticias-foto-noticias-tornquist\/","og_site_name":"CELTTV","article_publisher":"https:\/\/www.facebook.com\/celtTV\/","article_published_time":"2015-06-19T22:31:34+00:00","author":"ulises","twitter_card":"summary_large_image","twitter_misc":{"Escrito por":"ulises","Tiempo de lectura":"1 minuto"},"schema":{"@context":"https:\/\/schema.org","@graph":[{"@type":"NewsArticle","@id":"https:\/\/www.celttv.com.ar\/index.php\/2015\/06\/19\/se-registro-un-incendio-de-pastos-naturales-que-afecto-anosos-arboles-de-eucaliptos-video-tvc-noticias-foto-noticias-tornquist\/#article","isPartOf":{"@id":"https:\/\/www.celttv.com.ar\/index.php\/2015\/06\/19\/se-registro-un-incendio-de-pastos-naturales-que-afecto-anosos-arboles-de-eucaliptos-video-tvc-noticias-foto-noticias-tornquist\/"},"author":{"name":"ulises","@id":"https:\/\/www.celttv.com.ar\/#\/schema\/person\/6d99c072dba59953809c81446e9d0ace"},"headline":"Se registr\u00f3 un incendio de pastos naturales que afect\u00f3 a\u00f1osos \u00e1rboles de eucaliptos (video) TVC Noticias Foto: Noticias Tornquist","datePublished":"2015-06-19T22:31:34+00:00","dateModified":"2015-06-19T22:31:34+00:00","mainEntityOfPage":{"@id":"https:\/\/www.celttv.com.ar\/index.php\/2015\/06\/19\/se-registro-un-incendio-de-pastos-naturales-que-afecto-anosos-arboles-de-eucaliptos-video-tvc-noticias-foto-noticias-tornquist\/"},"wordCount":137,"publisher":{"@id":"https:\/\/www.celttv.com.ar\/#organization"},"articleSection":["Destacadas","Policiales","Videos Destacados"],"inLanguage":"es"},{"@type":"WebPage","@id":"https:\/\/www.celttv.com.ar\/index.php\/2015\/06\/19\/se-registro-un-incendio-de-pastos-naturales-que-afecto-anosos-arboles-de-eucaliptos-video-tvc-noticias-foto-noticias-tornquist\/","url":"https:\/\/www.celttv.com.ar\/index.php\/2015\/06\/19\/se-registro-un-incendio-de-pastos-naturales-que-afecto-anosos-arboles-de-eucaliptos-video-tvc-noticias-foto-noticias-tornquist\/","name":"Se registr\u00f3 un incendio de pastos naturales que afect\u00f3 a\u00f1osos \u00e1rboles de eucaliptos (video) TVC Noticias Foto: Noticias Tornquist - CELTTV","isPartOf":{"@id":"https:\/\/www.celttv.com.ar\/#website"},"datePublished":"2015-06-19T22:31:34+00:00","dateModified":"2015-06-19T22:31:34+00:00","description":"Sitio web de noticias de la localidad de Tornquist, provincia de Buenos Aires, Rep\u00fablica Argentina. Contenido propio originado por periodistas de CELTTV, el canal de TV local de la Cooperativa El\u00e9ctrica de Tornquist. Turismo, Pol\u00edtica, Sociedad, Deporte, Cultura y todo el contenido de inter\u00e9s general que la gente del pueblo y la regi\u00f3n debe conocer.","breadcrumb":{"@id":"https:\/\/www.celttv.com.ar\/index.php\/2015\/06\/19\/se-registro-un-incendio-de-pastos-naturales-que-afecto-anosos-arboles-de-eucaliptos-video-tvc-noticias-foto-noticias-tornquist\/#breadcrumb"},"inLanguage":"es","potentialAction":[{"@type":"ReadAction","target":["https:\/\/www.celttv.com.ar\/index.php\/2015\/06\/19\/se-registro-un-incendio-de-pastos-naturales-que-afecto-anosos-arboles-de-eucaliptos-video-tvc-noticias-foto-noticias-tornquist\/"]}]},{"@type":"BreadcrumbList","@id":"https:\/\/www.celttv.com.ar\/index.php\/2015\/06\/19\/se-registro-un-incendio-de-pastos-naturales-que-afecto-anosos-arboles-de-eucaliptos-video-tvc-noticias-foto-noticias-tornquist\/#breadcrumb","itemListElement":[{"@type":"ListItem","position":1,"name":"Inicio","item":"https:\/\/www.celttv.com.ar\/"},{"@type":"ListItem","position":2,"name":"Se registr\u00f3 un incendio de pastos naturales que afect\u00f3 a\u00f1osos \u00e1rboles de eucaliptos (video) TVC Noticias Foto: Noticias Tornquist"}]},{"@type":"WebSite","@id":"https:\/\/www.celttv.com.ar\/#website","url":"https:\/\/www.celttv.com.ar\/","name":"CELTTV","description":"Cooperativa El\u00e9ctrica de Tornquist","publisher":{"@id":"https:\/\/www.celttv.com.ar\/#organization"},"potentialAction":[{"@type":"SearchAction","target":{"@type":"EntryPoint","urlTemplate":"https:\/\/www.celttv.com.ar\/?s={search_term_string}"},"query-input":"required name=search_term_string"}],"inLanguage":"es"},{"@type":"Organization","@id":"https:\/\/www.celttv.com.ar\/#organization","name":"CELTTV","url":"https:\/\/www.celttv.com.ar\/","sameAs":["https:\/\/www.youtube.com\/channel\/UCz_oIt8Hig64Ub-EmcNPIhg","https:\/\/www.facebook.com\/celtTV\/"],"logo":{"@type":"ImageObject","inLanguage":"es","@id":"https:\/\/www.celttv.com.ar\/#\/schema\/logo\/image\/","url":"http:\/\/www.celttv.com.ar\/wp-content\/uploads\/2022\/08\/logo-1.png","contentUrl":"http:\/\/www.celttv.com.ar\/wp-content\/uploads\/2022\/08\/logo-1.png","width":461,"height":159,"caption":"CELTTV"},"image":{"@id":"https:\/\/www.celttv.com.ar\/#\/schema\/logo\/image\/"}},{"@type":"Person","@id":"https:\/\/www.celttv.com.ar\/#\/schema\/person\/6d99c072dba59953809c81446e9d0ace","name":"ulises","image":{"@type":"ImageObject","inLanguage":"es","@id":"https:\/\/www.celttv.com.ar\/#\/schema\/person\/image\/","url":"https:\/\/secure.gravatar.com\/avatar\/7f2c48bdc33b30088f941fb6082e555f2874c98e20cb159d7b92b50eadfce793?s=96&d=mm&r=g","contentUrl":"https:\/\/secure.gravatar.com\/avatar\/7f2c48bdc33b30088f941fb6082e555f2874c98e20cb159d7b92b50eadfce793?s=96&d=mm&r=g","caption":"ulises"},"sameAs":["http:\/\/www.celttv.com.ar"]}]}},"_links":{"self":[{"href":"https:\/\/www.celttv.com.ar\/index.php\/wp-json\/wp\/v2\/posts\/29181","targetHints":{"allow":["GET"]}}],"collection":[{"href":"https:\/\/www.celttv.com.ar\/index.php\/wp-json\/wp\/v2\/posts"}],"about":[{"href":"https:\/\/www.celttv.com.ar\/index.php\/wp-json\/wp\/v2\/types\/post"}],"author":[{"embeddable":true,"href":"https:\/\/www.celttv.com.ar\/index.php\/wp-json\/wp\/v2\/users\/1"}],"replies":[{"embeddable":true,"href":"https:\/\/www.celttv.com.ar\/index.php\/wp-json\/wp\/v2\/comments?post=29181"}],"version-history":[{"count":0,"href":"https:\/\/www.celttv.com.ar\/index.php\/wp-json\/wp\/v2\/posts\/29181\/revisions"}],"wp:attachment":[{"href":"https:\/\/www.celttv.com.ar\/index.php\/wp-json\/wp\/v2\/media?parent=29181"}],"wp:term":[{"taxonomy":"category","embeddable":true,"href":"https:\/\/www.celttv.com.ar\/index.php\/wp-json\/wp\/v2\/categories?post=29181"},{"taxonomy":"post_tag","embeddable":true,"href":"https:\/\/www.celttv.com.ar\/index.php\/wp-json\/wp\/v2\/tags?post=29181"}],"curies":[{"name":"wp","href":"https:\/\/api.w.org\/{rel}","templated":true}]}}