{"id":29183,"date":"2015-06-20T17:52:10","date_gmt":"2015-06-20T17:52:10","guid":{"rendered":"http:\/\/www.tvcnoticias.com.ar\/?p=29183"},"modified":"2015-06-20T17:52:10","modified_gmt":"2015-06-20T17:52:10","slug":"alumnos-del-distrito-prometieron-lealtad-en-el-dia-de-la-bandera","status":"publish","type":"post","link":"https:\/\/www.celttv.com.ar\/index.php\/2015\/06\/20\/alumnos-del-distrito-prometieron-lealtad-en-el-dia-de-la-bandera\/","title":{"rendered":"Alumnos del distrito prometieron lealtad en el D\u00eda de la Bandera"},"content":{"rendered":"<p><a href=\"http:\/\/www.tvcnoticias.com.ar\/?attachment_id=29198\" rel=\"attachment wp-att-29198\"><img loading=\"lazy\" decoding=\"async\" src=\"http:\/\/www.tvcnoticias.com.ar\/wp-content\/uploads\/2015\/06\/JULIO-017_resize.jpg\" alt=\"\" title=\"JULIO 017_resize\" width=\"410\" height=\"307\" class=\"aligncenter size-full wp-image-29198\" \/><\/a><\/p>\n\n<p>   Con la promesa de lealtad a la bandera efectuada por alumnos de cuarto a\u00f1o de diferentes establecimientos educativos como aspecto saliente, se llev\u00f3 a cabo en la ma\u00f1ana de hoy el acto oficial por el D\u00eda de la Bandera, que conmemora el fallecimiento de su creador, Manuel Belgrano.<br \/>\n   La emotiva jornada se llev\u00f3 a cabo en el Teatro Municipal \u201cRodolfo Funke\u201d, con la presencia del intendente municipal, licenciado Gustavo Trankels; la Inspectora Jefe Distrital, profesora Patricia Larrainzar; miembros del Departamento Ejecutivo; consejeros escolares; autoridades policiales y de las diferentes religiones; representantes de entidades sociales y educativas; docentes; alumnos; y vecinos de la comunidad.<br \/>\n   Uno de los aspectos m\u00e1s trascendentes de la jornada result\u00f3 la promesa de lealtad a la bandera nacional efectuada por los mencionados alumnos, quienes se ubicaron en el escenario del principal espacio cultural del distrito y dieron el s\u00ed despu\u00e9s de escuchar el texto de la promesa, que fue le\u00eddo por Larrainzar.<br \/>\n   Adem\u00e1s, al cantante local Jonathan Rond\u00e1n entreg\u00f3 su cuota art\u00edstica para el acto, al entonar Aurora y el Himno Nacional Argentino.<br \/>\n   \u201cLa bandera fue representando cada uno de los momentos que sucedieron en la historia, desde los m\u00e1s alegres hasta los m\u00e1s tristes. Debe ser por eso que cada vez que la vemos flamear se nos hincha el pecho. A esta tierra la quisieron mucho nuestros patriotas y tambi\u00e9n nuestros abuelos, por eso nosotros tenemos que quererla cada d\u00eda m\u00e1s\u201d, se\u00f1al\u00f3 el intendente Trankels.<br \/>\n   \u201cEs importante que todos sepamos encontrar qu\u00e9 parte de la historia queremos escribir. No importa el lugar que ocupemos. Pensemos que tenemos como faro inspirador a Manuel Belgrano, a quien hoy vemos como un h\u00e9roe, pero que sin embargo fue un hombre de carne y hueso, aunque con un enorme coraje\u201d, a\u00f1adi\u00f3.<br \/>\n   En este sentido, el jefe comunal destac\u00f3 la entrega de Belgrano para con la Patria y su compromiso con la educaci\u00f3n, teniendo en cuenta que don\u00f3 much\u00edsimo dinero para la apertura de escuelas.<br \/>\n   \u201cNos tenemos que inspirar y ver qu\u00e9 podemos hacer cada uno desde nuestro lugar. As\u00ed vamos a descubrir cu\u00e1l es el sentido y la forma de engrandecer esta querida Patria. Si as\u00ed lo hacemos ser\u00e1 mucho m\u00e1s f\u00e1cil y seguramente podremos crear esa Naci\u00f3n Argentina tan grande y poderosa que sea capaz de cobijarnos a todos, representados en la bandera que hoy homenajeamos\u201d, consider\u00f3.<br \/>\n   Adem\u00e1s, el cura p\u00e1rroco Norberto L\u00f3pez realiz\u00f3 una invocaci\u00f3n religiosa, en la cual cit\u00f3 un mensaje dejado por el Papa Juan Pablo II, durante su visita al pa\u00eds, en 1987.<br \/>\n   Antes del cierre, se proyect\u00f3 un video en el cual se resumi\u00f3 parte de la historia de Manuel Belgrano, en la cual se destac\u00f3 su impronta, su patriotismo, su compromiso y la trascendencia de su figura en la creaci\u00f3n de nuestro querido pa\u00eds.<br \/>\n   Finalmente, el secretario de Turismo, Cultura y Deportes, Leandro Pascale, y las concejales Mar\u00eda Ofelia Skolak y Mar\u00eda Esther Parmigiani, realizaron una ofrenda floral en la figura del creador de la bandera.<\/p>\n<p>Prensa Municipalidad de Tornquist (prensa@tornquist.gov.ar)<\/p>\n","protected":false},"excerpt":{"rendered":"<p>Con la promesa de lealtad a la bandera efectuada por alumnos de cuarto a\u00f1o de diferentes establecimientos educativos como aspecto saliente, se llev\u00f3 a cabo en la ma\u00f1ana de hoy el acto oficial por el D\u00eda de la Bandera, que conmemora el fallecimiento de su creador, Manuel Belgrano. La emotiva jornada se llev\u00f3 a cabo [&hellip;]<\/p>\n","protected":false},"author":1,"featured_media":0,"comment_status":"closed","ping_status":"open","sticky":false,"template":"","format":"standard","meta":{"footnotes":""},"categories":[51,52],"tags":[],"class_list":["post-29183","post","type-post","status-publish","format-standard","hentry","category-comunidad","category-destacadas"],"yoast_head":"<!-- This site is optimized with the Yoast SEO plugin v19.7.1 - https:\/\/yoast.com\/wordpress\/plugins\/seo\/ -->\n<title>Alumnos del distrito prometieron lealtad en el D\u00eda de la Bandera - CELTTV<\/title>\n<meta name=\"description\" content=\"Sitio web de noticias de la localidad de Tornquist, provincia de Buenos Aires, Rep\u00fablica Argentina. Contenido propio originado por periodistas de CELTTV, el canal de TV local de la Cooperativa El\u00e9ctrica de Tornquist. Turismo, Pol\u00edtica, Sociedad, Deporte, Cultura y todo el contenido de inter\u00e9s general que la gente del pueblo y la regi\u00f3n debe conocer.\" \/>\n<meta name=\"robots\" content=\"index, follow, max-snippet:-1, max-image-preview:large, max-video-preview:-1\" \/>\n<link rel=\"canonical\" href=\"https:\/\/www.celttv.com.ar\/index.php\/2015\/06\/20\/alumnos-del-distrito-prometieron-lealtad-en-el-dia-de-la-bandera\/\" \/>\n<meta property=\"og:locale\" content=\"es_ES\" \/>\n<meta property=\"og:type\" content=\"article\" \/>\n<meta property=\"og:title\" content=\"Alumnos del distrito prometieron lealtad en el D\u00eda de la Bandera - CELTTV\" \/>\n<meta property=\"og:description\" content=\"Sitio web de noticias de la localidad de Tornquist, provincia de Buenos Aires, Rep\u00fablica Argentina. Contenido propio originado por periodistas de CELTTV, el canal de TV local de la Cooperativa El\u00e9ctrica de Tornquist. Turismo, Pol\u00edtica, Sociedad, Deporte, Cultura y todo el contenido de inter\u00e9s general que la gente del pueblo y la regi\u00f3n debe conocer.\" \/>\n<meta property=\"og:url\" content=\"https:\/\/www.celttv.com.ar\/index.php\/2015\/06\/20\/alumnos-del-distrito-prometieron-lealtad-en-el-dia-de-la-bandera\/\" \/>\n<meta property=\"og:site_name\" content=\"CELTTV\" \/>\n<meta property=\"article:publisher\" content=\"https:\/\/www.facebook.com\/celtTV\/\" \/>\n<meta property=\"article:published_time\" content=\"2015-06-20T17:52:10+00:00\" \/>\n<meta property=\"og:image\" content=\"http:\/\/www.tvcnoticias.com.ar\/wp-content\/uploads\/2015\/06\/JULIO-017_resize.jpg\" \/>\n<meta name=\"author\" content=\"ulises\" \/>\n<meta name=\"twitter:card\" content=\"summary_large_image\" \/>\n<meta name=\"twitter:label1\" content=\"Escrito por\" \/>\n\t<meta name=\"twitter:data1\" content=\"ulises\" \/>\n\t<meta name=\"twitter:label2\" content=\"Tiempo de lectura\" \/>\n\t<meta name=\"twitter:data2\" content=\"3 minutos\" \/>\n<script type=\"application\/ld+json\" class=\"yoast-schema-graph\">{\"@context\":\"https:\/\/schema.org\",\"@graph\":[{\"@type\":\"NewsArticle\",\"@id\":\"https:\/\/www.celttv.com.ar\/index.php\/2015\/06\/20\/alumnos-del-distrito-prometieron-lealtad-en-el-dia-de-la-bandera\/#article\",\"isPartOf\":{\"@id\":\"https:\/\/www.celttv.com.ar\/index.php\/2015\/06\/20\/alumnos-del-distrito-prometieron-lealtad-en-el-dia-de-la-bandera\/\"},\"author\":{\"name\":\"ulises\",\"@id\":\"https:\/\/www.celttv.com.ar\/#\/schema\/person\/6d99c072dba59953809c81446e9d0ace\"},\"headline\":\"Alumnos del distrito prometieron lealtad en el D\u00eda de la Bandera\",\"datePublished\":\"2015-06-20T17:52:10+00:00\",\"dateModified\":\"2015-06-20T17:52:10+00:00\",\"mainEntityOfPage\":{\"@id\":\"https:\/\/www.celttv.com.ar\/index.php\/2015\/06\/20\/alumnos-del-distrito-prometieron-lealtad-en-el-dia-de-la-bandera\/\"},\"wordCount\":545,\"publisher\":{\"@id\":\"https:\/\/www.celttv.com.ar\/#organization\"},\"articleSection\":[\"Comunidad\",\"Destacadas\"],\"inLanguage\":\"es\"},{\"@type\":\"WebPage\",\"@id\":\"https:\/\/www.celttv.com.ar\/index.php\/2015\/06\/20\/alumnos-del-distrito-prometieron-lealtad-en-el-dia-de-la-bandera\/\",\"url\":\"https:\/\/www.celttv.com.ar\/index.php\/2015\/06\/20\/alumnos-del-distrito-prometieron-lealtad-en-el-dia-de-la-bandera\/\",\"name\":\"Alumnos del distrito prometieron lealtad en el D\u00eda de la Bandera - CELTTV\",\"isPartOf\":{\"@id\":\"https:\/\/www.celttv.com.ar\/#website\"},\"datePublished\":\"2015-06-20T17:52:10+00:00\",\"dateModified\":\"2015-06-20T17:52:10+00:00\",\"description\":\"Sitio web de noticias de la localidad de Tornquist, provincia de Buenos Aires, Rep\u00fablica Argentina. Contenido propio originado por periodistas de CELTTV, el canal de TV local de la Cooperativa El\u00e9ctrica de Tornquist. Turismo, Pol\u00edtica, Sociedad, Deporte, Cultura y todo el contenido de inter\u00e9s general que la gente del pueblo y la regi\u00f3n debe conocer.\",\"breadcrumb\":{\"@id\":\"https:\/\/www.celttv.com.ar\/index.php\/2015\/06\/20\/alumnos-del-distrito-prometieron-lealtad-en-el-dia-de-la-bandera\/#breadcrumb\"},\"inLanguage\":\"es\",\"potentialAction\":[{\"@type\":\"ReadAction\",\"target\":[\"https:\/\/www.celttv.com.ar\/index.php\/2015\/06\/20\/alumnos-del-distrito-prometieron-lealtad-en-el-dia-de-la-bandera\/\"]}]},{\"@type\":\"BreadcrumbList\",\"@id\":\"https:\/\/www.celttv.com.ar\/index.php\/2015\/06\/20\/alumnos-del-distrito-prometieron-lealtad-en-el-dia-de-la-bandera\/#breadcrumb\",\"itemListElement\":[{\"@type\":\"ListItem\",\"position\":1,\"name\":\"Inicio\",\"item\":\"https:\/\/www.celttv.com.ar\/\"},{\"@type\":\"ListItem\",\"position\":2,\"name\":\"Alumnos del distrito prometieron lealtad en el D\u00eda de la Bandera\"}]},{\"@type\":\"WebSite\",\"@id\":\"https:\/\/www.celttv.com.ar\/#website\",\"url\":\"https:\/\/www.celttv.com.ar\/\",\"name\":\"CELTTV\",\"description\":\"Cooperativa El\u00e9ctrica de Tornquist\",\"publisher\":{\"@id\":\"https:\/\/www.celttv.com.ar\/#organization\"},\"potentialAction\":[{\"@type\":\"SearchAction\",\"target\":{\"@type\":\"EntryPoint\",\"urlTemplate\":\"https:\/\/www.celttv.com.ar\/?s={search_term_string}\"},\"query-input\":\"required name=search_term_string\"}],\"inLanguage\":\"es\"},{\"@type\":\"Organization\",\"@id\":\"https:\/\/www.celttv.com.ar\/#organization\",\"name\":\"CELTTV\",\"url\":\"https:\/\/www.celttv.com.ar\/\",\"sameAs\":[\"https:\/\/www.youtube.com\/channel\/UCz_oIt8Hig64Ub-EmcNPIhg\",\"https:\/\/www.facebook.com\/celtTV\/\"],\"logo\":{\"@type\":\"ImageObject\",\"inLanguage\":\"es\",\"@id\":\"https:\/\/www.celttv.com.ar\/#\/schema\/logo\/image\/\",\"url\":\"http:\/\/www.celttv.com.ar\/wp-content\/uploads\/2022\/08\/logo-1.png\",\"contentUrl\":\"http:\/\/www.celttv.com.ar\/wp-content\/uploads\/2022\/08\/logo-1.png\",\"width\":461,\"height\":159,\"caption\":\"CELTTV\"},\"image\":{\"@id\":\"https:\/\/www.celttv.com.ar\/#\/schema\/logo\/image\/\"}},{\"@type\":\"Person\",\"@id\":\"https:\/\/www.celttv.com.ar\/#\/schema\/person\/6d99c072dba59953809c81446e9d0ace\",\"name\":\"ulises\",\"image\":{\"@type\":\"ImageObject\",\"inLanguage\":\"es\",\"@id\":\"https:\/\/www.celttv.com.ar\/#\/schema\/person\/image\/\",\"url\":\"https:\/\/secure.gravatar.com\/avatar\/7f2c48bdc33b30088f941fb6082e555f2874c98e20cb159d7b92b50eadfce793?s=96&d=mm&r=g\",\"contentUrl\":\"https:\/\/secure.gravatar.com\/avatar\/7f2c48bdc33b30088f941fb6082e555f2874c98e20cb159d7b92b50eadfce793?s=96&d=mm&r=g\",\"caption\":\"ulises\"},\"sameAs\":[\"http:\/\/www.celttv.com.ar\"]}]}<\/script>\n<!-- \/ Yoast SEO plugin. -->","yoast_head_json":{"title":"Alumnos del distrito prometieron lealtad en el D\u00eda de la Bandera - CELTTV","description":"Sitio web de noticias de la localidad de Tornquist, provincia de Buenos Aires, Rep\u00fablica Argentina. Contenido propio originado por periodistas de CELTTV, el canal de TV local de la Cooperativa El\u00e9ctrica de Tornquist. Turismo, Pol\u00edtica, Sociedad, Deporte, Cultura y todo el contenido de inter\u00e9s general que la gente del pueblo y la regi\u00f3n debe conocer.","robots":{"index":"index","follow":"follow","max-snippet":"max-snippet:-1","max-image-preview":"max-image-preview:large","max-video-preview":"max-video-preview:-1"},"canonical":"https:\/\/www.celttv.com.ar\/index.php\/2015\/06\/20\/alumnos-del-distrito-prometieron-lealtad-en-el-dia-de-la-bandera\/","og_locale":"es_ES","og_type":"article","og_title":"Alumnos del distrito prometieron lealtad en el D\u00eda de la Bandera - CELTTV","og_description":"Sitio web de noticias de la localidad de Tornquist, provincia de Buenos Aires, Rep\u00fablica Argentina. Contenido propio originado por periodistas de CELTTV, el canal de TV local de la Cooperativa El\u00e9ctrica de Tornquist. Turismo, Pol\u00edtica, Sociedad, Deporte, Cultura y todo el contenido de inter\u00e9s general que la gente del pueblo y la regi\u00f3n debe conocer.","og_url":"https:\/\/www.celttv.com.ar\/index.php\/2015\/06\/20\/alumnos-del-distrito-prometieron-lealtad-en-el-dia-de-la-bandera\/","og_site_name":"CELTTV","article_publisher":"https:\/\/www.facebook.com\/celtTV\/","article_published_time":"2015-06-20T17:52:10+00:00","og_image":[{"url":"http:\/\/www.tvcnoticias.com.ar\/wp-content\/uploads\/2015\/06\/JULIO-017_resize.jpg"}],"author":"ulises","twitter_card":"summary_large_image","twitter_misc":{"Escrito por":"ulises","Tiempo de lectura":"3 minutos"},"schema":{"@context":"https:\/\/schema.org","@graph":[{"@type":"NewsArticle","@id":"https:\/\/www.celttv.com.ar\/index.php\/2015\/06\/20\/alumnos-del-distrito-prometieron-lealtad-en-el-dia-de-la-bandera\/#article","isPartOf":{"@id":"https:\/\/www.celttv.com.ar\/index.php\/2015\/06\/20\/alumnos-del-distrito-prometieron-lealtad-en-el-dia-de-la-bandera\/"},"author":{"name":"ulises","@id":"https:\/\/www.celttv.com.ar\/#\/schema\/person\/6d99c072dba59953809c81446e9d0ace"},"headline":"Alumnos del distrito prometieron lealtad en el D\u00eda de la Bandera","datePublished":"2015-06-20T17:52:10+00:00","dateModified":"2015-06-20T17:52:10+00:00","mainEntityOfPage":{"@id":"https:\/\/www.celttv.com.ar\/index.php\/2015\/06\/20\/alumnos-del-distrito-prometieron-lealtad-en-el-dia-de-la-bandera\/"},"wordCount":545,"publisher":{"@id":"https:\/\/www.celttv.com.ar\/#organization"},"articleSection":["Comunidad","Destacadas"],"inLanguage":"es"},{"@type":"WebPage","@id":"https:\/\/www.celttv.com.ar\/index.php\/2015\/06\/20\/alumnos-del-distrito-prometieron-lealtad-en-el-dia-de-la-bandera\/","url":"https:\/\/www.celttv.com.ar\/index.php\/2015\/06\/20\/alumnos-del-distrito-prometieron-lealtad-en-el-dia-de-la-bandera\/","name":"Alumnos del distrito prometieron lealtad en el D\u00eda de la Bandera - CELTTV","isPartOf":{"@id":"https:\/\/www.celttv.com.ar\/#website"},"datePublished":"2015-06-20T17:52:10+00:00","dateModified":"2015-06-20T17:52:10+00:00","description":"Sitio web de noticias de la localidad de Tornquist, provincia de Buenos Aires, Rep\u00fablica Argentina. Contenido propio originado por periodistas de CELTTV, el canal de TV local de la Cooperativa El\u00e9ctrica de Tornquist. Turismo, Pol\u00edtica, Sociedad, Deporte, Cultura y todo el contenido de inter\u00e9s general que la gente del pueblo y la regi\u00f3n debe conocer.","breadcrumb":{"@id":"https:\/\/www.celttv.com.ar\/index.php\/2015\/06\/20\/alumnos-del-distrito-prometieron-lealtad-en-el-dia-de-la-bandera\/#breadcrumb"},"inLanguage":"es","potentialAction":[{"@type":"ReadAction","target":["https:\/\/www.celttv.com.ar\/index.php\/2015\/06\/20\/alumnos-del-distrito-prometieron-lealtad-en-el-dia-de-la-bandera\/"]}]},{"@type":"BreadcrumbList","@id":"https:\/\/www.celttv.com.ar\/index.php\/2015\/06\/20\/alumnos-del-distrito-prometieron-lealtad-en-el-dia-de-la-bandera\/#breadcrumb","itemListElement":[{"@type":"ListItem","position":1,"name":"Inicio","item":"https:\/\/www.celttv.com.ar\/"},{"@type":"ListItem","position":2,"name":"Alumnos del distrito prometieron lealtad en el D\u00eda de la Bandera"}]},{"@type":"WebSite","@id":"https:\/\/www.celttv.com.ar\/#website","url":"https:\/\/www.celttv.com.ar\/","name":"CELTTV","description":"Cooperativa El\u00e9ctrica de Tornquist","publisher":{"@id":"https:\/\/www.celttv.com.ar\/#organization"},"potentialAction":[{"@type":"SearchAction","target":{"@type":"EntryPoint","urlTemplate":"https:\/\/www.celttv.com.ar\/?s={search_term_string}"},"query-input":"required name=search_term_string"}],"inLanguage":"es"},{"@type":"Organization","@id":"https:\/\/www.celttv.com.ar\/#organization","name":"CELTTV","url":"https:\/\/www.celttv.com.ar\/","sameAs":["https:\/\/www.youtube.com\/channel\/UCz_oIt8Hig64Ub-EmcNPIhg","https:\/\/www.facebook.com\/celtTV\/"],"logo":{"@type":"ImageObject","inLanguage":"es","@id":"https:\/\/www.celttv.com.ar\/#\/schema\/logo\/image\/","url":"http:\/\/www.celttv.com.ar\/wp-content\/uploads\/2022\/08\/logo-1.png","contentUrl":"http:\/\/www.celttv.com.ar\/wp-content\/uploads\/2022\/08\/logo-1.png","width":461,"height":159,"caption":"CELTTV"},"image":{"@id":"https:\/\/www.celttv.com.ar\/#\/schema\/logo\/image\/"}},{"@type":"Person","@id":"https:\/\/www.celttv.com.ar\/#\/schema\/person\/6d99c072dba59953809c81446e9d0ace","name":"ulises","image":{"@type":"ImageObject","inLanguage":"es","@id":"https:\/\/www.celttv.com.ar\/#\/schema\/person\/image\/","url":"https:\/\/secure.gravatar.com\/avatar\/7f2c48bdc33b30088f941fb6082e555f2874c98e20cb159d7b92b50eadfce793?s=96&d=mm&r=g","contentUrl":"https:\/\/secure.gravatar.com\/avatar\/7f2c48bdc33b30088f941fb6082e555f2874c98e20cb159d7b92b50eadfce793?s=96&d=mm&r=g","caption":"ulises"},"sameAs":["http:\/\/www.celttv.com.ar"]}]}},"_links":{"self":[{"href":"https:\/\/www.celttv.com.ar\/index.php\/wp-json\/wp\/v2\/posts\/29183","targetHints":{"allow":["GET"]}}],"collection":[{"href":"https:\/\/www.celttv.com.ar\/index.php\/wp-json\/wp\/v2\/posts"}],"about":[{"href":"https:\/\/www.celttv.com.ar\/index.php\/wp-json\/wp\/v2\/types\/post"}],"author":[{"embeddable":true,"href":"https:\/\/www.celttv.com.ar\/index.php\/wp-json\/wp\/v2\/users\/1"}],"replies":[{"embeddable":true,"href":"https:\/\/www.celttv.com.ar\/index.php\/wp-json\/wp\/v2\/comments?post=29183"}],"version-history":[{"count":0,"href":"https:\/\/www.celttv.com.ar\/index.php\/wp-json\/wp\/v2\/posts\/29183\/revisions"}],"wp:attachment":[{"href":"https:\/\/www.celttv.com.ar\/index.php\/wp-json\/wp\/v2\/media?parent=29183"}],"wp:term":[{"taxonomy":"category","embeddable":true,"href":"https:\/\/www.celttv.com.ar\/index.php\/wp-json\/wp\/v2\/categories?post=29183"},{"taxonomy":"post_tag","embeddable":true,"href":"https:\/\/www.celttv.com.ar\/index.php\/wp-json\/wp\/v2\/tags?post=29183"}],"curies":[{"name":"wp","href":"https:\/\/api.w.org\/{rel}","templated":true}]}}