{"id":2922,"date":"2011-11-07T14:46:55","date_gmt":"2011-11-07T14:46:55","guid":{"rendered":"http:\/\/www.tvcnoticias.com.ar\/?p=2922"},"modified":"2011-11-07T14:46:55","modified_gmt":"2011-11-07T14:46:55","slug":"fumigacion-en-sierra-de-la-ventana-repercusion-en-los-medios-de-la-region","status":"publish","type":"post","link":"https:\/\/www.celttv.com.ar\/index.php\/2011\/11\/07\/fumigacion-en-sierra-de-la-ventana-repercusion-en-los-medios-de-la-region\/","title":{"rendered":"FUMIGACION EN SIERRA DE LA VENTANA. REPERCUSION EN LOS MEDIOS DE LA REGION"},"content":{"rendered":"<p>\u00a0ONG AMBIENTE COMARCA<br \/>\nFumigaci\u00f3n en Sierra de la Ventana. Repercusi\u00f3n en los medios de comunicaci\u00f3n de la regi\u00f3n.<br \/>\nNota extra\u00edda de la p\u00e1gina WEB del Diario La Nueva Provincia de Bah\u00eda Blanca, edici\u00f3n del lunes 31 de octubre de 2011, Secci\u00f3n &#8220;La Regi\u00f3n&#8221;.<br \/>\nSIERRA DE LA VENTANA.<br \/>\nSIERRA DE LA VENTANA.<br \/>\n\u00a0Los ediles quieren regular el uso de Agroqu\u00edmicos.<br \/>\nEl cuerpo deliberativo intenta dar un marco legal a esta actividad tras la denuncia de un grupo de vecinos respecto de una fumigaci\u00f3n en un campo cercano al \u00e1rea urbana. El concejal Sergio Bordoni se reunir\u00e1 con la diputada Marcela Guido.<br \/>\nEl Concejo Deliberante de Tornquist se encuentra trabajando en la elaboraci\u00f3n de una ordenanza que permita regular el uso terrestre de agroqu\u00edmicos en los campos, una pr\u00e1ctica com\u00fan en el distrito que, en la actualidad, no se encuentra legislada a nivel provincial (s\u00f3lo hay leyes para la aplicaci\u00f3n a\u00e9rea de este tipo de productos).<br \/>\nEl concejal Sergio Bordoni (Coalici\u00f3n C\u00edvica) destac\u00f3 que existe una ley provincial que regula la fumigaci\u00f3n a\u00e9rea pero no la terrestre.<br \/>\nLa realidad es que, debido a este vac\u00edo legal, en la actualidad, el municipio no tiene poder de polic\u00eda respecto a la aplicaci\u00f3n de agroqu\u00edmicos en campos del distrito.<br \/>\n\u201cSabemos que en la localidad de Ca\u00f1uelas &#8211;Buenos Aires&#8211; hay una ordenanza municipal al respecto y estamos analizando la posibilidad de adaptarla al distrito de Tornquist para implementarla, pero queremos saber si es viable\u201d, dijo el edil.<br \/>\n\u201cAdem\u00e1s, me contact\u00e9 con la diputada Marcela Guido (Pig\u00fc\u00e9) para ver si es posible legislar al respecto en todo el territorio bonaerense\u201d destac\u00f3.<br \/>\nLa iniciativa surgi\u00f3 luego de que un grupo de vecinos de la localidad de Sierra de la Ventana denunciara un hecho ocurrido el pasado mes, cuando, en un campo cercano al \u00e1rea urbana, se efectu\u00f3 una fumigaci\u00f3n que provoc\u00f3 malestares respiratorios a algunos miembros de la comunidad.<br \/>\nA ra\u00edz de este episodio, los titulares de las \u00e1reas de Producci\u00f3n y Medioambiente y de Bromatolog\u00eda del Ejecutivo local, Ricardo Valentini y Luciano Fontanes, respectivamente, fueron citados al CD para que dieran las explicaciones pertinentes respecto al hecho denunciado por los vecinos.<br \/>\n\u201cNos fue muy bien en la exposici\u00f3n ante el Concejo. La idea es armar algo en conjunto con los concejales de todos los bloques para que esto no vuelva a pasar\u201d, explic\u00f3 Fontanes, en di\u00e1logo con \u201cLa Nueva Provincia\u201d.<br \/>\n\u201cAc\u00e1 el problema lo provoc\u00f3 una persona incompetente que realiz\u00f3 su trabajo sin ning\u00fan tipo de conocimiento ni respeto por los dem\u00e1s\u201d, se\u00f1al\u00f3.<br \/>\nFontanes coment\u00f3 que antes de que el cuestionado operario fumigara la zona lindera a las viviendas &#8211;ocasionando malestar en las v\u00edas respiratorias de los vecinos&#8211; una persona matriculada hab\u00eda informado a la comuna que llevar\u00eda a cabo este procedimiento.<br \/>\n\u201cUn ingeniero agr\u00f3nomo, con un equipo aprobado, avis\u00f3 al municipio que realizar\u00eda aplicaciones en este campo pero dejando sin intervenci\u00f3n un radio de 400 metros, linderos a la localidad\u201d, explic\u00f3.<br \/>\n\u201cTras \u00e9l, un particular contratado, sin ning\u00fan tipo de capacitaci\u00f3n ni equipo correspondiente, aplic\u00f3 el producto en la parcela que faltaba\u201d, destac\u00f3.<br \/>\nEl funcionario destac\u00f3 que el municipio no puede autorizar ni desautorizar la aplicaci\u00f3n de este tipo de productos en propiedades privadas, con lo cual su accionar se encuentra limitado a la recepci\u00f3n de informaci\u00f3n respecto a los trabajos que se llevar\u00e1n a cabo.<br \/>\n\u201cLa aplicaci\u00f3n se hizo un d\u00eda de much\u00edsimo viento, al rayo del sol, con todas las condiciones que no se deb\u00edan dar. Se trata de un producto que no es mortal, en bajos niveles de exposici\u00f3n, pero que s\u00ed puede ocasionar reacciones en piel y mucosas\u201d, se\u00f1al\u00f3.<br \/>\n\u00a0\u201cUna falta de respeto\u201d<br \/>\nEl titular del \u00e1rea de Producci\u00f3n y Medioambiente de Tornquist, Ricardo Valentini, manifest\u00f3 que \u201cqueda demostrado que si las cosas sucedieron as\u00ed, se trata de un acto fuera del sentido com\u00fan y falta de respeto a la sociedad lo realizado por el encargado de la tarea\u201d.<br \/>\n\u201cPor lo que se puede apreciar, fue un acto de negligencia de la persona que con un tractor y equipo de arrastre realiz\u00f3 la aplicaci\u00f3n el d\u00eda 20 de septiembre\u201d, dijo.<br \/>\nTambi\u00e9n asegur\u00f3 que dentro de lo comprometido en la reuni\u00f3n con el CD se determin\u00f3 realizar una ordenanza a fin de contar con una herramienta que permita evitar este tipo de situaciones, mientras se est\u00e1 a la espera de la modificaci\u00f3n reglamentaria de la ley de Agroqu\u00edmicos.<br \/>\nEn di\u00e1logo con este medio, coment\u00f3 que, en pasado mayo, la Mesa Agropecuaria Provincial present\u00f3 un proyecto de modificaci\u00f3n a la Ley 10699 para regular las distancias de aplicaci\u00f3n terrestre.<br \/>\n\u201cEn este nuevo proyecto se propone el control de polic\u00eda que pueden ejercer los municipios y el registro obligatorio de toda la maquinaria de aplicaci\u00f3n, tanto de veh\u00edculos autopropulsados como de los de arrastre. Esta ley &#8211;la 10699&#8211; data de fines del \u201890 cuando la producci\u00f3n era de 30 millones de toneladas\u00a0 y hoy estamos en 100 millones, con lo que la aplicaci\u00f3n de agroqu\u00edmicos ha aumentado much\u00edsimo. Antes, se utilizaba la aerofumigaci\u00f3n pero ahora se usa m\u00e1s la terrestre\u201d, concluy\u00f3.<br \/>\n\u00a0El caso<br \/>\n* El d\u00eda 20 de setiembre, vecinos de los Barrios San Bernardo y El Mirador notaron ciertos malestares respiratorios y un fuerte olor a veneno en el aire &#8211;adem\u00e1s de otros s\u00edntomas como picaz\u00f3n y ardor en los labios, fosas nasales e interior de la boca.<br \/>\n* Luego de investigar cu\u00e1l pod\u00eda ser la causa de aquellos malestares lograron identificar a un sujeto, en un campo lindero a las viviendas afectadas, en plena tarea de aplicaci\u00f3n de un agroqu\u00edmico.<br \/>\n* Al consultarle qu\u00e9 tipo de producto estaba aplicando y si estaba autorizado para hacerlo, el hombre respondi\u00f3 que \u201cten\u00eda el aval de la comuna\u201d.<br \/>\n* Los vecinos, entonces &#8211;entre ellos el presidente de la ONG Ambiente Comarca, Hugo Kloster&#8211; pidieron explicaciones a las autoridades comunales del Ejecutivo y del Concejo Deliberante.<\/p>\n","protected":false},"excerpt":{"rendered":"<p>\u00a0ONG AMBIENTE COMARCA Fumigaci\u00f3n en Sierra de la Ventana. Repercusi\u00f3n en los medios de comunicaci\u00f3n de la regi\u00f3n. Nota extra\u00edda de la p\u00e1gina WEB del Diario La Nueva Provincia de Bah\u00eda Blanca, edici\u00f3n del lunes 31 de octubre de 2011, Secci\u00f3n &#8220;La Regi\u00f3n&#8221;. SIERRA DE LA VENTANA. SIERRA DE LA VENTANA. \u00a0Los ediles quieren regular [&hellip;]<\/p>\n","protected":false},"author":1,"featured_media":0,"comment_status":"closed","ping_status":"open","sticky":false,"template":"","format":"standard","meta":{"footnotes":""},"categories":[95],"tags":[],"class_list":["post-2922","post","type-post","status-publish","format-standard","hentry","category-opiniones"],"yoast_head":"<!-- This site is optimized with the Yoast SEO plugin v19.7.1 - https:\/\/yoast.com\/wordpress\/plugins\/seo\/ -->\n<title>FUMIGACION EN SIERRA DE LA VENTANA. REPERCUSION EN LOS MEDIOS DE LA REGION - CELTTV<\/title>\n<meta name=\"description\" content=\"Sitio web de noticias de la localidad de Tornquist, provincia de Buenos Aires, Rep\u00fablica Argentina. Contenido propio originado por periodistas de CELTTV, el canal de TV local de la Cooperativa El\u00e9ctrica de Tornquist. Turismo, Pol\u00edtica, Sociedad, Deporte, Cultura y todo el contenido de inter\u00e9s general que la gente del pueblo y la regi\u00f3n debe conocer.\" \/>\n<meta name=\"robots\" content=\"index, follow, max-snippet:-1, max-image-preview:large, max-video-preview:-1\" \/>\n<link rel=\"canonical\" href=\"https:\/\/www.celttv.com.ar\/index.php\/2011\/11\/07\/fumigacion-en-sierra-de-la-ventana-repercusion-en-los-medios-de-la-region\/\" \/>\n<meta property=\"og:locale\" content=\"es_ES\" \/>\n<meta property=\"og:type\" content=\"article\" \/>\n<meta property=\"og:title\" content=\"FUMIGACION EN SIERRA DE LA VENTANA. REPERCUSION EN LOS MEDIOS DE LA REGION - CELTTV\" \/>\n<meta property=\"og:description\" content=\"Sitio web de noticias de la localidad de Tornquist, provincia de Buenos Aires, Rep\u00fablica Argentina. Contenido propio originado por periodistas de CELTTV, el canal de TV local de la Cooperativa El\u00e9ctrica de Tornquist. Turismo, Pol\u00edtica, Sociedad, Deporte, Cultura y todo el contenido de inter\u00e9s general que la gente del pueblo y la regi\u00f3n debe conocer.\" \/>\n<meta property=\"og:url\" content=\"https:\/\/www.celttv.com.ar\/index.php\/2011\/11\/07\/fumigacion-en-sierra-de-la-ventana-repercusion-en-los-medios-de-la-region\/\" \/>\n<meta property=\"og:site_name\" content=\"CELTTV\" \/>\n<meta property=\"article:publisher\" content=\"https:\/\/www.facebook.com\/celtTV\/\" \/>\n<meta property=\"article:published_time\" content=\"2011-11-07T14:46:55+00:00\" \/>\n<meta name=\"author\" content=\"ulises\" \/>\n<meta name=\"twitter:card\" content=\"summary_large_image\" \/>\n<meta name=\"twitter:label1\" content=\"Escrito por\" \/>\n\t<meta name=\"twitter:data1\" content=\"ulises\" \/>\n\t<meta name=\"twitter:label2\" content=\"Tiempo de lectura\" \/>\n\t<meta name=\"twitter:data2\" content=\"5 minutos\" \/>\n<script type=\"application\/ld+json\" class=\"yoast-schema-graph\">{\"@context\":\"https:\/\/schema.org\",\"@graph\":[{\"@type\":\"NewsArticle\",\"@id\":\"https:\/\/www.celttv.com.ar\/index.php\/2011\/11\/07\/fumigacion-en-sierra-de-la-ventana-repercusion-en-los-medios-de-la-region\/#article\",\"isPartOf\":{\"@id\":\"https:\/\/www.celttv.com.ar\/index.php\/2011\/11\/07\/fumigacion-en-sierra-de-la-ventana-repercusion-en-los-medios-de-la-region\/\"},\"author\":{\"name\":\"ulises\",\"@id\":\"https:\/\/www.celttv.com.ar\/#\/schema\/person\/6d99c072dba59953809c81446e9d0ace\"},\"headline\":\"FUMIGACION EN SIERRA DE LA VENTANA. REPERCUSION EN LOS MEDIOS DE LA REGION\",\"datePublished\":\"2011-11-07T14:46:55+00:00\",\"dateModified\":\"2011-11-07T14:46:55+00:00\",\"mainEntityOfPage\":{\"@id\":\"https:\/\/www.celttv.com.ar\/index.php\/2011\/11\/07\/fumigacion-en-sierra-de-la-ventana-repercusion-en-los-medios-de-la-region\/\"},\"wordCount\":1054,\"publisher\":{\"@id\":\"https:\/\/www.celttv.com.ar\/#organization\"},\"articleSection\":[\"Opiniones\"],\"inLanguage\":\"es\"},{\"@type\":\"WebPage\",\"@id\":\"https:\/\/www.celttv.com.ar\/index.php\/2011\/11\/07\/fumigacion-en-sierra-de-la-ventana-repercusion-en-los-medios-de-la-region\/\",\"url\":\"https:\/\/www.celttv.com.ar\/index.php\/2011\/11\/07\/fumigacion-en-sierra-de-la-ventana-repercusion-en-los-medios-de-la-region\/\",\"name\":\"FUMIGACION EN SIERRA DE LA VENTANA. REPERCUSION EN LOS MEDIOS DE LA REGION - CELTTV\",\"isPartOf\":{\"@id\":\"https:\/\/www.celttv.com.ar\/#website\"},\"datePublished\":\"2011-11-07T14:46:55+00:00\",\"dateModified\":\"2011-11-07T14:46:55+00:00\",\"description\":\"Sitio web de noticias de la localidad de Tornquist, provincia de Buenos Aires, Rep\u00fablica Argentina. Contenido propio originado por periodistas de CELTTV, el canal de TV local de la Cooperativa El\u00e9ctrica de Tornquist. Turismo, Pol\u00edtica, Sociedad, Deporte, Cultura y todo el contenido de inter\u00e9s general que la gente del pueblo y la regi\u00f3n debe conocer.\",\"breadcrumb\":{\"@id\":\"https:\/\/www.celttv.com.ar\/index.php\/2011\/11\/07\/fumigacion-en-sierra-de-la-ventana-repercusion-en-los-medios-de-la-region\/#breadcrumb\"},\"inLanguage\":\"es\",\"potentialAction\":[{\"@type\":\"ReadAction\",\"target\":[\"https:\/\/www.celttv.com.ar\/index.php\/2011\/11\/07\/fumigacion-en-sierra-de-la-ventana-repercusion-en-los-medios-de-la-region\/\"]}]},{\"@type\":\"BreadcrumbList\",\"@id\":\"https:\/\/www.celttv.com.ar\/index.php\/2011\/11\/07\/fumigacion-en-sierra-de-la-ventana-repercusion-en-los-medios-de-la-region\/#breadcrumb\",\"itemListElement\":[{\"@type\":\"ListItem\",\"position\":1,\"name\":\"Inicio\",\"item\":\"https:\/\/www.celttv.com.ar\/\"},{\"@type\":\"ListItem\",\"position\":2,\"name\":\"FUMIGACION EN SIERRA DE LA VENTANA. REPERCUSION EN LOS MEDIOS DE LA REGION\"}]},{\"@type\":\"WebSite\",\"@id\":\"https:\/\/www.celttv.com.ar\/#website\",\"url\":\"https:\/\/www.celttv.com.ar\/\",\"name\":\"CELTTV\",\"description\":\"Cooperativa El\u00e9ctrica de Tornquist\",\"publisher\":{\"@id\":\"https:\/\/www.celttv.com.ar\/#organization\"},\"potentialAction\":[{\"@type\":\"SearchAction\",\"target\":{\"@type\":\"EntryPoint\",\"urlTemplate\":\"https:\/\/www.celttv.com.ar\/?s={search_term_string}\"},\"query-input\":\"required name=search_term_string\"}],\"inLanguage\":\"es\"},{\"@type\":\"Organization\",\"@id\":\"https:\/\/www.celttv.com.ar\/#organization\",\"name\":\"CELTTV\",\"url\":\"https:\/\/www.celttv.com.ar\/\",\"sameAs\":[\"https:\/\/www.youtube.com\/channel\/UCz_oIt8Hig64Ub-EmcNPIhg\",\"https:\/\/www.facebook.com\/celtTV\/\"],\"logo\":{\"@type\":\"ImageObject\",\"inLanguage\":\"es\",\"@id\":\"https:\/\/www.celttv.com.ar\/#\/schema\/logo\/image\/\",\"url\":\"http:\/\/www.celttv.com.ar\/wp-content\/uploads\/2022\/08\/logo-1.png\",\"contentUrl\":\"http:\/\/www.celttv.com.ar\/wp-content\/uploads\/2022\/08\/logo-1.png\",\"width\":461,\"height\":159,\"caption\":\"CELTTV\"},\"image\":{\"@id\":\"https:\/\/www.celttv.com.ar\/#\/schema\/logo\/image\/\"}},{\"@type\":\"Person\",\"@id\":\"https:\/\/www.celttv.com.ar\/#\/schema\/person\/6d99c072dba59953809c81446e9d0ace\",\"name\":\"ulises\",\"image\":{\"@type\":\"ImageObject\",\"inLanguage\":\"es\",\"@id\":\"https:\/\/www.celttv.com.ar\/#\/schema\/person\/image\/\",\"url\":\"https:\/\/secure.gravatar.com\/avatar\/7f2c48bdc33b30088f941fb6082e555f2874c98e20cb159d7b92b50eadfce793?s=96&d=mm&r=g\",\"contentUrl\":\"https:\/\/secure.gravatar.com\/avatar\/7f2c48bdc33b30088f941fb6082e555f2874c98e20cb159d7b92b50eadfce793?s=96&d=mm&r=g\",\"caption\":\"ulises\"},\"sameAs\":[\"http:\/\/www.celttv.com.ar\"]}]}<\/script>\n<!-- \/ Yoast SEO plugin. -->","yoast_head_json":{"title":"FUMIGACION EN SIERRA DE LA VENTANA. REPERCUSION EN LOS MEDIOS DE LA REGION - CELTTV","description":"Sitio web de noticias de la localidad de Tornquist, provincia de Buenos Aires, Rep\u00fablica Argentina. Contenido propio originado por periodistas de CELTTV, el canal de TV local de la Cooperativa El\u00e9ctrica de Tornquist. Turismo, Pol\u00edtica, Sociedad, Deporte, Cultura y todo el contenido de inter\u00e9s general que la gente del pueblo y la regi\u00f3n debe conocer.","robots":{"index":"index","follow":"follow","max-snippet":"max-snippet:-1","max-image-preview":"max-image-preview:large","max-video-preview":"max-video-preview:-1"},"canonical":"https:\/\/www.celttv.com.ar\/index.php\/2011\/11\/07\/fumigacion-en-sierra-de-la-ventana-repercusion-en-los-medios-de-la-region\/","og_locale":"es_ES","og_type":"article","og_title":"FUMIGACION EN SIERRA DE LA VENTANA. REPERCUSION EN LOS MEDIOS DE LA REGION - CELTTV","og_description":"Sitio web de noticias de la localidad de Tornquist, provincia de Buenos Aires, Rep\u00fablica Argentina. Contenido propio originado por periodistas de CELTTV, el canal de TV local de la Cooperativa El\u00e9ctrica de Tornquist. Turismo, Pol\u00edtica, Sociedad, Deporte, Cultura y todo el contenido de inter\u00e9s general que la gente del pueblo y la regi\u00f3n debe conocer.","og_url":"https:\/\/www.celttv.com.ar\/index.php\/2011\/11\/07\/fumigacion-en-sierra-de-la-ventana-repercusion-en-los-medios-de-la-region\/","og_site_name":"CELTTV","article_publisher":"https:\/\/www.facebook.com\/celtTV\/","article_published_time":"2011-11-07T14:46:55+00:00","author":"ulises","twitter_card":"summary_large_image","twitter_misc":{"Escrito por":"ulises","Tiempo de lectura":"5 minutos"},"schema":{"@context":"https:\/\/schema.org","@graph":[{"@type":"NewsArticle","@id":"https:\/\/www.celttv.com.ar\/index.php\/2011\/11\/07\/fumigacion-en-sierra-de-la-ventana-repercusion-en-los-medios-de-la-region\/#article","isPartOf":{"@id":"https:\/\/www.celttv.com.ar\/index.php\/2011\/11\/07\/fumigacion-en-sierra-de-la-ventana-repercusion-en-los-medios-de-la-region\/"},"author":{"name":"ulises","@id":"https:\/\/www.celttv.com.ar\/#\/schema\/person\/6d99c072dba59953809c81446e9d0ace"},"headline":"FUMIGACION EN SIERRA DE LA VENTANA. REPERCUSION EN LOS MEDIOS DE LA REGION","datePublished":"2011-11-07T14:46:55+00:00","dateModified":"2011-11-07T14:46:55+00:00","mainEntityOfPage":{"@id":"https:\/\/www.celttv.com.ar\/index.php\/2011\/11\/07\/fumigacion-en-sierra-de-la-ventana-repercusion-en-los-medios-de-la-region\/"},"wordCount":1054,"publisher":{"@id":"https:\/\/www.celttv.com.ar\/#organization"},"articleSection":["Opiniones"],"inLanguage":"es"},{"@type":"WebPage","@id":"https:\/\/www.celttv.com.ar\/index.php\/2011\/11\/07\/fumigacion-en-sierra-de-la-ventana-repercusion-en-los-medios-de-la-region\/","url":"https:\/\/www.celttv.com.ar\/index.php\/2011\/11\/07\/fumigacion-en-sierra-de-la-ventana-repercusion-en-los-medios-de-la-region\/","name":"FUMIGACION EN SIERRA DE LA VENTANA. REPERCUSION EN LOS MEDIOS DE LA REGION - CELTTV","isPartOf":{"@id":"https:\/\/www.celttv.com.ar\/#website"},"datePublished":"2011-11-07T14:46:55+00:00","dateModified":"2011-11-07T14:46:55+00:00","description":"Sitio web de noticias de la localidad de Tornquist, provincia de Buenos Aires, Rep\u00fablica Argentina. Contenido propio originado por periodistas de CELTTV, el canal de TV local de la Cooperativa El\u00e9ctrica de Tornquist. Turismo, Pol\u00edtica, Sociedad, Deporte, Cultura y todo el contenido de inter\u00e9s general que la gente del pueblo y la regi\u00f3n debe conocer.","breadcrumb":{"@id":"https:\/\/www.celttv.com.ar\/index.php\/2011\/11\/07\/fumigacion-en-sierra-de-la-ventana-repercusion-en-los-medios-de-la-region\/#breadcrumb"},"inLanguage":"es","potentialAction":[{"@type":"ReadAction","target":["https:\/\/www.celttv.com.ar\/index.php\/2011\/11\/07\/fumigacion-en-sierra-de-la-ventana-repercusion-en-los-medios-de-la-region\/"]}]},{"@type":"BreadcrumbList","@id":"https:\/\/www.celttv.com.ar\/index.php\/2011\/11\/07\/fumigacion-en-sierra-de-la-ventana-repercusion-en-los-medios-de-la-region\/#breadcrumb","itemListElement":[{"@type":"ListItem","position":1,"name":"Inicio","item":"https:\/\/www.celttv.com.ar\/"},{"@type":"ListItem","position":2,"name":"FUMIGACION EN SIERRA DE LA VENTANA. REPERCUSION EN LOS MEDIOS DE LA REGION"}]},{"@type":"WebSite","@id":"https:\/\/www.celttv.com.ar\/#website","url":"https:\/\/www.celttv.com.ar\/","name":"CELTTV","description":"Cooperativa El\u00e9ctrica de Tornquist","publisher":{"@id":"https:\/\/www.celttv.com.ar\/#organization"},"potentialAction":[{"@type":"SearchAction","target":{"@type":"EntryPoint","urlTemplate":"https:\/\/www.celttv.com.ar\/?s={search_term_string}"},"query-input":"required name=search_term_string"}],"inLanguage":"es"},{"@type":"Organization","@id":"https:\/\/www.celttv.com.ar\/#organization","name":"CELTTV","url":"https:\/\/www.celttv.com.ar\/","sameAs":["https:\/\/www.youtube.com\/channel\/UCz_oIt8Hig64Ub-EmcNPIhg","https:\/\/www.facebook.com\/celtTV\/"],"logo":{"@type":"ImageObject","inLanguage":"es","@id":"https:\/\/www.celttv.com.ar\/#\/schema\/logo\/image\/","url":"http:\/\/www.celttv.com.ar\/wp-content\/uploads\/2022\/08\/logo-1.png","contentUrl":"http:\/\/www.celttv.com.ar\/wp-content\/uploads\/2022\/08\/logo-1.png","width":461,"height":159,"caption":"CELTTV"},"image":{"@id":"https:\/\/www.celttv.com.ar\/#\/schema\/logo\/image\/"}},{"@type":"Person","@id":"https:\/\/www.celttv.com.ar\/#\/schema\/person\/6d99c072dba59953809c81446e9d0ace","name":"ulises","image":{"@type":"ImageObject","inLanguage":"es","@id":"https:\/\/www.celttv.com.ar\/#\/schema\/person\/image\/","url":"https:\/\/secure.gravatar.com\/avatar\/7f2c48bdc33b30088f941fb6082e555f2874c98e20cb159d7b92b50eadfce793?s=96&d=mm&r=g","contentUrl":"https:\/\/secure.gravatar.com\/avatar\/7f2c48bdc33b30088f941fb6082e555f2874c98e20cb159d7b92b50eadfce793?s=96&d=mm&r=g","caption":"ulises"},"sameAs":["http:\/\/www.celttv.com.ar"]}]}},"_links":{"self":[{"href":"https:\/\/www.celttv.com.ar\/index.php\/wp-json\/wp\/v2\/posts\/2922","targetHints":{"allow":["GET"]}}],"collection":[{"href":"https:\/\/www.celttv.com.ar\/index.php\/wp-json\/wp\/v2\/posts"}],"about":[{"href":"https:\/\/www.celttv.com.ar\/index.php\/wp-json\/wp\/v2\/types\/post"}],"author":[{"embeddable":true,"href":"https:\/\/www.celttv.com.ar\/index.php\/wp-json\/wp\/v2\/users\/1"}],"replies":[{"embeddable":true,"href":"https:\/\/www.celttv.com.ar\/index.php\/wp-json\/wp\/v2\/comments?post=2922"}],"version-history":[{"count":0,"href":"https:\/\/www.celttv.com.ar\/index.php\/wp-json\/wp\/v2\/posts\/2922\/revisions"}],"wp:attachment":[{"href":"https:\/\/www.celttv.com.ar\/index.php\/wp-json\/wp\/v2\/media?parent=2922"}],"wp:term":[{"taxonomy":"category","embeddable":true,"href":"https:\/\/www.celttv.com.ar\/index.php\/wp-json\/wp\/v2\/categories?post=2922"},{"taxonomy":"post_tag","embeddable":true,"href":"https:\/\/www.celttv.com.ar\/index.php\/wp-json\/wp\/v2\/tags?post=2922"}],"curies":[{"name":"wp","href":"https:\/\/api.w.org\/{rel}","templated":true}]}}