{"id":29227,"date":"2015-06-24T20:15:49","date_gmt":"2015-06-24T20:15:49","guid":{"rendered":"http:\/\/www.tvcnoticias.com.ar\/?p=29227"},"modified":"2015-06-24T20:15:49","modified_gmt":"2015-06-24T20:15:49","slug":"enriquecedor-encuentro-taller-para-promover-la-educacion-en-cooperativismo","status":"publish","type":"post","link":"https:\/\/www.celttv.com.ar\/index.php\/2015\/06\/24\/enriquecedor-encuentro-taller-para-promover-la-educacion-en-cooperativismo\/","title":{"rendered":"ENRIQUECEDOR ENCUENTRO-TALLER PARA PROMOVER LA EDUCACI\u00d3N EN COOPERATIVISMO"},"content":{"rendered":"<p><a href=\"http:\/\/www.tvcnoticias.com.ar\/?attachment_id=29228\" rel=\"attachment wp-att-29228\"><img loading=\"lazy\" decoding=\"async\" src=\"http:\/\/www.tvcnoticias.com.ar\/wp-content\/uploads\/2015\/06\/FEDE-OLAVARRIA_resize-450x256.jpg\" alt=\"\" title=\"FEDE OLAVARRIA_resize\" width=\"450\" height=\"256\" class=\"aligncenter size-medium wp-image-29228\" \/><\/a>Asistieron consejeros, funcionarios, empleados y educadores de diez cooperativas de base. Se analiz\u00f3 y debati\u00f3 acerca del verdadero alcance y significaci\u00f3n del quinto principio de la cooperaci\u00f3n.<\/p>\n<p>Con el objetivo de profundizar acciones y ofrecer herramientas para una efectiva educaci\u00f3n cooperativa, FEDECOBA realiz\u00f3 este martes en Azul un primer encuentro-taller destinado a consejeros, funcionarios, empleados y educadores allegados a las cooperativas de base e interesados en la tem\u00e1tica.<br \/>\nDurante la jornada, coordinada por el profesor Guillermo Ostornol y con la asistencia de Miguel Sarmiento (asesor en educaci\u00f3n cooperativa) y Fabricio O\u2019Dwyer (comunicaci\u00f3n), se analiz\u00f3 y debati\u00f3 acerca del verdadero alcance y significaci\u00f3n del quinto principio de la cooperaci\u00f3n, llamado la regla de oro: educaci\u00f3n, formaci\u00f3n e informaci\u00f3n.<br \/>\nAlgunos de los puntos desarrollados fueron: C\u00f3mo instrumentar la educaci\u00f3n cooperativa en las propias empresas cooperativas y en el \u00e1mbito comunitario; El Concurso Escolar Cooperativo de FEDECOBA y su aporte a la educaci\u00f3n cooperativa; El desaf\u00edo de acompa\u00f1ar la conformaci\u00f3n de Cooperativas Escolares en cada localidad; Gestionar la Comunicaci\u00f3n como herramienta estrat\u00e9gica en la definici\u00f3n de la Identidad y la construcci\u00f3n del Mensaje cooperativo.<br \/>\nTambi\u00e9n hubo espacio para que los dirigentes, funcionarios y educadores de las cooperativas asistentes intercambiaran distintas experiencias que vienen desarrollando para articular acciones que promuevan la formaci\u00f3n en principios y valores de la cooperaci\u00f3n tanto en consejeros, empleados y asociados, como en las escuelas y en la comunidad en general.<br \/>\n\u201cEl encuentro fue verdaderamente enriquecedor, con el aporte de ideas o acciones que podemos implementar en nuestras comunidades para promover el cooperativismo en distintos \u00e1mbitos. Tambi\u00e9n result\u00f3 importante entender que una adecuada comunicaci\u00f3n es un elemento central si queremos expandir al cooperativismo como modelo econ\u00f3mico con base \u00e9tica\u201d, evalu\u00f3 uno de los asistentes al concluir la jornada.<br \/>\nCooperativas asistentes: Coronel Pringles, Nueve de Julio, Castelli, Mar del Plata, Dionisia, Carhu\u00e9, Guisasola (El Perdido), Olavarr\u00eda, Punta Alta y Tornquist.<\/p>\n","protected":false},"excerpt":{"rendered":"<p>Asistieron consejeros, funcionarios, empleados y educadores de diez cooperativas de base. Se analiz\u00f3 y debati\u00f3 acerca del verdadero alcance y significaci\u00f3n del quinto principio de la cooperaci\u00f3n. Con el objetivo de profundizar acciones y ofrecer herramientas para una efectiva educaci\u00f3n cooperativa, FEDECOBA realiz\u00f3 este martes en Azul un primer encuentro-taller destinado a consejeros, funcionarios, empleados [&hellip;]<\/p>\n","protected":false},"author":1,"featured_media":0,"comment_status":"closed","ping_status":"open","sticky":false,"template":"","format":"standard","meta":{"footnotes":""},"categories":[51,52],"tags":[],"class_list":["post-29227","post","type-post","status-publish","format-standard","hentry","category-comunidad","category-destacadas"],"yoast_head":"<!-- This site is optimized with the Yoast SEO plugin v19.7.1 - https:\/\/yoast.com\/wordpress\/plugins\/seo\/ -->\n<title>ENRIQUECEDOR ENCUENTRO-TALLER PARA PROMOVER LA EDUCACI\u00d3N EN COOPERATIVISMO - CELTTV<\/title>\n<meta name=\"description\" content=\"Sitio web de noticias de la localidad de Tornquist, provincia de Buenos Aires, Rep\u00fablica Argentina. Contenido propio originado por periodistas de CELTTV, el canal de TV local de la Cooperativa El\u00e9ctrica de Tornquist. Turismo, Pol\u00edtica, Sociedad, Deporte, Cultura y todo el contenido de inter\u00e9s general que la gente del pueblo y la regi\u00f3n debe conocer.\" \/>\n<meta name=\"robots\" content=\"index, follow, max-snippet:-1, max-image-preview:large, max-video-preview:-1\" \/>\n<link rel=\"canonical\" href=\"https:\/\/www.celttv.com.ar\/index.php\/2015\/06\/24\/enriquecedor-encuentro-taller-para-promover-la-educacion-en-cooperativismo\/\" \/>\n<meta property=\"og:locale\" content=\"es_ES\" \/>\n<meta property=\"og:type\" content=\"article\" \/>\n<meta property=\"og:title\" content=\"ENRIQUECEDOR ENCUENTRO-TALLER PARA PROMOVER LA EDUCACI\u00d3N EN COOPERATIVISMO - CELTTV\" \/>\n<meta property=\"og:description\" content=\"Sitio web de noticias de la localidad de Tornquist, provincia de Buenos Aires, Rep\u00fablica Argentina. Contenido propio originado por periodistas de CELTTV, el canal de TV local de la Cooperativa El\u00e9ctrica de Tornquist. Turismo, Pol\u00edtica, Sociedad, Deporte, Cultura y todo el contenido de inter\u00e9s general que la gente del pueblo y la regi\u00f3n debe conocer.\" \/>\n<meta property=\"og:url\" content=\"https:\/\/www.celttv.com.ar\/index.php\/2015\/06\/24\/enriquecedor-encuentro-taller-para-promover-la-educacion-en-cooperativismo\/\" \/>\n<meta property=\"og:site_name\" content=\"CELTTV\" \/>\n<meta property=\"article:publisher\" content=\"https:\/\/www.facebook.com\/celtTV\/\" \/>\n<meta property=\"article:published_time\" content=\"2015-06-24T20:15:49+00:00\" \/>\n<meta property=\"og:image\" content=\"http:\/\/www.tvcnoticias.com.ar\/wp-content\/uploads\/2015\/06\/FEDE-OLAVARRIA_resize-450x256.jpg\" \/>\n<meta name=\"author\" content=\"ulises\" \/>\n<meta name=\"twitter:card\" content=\"summary_large_image\" \/>\n<meta name=\"twitter:label1\" content=\"Escrito por\" \/>\n\t<meta name=\"twitter:data1\" content=\"ulises\" \/>\n\t<meta name=\"twitter:label2\" content=\"Tiempo de lectura\" \/>\n\t<meta name=\"twitter:data2\" content=\"2 minutos\" \/>\n<script type=\"application\/ld+json\" class=\"yoast-schema-graph\">{\"@context\":\"https:\/\/schema.org\",\"@graph\":[{\"@type\":\"NewsArticle\",\"@id\":\"https:\/\/www.celttv.com.ar\/index.php\/2015\/06\/24\/enriquecedor-encuentro-taller-para-promover-la-educacion-en-cooperativismo\/#article\",\"isPartOf\":{\"@id\":\"https:\/\/www.celttv.com.ar\/index.php\/2015\/06\/24\/enriquecedor-encuentro-taller-para-promover-la-educacion-en-cooperativismo\/\"},\"author\":{\"name\":\"ulises\",\"@id\":\"https:\/\/www.celttv.com.ar\/#\/schema\/person\/6d99c072dba59953809c81446e9d0ace\"},\"headline\":\"ENRIQUECEDOR ENCUENTRO-TALLER PARA PROMOVER LA EDUCACI\u00d3N EN COOPERATIVISMO\",\"datePublished\":\"2015-06-24T20:15:49+00:00\",\"dateModified\":\"2015-06-24T20:15:49+00:00\",\"mainEntityOfPage\":{\"@id\":\"https:\/\/www.celttv.com.ar\/index.php\/2015\/06\/24\/enriquecedor-encuentro-taller-para-promover-la-educacion-en-cooperativismo\/\"},\"wordCount\":347,\"publisher\":{\"@id\":\"https:\/\/www.celttv.com.ar\/#organization\"},\"articleSection\":[\"Comunidad\",\"Destacadas\"],\"inLanguage\":\"es\"},{\"@type\":\"WebPage\",\"@id\":\"https:\/\/www.celttv.com.ar\/index.php\/2015\/06\/24\/enriquecedor-encuentro-taller-para-promover-la-educacion-en-cooperativismo\/\",\"url\":\"https:\/\/www.celttv.com.ar\/index.php\/2015\/06\/24\/enriquecedor-encuentro-taller-para-promover-la-educacion-en-cooperativismo\/\",\"name\":\"ENRIQUECEDOR ENCUENTRO-TALLER PARA PROMOVER LA EDUCACI\u00d3N EN COOPERATIVISMO - CELTTV\",\"isPartOf\":{\"@id\":\"https:\/\/www.celttv.com.ar\/#website\"},\"datePublished\":\"2015-06-24T20:15:49+00:00\",\"dateModified\":\"2015-06-24T20:15:49+00:00\",\"description\":\"Sitio web de noticias de la localidad de Tornquist, provincia de Buenos Aires, Rep\u00fablica Argentina. Contenido propio originado por periodistas de CELTTV, el canal de TV local de la Cooperativa El\u00e9ctrica de Tornquist. Turismo, Pol\u00edtica, Sociedad, Deporte, Cultura y todo el contenido de inter\u00e9s general que la gente del pueblo y la regi\u00f3n debe conocer.\",\"breadcrumb\":{\"@id\":\"https:\/\/www.celttv.com.ar\/index.php\/2015\/06\/24\/enriquecedor-encuentro-taller-para-promover-la-educacion-en-cooperativismo\/#breadcrumb\"},\"inLanguage\":\"es\",\"potentialAction\":[{\"@type\":\"ReadAction\",\"target\":[\"https:\/\/www.celttv.com.ar\/index.php\/2015\/06\/24\/enriquecedor-encuentro-taller-para-promover-la-educacion-en-cooperativismo\/\"]}]},{\"@type\":\"BreadcrumbList\",\"@id\":\"https:\/\/www.celttv.com.ar\/index.php\/2015\/06\/24\/enriquecedor-encuentro-taller-para-promover-la-educacion-en-cooperativismo\/#breadcrumb\",\"itemListElement\":[{\"@type\":\"ListItem\",\"position\":1,\"name\":\"Inicio\",\"item\":\"https:\/\/www.celttv.com.ar\/\"},{\"@type\":\"ListItem\",\"position\":2,\"name\":\"ENRIQUECEDOR ENCUENTRO-TALLER PARA PROMOVER LA EDUCACI\u00d3N EN COOPERATIVISMO\"}]},{\"@type\":\"WebSite\",\"@id\":\"https:\/\/www.celttv.com.ar\/#website\",\"url\":\"https:\/\/www.celttv.com.ar\/\",\"name\":\"CELTTV\",\"description\":\"Cooperativa El\u00e9ctrica de Tornquist\",\"publisher\":{\"@id\":\"https:\/\/www.celttv.com.ar\/#organization\"},\"potentialAction\":[{\"@type\":\"SearchAction\",\"target\":{\"@type\":\"EntryPoint\",\"urlTemplate\":\"https:\/\/www.celttv.com.ar\/?s={search_term_string}\"},\"query-input\":\"required name=search_term_string\"}],\"inLanguage\":\"es\"},{\"@type\":\"Organization\",\"@id\":\"https:\/\/www.celttv.com.ar\/#organization\",\"name\":\"CELTTV\",\"url\":\"https:\/\/www.celttv.com.ar\/\",\"sameAs\":[\"https:\/\/www.youtube.com\/channel\/UCz_oIt8Hig64Ub-EmcNPIhg\",\"https:\/\/www.facebook.com\/celtTV\/\"],\"logo\":{\"@type\":\"ImageObject\",\"inLanguage\":\"es\",\"@id\":\"https:\/\/www.celttv.com.ar\/#\/schema\/logo\/image\/\",\"url\":\"http:\/\/www.celttv.com.ar\/wp-content\/uploads\/2022\/08\/logo-1.png\",\"contentUrl\":\"http:\/\/www.celttv.com.ar\/wp-content\/uploads\/2022\/08\/logo-1.png\",\"width\":461,\"height\":159,\"caption\":\"CELTTV\"},\"image\":{\"@id\":\"https:\/\/www.celttv.com.ar\/#\/schema\/logo\/image\/\"}},{\"@type\":\"Person\",\"@id\":\"https:\/\/www.celttv.com.ar\/#\/schema\/person\/6d99c072dba59953809c81446e9d0ace\",\"name\":\"ulises\",\"image\":{\"@type\":\"ImageObject\",\"inLanguage\":\"es\",\"@id\":\"https:\/\/www.celttv.com.ar\/#\/schema\/person\/image\/\",\"url\":\"https:\/\/secure.gravatar.com\/avatar\/7f2c48bdc33b30088f941fb6082e555f2874c98e20cb159d7b92b50eadfce793?s=96&d=mm&r=g\",\"contentUrl\":\"https:\/\/secure.gravatar.com\/avatar\/7f2c48bdc33b30088f941fb6082e555f2874c98e20cb159d7b92b50eadfce793?s=96&d=mm&r=g\",\"caption\":\"ulises\"},\"sameAs\":[\"http:\/\/www.celttv.com.ar\"]}]}<\/script>\n<!-- \/ Yoast SEO plugin. -->","yoast_head_json":{"title":"ENRIQUECEDOR ENCUENTRO-TALLER PARA PROMOVER LA EDUCACI\u00d3N EN COOPERATIVISMO - CELTTV","description":"Sitio web de noticias de la localidad de Tornquist, provincia de Buenos Aires, Rep\u00fablica Argentina. Contenido propio originado por periodistas de CELTTV, el canal de TV local de la Cooperativa El\u00e9ctrica de Tornquist. Turismo, Pol\u00edtica, Sociedad, Deporte, Cultura y todo el contenido de inter\u00e9s general que la gente del pueblo y la regi\u00f3n debe conocer.","robots":{"index":"index","follow":"follow","max-snippet":"max-snippet:-1","max-image-preview":"max-image-preview:large","max-video-preview":"max-video-preview:-1"},"canonical":"https:\/\/www.celttv.com.ar\/index.php\/2015\/06\/24\/enriquecedor-encuentro-taller-para-promover-la-educacion-en-cooperativismo\/","og_locale":"es_ES","og_type":"article","og_title":"ENRIQUECEDOR ENCUENTRO-TALLER PARA PROMOVER LA EDUCACI\u00d3N EN COOPERATIVISMO - CELTTV","og_description":"Sitio web de noticias de la localidad de Tornquist, provincia de Buenos Aires, Rep\u00fablica Argentina. Contenido propio originado por periodistas de CELTTV, el canal de TV local de la Cooperativa El\u00e9ctrica de Tornquist. Turismo, Pol\u00edtica, Sociedad, Deporte, Cultura y todo el contenido de inter\u00e9s general que la gente del pueblo y la regi\u00f3n debe conocer.","og_url":"https:\/\/www.celttv.com.ar\/index.php\/2015\/06\/24\/enriquecedor-encuentro-taller-para-promover-la-educacion-en-cooperativismo\/","og_site_name":"CELTTV","article_publisher":"https:\/\/www.facebook.com\/celtTV\/","article_published_time":"2015-06-24T20:15:49+00:00","og_image":[{"url":"http:\/\/www.tvcnoticias.com.ar\/wp-content\/uploads\/2015\/06\/FEDE-OLAVARRIA_resize-450x256.jpg"}],"author":"ulises","twitter_card":"summary_large_image","twitter_misc":{"Escrito por":"ulises","Tiempo de lectura":"2 minutos"},"schema":{"@context":"https:\/\/schema.org","@graph":[{"@type":"NewsArticle","@id":"https:\/\/www.celttv.com.ar\/index.php\/2015\/06\/24\/enriquecedor-encuentro-taller-para-promover-la-educacion-en-cooperativismo\/#article","isPartOf":{"@id":"https:\/\/www.celttv.com.ar\/index.php\/2015\/06\/24\/enriquecedor-encuentro-taller-para-promover-la-educacion-en-cooperativismo\/"},"author":{"name":"ulises","@id":"https:\/\/www.celttv.com.ar\/#\/schema\/person\/6d99c072dba59953809c81446e9d0ace"},"headline":"ENRIQUECEDOR ENCUENTRO-TALLER PARA PROMOVER LA EDUCACI\u00d3N EN COOPERATIVISMO","datePublished":"2015-06-24T20:15:49+00:00","dateModified":"2015-06-24T20:15:49+00:00","mainEntityOfPage":{"@id":"https:\/\/www.celttv.com.ar\/index.php\/2015\/06\/24\/enriquecedor-encuentro-taller-para-promover-la-educacion-en-cooperativismo\/"},"wordCount":347,"publisher":{"@id":"https:\/\/www.celttv.com.ar\/#organization"},"articleSection":["Comunidad","Destacadas"],"inLanguage":"es"},{"@type":"WebPage","@id":"https:\/\/www.celttv.com.ar\/index.php\/2015\/06\/24\/enriquecedor-encuentro-taller-para-promover-la-educacion-en-cooperativismo\/","url":"https:\/\/www.celttv.com.ar\/index.php\/2015\/06\/24\/enriquecedor-encuentro-taller-para-promover-la-educacion-en-cooperativismo\/","name":"ENRIQUECEDOR ENCUENTRO-TALLER PARA PROMOVER LA EDUCACI\u00d3N EN COOPERATIVISMO - CELTTV","isPartOf":{"@id":"https:\/\/www.celttv.com.ar\/#website"},"datePublished":"2015-06-24T20:15:49+00:00","dateModified":"2015-06-24T20:15:49+00:00","description":"Sitio web de noticias de la localidad de Tornquist, provincia de Buenos Aires, Rep\u00fablica Argentina. Contenido propio originado por periodistas de CELTTV, el canal de TV local de la Cooperativa El\u00e9ctrica de Tornquist. Turismo, Pol\u00edtica, Sociedad, Deporte, Cultura y todo el contenido de inter\u00e9s general que la gente del pueblo y la regi\u00f3n debe conocer.","breadcrumb":{"@id":"https:\/\/www.celttv.com.ar\/index.php\/2015\/06\/24\/enriquecedor-encuentro-taller-para-promover-la-educacion-en-cooperativismo\/#breadcrumb"},"inLanguage":"es","potentialAction":[{"@type":"ReadAction","target":["https:\/\/www.celttv.com.ar\/index.php\/2015\/06\/24\/enriquecedor-encuentro-taller-para-promover-la-educacion-en-cooperativismo\/"]}]},{"@type":"BreadcrumbList","@id":"https:\/\/www.celttv.com.ar\/index.php\/2015\/06\/24\/enriquecedor-encuentro-taller-para-promover-la-educacion-en-cooperativismo\/#breadcrumb","itemListElement":[{"@type":"ListItem","position":1,"name":"Inicio","item":"https:\/\/www.celttv.com.ar\/"},{"@type":"ListItem","position":2,"name":"ENRIQUECEDOR ENCUENTRO-TALLER PARA PROMOVER LA EDUCACI\u00d3N EN COOPERATIVISMO"}]},{"@type":"WebSite","@id":"https:\/\/www.celttv.com.ar\/#website","url":"https:\/\/www.celttv.com.ar\/","name":"CELTTV","description":"Cooperativa El\u00e9ctrica de Tornquist","publisher":{"@id":"https:\/\/www.celttv.com.ar\/#organization"},"potentialAction":[{"@type":"SearchAction","target":{"@type":"EntryPoint","urlTemplate":"https:\/\/www.celttv.com.ar\/?s={search_term_string}"},"query-input":"required name=search_term_string"}],"inLanguage":"es"},{"@type":"Organization","@id":"https:\/\/www.celttv.com.ar\/#organization","name":"CELTTV","url":"https:\/\/www.celttv.com.ar\/","sameAs":["https:\/\/www.youtube.com\/channel\/UCz_oIt8Hig64Ub-EmcNPIhg","https:\/\/www.facebook.com\/celtTV\/"],"logo":{"@type":"ImageObject","inLanguage":"es","@id":"https:\/\/www.celttv.com.ar\/#\/schema\/logo\/image\/","url":"http:\/\/www.celttv.com.ar\/wp-content\/uploads\/2022\/08\/logo-1.png","contentUrl":"http:\/\/www.celttv.com.ar\/wp-content\/uploads\/2022\/08\/logo-1.png","width":461,"height":159,"caption":"CELTTV"},"image":{"@id":"https:\/\/www.celttv.com.ar\/#\/schema\/logo\/image\/"}},{"@type":"Person","@id":"https:\/\/www.celttv.com.ar\/#\/schema\/person\/6d99c072dba59953809c81446e9d0ace","name":"ulises","image":{"@type":"ImageObject","inLanguage":"es","@id":"https:\/\/www.celttv.com.ar\/#\/schema\/person\/image\/","url":"https:\/\/secure.gravatar.com\/avatar\/7f2c48bdc33b30088f941fb6082e555f2874c98e20cb159d7b92b50eadfce793?s=96&d=mm&r=g","contentUrl":"https:\/\/secure.gravatar.com\/avatar\/7f2c48bdc33b30088f941fb6082e555f2874c98e20cb159d7b92b50eadfce793?s=96&d=mm&r=g","caption":"ulises"},"sameAs":["http:\/\/www.celttv.com.ar"]}]}},"_links":{"self":[{"href":"https:\/\/www.celttv.com.ar\/index.php\/wp-json\/wp\/v2\/posts\/29227","targetHints":{"allow":["GET"]}}],"collection":[{"href":"https:\/\/www.celttv.com.ar\/index.php\/wp-json\/wp\/v2\/posts"}],"about":[{"href":"https:\/\/www.celttv.com.ar\/index.php\/wp-json\/wp\/v2\/types\/post"}],"author":[{"embeddable":true,"href":"https:\/\/www.celttv.com.ar\/index.php\/wp-json\/wp\/v2\/users\/1"}],"replies":[{"embeddable":true,"href":"https:\/\/www.celttv.com.ar\/index.php\/wp-json\/wp\/v2\/comments?post=29227"}],"version-history":[{"count":0,"href":"https:\/\/www.celttv.com.ar\/index.php\/wp-json\/wp\/v2\/posts\/29227\/revisions"}],"wp:attachment":[{"href":"https:\/\/www.celttv.com.ar\/index.php\/wp-json\/wp\/v2\/media?parent=29227"}],"wp:term":[{"taxonomy":"category","embeddable":true,"href":"https:\/\/www.celttv.com.ar\/index.php\/wp-json\/wp\/v2\/categories?post=29227"},{"taxonomy":"post_tag","embeddable":true,"href":"https:\/\/www.celttv.com.ar\/index.php\/wp-json\/wp\/v2\/tags?post=29227"}],"curies":[{"name":"wp","href":"https:\/\/api.w.org\/{rel}","templated":true}]}}