{"id":29231,"date":"2015-06-24T20:20:16","date_gmt":"2015-06-24T20:20:16","guid":{"rendered":"http:\/\/www.tvcnoticias.com.ar\/?p=29231"},"modified":"2015-06-24T20:20:16","modified_gmt":"2015-06-24T20:20:16","slug":"sierra-de-la-ventana-importante-participacion-de-las-cooperativas-de-la-zona-sudoeste","status":"publish","type":"post","link":"https:\/\/www.celttv.com.ar\/index.php\/2015\/06\/24\/sierra-de-la-ventana-importante-participacion-de-las-cooperativas-de-la-zona-sudoeste\/","title":{"rendered":"SIERRA DE LA VENTANA: IMPORTANTE PARTICIPACI\u00d3N DE LAS COOPERATIVAS DE LA ZONA SUDOESTE"},"content":{"rendered":"<p>httpv:\/\/www.youtube.com\/watch?v=ESp8X2ckJMA<\/p>\n<p>FEDECOBA realiz\u00f3 su tercera reuni\u00f3n regional de 2015.  Asistieron m\u00e1s de 70 representantes de unas treinta asociadas. Se trabaj\u00f3 un amplio temario a agenda abierta, con \u00e9nfasis en la b\u00fasqueda de proyectos para el fortalecimiento econ\u00f3mico e institucional.<\/p>\n<p>M\u00e1s de 70 representantes de unas treinta cooperativas asociadas a FEDECOBA participaron de la tercera reuni\u00f3n regional del ciclo 2015 que se llev\u00f3 a cabo el viernes 19 de junio en Sierra de la Ventana (partido de Tornquist), con una masiva asistencia de entidades de la zona sudoeste.<br \/>\nAll\u00ed, durante algo m\u00e1s de cuatro horas, fueron desarrollados los principales temas que ocupan y preocupan al sector cooperativo de servicios p\u00fablicos integrado en FEDECOBA, especialmente los relacionados con servicios esenciales brindados en las comunidades: electricidad, agua potable y telecomunicaciones; como tambi\u00e9n distintos aspectos que favorecen el fortalecimiento institucional de las organizaciones de base.<br \/>\nAdem\u00e1s, hubo espacio para un detallado informe de los principales proyectos que lleva adelante la federaci\u00f3n ofreciendo m\u00e1s y mejores servicios que permitan la sustentabilidad de las empresas cooperativas. \u201cDebemos abordar los temas del presente, con la responsabilidad que nos toca, pero pensando fundamentalmente en el futuro\u201d, sostuvo Ariel Guarco, presidente de FEDECOBA, al tiempo reiter\u00f3 el llamado a una integraci\u00f3n real que haga m\u00e1s fuerte y s\u00f3lido al cooperativismo de servicios.<br \/>\n\u201cEs un honor recibir a FEDECOBA y a tantas cooperativas vecinas\u201d, indic\u00f3 H\u00e9ctor Castillo, presidente de la COOPERATIVA DE ELECTRICIDAD, SERVICIOS P\u00daBLICOS, CONSUMO, CR\u00c9DITO Y VIVIENDA DE SIERRA DE LA VENTANA LTDA, anfitriona de este nuevo encuentro intercooperativo que concluy\u00f3 con un lunch de camarader\u00eda.<br \/>\nEn representaci\u00f3n del Consejo de Administraci\u00f3n asistieron al encuentro: Ariel Guarco, presidente; Angel Echarren, vicepresidente; Guillermo Ostornol, secretario. Y los consejeros: Julio Rivas, Daniel Garc\u00eda, Juan Carlos Dentis, Gerardo Garc\u00eda, Julio Cant\u00f3n; y el s\u00edndico Alejandro Gil. La planta funcional de FEDECOBA en pleno tambi\u00e9n particip\u00f3 del encuentro, evacuando consultas y asesorando en cada una de las materias: Mario Vitale, gerente; Ruben Zuanetti, asesor en energ\u00eda el\u00e9ctrica; Ricardo Ceriale, asesor en agua y saneamiento; Luis Bibini, asesor en telecomunicaciones; Mariano Ruesga, asesor legal; Valeria Gonzalez, asesora contable; Marcos Sarasola, operador de servicios; y Fabricio O\u2019Dwyer, responsable de comunicaci\u00f3n y asuntos institucionales.<br \/>\nSolidaridad cooperativa. \u201cQueremos aprovechar esta reuni\u00f3n de cooperativas para expresar nuestro agradecimiento a FEDECOBA y a todas las cooperativas que nos apoyaron y se solidarizaron con nosotros cuando hace unos meses una tormenta caus\u00f3 numerosos destrozos en las redes de distribuci\u00f3n el\u00e9ctrica\u201d, manifest\u00f3 Anselmo Moreno, gerente de la Cooperativa El\u00e9ctrica de Felipe Sol\u00e1.<br \/>\nReuni\u00f3n de Consejo. En coincidencia con la visita a la regi\u00f3n sudoeste, el d\u00eda anterior se reuni\u00f3 en la zona el Consejo de Administraci\u00f3n de FEDECOBA desarrollando un amplio orden del d\u00eda.<\/p>\n","protected":false},"excerpt":{"rendered":"<p>httpv:\/\/www.youtube.com\/watch?v=ESp8X2ckJMA FEDECOBA realiz\u00f3 su tercera reuni\u00f3n regional de 2015. Asistieron m\u00e1s de 70 representantes de unas treinta asociadas. Se trabaj\u00f3 un amplio temario a agenda abierta, con \u00e9nfasis en la b\u00fasqueda de proyectos para el fortalecimiento econ\u00f3mico e institucional. M\u00e1s de 70 representantes de unas treinta cooperativas asociadas a FEDECOBA participaron de la tercera reuni\u00f3n [&hellip;]<\/p>\n","protected":false},"author":1,"featured_media":0,"comment_status":"closed","ping_status":"open","sticky":false,"template":"","format":"standard","meta":{"footnotes":""},"categories":[51,52,64],"tags":[],"class_list":["post-29231","post","type-post","status-publish","format-standard","hentry","category-comunidad","category-destacadas","category-videos-destacados"],"yoast_head":"<!-- This site is optimized with the Yoast SEO plugin v19.7.1 - https:\/\/yoast.com\/wordpress\/plugins\/seo\/ -->\n<title>SIERRA DE LA VENTANA: IMPORTANTE PARTICIPACI\u00d3N DE LAS COOPERATIVAS DE LA ZONA SUDOESTE - CELTTV<\/title>\n<meta name=\"description\" content=\"Sitio web de noticias de la localidad de Tornquist, provincia de Buenos Aires, Rep\u00fablica Argentina. Contenido propio originado por periodistas de CELTTV, el canal de TV local de la Cooperativa El\u00e9ctrica de Tornquist. Turismo, Pol\u00edtica, Sociedad, Deporte, Cultura y todo el contenido de inter\u00e9s general que la gente del pueblo y la regi\u00f3n debe conocer.\" \/>\n<meta name=\"robots\" content=\"index, follow, max-snippet:-1, max-image-preview:large, max-video-preview:-1\" \/>\n<link rel=\"canonical\" href=\"https:\/\/www.celttv.com.ar\/index.php\/2015\/06\/24\/sierra-de-la-ventana-importante-participacion-de-las-cooperativas-de-la-zona-sudoeste\/\" \/>\n<meta property=\"og:locale\" content=\"es_ES\" \/>\n<meta property=\"og:type\" content=\"article\" \/>\n<meta property=\"og:title\" content=\"SIERRA DE LA VENTANA: IMPORTANTE PARTICIPACI\u00d3N DE LAS COOPERATIVAS DE LA ZONA SUDOESTE - CELTTV\" \/>\n<meta property=\"og:description\" content=\"Sitio web de noticias de la localidad de Tornquist, provincia de Buenos Aires, Rep\u00fablica Argentina. Contenido propio originado por periodistas de CELTTV, el canal de TV local de la Cooperativa El\u00e9ctrica de Tornquist. Turismo, Pol\u00edtica, Sociedad, Deporte, Cultura y todo el contenido de inter\u00e9s general que la gente del pueblo y la regi\u00f3n debe conocer.\" \/>\n<meta property=\"og:url\" content=\"https:\/\/www.celttv.com.ar\/index.php\/2015\/06\/24\/sierra-de-la-ventana-importante-participacion-de-las-cooperativas-de-la-zona-sudoeste\/\" \/>\n<meta property=\"og:site_name\" content=\"CELTTV\" \/>\n<meta property=\"article:publisher\" content=\"https:\/\/www.facebook.com\/celtTV\/\" \/>\n<meta property=\"article:published_time\" content=\"2015-06-24T20:20:16+00:00\" \/>\n<meta name=\"author\" content=\"ulises\" \/>\n<meta name=\"twitter:card\" content=\"summary_large_image\" \/>\n<meta name=\"twitter:label1\" content=\"Escrito por\" \/>\n\t<meta name=\"twitter:data1\" content=\"ulises\" \/>\n\t<meta name=\"twitter:label2\" content=\"Tiempo de lectura\" \/>\n\t<meta name=\"twitter:data2\" content=\"2 minutos\" \/>\n<script type=\"application\/ld+json\" class=\"yoast-schema-graph\">{\"@context\":\"https:\/\/schema.org\",\"@graph\":[{\"@type\":\"NewsArticle\",\"@id\":\"https:\/\/www.celttv.com.ar\/index.php\/2015\/06\/24\/sierra-de-la-ventana-importante-participacion-de-las-cooperativas-de-la-zona-sudoeste\/#article\",\"isPartOf\":{\"@id\":\"https:\/\/www.celttv.com.ar\/index.php\/2015\/06\/24\/sierra-de-la-ventana-importante-participacion-de-las-cooperativas-de-la-zona-sudoeste\/\"},\"author\":{\"name\":\"ulises\",\"@id\":\"https:\/\/www.celttv.com.ar\/#\/schema\/person\/6d99c072dba59953809c81446e9d0ace\"},\"headline\":\"SIERRA DE LA VENTANA: IMPORTANTE PARTICIPACI\u00d3N DE LAS COOPERATIVAS DE LA ZONA SUDOESTE\",\"datePublished\":\"2015-06-24T20:20:16+00:00\",\"dateModified\":\"2015-06-24T20:20:16+00:00\",\"mainEntityOfPage\":{\"@id\":\"https:\/\/www.celttv.com.ar\/index.php\/2015\/06\/24\/sierra-de-la-ventana-importante-participacion-de-las-cooperativas-de-la-zona-sudoeste\/\"},\"wordCount\":500,\"publisher\":{\"@id\":\"https:\/\/www.celttv.com.ar\/#organization\"},\"articleSection\":[\"Comunidad\",\"Destacadas\",\"Videos Destacados\"],\"inLanguage\":\"es\"},{\"@type\":\"WebPage\",\"@id\":\"https:\/\/www.celttv.com.ar\/index.php\/2015\/06\/24\/sierra-de-la-ventana-importante-participacion-de-las-cooperativas-de-la-zona-sudoeste\/\",\"url\":\"https:\/\/www.celttv.com.ar\/index.php\/2015\/06\/24\/sierra-de-la-ventana-importante-participacion-de-las-cooperativas-de-la-zona-sudoeste\/\",\"name\":\"SIERRA DE LA VENTANA: IMPORTANTE PARTICIPACI\u00d3N DE LAS COOPERATIVAS DE LA ZONA SUDOESTE - CELTTV\",\"isPartOf\":{\"@id\":\"https:\/\/www.celttv.com.ar\/#website\"},\"datePublished\":\"2015-06-24T20:20:16+00:00\",\"dateModified\":\"2015-06-24T20:20:16+00:00\",\"description\":\"Sitio web de noticias de la localidad de Tornquist, provincia de Buenos Aires, Rep\u00fablica Argentina. Contenido propio originado por periodistas de CELTTV, el canal de TV local de la Cooperativa El\u00e9ctrica de Tornquist. Turismo, Pol\u00edtica, Sociedad, Deporte, Cultura y todo el contenido de inter\u00e9s general que la gente del pueblo y la regi\u00f3n debe conocer.\",\"breadcrumb\":{\"@id\":\"https:\/\/www.celttv.com.ar\/index.php\/2015\/06\/24\/sierra-de-la-ventana-importante-participacion-de-las-cooperativas-de-la-zona-sudoeste\/#breadcrumb\"},\"inLanguage\":\"es\",\"potentialAction\":[{\"@type\":\"ReadAction\",\"target\":[\"https:\/\/www.celttv.com.ar\/index.php\/2015\/06\/24\/sierra-de-la-ventana-importante-participacion-de-las-cooperativas-de-la-zona-sudoeste\/\"]}]},{\"@type\":\"BreadcrumbList\",\"@id\":\"https:\/\/www.celttv.com.ar\/index.php\/2015\/06\/24\/sierra-de-la-ventana-importante-participacion-de-las-cooperativas-de-la-zona-sudoeste\/#breadcrumb\",\"itemListElement\":[{\"@type\":\"ListItem\",\"position\":1,\"name\":\"Inicio\",\"item\":\"https:\/\/www.celttv.com.ar\/\"},{\"@type\":\"ListItem\",\"position\":2,\"name\":\"SIERRA DE LA VENTANA: IMPORTANTE PARTICIPACI\u00d3N DE LAS COOPERATIVAS DE LA ZONA SUDOESTE\"}]},{\"@type\":\"WebSite\",\"@id\":\"https:\/\/www.celttv.com.ar\/#website\",\"url\":\"https:\/\/www.celttv.com.ar\/\",\"name\":\"CELTTV\",\"description\":\"Cooperativa El\u00e9ctrica de Tornquist\",\"publisher\":{\"@id\":\"https:\/\/www.celttv.com.ar\/#organization\"},\"potentialAction\":[{\"@type\":\"SearchAction\",\"target\":{\"@type\":\"EntryPoint\",\"urlTemplate\":\"https:\/\/www.celttv.com.ar\/?s={search_term_string}\"},\"query-input\":\"required name=search_term_string\"}],\"inLanguage\":\"es\"},{\"@type\":\"Organization\",\"@id\":\"https:\/\/www.celttv.com.ar\/#organization\",\"name\":\"CELTTV\",\"url\":\"https:\/\/www.celttv.com.ar\/\",\"sameAs\":[\"https:\/\/www.youtube.com\/channel\/UCz_oIt8Hig64Ub-EmcNPIhg\",\"https:\/\/www.facebook.com\/celtTV\/\"],\"logo\":{\"@type\":\"ImageObject\",\"inLanguage\":\"es\",\"@id\":\"https:\/\/www.celttv.com.ar\/#\/schema\/logo\/image\/\",\"url\":\"http:\/\/www.celttv.com.ar\/wp-content\/uploads\/2022\/08\/logo-1.png\",\"contentUrl\":\"http:\/\/www.celttv.com.ar\/wp-content\/uploads\/2022\/08\/logo-1.png\",\"width\":461,\"height\":159,\"caption\":\"CELTTV\"},\"image\":{\"@id\":\"https:\/\/www.celttv.com.ar\/#\/schema\/logo\/image\/\"}},{\"@type\":\"Person\",\"@id\":\"https:\/\/www.celttv.com.ar\/#\/schema\/person\/6d99c072dba59953809c81446e9d0ace\",\"name\":\"ulises\",\"image\":{\"@type\":\"ImageObject\",\"inLanguage\":\"es\",\"@id\":\"https:\/\/www.celttv.com.ar\/#\/schema\/person\/image\/\",\"url\":\"https:\/\/secure.gravatar.com\/avatar\/7f2c48bdc33b30088f941fb6082e555f2874c98e20cb159d7b92b50eadfce793?s=96&d=mm&r=g\",\"contentUrl\":\"https:\/\/secure.gravatar.com\/avatar\/7f2c48bdc33b30088f941fb6082e555f2874c98e20cb159d7b92b50eadfce793?s=96&d=mm&r=g\",\"caption\":\"ulises\"},\"sameAs\":[\"http:\/\/www.celttv.com.ar\"]}]}<\/script>\n<!-- \/ Yoast SEO plugin. -->","yoast_head_json":{"title":"SIERRA DE LA VENTANA: IMPORTANTE PARTICIPACI\u00d3N DE LAS COOPERATIVAS DE LA ZONA SUDOESTE - CELTTV","description":"Sitio web de noticias de la localidad de Tornquist, provincia de Buenos Aires, Rep\u00fablica Argentina. Contenido propio originado por periodistas de CELTTV, el canal de TV local de la Cooperativa El\u00e9ctrica de Tornquist. Turismo, Pol\u00edtica, Sociedad, Deporte, Cultura y todo el contenido de inter\u00e9s general que la gente del pueblo y la regi\u00f3n debe conocer.","robots":{"index":"index","follow":"follow","max-snippet":"max-snippet:-1","max-image-preview":"max-image-preview:large","max-video-preview":"max-video-preview:-1"},"canonical":"https:\/\/www.celttv.com.ar\/index.php\/2015\/06\/24\/sierra-de-la-ventana-importante-participacion-de-las-cooperativas-de-la-zona-sudoeste\/","og_locale":"es_ES","og_type":"article","og_title":"SIERRA DE LA VENTANA: IMPORTANTE PARTICIPACI\u00d3N DE LAS COOPERATIVAS DE LA ZONA SUDOESTE - CELTTV","og_description":"Sitio web de noticias de la localidad de Tornquist, provincia de Buenos Aires, Rep\u00fablica Argentina. Contenido propio originado por periodistas de CELTTV, el canal de TV local de la Cooperativa El\u00e9ctrica de Tornquist. Turismo, Pol\u00edtica, Sociedad, Deporte, Cultura y todo el contenido de inter\u00e9s general que la gente del pueblo y la regi\u00f3n debe conocer.","og_url":"https:\/\/www.celttv.com.ar\/index.php\/2015\/06\/24\/sierra-de-la-ventana-importante-participacion-de-las-cooperativas-de-la-zona-sudoeste\/","og_site_name":"CELTTV","article_publisher":"https:\/\/www.facebook.com\/celtTV\/","article_published_time":"2015-06-24T20:20:16+00:00","author":"ulises","twitter_card":"summary_large_image","twitter_misc":{"Escrito por":"ulises","Tiempo de lectura":"2 minutos"},"schema":{"@context":"https:\/\/schema.org","@graph":[{"@type":"NewsArticle","@id":"https:\/\/www.celttv.com.ar\/index.php\/2015\/06\/24\/sierra-de-la-ventana-importante-participacion-de-las-cooperativas-de-la-zona-sudoeste\/#article","isPartOf":{"@id":"https:\/\/www.celttv.com.ar\/index.php\/2015\/06\/24\/sierra-de-la-ventana-importante-participacion-de-las-cooperativas-de-la-zona-sudoeste\/"},"author":{"name":"ulises","@id":"https:\/\/www.celttv.com.ar\/#\/schema\/person\/6d99c072dba59953809c81446e9d0ace"},"headline":"SIERRA DE LA VENTANA: IMPORTANTE PARTICIPACI\u00d3N DE LAS COOPERATIVAS DE LA ZONA SUDOESTE","datePublished":"2015-06-24T20:20:16+00:00","dateModified":"2015-06-24T20:20:16+00:00","mainEntityOfPage":{"@id":"https:\/\/www.celttv.com.ar\/index.php\/2015\/06\/24\/sierra-de-la-ventana-importante-participacion-de-las-cooperativas-de-la-zona-sudoeste\/"},"wordCount":500,"publisher":{"@id":"https:\/\/www.celttv.com.ar\/#organization"},"articleSection":["Comunidad","Destacadas","Videos Destacados"],"inLanguage":"es"},{"@type":"WebPage","@id":"https:\/\/www.celttv.com.ar\/index.php\/2015\/06\/24\/sierra-de-la-ventana-importante-participacion-de-las-cooperativas-de-la-zona-sudoeste\/","url":"https:\/\/www.celttv.com.ar\/index.php\/2015\/06\/24\/sierra-de-la-ventana-importante-participacion-de-las-cooperativas-de-la-zona-sudoeste\/","name":"SIERRA DE LA VENTANA: IMPORTANTE PARTICIPACI\u00d3N DE LAS COOPERATIVAS DE LA ZONA SUDOESTE - CELTTV","isPartOf":{"@id":"https:\/\/www.celttv.com.ar\/#website"},"datePublished":"2015-06-24T20:20:16+00:00","dateModified":"2015-06-24T20:20:16+00:00","description":"Sitio web de noticias de la localidad de Tornquist, provincia de Buenos Aires, Rep\u00fablica Argentina. Contenido propio originado por periodistas de CELTTV, el canal de TV local de la Cooperativa El\u00e9ctrica de Tornquist. Turismo, Pol\u00edtica, Sociedad, Deporte, Cultura y todo el contenido de inter\u00e9s general que la gente del pueblo y la regi\u00f3n debe conocer.","breadcrumb":{"@id":"https:\/\/www.celttv.com.ar\/index.php\/2015\/06\/24\/sierra-de-la-ventana-importante-participacion-de-las-cooperativas-de-la-zona-sudoeste\/#breadcrumb"},"inLanguage":"es","potentialAction":[{"@type":"ReadAction","target":["https:\/\/www.celttv.com.ar\/index.php\/2015\/06\/24\/sierra-de-la-ventana-importante-participacion-de-las-cooperativas-de-la-zona-sudoeste\/"]}]},{"@type":"BreadcrumbList","@id":"https:\/\/www.celttv.com.ar\/index.php\/2015\/06\/24\/sierra-de-la-ventana-importante-participacion-de-las-cooperativas-de-la-zona-sudoeste\/#breadcrumb","itemListElement":[{"@type":"ListItem","position":1,"name":"Inicio","item":"https:\/\/www.celttv.com.ar\/"},{"@type":"ListItem","position":2,"name":"SIERRA DE LA VENTANA: IMPORTANTE PARTICIPACI\u00d3N DE LAS COOPERATIVAS DE LA ZONA SUDOESTE"}]},{"@type":"WebSite","@id":"https:\/\/www.celttv.com.ar\/#website","url":"https:\/\/www.celttv.com.ar\/","name":"CELTTV","description":"Cooperativa El\u00e9ctrica de Tornquist","publisher":{"@id":"https:\/\/www.celttv.com.ar\/#organization"},"potentialAction":[{"@type":"SearchAction","target":{"@type":"EntryPoint","urlTemplate":"https:\/\/www.celttv.com.ar\/?s={search_term_string}"},"query-input":"required name=search_term_string"}],"inLanguage":"es"},{"@type":"Organization","@id":"https:\/\/www.celttv.com.ar\/#organization","name":"CELTTV","url":"https:\/\/www.celttv.com.ar\/","sameAs":["https:\/\/www.youtube.com\/channel\/UCz_oIt8Hig64Ub-EmcNPIhg","https:\/\/www.facebook.com\/celtTV\/"],"logo":{"@type":"ImageObject","inLanguage":"es","@id":"https:\/\/www.celttv.com.ar\/#\/schema\/logo\/image\/","url":"http:\/\/www.celttv.com.ar\/wp-content\/uploads\/2022\/08\/logo-1.png","contentUrl":"http:\/\/www.celttv.com.ar\/wp-content\/uploads\/2022\/08\/logo-1.png","width":461,"height":159,"caption":"CELTTV"},"image":{"@id":"https:\/\/www.celttv.com.ar\/#\/schema\/logo\/image\/"}},{"@type":"Person","@id":"https:\/\/www.celttv.com.ar\/#\/schema\/person\/6d99c072dba59953809c81446e9d0ace","name":"ulises","image":{"@type":"ImageObject","inLanguage":"es","@id":"https:\/\/www.celttv.com.ar\/#\/schema\/person\/image\/","url":"https:\/\/secure.gravatar.com\/avatar\/7f2c48bdc33b30088f941fb6082e555f2874c98e20cb159d7b92b50eadfce793?s=96&d=mm&r=g","contentUrl":"https:\/\/secure.gravatar.com\/avatar\/7f2c48bdc33b30088f941fb6082e555f2874c98e20cb159d7b92b50eadfce793?s=96&d=mm&r=g","caption":"ulises"},"sameAs":["http:\/\/www.celttv.com.ar"]}]}},"_links":{"self":[{"href":"https:\/\/www.celttv.com.ar\/index.php\/wp-json\/wp\/v2\/posts\/29231","targetHints":{"allow":["GET"]}}],"collection":[{"href":"https:\/\/www.celttv.com.ar\/index.php\/wp-json\/wp\/v2\/posts"}],"about":[{"href":"https:\/\/www.celttv.com.ar\/index.php\/wp-json\/wp\/v2\/types\/post"}],"author":[{"embeddable":true,"href":"https:\/\/www.celttv.com.ar\/index.php\/wp-json\/wp\/v2\/users\/1"}],"replies":[{"embeddable":true,"href":"https:\/\/www.celttv.com.ar\/index.php\/wp-json\/wp\/v2\/comments?post=29231"}],"version-history":[{"count":0,"href":"https:\/\/www.celttv.com.ar\/index.php\/wp-json\/wp\/v2\/posts\/29231\/revisions"}],"wp:attachment":[{"href":"https:\/\/www.celttv.com.ar\/index.php\/wp-json\/wp\/v2\/media?parent=29231"}],"wp:term":[{"taxonomy":"category","embeddable":true,"href":"https:\/\/www.celttv.com.ar\/index.php\/wp-json\/wp\/v2\/categories?post=29231"},{"taxonomy":"post_tag","embeddable":true,"href":"https:\/\/www.celttv.com.ar\/index.php\/wp-json\/wp\/v2\/tags?post=29231"}],"curies":[{"name":"wp","href":"https:\/\/api.w.org\/{rel}","templated":true}]}}