{"id":29241,"date":"2015-06-26T15:25:27","date_gmt":"2015-06-26T15:25:27","guid":{"rendered":"http:\/\/www.tvcnoticias.com.ar\/?p=29241"},"modified":"2015-06-26T15:25:27","modified_gmt":"2015-06-26T15:25:27","slug":"un-hombre-oriundo-de-tornquist-muere-en-bahia-blanca-por-inhalacion-de-monoxido-de-carbono","status":"publish","type":"post","link":"https:\/\/www.celttv.com.ar\/index.php\/2015\/06\/26\/un-hombre-oriundo-de-tornquist-muere-en-bahia-blanca-por-inhalacion-de-monoxido-de-carbono\/","title":{"rendered":"Un hombre, oriundo de Tornquist, muere en Bah\u00eda Blanca por inhalaci\u00f3n de mon\u00f3xido de carbono"},"content":{"rendered":"<p><a href=\"http:\/\/www.tvcnoticias.com.ar\/?attachment_id=29242\" rel=\"attachment wp-att-29242\"><img loading=\"lazy\" decoding=\"async\" src=\"http:\/\/www.tvcnoticias.com.ar\/wp-content\/uploads\/2015\/06\/monoxido1-450x250.jpg\" alt=\"\" title=\"monoxido1\" width=\"450\" height=\"250\" class=\"aligncenter size-medium wp-image-29242\" \/><\/a> Fabi\u00e1n Gary, de 51 a\u00f1os, oriundo de Tornquist, muri\u00f3 anoche intoxicado por inhalaci\u00f3n de mon\u00f3xido de carbono en su casa de Caseros 2188, del barrio Villa Soldati, en la que resid\u00eda hace dos semanas. <\/p>\n<p>La informaci\u00f3n que manejan las autoridades, en base al testimonio de un familiar de Gary con el que compart\u00eda la vivienda, es que el desperfecto se habr\u00eda originado en un calefactor. <\/p>\n<p>Seg\u00fan coment\u00f3, alrededor de las 24 se retir\u00f3 del inmueble para ir a trabajar y el artefacto estaba en piloto. Pero cuando regres\u00f3 esta ma\u00f1ana vio que estaba al m\u00e1ximo, not\u00f3 que el aire estaba &#8220;pesado&#8221; y hall\u00f3 el cuerpo sin vida de Gary en la cama. <\/p>\n<p>Personal de Bomberos procedi\u00f3 a cortar el gas, mientras Polic\u00eda Cient\u00edfica trabaja en el lugar para determinar el causal de muerte.<\/p>\n<p>Seg\u00fan informaron los familiares de Gary, sus restos son velados en la ciudad de Bah\u00eda Blanca y recibir\u00e1n sepultura en la necr\u00f3polis de Tornquist, ma\u00f1ana s\u00e1bado a la hora 10:00.<\/p>\n<p>Fuente: La Brujula<\/p>\n","protected":false},"excerpt":{"rendered":"<p>Fabi\u00e1n Gary, de 51 a\u00f1os, oriundo de Tornquist, muri\u00f3 anoche intoxicado por inhalaci\u00f3n de mon\u00f3xido de carbono en su casa de Caseros 2188, del barrio Villa Soldati, en la que resid\u00eda hace dos semanas. La informaci\u00f3n que manejan las autoridades, en base al testimonio de un familiar de Gary con el que compart\u00eda la vivienda, [&hellip;]<\/p>\n","protected":false},"author":1,"featured_media":0,"comment_status":"closed","ping_status":"open","sticky":false,"template":"","format":"standard","meta":{"footnotes":""},"categories":[51,52,61],"tags":[],"class_list":["post-29241","post","type-post","status-publish","format-standard","hentry","category-comunidad","category-destacadas","category-policiales"],"yoast_head":"<!-- This site is optimized with the Yoast SEO plugin v19.7.1 - https:\/\/yoast.com\/wordpress\/plugins\/seo\/ -->\n<title>Un hombre, oriundo de Tornquist, muere en Bah\u00eda Blanca por inhalaci\u00f3n de mon\u00f3xido de carbono - CELTTV<\/title>\n<meta name=\"description\" content=\"Sitio web de noticias de la localidad de Tornquist, provincia de Buenos Aires, Rep\u00fablica Argentina. Contenido propio originado por periodistas de CELTTV, el canal de TV local de la Cooperativa El\u00e9ctrica de Tornquist. Turismo, Pol\u00edtica, Sociedad, Deporte, Cultura y todo el contenido de inter\u00e9s general que la gente del pueblo y la regi\u00f3n debe conocer.\" \/>\n<meta name=\"robots\" content=\"index, follow, max-snippet:-1, max-image-preview:large, max-video-preview:-1\" \/>\n<link rel=\"canonical\" href=\"https:\/\/www.celttv.com.ar\/index.php\/2015\/06\/26\/un-hombre-oriundo-de-tornquist-muere-en-bahia-blanca-por-inhalacion-de-monoxido-de-carbono\/\" \/>\n<meta property=\"og:locale\" content=\"es_ES\" \/>\n<meta property=\"og:type\" content=\"article\" \/>\n<meta property=\"og:title\" content=\"Un hombre, oriundo de Tornquist, muere en Bah\u00eda Blanca por inhalaci\u00f3n de mon\u00f3xido de carbono - CELTTV\" \/>\n<meta property=\"og:description\" content=\"Sitio web de noticias de la localidad de Tornquist, provincia de Buenos Aires, Rep\u00fablica Argentina. Contenido propio originado por periodistas de CELTTV, el canal de TV local de la Cooperativa El\u00e9ctrica de Tornquist. Turismo, Pol\u00edtica, Sociedad, Deporte, Cultura y todo el contenido de inter\u00e9s general que la gente del pueblo y la regi\u00f3n debe conocer.\" \/>\n<meta property=\"og:url\" content=\"https:\/\/www.celttv.com.ar\/index.php\/2015\/06\/26\/un-hombre-oriundo-de-tornquist-muere-en-bahia-blanca-por-inhalacion-de-monoxido-de-carbono\/\" \/>\n<meta property=\"og:site_name\" content=\"CELTTV\" \/>\n<meta property=\"article:publisher\" content=\"https:\/\/www.facebook.com\/celtTV\/\" \/>\n<meta property=\"article:published_time\" content=\"2015-06-26T15:25:27+00:00\" \/>\n<meta property=\"og:image\" content=\"http:\/\/www.tvcnoticias.com.ar\/wp-content\/uploads\/2015\/06\/monoxido1-450x250.jpg\" \/>\n<meta name=\"author\" content=\"ulises\" \/>\n<meta name=\"twitter:card\" content=\"summary_large_image\" \/>\n<meta name=\"twitter:label1\" content=\"Escrito por\" \/>\n\t<meta name=\"twitter:data1\" content=\"ulises\" \/>\n\t<meta name=\"twitter:label2\" content=\"Tiempo de lectura\" \/>\n\t<meta name=\"twitter:data2\" content=\"1 minuto\" \/>\n<script type=\"application\/ld+json\" class=\"yoast-schema-graph\">{\"@context\":\"https:\/\/schema.org\",\"@graph\":[{\"@type\":\"NewsArticle\",\"@id\":\"https:\/\/www.celttv.com.ar\/index.php\/2015\/06\/26\/un-hombre-oriundo-de-tornquist-muere-en-bahia-blanca-por-inhalacion-de-monoxido-de-carbono\/#article\",\"isPartOf\":{\"@id\":\"https:\/\/www.celttv.com.ar\/index.php\/2015\/06\/26\/un-hombre-oriundo-de-tornquist-muere-en-bahia-blanca-por-inhalacion-de-monoxido-de-carbono\/\"},\"author\":{\"name\":\"ulises\",\"@id\":\"https:\/\/www.celttv.com.ar\/#\/schema\/person\/6d99c072dba59953809c81446e9d0ace\"},\"headline\":\"Un hombre, oriundo de Tornquist, muere en Bah\u00eda Blanca por inhalaci\u00f3n de mon\u00f3xido de carbono\",\"datePublished\":\"2015-06-26T15:25:27+00:00\",\"dateModified\":\"2015-06-26T15:25:27+00:00\",\"mainEntityOfPage\":{\"@id\":\"https:\/\/www.celttv.com.ar\/index.php\/2015\/06\/26\/un-hombre-oriundo-de-tornquist-muere-en-bahia-blanca-por-inhalacion-de-monoxido-de-carbono\/\"},\"wordCount\":199,\"publisher\":{\"@id\":\"https:\/\/www.celttv.com.ar\/#organization\"},\"articleSection\":[\"Comunidad\",\"Destacadas\",\"Policiales\"],\"inLanguage\":\"es\"},{\"@type\":\"WebPage\",\"@id\":\"https:\/\/www.celttv.com.ar\/index.php\/2015\/06\/26\/un-hombre-oriundo-de-tornquist-muere-en-bahia-blanca-por-inhalacion-de-monoxido-de-carbono\/\",\"url\":\"https:\/\/www.celttv.com.ar\/index.php\/2015\/06\/26\/un-hombre-oriundo-de-tornquist-muere-en-bahia-blanca-por-inhalacion-de-monoxido-de-carbono\/\",\"name\":\"Un hombre, oriundo de Tornquist, muere en Bah\u00eda Blanca por inhalaci\u00f3n de mon\u00f3xido de carbono - CELTTV\",\"isPartOf\":{\"@id\":\"https:\/\/www.celttv.com.ar\/#website\"},\"datePublished\":\"2015-06-26T15:25:27+00:00\",\"dateModified\":\"2015-06-26T15:25:27+00:00\",\"description\":\"Sitio web de noticias de la localidad de Tornquist, provincia de Buenos Aires, Rep\u00fablica Argentina. Contenido propio originado por periodistas de CELTTV, el canal de TV local de la Cooperativa El\u00e9ctrica de Tornquist. Turismo, Pol\u00edtica, Sociedad, Deporte, Cultura y todo el contenido de inter\u00e9s general que la gente del pueblo y la regi\u00f3n debe conocer.\",\"breadcrumb\":{\"@id\":\"https:\/\/www.celttv.com.ar\/index.php\/2015\/06\/26\/un-hombre-oriundo-de-tornquist-muere-en-bahia-blanca-por-inhalacion-de-monoxido-de-carbono\/#breadcrumb\"},\"inLanguage\":\"es\",\"potentialAction\":[{\"@type\":\"ReadAction\",\"target\":[\"https:\/\/www.celttv.com.ar\/index.php\/2015\/06\/26\/un-hombre-oriundo-de-tornquist-muere-en-bahia-blanca-por-inhalacion-de-monoxido-de-carbono\/\"]}]},{\"@type\":\"BreadcrumbList\",\"@id\":\"https:\/\/www.celttv.com.ar\/index.php\/2015\/06\/26\/un-hombre-oriundo-de-tornquist-muere-en-bahia-blanca-por-inhalacion-de-monoxido-de-carbono\/#breadcrumb\",\"itemListElement\":[{\"@type\":\"ListItem\",\"position\":1,\"name\":\"Inicio\",\"item\":\"https:\/\/www.celttv.com.ar\/\"},{\"@type\":\"ListItem\",\"position\":2,\"name\":\"Un hombre, oriundo de Tornquist, muere en Bah\u00eda Blanca por inhalaci\u00f3n de mon\u00f3xido de carbono\"}]},{\"@type\":\"WebSite\",\"@id\":\"https:\/\/www.celttv.com.ar\/#website\",\"url\":\"https:\/\/www.celttv.com.ar\/\",\"name\":\"CELTTV\",\"description\":\"Cooperativa El\u00e9ctrica de Tornquist\",\"publisher\":{\"@id\":\"https:\/\/www.celttv.com.ar\/#organization\"},\"potentialAction\":[{\"@type\":\"SearchAction\",\"target\":{\"@type\":\"EntryPoint\",\"urlTemplate\":\"https:\/\/www.celttv.com.ar\/?s={search_term_string}\"},\"query-input\":\"required name=search_term_string\"}],\"inLanguage\":\"es\"},{\"@type\":\"Organization\",\"@id\":\"https:\/\/www.celttv.com.ar\/#organization\",\"name\":\"CELTTV\",\"url\":\"https:\/\/www.celttv.com.ar\/\",\"sameAs\":[\"https:\/\/www.youtube.com\/channel\/UCz_oIt8Hig64Ub-EmcNPIhg\",\"https:\/\/www.facebook.com\/celtTV\/\"],\"logo\":{\"@type\":\"ImageObject\",\"inLanguage\":\"es\",\"@id\":\"https:\/\/www.celttv.com.ar\/#\/schema\/logo\/image\/\",\"url\":\"http:\/\/www.celttv.com.ar\/wp-content\/uploads\/2022\/08\/logo-1.png\",\"contentUrl\":\"http:\/\/www.celttv.com.ar\/wp-content\/uploads\/2022\/08\/logo-1.png\",\"width\":461,\"height\":159,\"caption\":\"CELTTV\"},\"image\":{\"@id\":\"https:\/\/www.celttv.com.ar\/#\/schema\/logo\/image\/\"}},{\"@type\":\"Person\",\"@id\":\"https:\/\/www.celttv.com.ar\/#\/schema\/person\/6d99c072dba59953809c81446e9d0ace\",\"name\":\"ulises\",\"image\":{\"@type\":\"ImageObject\",\"inLanguage\":\"es\",\"@id\":\"https:\/\/www.celttv.com.ar\/#\/schema\/person\/image\/\",\"url\":\"https:\/\/secure.gravatar.com\/avatar\/7f2c48bdc33b30088f941fb6082e555f2874c98e20cb159d7b92b50eadfce793?s=96&d=mm&r=g\",\"contentUrl\":\"https:\/\/secure.gravatar.com\/avatar\/7f2c48bdc33b30088f941fb6082e555f2874c98e20cb159d7b92b50eadfce793?s=96&d=mm&r=g\",\"caption\":\"ulises\"},\"sameAs\":[\"http:\/\/www.celttv.com.ar\"]}]}<\/script>\n<!-- \/ Yoast SEO plugin. -->","yoast_head_json":{"title":"Un hombre, oriundo de Tornquist, muere en Bah\u00eda Blanca por inhalaci\u00f3n de mon\u00f3xido de carbono - CELTTV","description":"Sitio web de noticias de la localidad de Tornquist, provincia de Buenos Aires, Rep\u00fablica Argentina. Contenido propio originado por periodistas de CELTTV, el canal de TV local de la Cooperativa El\u00e9ctrica de Tornquist. Turismo, Pol\u00edtica, Sociedad, Deporte, Cultura y todo el contenido de inter\u00e9s general que la gente del pueblo y la regi\u00f3n debe conocer.","robots":{"index":"index","follow":"follow","max-snippet":"max-snippet:-1","max-image-preview":"max-image-preview:large","max-video-preview":"max-video-preview:-1"},"canonical":"https:\/\/www.celttv.com.ar\/index.php\/2015\/06\/26\/un-hombre-oriundo-de-tornquist-muere-en-bahia-blanca-por-inhalacion-de-monoxido-de-carbono\/","og_locale":"es_ES","og_type":"article","og_title":"Un hombre, oriundo de Tornquist, muere en Bah\u00eda Blanca por inhalaci\u00f3n de mon\u00f3xido de carbono - CELTTV","og_description":"Sitio web de noticias de la localidad de Tornquist, provincia de Buenos Aires, Rep\u00fablica Argentina. Contenido propio originado por periodistas de CELTTV, el canal de TV local de la Cooperativa El\u00e9ctrica de Tornquist. Turismo, Pol\u00edtica, Sociedad, Deporte, Cultura y todo el contenido de inter\u00e9s general que la gente del pueblo y la regi\u00f3n debe conocer.","og_url":"https:\/\/www.celttv.com.ar\/index.php\/2015\/06\/26\/un-hombre-oriundo-de-tornquist-muere-en-bahia-blanca-por-inhalacion-de-monoxido-de-carbono\/","og_site_name":"CELTTV","article_publisher":"https:\/\/www.facebook.com\/celtTV\/","article_published_time":"2015-06-26T15:25:27+00:00","og_image":[{"url":"http:\/\/www.tvcnoticias.com.ar\/wp-content\/uploads\/2015\/06\/monoxido1-450x250.jpg"}],"author":"ulises","twitter_card":"summary_large_image","twitter_misc":{"Escrito por":"ulises","Tiempo de lectura":"1 minuto"},"schema":{"@context":"https:\/\/schema.org","@graph":[{"@type":"NewsArticle","@id":"https:\/\/www.celttv.com.ar\/index.php\/2015\/06\/26\/un-hombre-oriundo-de-tornquist-muere-en-bahia-blanca-por-inhalacion-de-monoxido-de-carbono\/#article","isPartOf":{"@id":"https:\/\/www.celttv.com.ar\/index.php\/2015\/06\/26\/un-hombre-oriundo-de-tornquist-muere-en-bahia-blanca-por-inhalacion-de-monoxido-de-carbono\/"},"author":{"name":"ulises","@id":"https:\/\/www.celttv.com.ar\/#\/schema\/person\/6d99c072dba59953809c81446e9d0ace"},"headline":"Un hombre, oriundo de Tornquist, muere en Bah\u00eda Blanca por inhalaci\u00f3n de mon\u00f3xido de carbono","datePublished":"2015-06-26T15:25:27+00:00","dateModified":"2015-06-26T15:25:27+00:00","mainEntityOfPage":{"@id":"https:\/\/www.celttv.com.ar\/index.php\/2015\/06\/26\/un-hombre-oriundo-de-tornquist-muere-en-bahia-blanca-por-inhalacion-de-monoxido-de-carbono\/"},"wordCount":199,"publisher":{"@id":"https:\/\/www.celttv.com.ar\/#organization"},"articleSection":["Comunidad","Destacadas","Policiales"],"inLanguage":"es"},{"@type":"WebPage","@id":"https:\/\/www.celttv.com.ar\/index.php\/2015\/06\/26\/un-hombre-oriundo-de-tornquist-muere-en-bahia-blanca-por-inhalacion-de-monoxido-de-carbono\/","url":"https:\/\/www.celttv.com.ar\/index.php\/2015\/06\/26\/un-hombre-oriundo-de-tornquist-muere-en-bahia-blanca-por-inhalacion-de-monoxido-de-carbono\/","name":"Un hombre, oriundo de Tornquist, muere en Bah\u00eda Blanca por inhalaci\u00f3n de mon\u00f3xido de carbono - CELTTV","isPartOf":{"@id":"https:\/\/www.celttv.com.ar\/#website"},"datePublished":"2015-06-26T15:25:27+00:00","dateModified":"2015-06-26T15:25:27+00:00","description":"Sitio web de noticias de la localidad de Tornquist, provincia de Buenos Aires, Rep\u00fablica Argentina. Contenido propio originado por periodistas de CELTTV, el canal de TV local de la Cooperativa El\u00e9ctrica de Tornquist. Turismo, Pol\u00edtica, Sociedad, Deporte, Cultura y todo el contenido de inter\u00e9s general que la gente del pueblo y la regi\u00f3n debe conocer.","breadcrumb":{"@id":"https:\/\/www.celttv.com.ar\/index.php\/2015\/06\/26\/un-hombre-oriundo-de-tornquist-muere-en-bahia-blanca-por-inhalacion-de-monoxido-de-carbono\/#breadcrumb"},"inLanguage":"es","potentialAction":[{"@type":"ReadAction","target":["https:\/\/www.celttv.com.ar\/index.php\/2015\/06\/26\/un-hombre-oriundo-de-tornquist-muere-en-bahia-blanca-por-inhalacion-de-monoxido-de-carbono\/"]}]},{"@type":"BreadcrumbList","@id":"https:\/\/www.celttv.com.ar\/index.php\/2015\/06\/26\/un-hombre-oriundo-de-tornquist-muere-en-bahia-blanca-por-inhalacion-de-monoxido-de-carbono\/#breadcrumb","itemListElement":[{"@type":"ListItem","position":1,"name":"Inicio","item":"https:\/\/www.celttv.com.ar\/"},{"@type":"ListItem","position":2,"name":"Un hombre, oriundo de Tornquist, muere en Bah\u00eda Blanca por inhalaci\u00f3n de mon\u00f3xido de carbono"}]},{"@type":"WebSite","@id":"https:\/\/www.celttv.com.ar\/#website","url":"https:\/\/www.celttv.com.ar\/","name":"CELTTV","description":"Cooperativa El\u00e9ctrica de Tornquist","publisher":{"@id":"https:\/\/www.celttv.com.ar\/#organization"},"potentialAction":[{"@type":"SearchAction","target":{"@type":"EntryPoint","urlTemplate":"https:\/\/www.celttv.com.ar\/?s={search_term_string}"},"query-input":"required name=search_term_string"}],"inLanguage":"es"},{"@type":"Organization","@id":"https:\/\/www.celttv.com.ar\/#organization","name":"CELTTV","url":"https:\/\/www.celttv.com.ar\/","sameAs":["https:\/\/www.youtube.com\/channel\/UCz_oIt8Hig64Ub-EmcNPIhg","https:\/\/www.facebook.com\/celtTV\/"],"logo":{"@type":"ImageObject","inLanguage":"es","@id":"https:\/\/www.celttv.com.ar\/#\/schema\/logo\/image\/","url":"http:\/\/www.celttv.com.ar\/wp-content\/uploads\/2022\/08\/logo-1.png","contentUrl":"http:\/\/www.celttv.com.ar\/wp-content\/uploads\/2022\/08\/logo-1.png","width":461,"height":159,"caption":"CELTTV"},"image":{"@id":"https:\/\/www.celttv.com.ar\/#\/schema\/logo\/image\/"}},{"@type":"Person","@id":"https:\/\/www.celttv.com.ar\/#\/schema\/person\/6d99c072dba59953809c81446e9d0ace","name":"ulises","image":{"@type":"ImageObject","inLanguage":"es","@id":"https:\/\/www.celttv.com.ar\/#\/schema\/person\/image\/","url":"https:\/\/secure.gravatar.com\/avatar\/7f2c48bdc33b30088f941fb6082e555f2874c98e20cb159d7b92b50eadfce793?s=96&d=mm&r=g","contentUrl":"https:\/\/secure.gravatar.com\/avatar\/7f2c48bdc33b30088f941fb6082e555f2874c98e20cb159d7b92b50eadfce793?s=96&d=mm&r=g","caption":"ulises"},"sameAs":["http:\/\/www.celttv.com.ar"]}]}},"_links":{"self":[{"href":"https:\/\/www.celttv.com.ar\/index.php\/wp-json\/wp\/v2\/posts\/29241","targetHints":{"allow":["GET"]}}],"collection":[{"href":"https:\/\/www.celttv.com.ar\/index.php\/wp-json\/wp\/v2\/posts"}],"about":[{"href":"https:\/\/www.celttv.com.ar\/index.php\/wp-json\/wp\/v2\/types\/post"}],"author":[{"embeddable":true,"href":"https:\/\/www.celttv.com.ar\/index.php\/wp-json\/wp\/v2\/users\/1"}],"replies":[{"embeddable":true,"href":"https:\/\/www.celttv.com.ar\/index.php\/wp-json\/wp\/v2\/comments?post=29241"}],"version-history":[{"count":0,"href":"https:\/\/www.celttv.com.ar\/index.php\/wp-json\/wp\/v2\/posts\/29241\/revisions"}],"wp:attachment":[{"href":"https:\/\/www.celttv.com.ar\/index.php\/wp-json\/wp\/v2\/media?parent=29241"}],"wp:term":[{"taxonomy":"category","embeddable":true,"href":"https:\/\/www.celttv.com.ar\/index.php\/wp-json\/wp\/v2\/categories?post=29241"},{"taxonomy":"post_tag","embeddable":true,"href":"https:\/\/www.celttv.com.ar\/index.php\/wp-json\/wp\/v2\/tags?post=29241"}],"curies":[{"name":"wp","href":"https:\/\/api.w.org\/{rel}","templated":true}]}}