{"id":2925,"date":"2011-11-07T19:13:23","date_gmt":"2011-11-07T19:13:23","guid":{"rendered":"http:\/\/www.tvcnoticias.com.ar\/?p=2925"},"modified":"2011-11-07T19:13:23","modified_gmt":"2011-11-07T19:13:23","slug":"union-se-corono-campeon-del-clausura-en-reserva-fotos-y-proximamente-videos","status":"publish","type":"post","link":"https:\/\/www.celttv.com.ar\/index.php\/2011\/11\/07\/union-se-corono-campeon-del-clausura-en-reserva-fotos-y-proximamente-videos\/","title":{"rendered":"UNION SE CORONO CAMPEON DEL CLAUSURA EN RESERVA (fotos y pr\u00f3ximamente videos)"},"content":{"rendered":"<p>El equipo dirigido por Carlos Graff habia hecho m\u00e9ritos para quedarse con el triunfo y lo ganaba hasta los 43\u00b4del complemento cuando el \u00e1rbitro le dio un penal a Pe\u00f1arol que cay\u00f3 como un balde de agua fria en la nutrida parcialidad verde que acompa\u00f1\u00f3 a su equipo en la final. Salvi cambi\u00f3 penal por gol y no habi tiempo para mas; habia que apelar a los penales.<br \/>\nDesde los 12 pasos Uni\u00f3n demostr\u00f3 una vez mas tener cierto plus de eficacia que lo diferencia del resto. En el primer remate ya comenz\u00f3 a inclinarse la balanza para el verde de Tornquist. Esta vez Vittori le contubo el remate a Salvi; no err\u00f3 ninguno de los rematadores del verde y no fuer necesario que Moyano tenga que asumir la responsabilidad de definir, ya que el \u00faltimo remate de Pe\u00f1arol se fue desviado y comenz\u00f3 el merecido festejo del verde que se coronaba CAMPE\u00d3N DEL CLAUSURA y con el pasaporte para la gran final de la temporada.<br \/>\nEl festejo se pronlong\u00f3 en las calles de la ciudad donde una carvana interminable acompa\u00f1\u00f3 a los flamantes campeones del Clausura, campeones del 2010 y finalistas de la temporada 2011.<br \/>\nA lo largo de todo el cotejo, Uni\u00f3n fue claro dominador del juego y tuvo las situaciones mas claras del partido. En el primer tiempo el conjunto verde se encontr\u00f3 con el viento en contra, lo que lo oblig\u00f3 a jugar a trav\u00e9s de pases cortos y centros bajos. En los primeros 15 minutos, mediante las subidas de sus carrileros Lautaro Vittori y Juan Weinbender, el conjunto de Graff llegaba al \u00e1rea para abastecer a Pastori y S\u00e1nchez, pero sin claridad. La primera jugada de riesgo llegar\u00eda a los 11 minutos por parte del equipo pig\u00fcense. A trav\u00e9s de un tiro libre, Salvi saca un fuerte remate de derecha, el bal\u00f3n rebota en la barrera, llega al \u00e1rea de el menor de los Vittori, \u00e9ste incomodo no la logra embolsar con firmeza, la pelota se le escapa, y con lo justo Lencina la saca de la l\u00ednea del arco y la manda al c\u00f3rner. De \u00e9se tiro de esquina, centro de Salvi, Dietrich le gana a todos por arriba, pero su cabezazo se va por encima del travesa\u00f1o. Dos minutos mas tarde, Lautaro Vittori habilita S\u00e1nchez para que \u00e9ste quede mano a mano con el \u201cuno\u201d local, pero el remate del delantero se va desviado, besando el palo derecho. A los 20, nuevo tiro libre de Salvi, su remate rebota otra vez en la parte superior de la barrera y se va por arriba del segundo palo. A partir de ese momento, el partido comenz\u00f3 a trabarse en el mediocampo y a escasear del buen juego. Solo qued\u00f3 tiempo para una situaci\u00f3n m\u00e1s, en la cual S\u00e1nchez deja solo con el arquero a Lucas Arias, \u00e9ste remata y con lo justo un defensor azulgrana logra puntear el bal\u00f3n y evita la apertura del marcador.<br \/>\nEn la segunda etapa Uni\u00f3n demostrar\u00eda por qu\u00e9 es el campe\u00f3n del torneo, ya que tuvo la totalidad de las situaciones de gol y fue amo y se\u00f1or en el dominio del juego. A los cuatro minutos S\u00e1nchez mete el bal\u00f3n en profundidad para que Pastori penetre entre los centrales de Pe\u00f1arol, y quede mano a mano con Krunger, pero el remate de \u201cpicote\u201d oblig\u00f3 al arquero a lucirse con una gran atajada. Tres minutos mas tarde, Arias, luego de eludir a dos jugadores, ingresa en el \u00e1rea, y saca un d\u00e9bil disparo que muere en las manos del guardavalla pig\u00fcense. A los 9, Weinbender se la toca a S\u00e1nchez, que remata fuerte y el bal\u00f3n se va por arriba de los tres palos. Cuatro minutos despu\u00e9s llegar\u00eda la primera pol\u00e9mica del complemento. La inocencia del juvenil arquero, Mat\u00edas Krunger, har\u00eda que \u00e9ste tome la pelota con la mano, cuando no lo deb\u00eda, lo que produjo un tiro libre dentro del \u00e1rea. Grassi toca cortito para Pastori, y de derecha saca un fuerte disparo que se va por encima del travesa\u00f1o. Entre los 22 y 26 minutos Arias rematar\u00eda tres veces al arco rival, pero dos de esos disparos ser\u00edan controlados por Krunger, y el restante se ir\u00eda desviado. Todo era para el conjunto tornquistense, pero la gran respuesta del \u201cuno\u201d de Pe\u00f1arol y la imprecisi\u00f3n de los disparos \u201cverdes\u201d hac\u00edan que todo siga igualado. Sin embargo, a los 73 minutos de juego llegar\u00eda la apertura del marcador. Tiro libre desde la derecha para Uni\u00f3n, Pastori echa el centro, y en la puerta del \u00e1rea chica aparece \u201cLangosta\u201d S\u00e1nchez para empujar el bal\u00f3n y establecer el 1 a 0, para todo el delirio de la multitud unionista que lleg\u00f3 hasta Saavedra. Con el desarrollo del juego, todo parec\u00eda que el conjunto de nuestra ciudad se quedar\u00eda con el partido, ya que era quien dominaba el cotejo. Pero a los 30 minutos Uni\u00f3n se quedar\u00eda con un jugador menos, ya que \u00c1ngelo Grassi intenta patear el bal\u00f3n al quedar mano a mano con Krunger, pero su bot\u00edn da en la cara del arquerito, lo que obliga al \u00e1rbitro Ferreyra a mostrarle la roja directa al mediocampista tornquistense. Esto condicionar\u00eda el desempe\u00f1o del equipo de Graff, y Pe\u00f1arol se aprovechar\u00eda del hombre de m\u00e1s con el que contaba, puesto que faltando dos minutos para que finalice el encuentro, Franco Besada saca un fuerte remate que da en la mano de Lencina, el controlador del partido no duda y pita penal. Sim\u00f3n Salvi se encargar\u00eda de patearlo y cambiarlo por gol. Sin merecerlo, el equipo de Pig\u00fc\u00e9 igualaba el marcador y forzaba la ejecuci\u00f3n de los penales. Sin embargo, en esa instancia, la suerte estar\u00eda, nuevamente, del lado de Uni\u00f3n, ya que vencer\u00eda 4 a 2 a su rival. Y, para la alegr\u00eda de toda su gente, de la mano del \u201cRey Carlitos\u201d, el club de nuestra ciudad disfrut\u00f3 de una nueva vuelta ol\u00edmpica.<br \/>\nS\u00edntesis<br \/>\nPe\u00f1arol de Pig\u00fce 1 (2): Mat\u00edas Krunger; Luciano Camacho, Julio Dietrich (42\u00b4 Gonzalo Walter), Cristian Weisbech (66\u00b4 Maximiliano Platz), Franco Saur; Rodrigo Saavedra, Facundo Welhs, Facundo Lagrimal, David Ag\u00fcero; Sim\u00f3n Salvi y Franco Besada.<br \/>\nSuplentes: Lautaro Petrelli, Santiago Rojas y Federico Perera.<br \/>\nUni\u00f3n 1 (4): \u00c1lvaro Vittori; Hern\u00e1n Delgado, David Lencina, Gino Polinori, Leonel Moyano; Juan Weinbender (72\u00b4 Facundo Mart\u00ednez (81\u00b4 Luis G\u00f3mez)), \u00c1ngelo Grassi, Lucas Arias, Lautaro Vittori; Nicol\u00e1s S\u00e1nchez y Juan Pastori (82\u00b4 Enzo Verdinelli).<br \/>\nSuplentes: Juan Dello Russo y Ezequiel Schmidt.<br \/>\nGoles: 73\u00b4 Nicol\u00e1s S\u00e1nchez (Uni), 88\u00b4 Sim\u00f3n Salvi -p- (Pe\u00f1).<br \/>\nPenales: Pe\u00f1arol: Sim\u00f3n Salvi (ataj\u00f3 Vittori), Franco Saur (gol), Facundo Lagrimal (gol) y Luciano Camacho (marr\u00f3). Uni\u00f3n: Lucas Arias (gol), Hern\u00e1n Delgado (gol), Gino Polinori (gol) y Luis G\u00f3mez (gol).<br \/>\nAmonestados: 17\u00b4 Arias (Uni), 40\u00b4 Moyano (Uni), 77\u00b4 Martinez (Uni) y 90\u00b4 Lencina (Uni).<br \/>\nExpulsado: 75\u00b4 Grassi (Uni).<br \/>\n\u00c1rbitro: Juan Ferreyra \u2013 L\u00edneas: Alejandro Krieger y Roberto Castellanos.<br \/>\nCancha: San Mart\u00edn (Saavedra).<br \/>\nUna vez terminado el partido hablamos con el t\u00e9cnico Carlos Graff, Juan Ignacio Dello Russo, Gino Polinori, Juan Pastori y Facundo Martinez:<br \/>\nFotos: GENTILEZA DEPORTORNQUIST.COM.AR<br \/>\n<figure id=\"attachment_2926\" aria-describedby=\"caption-attachment-2926\" style=\"width: 640px\" class=\"wp-caption aligncenter\"><img loading=\"lazy\" decoding=\"async\" class=\"size-full wp-image-2926\" title=\"UNION GRAFF FESTEJANDO (Small)\" src=\"http:\/\/www.tvcnoticias.com.ar\/wp-content\/uploads\/2011\/11\/UNION-GRAFF-FESTEJANDO-Small.jpg\" alt=\"CARLOS GRAFF, EL TECNICO MAS GANADOR\" width=\"640\" height=\"386\" \/><figcaption id=\"caption-attachment-2926\" class=\"wp-caption-text\">GRAFF NO PARA DE HACER HISTORIA EN EL CLUB UNION<\/figcaption><\/figure><br \/>\n<figure id=\"attachment_2929\" aria-describedby=\"caption-attachment-2929\" style=\"width: 640px\" class=\"wp-caption aligncenter\"><img loading=\"lazy\" decoding=\"async\" class=\"size-full wp-image-2929\" title=\"UNION 3 EQUIPO (Small)\" src=\"http:\/\/www.tvcnoticias.com.ar\/wp-content\/uploads\/2011\/11\/UNION-3-EQUIPO-Small.jpg\" alt=\"\" width=\"640\" height=\"280\" \/><figcaption id=\"caption-attachment-2929\" class=\"wp-caption-text\">EL EQUIPO CAMPEON DEL CLAUSURA DE LA MANO DE CARLOS GRAFF<\/figcaption><\/figure><br \/>\n<figure id=\"attachment_2930\" aria-describedby=\"caption-attachment-2930\" style=\"width: 640px\" class=\"wp-caption aligncenter\"><img loading=\"lazy\" decoding=\"async\" class=\"size-full wp-image-2930\" title=\"UNION 13 PENAL ATAJADO (Small)\" src=\"http:\/\/www.tvcnoticias.com.ar\/wp-content\/uploads\/2011\/11\/UNION-13-PENAL-ATAJADO-Small.jpg\" alt=\"\" width=\"640\" height=\"249\" \/><figcaption id=\"caption-attachment-2930\" class=\"wp-caption-text\">MOMENTO CLAVE PARA EL TRIUNFO VERDE. VITTORI LE CONTIENE EL PENAL A SALVI<\/figcaption><\/figure><br \/>\n<\/p>\n","protected":false},"excerpt":{"rendered":"<p>El equipo dirigido por Carlos Graff habia hecho m\u00e9ritos para quedarse con el triunfo y lo ganaba hasta los 43\u00b4del complemento cuando el \u00e1rbitro le dio un penal a Pe\u00f1arol que cay\u00f3 como un balde de agua fria en la nutrida parcialidad verde que acompa\u00f1\u00f3 a su equipo en la final. Salvi cambi\u00f3 penal por [&hellip;]<\/p>\n","protected":false},"author":1,"featured_media":0,"comment_status":"open","ping_status":"open","sticky":false,"template":"","format":"standard","meta":{"footnotes":""},"categories":[60,52],"tags":[],"class_list":["post-2925","post","type-post","status-publish","format-standard","hentry","category-deporte","category-destacadas"],"yoast_head":"<!-- This site is optimized with the Yoast SEO plugin v19.7.1 - https:\/\/yoast.com\/wordpress\/plugins\/seo\/ -->\n<title>UNION SE CORONO CAMPEON DEL CLAUSURA EN RESERVA (fotos y pr\u00f3ximamente videos) - CELTTV<\/title>\n<meta name=\"description\" content=\"Sitio web de noticias de la localidad de Tornquist, provincia de Buenos Aires, Rep\u00fablica Argentina. Contenido propio originado por periodistas de CELTTV, el canal de TV local de la Cooperativa El\u00e9ctrica de Tornquist. Turismo, Pol\u00edtica, Sociedad, Deporte, Cultura y todo el contenido de inter\u00e9s general que la gente del pueblo y la regi\u00f3n debe conocer.\" \/>\n<meta name=\"robots\" content=\"index, follow, max-snippet:-1, max-image-preview:large, max-video-preview:-1\" \/>\n<link rel=\"canonical\" href=\"https:\/\/www.celttv.com.ar\/index.php\/2011\/11\/07\/union-se-corono-campeon-del-clausura-en-reserva-fotos-y-proximamente-videos\/\" \/>\n<meta property=\"og:locale\" content=\"es_ES\" \/>\n<meta property=\"og:type\" content=\"article\" \/>\n<meta property=\"og:title\" content=\"UNION SE CORONO CAMPEON DEL CLAUSURA EN RESERVA (fotos y pr\u00f3ximamente videos) - CELTTV\" \/>\n<meta property=\"og:description\" content=\"Sitio web de noticias de la localidad de Tornquist, provincia de Buenos Aires, Rep\u00fablica Argentina. Contenido propio originado por periodistas de CELTTV, el canal de TV local de la Cooperativa El\u00e9ctrica de Tornquist. Turismo, Pol\u00edtica, Sociedad, Deporte, Cultura y todo el contenido de inter\u00e9s general que la gente del pueblo y la regi\u00f3n debe conocer.\" \/>\n<meta property=\"og:url\" content=\"https:\/\/www.celttv.com.ar\/index.php\/2011\/11\/07\/union-se-corono-campeon-del-clausura-en-reserva-fotos-y-proximamente-videos\/\" \/>\n<meta property=\"og:site_name\" content=\"CELTTV\" \/>\n<meta property=\"article:publisher\" content=\"https:\/\/www.facebook.com\/celtTV\/\" \/>\n<meta property=\"article:published_time\" content=\"2011-11-07T19:13:23+00:00\" \/>\n<meta property=\"og:image\" content=\"http:\/\/www.tvcnoticias.com.ar\/wp-content\/uploads\/2011\/11\/UNION-GRAFF-FESTEJANDO-Small.jpg\" \/>\n<meta name=\"author\" content=\"ulises\" \/>\n<meta name=\"twitter:card\" content=\"summary_large_image\" \/>\n<meta name=\"twitter:label1\" content=\"Escrito por\" \/>\n\t<meta name=\"twitter:data1\" content=\"ulises\" \/>\n\t<meta name=\"twitter:label2\" content=\"Tiempo de lectura\" \/>\n\t<meta name=\"twitter:data2\" content=\"6 minutos\" \/>\n<script type=\"application\/ld+json\" class=\"yoast-schema-graph\">{\"@context\":\"https:\/\/schema.org\",\"@graph\":[{\"@type\":\"NewsArticle\",\"@id\":\"https:\/\/www.celttv.com.ar\/index.php\/2011\/11\/07\/union-se-corono-campeon-del-clausura-en-reserva-fotos-y-proximamente-videos\/#article\",\"isPartOf\":{\"@id\":\"https:\/\/www.celttv.com.ar\/index.php\/2011\/11\/07\/union-se-corono-campeon-del-clausura-en-reserva-fotos-y-proximamente-videos\/\"},\"author\":{\"name\":\"ulises\",\"@id\":\"https:\/\/www.celttv.com.ar\/#\/schema\/person\/6d99c072dba59953809c81446e9d0ace\"},\"headline\":\"UNION SE CORONO CAMPEON DEL CLAUSURA EN RESERVA (fotos y pr\u00f3ximamente videos)\",\"datePublished\":\"2011-11-07T19:13:23+00:00\",\"dateModified\":\"2011-11-07T19:13:23+00:00\",\"mainEntityOfPage\":{\"@id\":\"https:\/\/www.celttv.com.ar\/index.php\/2011\/11\/07\/union-se-corono-campeon-del-clausura-en-reserva-fotos-y-proximamente-videos\/\"},\"wordCount\":1298,\"commentCount\":0,\"publisher\":{\"@id\":\"https:\/\/www.celttv.com.ar\/#organization\"},\"articleSection\":[\"Deporte\",\"Destacadas\"],\"inLanguage\":\"es\"},{\"@type\":\"WebPage\",\"@id\":\"https:\/\/www.celttv.com.ar\/index.php\/2011\/11\/07\/union-se-corono-campeon-del-clausura-en-reserva-fotos-y-proximamente-videos\/\",\"url\":\"https:\/\/www.celttv.com.ar\/index.php\/2011\/11\/07\/union-se-corono-campeon-del-clausura-en-reserva-fotos-y-proximamente-videos\/\",\"name\":\"UNION SE CORONO CAMPEON DEL CLAUSURA EN RESERVA (fotos y pr\u00f3ximamente videos) - CELTTV\",\"isPartOf\":{\"@id\":\"https:\/\/www.celttv.com.ar\/#website\"},\"datePublished\":\"2011-11-07T19:13:23+00:00\",\"dateModified\":\"2011-11-07T19:13:23+00:00\",\"description\":\"Sitio web de noticias de la localidad de Tornquist, provincia de Buenos Aires, Rep\u00fablica Argentina. Contenido propio originado por periodistas de CELTTV, el canal de TV local de la Cooperativa El\u00e9ctrica de Tornquist. Turismo, Pol\u00edtica, Sociedad, Deporte, Cultura y todo el contenido de inter\u00e9s general que la gente del pueblo y la regi\u00f3n debe conocer.\",\"breadcrumb\":{\"@id\":\"https:\/\/www.celttv.com.ar\/index.php\/2011\/11\/07\/union-se-corono-campeon-del-clausura-en-reserva-fotos-y-proximamente-videos\/#breadcrumb\"},\"inLanguage\":\"es\",\"potentialAction\":[{\"@type\":\"ReadAction\",\"target\":[\"https:\/\/www.celttv.com.ar\/index.php\/2011\/11\/07\/union-se-corono-campeon-del-clausura-en-reserva-fotos-y-proximamente-videos\/\"]}]},{\"@type\":\"BreadcrumbList\",\"@id\":\"https:\/\/www.celttv.com.ar\/index.php\/2011\/11\/07\/union-se-corono-campeon-del-clausura-en-reserva-fotos-y-proximamente-videos\/#breadcrumb\",\"itemListElement\":[{\"@type\":\"ListItem\",\"position\":1,\"name\":\"Inicio\",\"item\":\"https:\/\/www.celttv.com.ar\/\"},{\"@type\":\"ListItem\",\"position\":2,\"name\":\"UNION SE CORONO CAMPEON DEL CLAUSURA EN RESERVA (fotos y pr\u00f3ximamente videos)\"}]},{\"@type\":\"WebSite\",\"@id\":\"https:\/\/www.celttv.com.ar\/#website\",\"url\":\"https:\/\/www.celttv.com.ar\/\",\"name\":\"CELTTV\",\"description\":\"Cooperativa El\u00e9ctrica de Tornquist\",\"publisher\":{\"@id\":\"https:\/\/www.celttv.com.ar\/#organization\"},\"potentialAction\":[{\"@type\":\"SearchAction\",\"target\":{\"@type\":\"EntryPoint\",\"urlTemplate\":\"https:\/\/www.celttv.com.ar\/?s={search_term_string}\"},\"query-input\":\"required name=search_term_string\"}],\"inLanguage\":\"es\"},{\"@type\":\"Organization\",\"@id\":\"https:\/\/www.celttv.com.ar\/#organization\",\"name\":\"CELTTV\",\"url\":\"https:\/\/www.celttv.com.ar\/\",\"sameAs\":[\"https:\/\/www.youtube.com\/channel\/UCz_oIt8Hig64Ub-EmcNPIhg\",\"https:\/\/www.facebook.com\/celtTV\/\"],\"logo\":{\"@type\":\"ImageObject\",\"inLanguage\":\"es\",\"@id\":\"https:\/\/www.celttv.com.ar\/#\/schema\/logo\/image\/\",\"url\":\"http:\/\/www.celttv.com.ar\/wp-content\/uploads\/2022\/08\/logo-1.png\",\"contentUrl\":\"http:\/\/www.celttv.com.ar\/wp-content\/uploads\/2022\/08\/logo-1.png\",\"width\":461,\"height\":159,\"caption\":\"CELTTV\"},\"image\":{\"@id\":\"https:\/\/www.celttv.com.ar\/#\/schema\/logo\/image\/\"}},{\"@type\":\"Person\",\"@id\":\"https:\/\/www.celttv.com.ar\/#\/schema\/person\/6d99c072dba59953809c81446e9d0ace\",\"name\":\"ulises\",\"image\":{\"@type\":\"ImageObject\",\"inLanguage\":\"es\",\"@id\":\"https:\/\/www.celttv.com.ar\/#\/schema\/person\/image\/\",\"url\":\"https:\/\/secure.gravatar.com\/avatar\/7f2c48bdc33b30088f941fb6082e555f2874c98e20cb159d7b92b50eadfce793?s=96&d=mm&r=g\",\"contentUrl\":\"https:\/\/secure.gravatar.com\/avatar\/7f2c48bdc33b30088f941fb6082e555f2874c98e20cb159d7b92b50eadfce793?s=96&d=mm&r=g\",\"caption\":\"ulises\"},\"sameAs\":[\"http:\/\/www.celttv.com.ar\"]}]}<\/script>\n<!-- \/ Yoast SEO plugin. -->","yoast_head_json":{"title":"UNION SE CORONO CAMPEON DEL CLAUSURA EN RESERVA (fotos y pr\u00f3ximamente videos) - CELTTV","description":"Sitio web de noticias de la localidad de Tornquist, provincia de Buenos Aires, Rep\u00fablica Argentina. Contenido propio originado por periodistas de CELTTV, el canal de TV local de la Cooperativa El\u00e9ctrica de Tornquist. Turismo, Pol\u00edtica, Sociedad, Deporte, Cultura y todo el contenido de inter\u00e9s general que la gente del pueblo y la regi\u00f3n debe conocer.","robots":{"index":"index","follow":"follow","max-snippet":"max-snippet:-1","max-image-preview":"max-image-preview:large","max-video-preview":"max-video-preview:-1"},"canonical":"https:\/\/www.celttv.com.ar\/index.php\/2011\/11\/07\/union-se-corono-campeon-del-clausura-en-reserva-fotos-y-proximamente-videos\/","og_locale":"es_ES","og_type":"article","og_title":"UNION SE CORONO CAMPEON DEL CLAUSURA EN RESERVA (fotos y pr\u00f3ximamente videos) - CELTTV","og_description":"Sitio web de noticias de la localidad de Tornquist, provincia de Buenos Aires, Rep\u00fablica Argentina. Contenido propio originado por periodistas de CELTTV, el canal de TV local de la Cooperativa El\u00e9ctrica de Tornquist. Turismo, Pol\u00edtica, Sociedad, Deporte, Cultura y todo el contenido de inter\u00e9s general que la gente del pueblo y la regi\u00f3n debe conocer.","og_url":"https:\/\/www.celttv.com.ar\/index.php\/2011\/11\/07\/union-se-corono-campeon-del-clausura-en-reserva-fotos-y-proximamente-videos\/","og_site_name":"CELTTV","article_publisher":"https:\/\/www.facebook.com\/celtTV\/","article_published_time":"2011-11-07T19:13:23+00:00","og_image":[{"url":"http:\/\/www.tvcnoticias.com.ar\/wp-content\/uploads\/2011\/11\/UNION-GRAFF-FESTEJANDO-Small.jpg"}],"author":"ulises","twitter_card":"summary_large_image","twitter_misc":{"Escrito por":"ulises","Tiempo de lectura":"6 minutos"},"schema":{"@context":"https:\/\/schema.org","@graph":[{"@type":"NewsArticle","@id":"https:\/\/www.celttv.com.ar\/index.php\/2011\/11\/07\/union-se-corono-campeon-del-clausura-en-reserva-fotos-y-proximamente-videos\/#article","isPartOf":{"@id":"https:\/\/www.celttv.com.ar\/index.php\/2011\/11\/07\/union-se-corono-campeon-del-clausura-en-reserva-fotos-y-proximamente-videos\/"},"author":{"name":"ulises","@id":"https:\/\/www.celttv.com.ar\/#\/schema\/person\/6d99c072dba59953809c81446e9d0ace"},"headline":"UNION SE CORONO CAMPEON DEL CLAUSURA EN RESERVA (fotos y pr\u00f3ximamente videos)","datePublished":"2011-11-07T19:13:23+00:00","dateModified":"2011-11-07T19:13:23+00:00","mainEntityOfPage":{"@id":"https:\/\/www.celttv.com.ar\/index.php\/2011\/11\/07\/union-se-corono-campeon-del-clausura-en-reserva-fotos-y-proximamente-videos\/"},"wordCount":1298,"commentCount":0,"publisher":{"@id":"https:\/\/www.celttv.com.ar\/#organization"},"articleSection":["Deporte","Destacadas"],"inLanguage":"es"},{"@type":"WebPage","@id":"https:\/\/www.celttv.com.ar\/index.php\/2011\/11\/07\/union-se-corono-campeon-del-clausura-en-reserva-fotos-y-proximamente-videos\/","url":"https:\/\/www.celttv.com.ar\/index.php\/2011\/11\/07\/union-se-corono-campeon-del-clausura-en-reserva-fotos-y-proximamente-videos\/","name":"UNION SE CORONO CAMPEON DEL CLAUSURA EN RESERVA (fotos y pr\u00f3ximamente videos) - CELTTV","isPartOf":{"@id":"https:\/\/www.celttv.com.ar\/#website"},"datePublished":"2011-11-07T19:13:23+00:00","dateModified":"2011-11-07T19:13:23+00:00","description":"Sitio web de noticias de la localidad de Tornquist, provincia de Buenos Aires, Rep\u00fablica Argentina. Contenido propio originado por periodistas de CELTTV, el canal de TV local de la Cooperativa El\u00e9ctrica de Tornquist. Turismo, Pol\u00edtica, Sociedad, Deporte, Cultura y todo el contenido de inter\u00e9s general que la gente del pueblo y la regi\u00f3n debe conocer.","breadcrumb":{"@id":"https:\/\/www.celttv.com.ar\/index.php\/2011\/11\/07\/union-se-corono-campeon-del-clausura-en-reserva-fotos-y-proximamente-videos\/#breadcrumb"},"inLanguage":"es","potentialAction":[{"@type":"ReadAction","target":["https:\/\/www.celttv.com.ar\/index.php\/2011\/11\/07\/union-se-corono-campeon-del-clausura-en-reserva-fotos-y-proximamente-videos\/"]}]},{"@type":"BreadcrumbList","@id":"https:\/\/www.celttv.com.ar\/index.php\/2011\/11\/07\/union-se-corono-campeon-del-clausura-en-reserva-fotos-y-proximamente-videos\/#breadcrumb","itemListElement":[{"@type":"ListItem","position":1,"name":"Inicio","item":"https:\/\/www.celttv.com.ar\/"},{"@type":"ListItem","position":2,"name":"UNION SE CORONO CAMPEON DEL CLAUSURA EN RESERVA (fotos y pr\u00f3ximamente videos)"}]},{"@type":"WebSite","@id":"https:\/\/www.celttv.com.ar\/#website","url":"https:\/\/www.celttv.com.ar\/","name":"CELTTV","description":"Cooperativa El\u00e9ctrica de Tornquist","publisher":{"@id":"https:\/\/www.celttv.com.ar\/#organization"},"potentialAction":[{"@type":"SearchAction","target":{"@type":"EntryPoint","urlTemplate":"https:\/\/www.celttv.com.ar\/?s={search_term_string}"},"query-input":"required name=search_term_string"}],"inLanguage":"es"},{"@type":"Organization","@id":"https:\/\/www.celttv.com.ar\/#organization","name":"CELTTV","url":"https:\/\/www.celttv.com.ar\/","sameAs":["https:\/\/www.youtube.com\/channel\/UCz_oIt8Hig64Ub-EmcNPIhg","https:\/\/www.facebook.com\/celtTV\/"],"logo":{"@type":"ImageObject","inLanguage":"es","@id":"https:\/\/www.celttv.com.ar\/#\/schema\/logo\/image\/","url":"http:\/\/www.celttv.com.ar\/wp-content\/uploads\/2022\/08\/logo-1.png","contentUrl":"http:\/\/www.celttv.com.ar\/wp-content\/uploads\/2022\/08\/logo-1.png","width":461,"height":159,"caption":"CELTTV"},"image":{"@id":"https:\/\/www.celttv.com.ar\/#\/schema\/logo\/image\/"}},{"@type":"Person","@id":"https:\/\/www.celttv.com.ar\/#\/schema\/person\/6d99c072dba59953809c81446e9d0ace","name":"ulises","image":{"@type":"ImageObject","inLanguage":"es","@id":"https:\/\/www.celttv.com.ar\/#\/schema\/person\/image\/","url":"https:\/\/secure.gravatar.com\/avatar\/7f2c48bdc33b30088f941fb6082e555f2874c98e20cb159d7b92b50eadfce793?s=96&d=mm&r=g","contentUrl":"https:\/\/secure.gravatar.com\/avatar\/7f2c48bdc33b30088f941fb6082e555f2874c98e20cb159d7b92b50eadfce793?s=96&d=mm&r=g","caption":"ulises"},"sameAs":["http:\/\/www.celttv.com.ar"]}]}},"_links":{"self":[{"href":"https:\/\/www.celttv.com.ar\/index.php\/wp-json\/wp\/v2\/posts\/2925","targetHints":{"allow":["GET"]}}],"collection":[{"href":"https:\/\/www.celttv.com.ar\/index.php\/wp-json\/wp\/v2\/posts"}],"about":[{"href":"https:\/\/www.celttv.com.ar\/index.php\/wp-json\/wp\/v2\/types\/post"}],"author":[{"embeddable":true,"href":"https:\/\/www.celttv.com.ar\/index.php\/wp-json\/wp\/v2\/users\/1"}],"replies":[{"embeddable":true,"href":"https:\/\/www.celttv.com.ar\/index.php\/wp-json\/wp\/v2\/comments?post=2925"}],"version-history":[{"count":0,"href":"https:\/\/www.celttv.com.ar\/index.php\/wp-json\/wp\/v2\/posts\/2925\/revisions"}],"wp:attachment":[{"href":"https:\/\/www.celttv.com.ar\/index.php\/wp-json\/wp\/v2\/media?parent=2925"}],"wp:term":[{"taxonomy":"category","embeddable":true,"href":"https:\/\/www.celttv.com.ar\/index.php\/wp-json\/wp\/v2\/categories?post=2925"},{"taxonomy":"post_tag","embeddable":true,"href":"https:\/\/www.celttv.com.ar\/index.php\/wp-json\/wp\/v2\/tags?post=2925"}],"curies":[{"name":"wp","href":"https:\/\/api.w.org\/{rel}","templated":true}]}}