{"id":29394,"date":"2015-07-29T14:37:12","date_gmt":"2015-07-29T14:37:12","guid":{"rendered":"http:\/\/www.tvcnoticias.com.ar\/?p=29394"},"modified":"2015-07-29T14:37:12","modified_gmt":"2015-07-29T14:37:12","slug":"a-mover-el-esqueleto-en-la-fiesta-de-los-80-en-tanoos-disco-organizada-por-la-escuelita-de-futbol-del-automoto-club","status":"publish","type":"post","link":"https:\/\/www.celttv.com.ar\/index.php\/2015\/07\/29\/a-mover-el-esqueleto-en-la-fiesta-de-los-80-en-tanoos-disco-organizada-por-la-escuelita-de-futbol-del-automoto-club\/","title":{"rendered":"&#8220;A mover el esqueleto&#8221; en la Fiesta de los 80` en Tanoos Disco organizada por la Escuelita de F\u00fatbol del Automoto Club"},"content":{"rendered":"<p> La Fiesta de los 80` en Tanoos Disco organizada por la Escuelita de F\u00fatbol del Automoto Club<\/p>\n<p>La Escuelita de f\u00fatbol del Automoto Club Deportivo organiza para el d\u00eda viernes 7 de agosto en Tanoos Disco, la Fiesta de los 80`<\/p>\n<p>Una interesante propuesta para recrear momentos inolvidables disfrutando aquella m\u00fasica que nos acompa\u00f1\u00f3 en una trascendente etapa de nuestras vidas.<\/p>\n<p>Para asistir a la Fiesta de los 80\u00b4 podes comunicarte con Adrian Marzialetti Tel 156483085 o Vanina Muscillo 154718143<\/p>\n<p>Entrada anticipada $ 30 y ese d\u00eda en el boliche $ 50<a href=\"http:\/\/www.tvcnoticias.com.ar\/?attachment_id=29395\" rel=\"attachment wp-att-29395\"><img loading=\"lazy\" decoding=\"async\" src=\"http:\/\/www.tvcnoticias.com.ar\/wp-content\/uploads\/2015\/07\/MOVIENDO-EL-ESQUELETO-450x250.jpg\" alt=\"\" title=\"MOVIENDO EL ESQUELETO\" width=\"450\" height=\"250\" class=\"aligncenter size-medium wp-image-29395\" \/><\/a><\/p>\n","protected":false},"excerpt":{"rendered":"<p>La Fiesta de los 80` en Tanoos Disco organizada por la Escuelita de F\u00fatbol del Automoto Club La Escuelita de f\u00fatbol del Automoto Club Deportivo organiza para el d\u00eda viernes 7 de agosto en Tanoos Disco, la Fiesta de los 80` Una interesante propuesta para recrear momentos inolvidables disfrutando aquella m\u00fasica que nos acompa\u00f1\u00f3 en [&hellip;]<\/p>\n","protected":false},"author":1,"featured_media":0,"comment_status":"closed","ping_status":"open","sticky":false,"template":"","format":"standard","meta":{"footnotes":""},"categories":[52,56],"tags":[],"class_list":["post-29394","post","type-post","status-publish","format-standard","hentry","category-destacadas","category-espectaculos"],"yoast_head":"<!-- This site is optimized with the Yoast SEO plugin v19.7.1 - https:\/\/yoast.com\/wordpress\/plugins\/seo\/ -->\n<title>&quot;A mover el esqueleto&quot; en la Fiesta de los 80` en Tanoos Disco organizada por la Escuelita de F\u00fatbol del Automoto Club - CELTTV<\/title>\n<meta name=\"description\" content=\"Sitio web de noticias de la localidad de Tornquist, provincia de Buenos Aires, Rep\u00fablica Argentina. Contenido propio originado por periodistas de CELTTV, el canal de TV local de la Cooperativa El\u00e9ctrica de Tornquist. Turismo, Pol\u00edtica, Sociedad, Deporte, Cultura y todo el contenido de inter\u00e9s general que la gente del pueblo y la regi\u00f3n debe conocer.\" \/>\n<meta name=\"robots\" content=\"index, follow, max-snippet:-1, max-image-preview:large, max-video-preview:-1\" \/>\n<link rel=\"canonical\" href=\"https:\/\/www.celttv.com.ar\/index.php\/2015\/07\/29\/a-mover-el-esqueleto-en-la-fiesta-de-los-80-en-tanoos-disco-organizada-por-la-escuelita-de-futbol-del-automoto-club\/\" \/>\n<meta property=\"og:locale\" content=\"es_ES\" \/>\n<meta property=\"og:type\" content=\"article\" \/>\n<meta property=\"og:title\" content=\"&quot;A mover el esqueleto&quot; en la Fiesta de los 80` en Tanoos Disco organizada por la Escuelita de F\u00fatbol del Automoto Club - CELTTV\" \/>\n<meta property=\"og:description\" content=\"Sitio web de noticias de la localidad de Tornquist, provincia de Buenos Aires, Rep\u00fablica Argentina. Contenido propio originado por periodistas de CELTTV, el canal de TV local de la Cooperativa El\u00e9ctrica de Tornquist. Turismo, Pol\u00edtica, Sociedad, Deporte, Cultura y todo el contenido de inter\u00e9s general que la gente del pueblo y la regi\u00f3n debe conocer.\" \/>\n<meta property=\"og:url\" content=\"https:\/\/www.celttv.com.ar\/index.php\/2015\/07\/29\/a-mover-el-esqueleto-en-la-fiesta-de-los-80-en-tanoos-disco-organizada-por-la-escuelita-de-futbol-del-automoto-club\/\" \/>\n<meta property=\"og:site_name\" content=\"CELTTV\" \/>\n<meta property=\"article:publisher\" content=\"https:\/\/www.facebook.com\/celtTV\/\" \/>\n<meta property=\"article:published_time\" content=\"2015-07-29T14:37:12+00:00\" \/>\n<meta property=\"og:image\" content=\"http:\/\/www.tvcnoticias.com.ar\/wp-content\/uploads\/2015\/07\/MOVIENDO-EL-ESQUELETO-450x250.jpg\" \/>\n<meta name=\"author\" content=\"ulises\" \/>\n<meta name=\"twitter:card\" content=\"summary_large_image\" \/>\n<meta name=\"twitter:label1\" content=\"Escrito por\" \/>\n\t<meta name=\"twitter:data1\" content=\"ulises\" \/>\n<script type=\"application\/ld+json\" class=\"yoast-schema-graph\">{\"@context\":\"https:\/\/schema.org\",\"@graph\":[{\"@type\":\"NewsArticle\",\"@id\":\"https:\/\/www.celttv.com.ar\/index.php\/2015\/07\/29\/a-mover-el-esqueleto-en-la-fiesta-de-los-80-en-tanoos-disco-organizada-por-la-escuelita-de-futbol-del-automoto-club\/#article\",\"isPartOf\":{\"@id\":\"https:\/\/www.celttv.com.ar\/index.php\/2015\/07\/29\/a-mover-el-esqueleto-en-la-fiesta-de-los-80-en-tanoos-disco-organizada-por-la-escuelita-de-futbol-del-automoto-club\/\"},\"author\":{\"name\":\"ulises\",\"@id\":\"https:\/\/www.celttv.com.ar\/#\/schema\/person\/6d99c072dba59953809c81446e9d0ace\"},\"headline\":\"&#8220;A mover el esqueleto&#8221; en la Fiesta de los 80` en Tanoos Disco organizada por la Escuelita de F\u00fatbol del Automoto Club\",\"datePublished\":\"2015-07-29T14:37:12+00:00\",\"dateModified\":\"2015-07-29T14:37:12+00:00\",\"mainEntityOfPage\":{\"@id\":\"https:\/\/www.celttv.com.ar\/index.php\/2015\/07\/29\/a-mover-el-esqueleto-en-la-fiesta-de-los-80-en-tanoos-disco-organizada-por-la-escuelita-de-futbol-del-automoto-club\/\"},\"wordCount\":109,\"publisher\":{\"@id\":\"https:\/\/www.celttv.com.ar\/#organization\"},\"articleSection\":[\"Destacadas\",\"Espect\u00e1culos\"],\"inLanguage\":\"es\"},{\"@type\":\"WebPage\",\"@id\":\"https:\/\/www.celttv.com.ar\/index.php\/2015\/07\/29\/a-mover-el-esqueleto-en-la-fiesta-de-los-80-en-tanoos-disco-organizada-por-la-escuelita-de-futbol-del-automoto-club\/\",\"url\":\"https:\/\/www.celttv.com.ar\/index.php\/2015\/07\/29\/a-mover-el-esqueleto-en-la-fiesta-de-los-80-en-tanoos-disco-organizada-por-la-escuelita-de-futbol-del-automoto-club\/\",\"name\":\"\\\"A mover el esqueleto\\\" en la Fiesta de los 80` en Tanoos Disco organizada por la Escuelita de F\u00fatbol del Automoto Club - CELTTV\",\"isPartOf\":{\"@id\":\"https:\/\/www.celttv.com.ar\/#website\"},\"datePublished\":\"2015-07-29T14:37:12+00:00\",\"dateModified\":\"2015-07-29T14:37:12+00:00\",\"description\":\"Sitio web de noticias de la localidad de Tornquist, provincia de Buenos Aires, Rep\u00fablica Argentina. Contenido propio originado por periodistas de CELTTV, el canal de TV local de la Cooperativa El\u00e9ctrica de Tornquist. Turismo, Pol\u00edtica, Sociedad, Deporte, Cultura y todo el contenido de inter\u00e9s general que la gente del pueblo y la regi\u00f3n debe conocer.\",\"breadcrumb\":{\"@id\":\"https:\/\/www.celttv.com.ar\/index.php\/2015\/07\/29\/a-mover-el-esqueleto-en-la-fiesta-de-los-80-en-tanoos-disco-organizada-por-la-escuelita-de-futbol-del-automoto-club\/#breadcrumb\"},\"inLanguage\":\"es\",\"potentialAction\":[{\"@type\":\"ReadAction\",\"target\":[\"https:\/\/www.celttv.com.ar\/index.php\/2015\/07\/29\/a-mover-el-esqueleto-en-la-fiesta-de-los-80-en-tanoos-disco-organizada-por-la-escuelita-de-futbol-del-automoto-club\/\"]}]},{\"@type\":\"BreadcrumbList\",\"@id\":\"https:\/\/www.celttv.com.ar\/index.php\/2015\/07\/29\/a-mover-el-esqueleto-en-la-fiesta-de-los-80-en-tanoos-disco-organizada-por-la-escuelita-de-futbol-del-automoto-club\/#breadcrumb\",\"itemListElement\":[{\"@type\":\"ListItem\",\"position\":1,\"name\":\"Inicio\",\"item\":\"https:\/\/www.celttv.com.ar\/\"},{\"@type\":\"ListItem\",\"position\":2,\"name\":\"&#8220;A mover el esqueleto&#8221; en la Fiesta de los 80` en Tanoos Disco organizada por la Escuelita de F\u00fatbol del Automoto Club\"}]},{\"@type\":\"WebSite\",\"@id\":\"https:\/\/www.celttv.com.ar\/#website\",\"url\":\"https:\/\/www.celttv.com.ar\/\",\"name\":\"CELTTV\",\"description\":\"Cooperativa El\u00e9ctrica de Tornquist\",\"publisher\":{\"@id\":\"https:\/\/www.celttv.com.ar\/#organization\"},\"potentialAction\":[{\"@type\":\"SearchAction\",\"target\":{\"@type\":\"EntryPoint\",\"urlTemplate\":\"https:\/\/www.celttv.com.ar\/?s={search_term_string}\"},\"query-input\":\"required name=search_term_string\"}],\"inLanguage\":\"es\"},{\"@type\":\"Organization\",\"@id\":\"https:\/\/www.celttv.com.ar\/#organization\",\"name\":\"CELTTV\",\"url\":\"https:\/\/www.celttv.com.ar\/\",\"sameAs\":[\"https:\/\/www.youtube.com\/channel\/UCz_oIt8Hig64Ub-EmcNPIhg\",\"https:\/\/www.facebook.com\/celtTV\/\"],\"logo\":{\"@type\":\"ImageObject\",\"inLanguage\":\"es\",\"@id\":\"https:\/\/www.celttv.com.ar\/#\/schema\/logo\/image\/\",\"url\":\"http:\/\/www.celttv.com.ar\/wp-content\/uploads\/2022\/08\/logo-1.png\",\"contentUrl\":\"http:\/\/www.celttv.com.ar\/wp-content\/uploads\/2022\/08\/logo-1.png\",\"width\":461,\"height\":159,\"caption\":\"CELTTV\"},\"image\":{\"@id\":\"https:\/\/www.celttv.com.ar\/#\/schema\/logo\/image\/\"}},{\"@type\":\"Person\",\"@id\":\"https:\/\/www.celttv.com.ar\/#\/schema\/person\/6d99c072dba59953809c81446e9d0ace\",\"name\":\"ulises\",\"image\":{\"@type\":\"ImageObject\",\"inLanguage\":\"es\",\"@id\":\"https:\/\/www.celttv.com.ar\/#\/schema\/person\/image\/\",\"url\":\"https:\/\/secure.gravatar.com\/avatar\/7f2c48bdc33b30088f941fb6082e555f2874c98e20cb159d7b92b50eadfce793?s=96&d=mm&r=g\",\"contentUrl\":\"https:\/\/secure.gravatar.com\/avatar\/7f2c48bdc33b30088f941fb6082e555f2874c98e20cb159d7b92b50eadfce793?s=96&d=mm&r=g\",\"caption\":\"ulises\"},\"sameAs\":[\"http:\/\/www.celttv.com.ar\"]}]}<\/script>\n<!-- \/ Yoast SEO plugin. -->","yoast_head_json":{"title":"\"A mover el esqueleto\" en la Fiesta de los 80` en Tanoos Disco organizada por la Escuelita de F\u00fatbol del Automoto Club - CELTTV","description":"Sitio web de noticias de la localidad de Tornquist, provincia de Buenos Aires, Rep\u00fablica Argentina. Contenido propio originado por periodistas de CELTTV, el canal de TV local de la Cooperativa El\u00e9ctrica de Tornquist. Turismo, Pol\u00edtica, Sociedad, Deporte, Cultura y todo el contenido de inter\u00e9s general que la gente del pueblo y la regi\u00f3n debe conocer.","robots":{"index":"index","follow":"follow","max-snippet":"max-snippet:-1","max-image-preview":"max-image-preview:large","max-video-preview":"max-video-preview:-1"},"canonical":"https:\/\/www.celttv.com.ar\/index.php\/2015\/07\/29\/a-mover-el-esqueleto-en-la-fiesta-de-los-80-en-tanoos-disco-organizada-por-la-escuelita-de-futbol-del-automoto-club\/","og_locale":"es_ES","og_type":"article","og_title":"\"A mover el esqueleto\" en la Fiesta de los 80` en Tanoos Disco organizada por la Escuelita de F\u00fatbol del Automoto Club - CELTTV","og_description":"Sitio web de noticias de la localidad de Tornquist, provincia de Buenos Aires, Rep\u00fablica Argentina. Contenido propio originado por periodistas de CELTTV, el canal de TV local de la Cooperativa El\u00e9ctrica de Tornquist. Turismo, Pol\u00edtica, Sociedad, Deporte, Cultura y todo el contenido de inter\u00e9s general que la gente del pueblo y la regi\u00f3n debe conocer.","og_url":"https:\/\/www.celttv.com.ar\/index.php\/2015\/07\/29\/a-mover-el-esqueleto-en-la-fiesta-de-los-80-en-tanoos-disco-organizada-por-la-escuelita-de-futbol-del-automoto-club\/","og_site_name":"CELTTV","article_publisher":"https:\/\/www.facebook.com\/celtTV\/","article_published_time":"2015-07-29T14:37:12+00:00","og_image":[{"url":"http:\/\/www.tvcnoticias.com.ar\/wp-content\/uploads\/2015\/07\/MOVIENDO-EL-ESQUELETO-450x250.jpg"}],"author":"ulises","twitter_card":"summary_large_image","twitter_misc":{"Escrito por":"ulises"},"schema":{"@context":"https:\/\/schema.org","@graph":[{"@type":"NewsArticle","@id":"https:\/\/www.celttv.com.ar\/index.php\/2015\/07\/29\/a-mover-el-esqueleto-en-la-fiesta-de-los-80-en-tanoos-disco-organizada-por-la-escuelita-de-futbol-del-automoto-club\/#article","isPartOf":{"@id":"https:\/\/www.celttv.com.ar\/index.php\/2015\/07\/29\/a-mover-el-esqueleto-en-la-fiesta-de-los-80-en-tanoos-disco-organizada-por-la-escuelita-de-futbol-del-automoto-club\/"},"author":{"name":"ulises","@id":"https:\/\/www.celttv.com.ar\/#\/schema\/person\/6d99c072dba59953809c81446e9d0ace"},"headline":"&#8220;A mover el esqueleto&#8221; en la Fiesta de los 80` en Tanoos Disco organizada por la Escuelita de F\u00fatbol del Automoto Club","datePublished":"2015-07-29T14:37:12+00:00","dateModified":"2015-07-29T14:37:12+00:00","mainEntityOfPage":{"@id":"https:\/\/www.celttv.com.ar\/index.php\/2015\/07\/29\/a-mover-el-esqueleto-en-la-fiesta-de-los-80-en-tanoos-disco-organizada-por-la-escuelita-de-futbol-del-automoto-club\/"},"wordCount":109,"publisher":{"@id":"https:\/\/www.celttv.com.ar\/#organization"},"articleSection":["Destacadas","Espect\u00e1culos"],"inLanguage":"es"},{"@type":"WebPage","@id":"https:\/\/www.celttv.com.ar\/index.php\/2015\/07\/29\/a-mover-el-esqueleto-en-la-fiesta-de-los-80-en-tanoos-disco-organizada-por-la-escuelita-de-futbol-del-automoto-club\/","url":"https:\/\/www.celttv.com.ar\/index.php\/2015\/07\/29\/a-mover-el-esqueleto-en-la-fiesta-de-los-80-en-tanoos-disco-organizada-por-la-escuelita-de-futbol-del-automoto-club\/","name":"\"A mover el esqueleto\" en la Fiesta de los 80` en Tanoos Disco organizada por la Escuelita de F\u00fatbol del Automoto Club - CELTTV","isPartOf":{"@id":"https:\/\/www.celttv.com.ar\/#website"},"datePublished":"2015-07-29T14:37:12+00:00","dateModified":"2015-07-29T14:37:12+00:00","description":"Sitio web de noticias de la localidad de Tornquist, provincia de Buenos Aires, Rep\u00fablica Argentina. Contenido propio originado por periodistas de CELTTV, el canal de TV local de la Cooperativa El\u00e9ctrica de Tornquist. Turismo, Pol\u00edtica, Sociedad, Deporte, Cultura y todo el contenido de inter\u00e9s general que la gente del pueblo y la regi\u00f3n debe conocer.","breadcrumb":{"@id":"https:\/\/www.celttv.com.ar\/index.php\/2015\/07\/29\/a-mover-el-esqueleto-en-la-fiesta-de-los-80-en-tanoos-disco-organizada-por-la-escuelita-de-futbol-del-automoto-club\/#breadcrumb"},"inLanguage":"es","potentialAction":[{"@type":"ReadAction","target":["https:\/\/www.celttv.com.ar\/index.php\/2015\/07\/29\/a-mover-el-esqueleto-en-la-fiesta-de-los-80-en-tanoos-disco-organizada-por-la-escuelita-de-futbol-del-automoto-club\/"]}]},{"@type":"BreadcrumbList","@id":"https:\/\/www.celttv.com.ar\/index.php\/2015\/07\/29\/a-mover-el-esqueleto-en-la-fiesta-de-los-80-en-tanoos-disco-organizada-por-la-escuelita-de-futbol-del-automoto-club\/#breadcrumb","itemListElement":[{"@type":"ListItem","position":1,"name":"Inicio","item":"https:\/\/www.celttv.com.ar\/"},{"@type":"ListItem","position":2,"name":"&#8220;A mover el esqueleto&#8221; en la Fiesta de los 80` en Tanoos Disco organizada por la Escuelita de F\u00fatbol del Automoto Club"}]},{"@type":"WebSite","@id":"https:\/\/www.celttv.com.ar\/#website","url":"https:\/\/www.celttv.com.ar\/","name":"CELTTV","description":"Cooperativa El\u00e9ctrica de Tornquist","publisher":{"@id":"https:\/\/www.celttv.com.ar\/#organization"},"potentialAction":[{"@type":"SearchAction","target":{"@type":"EntryPoint","urlTemplate":"https:\/\/www.celttv.com.ar\/?s={search_term_string}"},"query-input":"required name=search_term_string"}],"inLanguage":"es"},{"@type":"Organization","@id":"https:\/\/www.celttv.com.ar\/#organization","name":"CELTTV","url":"https:\/\/www.celttv.com.ar\/","sameAs":["https:\/\/www.youtube.com\/channel\/UCz_oIt8Hig64Ub-EmcNPIhg","https:\/\/www.facebook.com\/celtTV\/"],"logo":{"@type":"ImageObject","inLanguage":"es","@id":"https:\/\/www.celttv.com.ar\/#\/schema\/logo\/image\/","url":"http:\/\/www.celttv.com.ar\/wp-content\/uploads\/2022\/08\/logo-1.png","contentUrl":"http:\/\/www.celttv.com.ar\/wp-content\/uploads\/2022\/08\/logo-1.png","width":461,"height":159,"caption":"CELTTV"},"image":{"@id":"https:\/\/www.celttv.com.ar\/#\/schema\/logo\/image\/"}},{"@type":"Person","@id":"https:\/\/www.celttv.com.ar\/#\/schema\/person\/6d99c072dba59953809c81446e9d0ace","name":"ulises","image":{"@type":"ImageObject","inLanguage":"es","@id":"https:\/\/www.celttv.com.ar\/#\/schema\/person\/image\/","url":"https:\/\/secure.gravatar.com\/avatar\/7f2c48bdc33b30088f941fb6082e555f2874c98e20cb159d7b92b50eadfce793?s=96&d=mm&r=g","contentUrl":"https:\/\/secure.gravatar.com\/avatar\/7f2c48bdc33b30088f941fb6082e555f2874c98e20cb159d7b92b50eadfce793?s=96&d=mm&r=g","caption":"ulises"},"sameAs":["http:\/\/www.celttv.com.ar"]}]}},"_links":{"self":[{"href":"https:\/\/www.celttv.com.ar\/index.php\/wp-json\/wp\/v2\/posts\/29394","targetHints":{"allow":["GET"]}}],"collection":[{"href":"https:\/\/www.celttv.com.ar\/index.php\/wp-json\/wp\/v2\/posts"}],"about":[{"href":"https:\/\/www.celttv.com.ar\/index.php\/wp-json\/wp\/v2\/types\/post"}],"author":[{"embeddable":true,"href":"https:\/\/www.celttv.com.ar\/index.php\/wp-json\/wp\/v2\/users\/1"}],"replies":[{"embeddable":true,"href":"https:\/\/www.celttv.com.ar\/index.php\/wp-json\/wp\/v2\/comments?post=29394"}],"version-history":[{"count":0,"href":"https:\/\/www.celttv.com.ar\/index.php\/wp-json\/wp\/v2\/posts\/29394\/revisions"}],"wp:attachment":[{"href":"https:\/\/www.celttv.com.ar\/index.php\/wp-json\/wp\/v2\/media?parent=29394"}],"wp:term":[{"taxonomy":"category","embeddable":true,"href":"https:\/\/www.celttv.com.ar\/index.php\/wp-json\/wp\/v2\/categories?post=29394"},{"taxonomy":"post_tag","embeddable":true,"href":"https:\/\/www.celttv.com.ar\/index.php\/wp-json\/wp\/v2\/tags?post=29394"}],"curies":[{"name":"wp","href":"https:\/\/api.w.org\/{rel}","templated":true}]}}