{"id":29465,"date":"2015-08-14T22:45:07","date_gmt":"2015-08-14T22:45:07","guid":{"rendered":"http:\/\/www.tvcnoticias.com.ar\/?p=29465"},"modified":"2015-08-14T22:45:07","modified_gmt":"2015-08-14T22:45:07","slug":"tecnico-electromecanico-y-maestro-mayor-de-obras-las-opciones-de-la-escuela-tecnica","status":"publish","type":"post","link":"https:\/\/www.celttv.com.ar\/index.php\/2015\/08\/14\/tecnico-electromecanico-y-maestro-mayor-de-obras-las-opciones-de-la-escuela-tecnica\/","title":{"rendered":"T\u00e9cnico Electromec\u00e1nico y Maestro Mayor de Obras, las opciones de la Escuela T\u00e9cnica"},"content":{"rendered":"<p>httpv:\/\/www.youtube.com\/watch?v=2T8ZnoyAKRI&#038;feature=youtu.be<br \/>\nhttpv:\/\/www.youtube.com\/watch?v=4puMkde0tb0&#038;feature=youtu.be<br \/>\nhttpv:\/\/www.youtube.com\/watch?v=nMlmAv5jhuU&#038;feature=youtu.be<\/p>\n<p>Una reuni\u00f3n en la cual se presentaron las dos modalidades que desde el pr\u00f3ximo a\u00f1o incorporar\u00e1 la Escuela de Educaci\u00f3n Secundaria T\u00e9cnica N\u00b0 1 de la ciudad cabecera, adem\u00e1s de sus respectivos planes de estudio, se llev\u00f3 a cabo en la Sala de Situaciones del Palacio Municipal.<br \/>\n   La charla estuvo a cargo del Inspector de Escuelas T\u00e9cnicas, profesor Horacio Killing, quien antes mantuvo una reuni\u00f3n con el intendente municipal, licenciado Gustavo Trankels. Durante el acto, estuvo acompa\u00f1ado por la Inspectora Jefa Distrital, profesora Patricia Larrainzar, y un buen n\u00famero de asistentes.<br \/>\n   De acuerdo con evaluaciones efectuadas oportunamente por diferentes sectores del distrito, las especialidades que se dictar\u00e1n desde el pr\u00f3ximo ciclo lectivo ser\u00e1n T\u00e9cnico Electromec\u00e1nico y Maestro Mayor de Obras.<br \/>\n   \u201cEstamos muy felices de estar transitando este camino, en el cual estamos viendo nacer las dos modalidades del ciclo superior de nuestra Escuela T\u00e9cnica. Las distintas fuerzas productivas, cooperativas, c\u00e1mara de comercio, emprendedores del distrito y el sector educativo evaluaron las posibilidades en una reuni\u00f3n y se decidi\u00f3 ofrecer dos especialidades. La decisi\u00f3n se bas\u00f3 en la demanda laboral existente en el distrito\u201d, afirm\u00f3 Trankels.<br \/>\n   Killing, en tanto, plante\u00f3 la importancia de contar con todas las modalidades educativas existentes a disposici\u00f3n de los j\u00f3venes del distrito, que principalmente evitan el desarraigo e igualan las posibilidades educativas de todos.<br \/>\n   \u201cGustavo Trankels llev\u00f3 adelante la gesti\u00f3n para la creaci\u00f3n de una Escuela T\u00e9cnica, que se puso en marcha en el 2013. En estos establecimientos, despu\u00e9s de los tres a\u00f1os de ciclo b\u00e1sico com\u00fan llega el ciclo superior. A ra\u00edz de la reuni\u00f3n que mantuvimos oportunamente con las entidades intermedias, en funci\u00f3n de la necesidades del sector socio productivo, se determin\u00f3 que tecnicaturas necesita toda la regi\u00f3n de Tornquist\u201d, manifest\u00f3.<br \/>\n   Adem\u00e1s, aclar\u00f3 que el an\u00e1lisis de la situaci\u00f3n del distrito se efect\u00faa cada dos a\u00f1os, a fin de evaluar si es necesario continuar con la formaci\u00f3n de j\u00f3venes en las mismas modalidades o bien disponer de otras opciones.<\/p>\n","protected":false},"excerpt":{"rendered":"<p>httpv:\/\/www.youtube.com\/watch?v=2T8ZnoyAKRI&#038;feature=youtu.be httpv:\/\/www.youtube.com\/watch?v=4puMkde0tb0&#038;feature=youtu.be httpv:\/\/www.youtube.com\/watch?v=nMlmAv5jhuU&#038;feature=youtu.be Una reuni\u00f3n en la cual se presentaron las dos modalidades que desde el pr\u00f3ximo a\u00f1o incorporar\u00e1 la Escuela de Educaci\u00f3n Secundaria T\u00e9cnica N\u00b0 1 de la ciudad cabecera, adem\u00e1s de sus respectivos planes de estudio, se llev\u00f3 a cabo en la Sala de Situaciones del Palacio Municipal. La charla estuvo a cargo [&hellip;]<\/p>\n","protected":false},"author":1,"featured_media":0,"comment_status":"closed","ping_status":"open","sticky":false,"template":"","format":"standard","meta":{"footnotes":""},"categories":[51,52,53,64],"tags":[],"class_list":["post-29465","post","type-post","status-publish","format-standard","hentry","category-comunidad","category-destacadas","category-politica","category-videos-destacados"],"yoast_head":"<!-- This site is optimized with the Yoast SEO plugin v19.7.1 - https:\/\/yoast.com\/wordpress\/plugins\/seo\/ -->\n<title>T\u00e9cnico Electromec\u00e1nico y Maestro Mayor de Obras, las opciones de la Escuela T\u00e9cnica - CELTTV<\/title>\n<meta name=\"description\" content=\"Sitio web de noticias de la localidad de Tornquist, provincia de Buenos Aires, Rep\u00fablica Argentina. Contenido propio originado por periodistas de CELTTV, el canal de TV local de la Cooperativa El\u00e9ctrica de Tornquist. Turismo, Pol\u00edtica, Sociedad, Deporte, Cultura y todo el contenido de inter\u00e9s general que la gente del pueblo y la regi\u00f3n debe conocer.\" \/>\n<meta name=\"robots\" content=\"index, follow, max-snippet:-1, max-image-preview:large, max-video-preview:-1\" \/>\n<link rel=\"canonical\" href=\"https:\/\/www.celttv.com.ar\/index.php\/2015\/08\/14\/tecnico-electromecanico-y-maestro-mayor-de-obras-las-opciones-de-la-escuela-tecnica\/\" \/>\n<meta property=\"og:locale\" content=\"es_ES\" \/>\n<meta property=\"og:type\" content=\"article\" \/>\n<meta property=\"og:title\" content=\"T\u00e9cnico Electromec\u00e1nico y Maestro Mayor de Obras, las opciones de la Escuela T\u00e9cnica - CELTTV\" \/>\n<meta property=\"og:description\" content=\"Sitio web de noticias de la localidad de Tornquist, provincia de Buenos Aires, Rep\u00fablica Argentina. Contenido propio originado por periodistas de CELTTV, el canal de TV local de la Cooperativa El\u00e9ctrica de Tornquist. Turismo, Pol\u00edtica, Sociedad, Deporte, Cultura y todo el contenido de inter\u00e9s general que la gente del pueblo y la regi\u00f3n debe conocer.\" \/>\n<meta property=\"og:url\" content=\"https:\/\/www.celttv.com.ar\/index.php\/2015\/08\/14\/tecnico-electromecanico-y-maestro-mayor-de-obras-las-opciones-de-la-escuela-tecnica\/\" \/>\n<meta property=\"og:site_name\" content=\"CELTTV\" \/>\n<meta property=\"article:publisher\" content=\"https:\/\/www.facebook.com\/celtTV\/\" \/>\n<meta property=\"article:published_time\" content=\"2015-08-14T22:45:07+00:00\" \/>\n<meta name=\"author\" content=\"ulises\" \/>\n<meta name=\"twitter:card\" content=\"summary_large_image\" \/>\n<meta name=\"twitter:label1\" content=\"Escrito por\" \/>\n\t<meta name=\"twitter:data1\" content=\"ulises\" \/>\n\t<meta name=\"twitter:label2\" content=\"Tiempo de lectura\" \/>\n\t<meta name=\"twitter:data2\" content=\"2 minutos\" \/>\n<script type=\"application\/ld+json\" class=\"yoast-schema-graph\">{\"@context\":\"https:\/\/schema.org\",\"@graph\":[{\"@type\":\"NewsArticle\",\"@id\":\"https:\/\/www.celttv.com.ar\/index.php\/2015\/08\/14\/tecnico-electromecanico-y-maestro-mayor-de-obras-las-opciones-de-la-escuela-tecnica\/#article\",\"isPartOf\":{\"@id\":\"https:\/\/www.celttv.com.ar\/index.php\/2015\/08\/14\/tecnico-electromecanico-y-maestro-mayor-de-obras-las-opciones-de-la-escuela-tecnica\/\"},\"author\":{\"name\":\"ulises\",\"@id\":\"https:\/\/www.celttv.com.ar\/#\/schema\/person\/6d99c072dba59953809c81446e9d0ace\"},\"headline\":\"T\u00e9cnico Electromec\u00e1nico y Maestro Mayor de Obras, las opciones de la Escuela T\u00e9cnica\",\"datePublished\":\"2015-08-14T22:45:07+00:00\",\"dateModified\":\"2015-08-14T22:45:07+00:00\",\"mainEntityOfPage\":{\"@id\":\"https:\/\/www.celttv.com.ar\/index.php\/2015\/08\/14\/tecnico-electromecanico-y-maestro-mayor-de-obras-las-opciones-de-la-escuela-tecnica\/\"},\"wordCount\":411,\"publisher\":{\"@id\":\"https:\/\/www.celttv.com.ar\/#organization\"},\"articleSection\":[\"Comunidad\",\"Destacadas\",\"Pol\u00edtica\",\"Videos Destacados\"],\"inLanguage\":\"es\"},{\"@type\":\"WebPage\",\"@id\":\"https:\/\/www.celttv.com.ar\/index.php\/2015\/08\/14\/tecnico-electromecanico-y-maestro-mayor-de-obras-las-opciones-de-la-escuela-tecnica\/\",\"url\":\"https:\/\/www.celttv.com.ar\/index.php\/2015\/08\/14\/tecnico-electromecanico-y-maestro-mayor-de-obras-las-opciones-de-la-escuela-tecnica\/\",\"name\":\"T\u00e9cnico Electromec\u00e1nico y Maestro Mayor de Obras, las opciones de la Escuela T\u00e9cnica - CELTTV\",\"isPartOf\":{\"@id\":\"https:\/\/www.celttv.com.ar\/#website\"},\"datePublished\":\"2015-08-14T22:45:07+00:00\",\"dateModified\":\"2015-08-14T22:45:07+00:00\",\"description\":\"Sitio web de noticias de la localidad de Tornquist, provincia de Buenos Aires, Rep\u00fablica Argentina. Contenido propio originado por periodistas de CELTTV, el canal de TV local de la Cooperativa El\u00e9ctrica de Tornquist. Turismo, Pol\u00edtica, Sociedad, Deporte, Cultura y todo el contenido de inter\u00e9s general que la gente del pueblo y la regi\u00f3n debe conocer.\",\"breadcrumb\":{\"@id\":\"https:\/\/www.celttv.com.ar\/index.php\/2015\/08\/14\/tecnico-electromecanico-y-maestro-mayor-de-obras-las-opciones-de-la-escuela-tecnica\/#breadcrumb\"},\"inLanguage\":\"es\",\"potentialAction\":[{\"@type\":\"ReadAction\",\"target\":[\"https:\/\/www.celttv.com.ar\/index.php\/2015\/08\/14\/tecnico-electromecanico-y-maestro-mayor-de-obras-las-opciones-de-la-escuela-tecnica\/\"]}]},{\"@type\":\"BreadcrumbList\",\"@id\":\"https:\/\/www.celttv.com.ar\/index.php\/2015\/08\/14\/tecnico-electromecanico-y-maestro-mayor-de-obras-las-opciones-de-la-escuela-tecnica\/#breadcrumb\",\"itemListElement\":[{\"@type\":\"ListItem\",\"position\":1,\"name\":\"Inicio\",\"item\":\"https:\/\/www.celttv.com.ar\/\"},{\"@type\":\"ListItem\",\"position\":2,\"name\":\"T\u00e9cnico Electromec\u00e1nico y Maestro Mayor de Obras, las opciones de la Escuela T\u00e9cnica\"}]},{\"@type\":\"WebSite\",\"@id\":\"https:\/\/www.celttv.com.ar\/#website\",\"url\":\"https:\/\/www.celttv.com.ar\/\",\"name\":\"CELTTV\",\"description\":\"Cooperativa El\u00e9ctrica de Tornquist\",\"publisher\":{\"@id\":\"https:\/\/www.celttv.com.ar\/#organization\"},\"potentialAction\":[{\"@type\":\"SearchAction\",\"target\":{\"@type\":\"EntryPoint\",\"urlTemplate\":\"https:\/\/www.celttv.com.ar\/?s={search_term_string}\"},\"query-input\":\"required name=search_term_string\"}],\"inLanguage\":\"es\"},{\"@type\":\"Organization\",\"@id\":\"https:\/\/www.celttv.com.ar\/#organization\",\"name\":\"CELTTV\",\"url\":\"https:\/\/www.celttv.com.ar\/\",\"sameAs\":[\"https:\/\/www.youtube.com\/channel\/UCz_oIt8Hig64Ub-EmcNPIhg\",\"https:\/\/www.facebook.com\/celtTV\/\"],\"logo\":{\"@type\":\"ImageObject\",\"inLanguage\":\"es\",\"@id\":\"https:\/\/www.celttv.com.ar\/#\/schema\/logo\/image\/\",\"url\":\"http:\/\/www.celttv.com.ar\/wp-content\/uploads\/2022\/08\/logo-1.png\",\"contentUrl\":\"http:\/\/www.celttv.com.ar\/wp-content\/uploads\/2022\/08\/logo-1.png\",\"width\":461,\"height\":159,\"caption\":\"CELTTV\"},\"image\":{\"@id\":\"https:\/\/www.celttv.com.ar\/#\/schema\/logo\/image\/\"}},{\"@type\":\"Person\",\"@id\":\"https:\/\/www.celttv.com.ar\/#\/schema\/person\/6d99c072dba59953809c81446e9d0ace\",\"name\":\"ulises\",\"image\":{\"@type\":\"ImageObject\",\"inLanguage\":\"es\",\"@id\":\"https:\/\/www.celttv.com.ar\/#\/schema\/person\/image\/\",\"url\":\"https:\/\/secure.gravatar.com\/avatar\/7f2c48bdc33b30088f941fb6082e555f2874c98e20cb159d7b92b50eadfce793?s=96&d=mm&r=g\",\"contentUrl\":\"https:\/\/secure.gravatar.com\/avatar\/7f2c48bdc33b30088f941fb6082e555f2874c98e20cb159d7b92b50eadfce793?s=96&d=mm&r=g\",\"caption\":\"ulises\"},\"sameAs\":[\"http:\/\/www.celttv.com.ar\"]}]}<\/script>\n<!-- \/ Yoast SEO plugin. -->","yoast_head_json":{"title":"T\u00e9cnico Electromec\u00e1nico y Maestro Mayor de Obras, las opciones de la Escuela T\u00e9cnica - CELTTV","description":"Sitio web de noticias de la localidad de Tornquist, provincia de Buenos Aires, Rep\u00fablica Argentina. Contenido propio originado por periodistas de CELTTV, el canal de TV local de la Cooperativa El\u00e9ctrica de Tornquist. Turismo, Pol\u00edtica, Sociedad, Deporte, Cultura y todo el contenido de inter\u00e9s general que la gente del pueblo y la regi\u00f3n debe conocer.","robots":{"index":"index","follow":"follow","max-snippet":"max-snippet:-1","max-image-preview":"max-image-preview:large","max-video-preview":"max-video-preview:-1"},"canonical":"https:\/\/www.celttv.com.ar\/index.php\/2015\/08\/14\/tecnico-electromecanico-y-maestro-mayor-de-obras-las-opciones-de-la-escuela-tecnica\/","og_locale":"es_ES","og_type":"article","og_title":"T\u00e9cnico Electromec\u00e1nico y Maestro Mayor de Obras, las opciones de la Escuela T\u00e9cnica - CELTTV","og_description":"Sitio web de noticias de la localidad de Tornquist, provincia de Buenos Aires, Rep\u00fablica Argentina. Contenido propio originado por periodistas de CELTTV, el canal de TV local de la Cooperativa El\u00e9ctrica de Tornquist. Turismo, Pol\u00edtica, Sociedad, Deporte, Cultura y todo el contenido de inter\u00e9s general que la gente del pueblo y la regi\u00f3n debe conocer.","og_url":"https:\/\/www.celttv.com.ar\/index.php\/2015\/08\/14\/tecnico-electromecanico-y-maestro-mayor-de-obras-las-opciones-de-la-escuela-tecnica\/","og_site_name":"CELTTV","article_publisher":"https:\/\/www.facebook.com\/celtTV\/","article_published_time":"2015-08-14T22:45:07+00:00","author":"ulises","twitter_card":"summary_large_image","twitter_misc":{"Escrito por":"ulises","Tiempo de lectura":"2 minutos"},"schema":{"@context":"https:\/\/schema.org","@graph":[{"@type":"NewsArticle","@id":"https:\/\/www.celttv.com.ar\/index.php\/2015\/08\/14\/tecnico-electromecanico-y-maestro-mayor-de-obras-las-opciones-de-la-escuela-tecnica\/#article","isPartOf":{"@id":"https:\/\/www.celttv.com.ar\/index.php\/2015\/08\/14\/tecnico-electromecanico-y-maestro-mayor-de-obras-las-opciones-de-la-escuela-tecnica\/"},"author":{"name":"ulises","@id":"https:\/\/www.celttv.com.ar\/#\/schema\/person\/6d99c072dba59953809c81446e9d0ace"},"headline":"T\u00e9cnico Electromec\u00e1nico y Maestro Mayor de Obras, las opciones de la Escuela T\u00e9cnica","datePublished":"2015-08-14T22:45:07+00:00","dateModified":"2015-08-14T22:45:07+00:00","mainEntityOfPage":{"@id":"https:\/\/www.celttv.com.ar\/index.php\/2015\/08\/14\/tecnico-electromecanico-y-maestro-mayor-de-obras-las-opciones-de-la-escuela-tecnica\/"},"wordCount":411,"publisher":{"@id":"https:\/\/www.celttv.com.ar\/#organization"},"articleSection":["Comunidad","Destacadas","Pol\u00edtica","Videos Destacados"],"inLanguage":"es"},{"@type":"WebPage","@id":"https:\/\/www.celttv.com.ar\/index.php\/2015\/08\/14\/tecnico-electromecanico-y-maestro-mayor-de-obras-las-opciones-de-la-escuela-tecnica\/","url":"https:\/\/www.celttv.com.ar\/index.php\/2015\/08\/14\/tecnico-electromecanico-y-maestro-mayor-de-obras-las-opciones-de-la-escuela-tecnica\/","name":"T\u00e9cnico Electromec\u00e1nico y Maestro Mayor de Obras, las opciones de la Escuela T\u00e9cnica - CELTTV","isPartOf":{"@id":"https:\/\/www.celttv.com.ar\/#website"},"datePublished":"2015-08-14T22:45:07+00:00","dateModified":"2015-08-14T22:45:07+00:00","description":"Sitio web de noticias de la localidad de Tornquist, provincia de Buenos Aires, Rep\u00fablica Argentina. Contenido propio originado por periodistas de CELTTV, el canal de TV local de la Cooperativa El\u00e9ctrica de Tornquist. Turismo, Pol\u00edtica, Sociedad, Deporte, Cultura y todo el contenido de inter\u00e9s general que la gente del pueblo y la regi\u00f3n debe conocer.","breadcrumb":{"@id":"https:\/\/www.celttv.com.ar\/index.php\/2015\/08\/14\/tecnico-electromecanico-y-maestro-mayor-de-obras-las-opciones-de-la-escuela-tecnica\/#breadcrumb"},"inLanguage":"es","potentialAction":[{"@type":"ReadAction","target":["https:\/\/www.celttv.com.ar\/index.php\/2015\/08\/14\/tecnico-electromecanico-y-maestro-mayor-de-obras-las-opciones-de-la-escuela-tecnica\/"]}]},{"@type":"BreadcrumbList","@id":"https:\/\/www.celttv.com.ar\/index.php\/2015\/08\/14\/tecnico-electromecanico-y-maestro-mayor-de-obras-las-opciones-de-la-escuela-tecnica\/#breadcrumb","itemListElement":[{"@type":"ListItem","position":1,"name":"Inicio","item":"https:\/\/www.celttv.com.ar\/"},{"@type":"ListItem","position":2,"name":"T\u00e9cnico Electromec\u00e1nico y Maestro Mayor de Obras, las opciones de la Escuela T\u00e9cnica"}]},{"@type":"WebSite","@id":"https:\/\/www.celttv.com.ar\/#website","url":"https:\/\/www.celttv.com.ar\/","name":"CELTTV","description":"Cooperativa El\u00e9ctrica de Tornquist","publisher":{"@id":"https:\/\/www.celttv.com.ar\/#organization"},"potentialAction":[{"@type":"SearchAction","target":{"@type":"EntryPoint","urlTemplate":"https:\/\/www.celttv.com.ar\/?s={search_term_string}"},"query-input":"required name=search_term_string"}],"inLanguage":"es"},{"@type":"Organization","@id":"https:\/\/www.celttv.com.ar\/#organization","name":"CELTTV","url":"https:\/\/www.celttv.com.ar\/","sameAs":["https:\/\/www.youtube.com\/channel\/UCz_oIt8Hig64Ub-EmcNPIhg","https:\/\/www.facebook.com\/celtTV\/"],"logo":{"@type":"ImageObject","inLanguage":"es","@id":"https:\/\/www.celttv.com.ar\/#\/schema\/logo\/image\/","url":"http:\/\/www.celttv.com.ar\/wp-content\/uploads\/2022\/08\/logo-1.png","contentUrl":"http:\/\/www.celttv.com.ar\/wp-content\/uploads\/2022\/08\/logo-1.png","width":461,"height":159,"caption":"CELTTV"},"image":{"@id":"https:\/\/www.celttv.com.ar\/#\/schema\/logo\/image\/"}},{"@type":"Person","@id":"https:\/\/www.celttv.com.ar\/#\/schema\/person\/6d99c072dba59953809c81446e9d0ace","name":"ulises","image":{"@type":"ImageObject","inLanguage":"es","@id":"https:\/\/www.celttv.com.ar\/#\/schema\/person\/image\/","url":"https:\/\/secure.gravatar.com\/avatar\/7f2c48bdc33b30088f941fb6082e555f2874c98e20cb159d7b92b50eadfce793?s=96&d=mm&r=g","contentUrl":"https:\/\/secure.gravatar.com\/avatar\/7f2c48bdc33b30088f941fb6082e555f2874c98e20cb159d7b92b50eadfce793?s=96&d=mm&r=g","caption":"ulises"},"sameAs":["http:\/\/www.celttv.com.ar"]}]}},"_links":{"self":[{"href":"https:\/\/www.celttv.com.ar\/index.php\/wp-json\/wp\/v2\/posts\/29465","targetHints":{"allow":["GET"]}}],"collection":[{"href":"https:\/\/www.celttv.com.ar\/index.php\/wp-json\/wp\/v2\/posts"}],"about":[{"href":"https:\/\/www.celttv.com.ar\/index.php\/wp-json\/wp\/v2\/types\/post"}],"author":[{"embeddable":true,"href":"https:\/\/www.celttv.com.ar\/index.php\/wp-json\/wp\/v2\/users\/1"}],"replies":[{"embeddable":true,"href":"https:\/\/www.celttv.com.ar\/index.php\/wp-json\/wp\/v2\/comments?post=29465"}],"version-history":[{"count":0,"href":"https:\/\/www.celttv.com.ar\/index.php\/wp-json\/wp\/v2\/posts\/29465\/revisions"}],"wp:attachment":[{"href":"https:\/\/www.celttv.com.ar\/index.php\/wp-json\/wp\/v2\/media?parent=29465"}],"wp:term":[{"taxonomy":"category","embeddable":true,"href":"https:\/\/www.celttv.com.ar\/index.php\/wp-json\/wp\/v2\/categories?post=29465"},{"taxonomy":"post_tag","embeddable":true,"href":"https:\/\/www.celttv.com.ar\/index.php\/wp-json\/wp\/v2\/tags?post=29465"}],"curies":[{"name":"wp","href":"https:\/\/api.w.org\/{rel}","templated":true}]}}