{"id":29727,"date":"2015-11-04T13:42:13","date_gmt":"2015-11-04T13:42:13","guid":{"rendered":"http:\/\/www.tvcnoticias.com.ar\/?p=29727"},"modified":"2015-11-04T13:42:13","modified_gmt":"2015-11-04T13:42:13","slug":"ayer-fallecio-el-poeta-popular-walter-mosegui","status":"publish","type":"post","link":"https:\/\/www.celttv.com.ar\/index.php\/2015\/11\/04\/ayer-fallecio-el-poeta-popular-walter-mosegui\/","title":{"rendered":"Ayer falleci\u00f3 el poeta popular Walter Mosegui"},"content":{"rendered":"<p><a href=\"http:\/\/www.tvcnoticias.com.ar\/?attachment_id=29728\" rel=\"attachment wp-att-29728\"><img loading=\"lazy\" decoding=\"async\" src=\"http:\/\/www.tvcnoticias.com.ar\/wp-content\/uploads\/2015\/11\/WALTER_MOSEGUI_1C.jpg\" alt=\"\" title=\"WALTER_MOSEGUI_1C\" width=\"652\" height=\"438\" class=\"alignleft size-full wp-image-29728\" \/><\/a><\/p>\n<p>Nacido en Uruguay, vivi\u00f3 muchos a\u00f1os en Pig\u00fc\u00e9 y desde hace tres d\u00e9cadas estaba radicado en Bah\u00eda Blanca. Dedic\u00f3 su carrera a la difusi\u00f3n de la poes\u00eda y la m\u00fasica aut\u00f3ctona, en festivales y programas de radio que \u00e9l mismo produc\u00eda.<\/p>\n<p>Nuestra ciudad lo despide como a un vecino suyo y lo llora como se llora a los poetas y artistas de la cultura popular: ayer falleci\u00f3 el notable payador uruguayo Walter Mosegui, que vivi\u00f3 en Pig\u00fc\u00e9 varios de los a\u00f1os de la vida que se apag\u00f3 en las \u00faltimas horas pero que dejar\u00e1 en los o\u00eddos de miles de personas el arte que obsequi\u00f3. <\/p>\n<p>Nacido en 1940 en el pueblo de Las Piedras, en el departamento uruguayo de Canelones, Mosegui comenz\u00f3 a improvisar sus primeros versos a los diecis\u00e9is a\u00f1os y para dedic\u00e1rselos a su madre, seg\u00fan \u00e9l mismo confes\u00f3. <\/p>\n<p>Cuando hace m\u00e1s de cuatro d\u00e9cadas se asent\u00f3 en Pig\u00fc\u00e9 y luego Bah\u00eda Blanca, su voz comenz\u00f3 a circular a trav\u00e9s de sus programas de radio, en LU34 de nuestra ciudad y en las LU3 y Nacional bahiense, y su guitarra conoci\u00f3 los escenarios de toda la regi\u00f3n sudoeste bonaerense, R\u00edo Negro, La Pampa y Neuqu\u00e9n. Desde hace un bienio, el fog\u00f3n de la emisora pig\u00fcense lleva su nombre, como tambi\u00e9n lo lleva el escenario de la Fiesta Nacional del Reservado, que lo cont\u00f3 como animador por casi medio siglo. <\/p>\n<p>Con Mosegui se va un exponente de la cultura popular y la filosof\u00eda que en ella anida, y un pedazo importante de la historia de nuestra regi\u00f3n. Su invaluable aporte quedar\u00e1 grabado, no obstante, en decenas de horas de radio y en los o\u00eddos de la bendita memoria colectiva.<\/p>\n<p>&#8220;Nos dej\u00f3 un gran amigo&#8221;<\/p>\n<p>As\u00ed se expres\u00f3, v\u00eda Facebook, el intendente municipal Hugo Corvatta al conocer la noticia del fallecimiento de Mosegui. El jefe comunal hizo p\u00fablico su saludo de condolencias a la esposa del payador, Amelia, y a sus hijos Germ\u00e1n y Silvio, ex futbolista y actual secretario de Deportes del Municipio. <\/p>\n<p>Fuente: Pigu\u00e9 Online<\/p>\n","protected":false},"excerpt":{"rendered":"<p>Nacido en Uruguay, vivi\u00f3 muchos a\u00f1os en Pig\u00fc\u00e9 y desde hace tres d\u00e9cadas estaba radicado en Bah\u00eda Blanca. Dedic\u00f3 su carrera a la difusi\u00f3n de la poes\u00eda y la m\u00fasica aut\u00f3ctona, en festivales y programas de radio que \u00e9l mismo produc\u00eda. Nuestra ciudad lo despide como a un vecino suyo y lo llora como se [&hellip;]<\/p>\n","protected":false},"author":1,"featured_media":0,"comment_status":"closed","ping_status":"open","sticky":false,"template":"","format":"standard","meta":{"footnotes":""},"categories":[51,52],"tags":[],"class_list":["post-29727","post","type-post","status-publish","format-standard","hentry","category-comunidad","category-destacadas"],"yoast_head":"<!-- This site is optimized with the Yoast SEO plugin v19.7.1 - https:\/\/yoast.com\/wordpress\/plugins\/seo\/ -->\n<title>Ayer falleci\u00f3 el poeta popular Walter Mosegui - CELTTV<\/title>\n<meta name=\"description\" content=\"Sitio web de noticias de la localidad de Tornquist, provincia de Buenos Aires, Rep\u00fablica Argentina. Contenido propio originado por periodistas de CELTTV, el canal de TV local de la Cooperativa El\u00e9ctrica de Tornquist. Turismo, Pol\u00edtica, Sociedad, Deporte, Cultura y todo el contenido de inter\u00e9s general que la gente del pueblo y la regi\u00f3n debe conocer.\" \/>\n<meta name=\"robots\" content=\"index, follow, max-snippet:-1, max-image-preview:large, max-video-preview:-1\" \/>\n<link rel=\"canonical\" href=\"https:\/\/www.celttv.com.ar\/index.php\/2015\/11\/04\/ayer-fallecio-el-poeta-popular-walter-mosegui\/\" \/>\n<meta property=\"og:locale\" content=\"es_ES\" \/>\n<meta property=\"og:type\" content=\"article\" \/>\n<meta property=\"og:title\" content=\"Ayer falleci\u00f3 el poeta popular Walter Mosegui - CELTTV\" \/>\n<meta property=\"og:description\" content=\"Sitio web de noticias de la localidad de Tornquist, provincia de Buenos Aires, Rep\u00fablica Argentina. Contenido propio originado por periodistas de CELTTV, el canal de TV local de la Cooperativa El\u00e9ctrica de Tornquist. Turismo, Pol\u00edtica, Sociedad, Deporte, Cultura y todo el contenido de inter\u00e9s general que la gente del pueblo y la regi\u00f3n debe conocer.\" \/>\n<meta property=\"og:url\" content=\"https:\/\/www.celttv.com.ar\/index.php\/2015\/11\/04\/ayer-fallecio-el-poeta-popular-walter-mosegui\/\" \/>\n<meta property=\"og:site_name\" content=\"CELTTV\" \/>\n<meta property=\"article:publisher\" content=\"https:\/\/www.facebook.com\/celtTV\/\" \/>\n<meta property=\"article:published_time\" content=\"2015-11-04T13:42:13+00:00\" \/>\n<meta property=\"og:image\" content=\"http:\/\/www.tvcnoticias.com.ar\/wp-content\/uploads\/2015\/11\/WALTER_MOSEGUI_1C.jpg\" \/>\n<meta name=\"author\" content=\"ulises\" \/>\n<meta name=\"twitter:card\" content=\"summary_large_image\" \/>\n<meta name=\"twitter:label1\" content=\"Escrito por\" \/>\n\t<meta name=\"twitter:data1\" content=\"ulises\" \/>\n\t<meta name=\"twitter:label2\" content=\"Tiempo de lectura\" \/>\n\t<meta name=\"twitter:data2\" content=\"2 minutos\" \/>\n<script type=\"application\/ld+json\" class=\"yoast-schema-graph\">{\"@context\":\"https:\/\/schema.org\",\"@graph\":[{\"@type\":\"NewsArticle\",\"@id\":\"https:\/\/www.celttv.com.ar\/index.php\/2015\/11\/04\/ayer-fallecio-el-poeta-popular-walter-mosegui\/#article\",\"isPartOf\":{\"@id\":\"https:\/\/www.celttv.com.ar\/index.php\/2015\/11\/04\/ayer-fallecio-el-poeta-popular-walter-mosegui\/\"},\"author\":{\"name\":\"ulises\",\"@id\":\"https:\/\/www.celttv.com.ar\/#\/schema\/person\/6d99c072dba59953809c81446e9d0ace\"},\"headline\":\"Ayer falleci\u00f3 el poeta popular Walter Mosegui\",\"datePublished\":\"2015-11-04T13:42:13+00:00\",\"dateModified\":\"2015-11-04T13:42:13+00:00\",\"mainEntityOfPage\":{\"@id\":\"https:\/\/www.celttv.com.ar\/index.php\/2015\/11\/04\/ayer-fallecio-el-poeta-popular-walter-mosegui\/\"},\"wordCount\":373,\"publisher\":{\"@id\":\"https:\/\/www.celttv.com.ar\/#organization\"},\"articleSection\":[\"Comunidad\",\"Destacadas\"],\"inLanguage\":\"es\"},{\"@type\":\"WebPage\",\"@id\":\"https:\/\/www.celttv.com.ar\/index.php\/2015\/11\/04\/ayer-fallecio-el-poeta-popular-walter-mosegui\/\",\"url\":\"https:\/\/www.celttv.com.ar\/index.php\/2015\/11\/04\/ayer-fallecio-el-poeta-popular-walter-mosegui\/\",\"name\":\"Ayer falleci\u00f3 el poeta popular Walter Mosegui - CELTTV\",\"isPartOf\":{\"@id\":\"https:\/\/www.celttv.com.ar\/#website\"},\"datePublished\":\"2015-11-04T13:42:13+00:00\",\"dateModified\":\"2015-11-04T13:42:13+00:00\",\"description\":\"Sitio web de noticias de la localidad de Tornquist, provincia de Buenos Aires, Rep\u00fablica Argentina. Contenido propio originado por periodistas de CELTTV, el canal de TV local de la Cooperativa El\u00e9ctrica de Tornquist. Turismo, Pol\u00edtica, Sociedad, Deporte, Cultura y todo el contenido de inter\u00e9s general que la gente del pueblo y la regi\u00f3n debe conocer.\",\"breadcrumb\":{\"@id\":\"https:\/\/www.celttv.com.ar\/index.php\/2015\/11\/04\/ayer-fallecio-el-poeta-popular-walter-mosegui\/#breadcrumb\"},\"inLanguage\":\"es\",\"potentialAction\":[{\"@type\":\"ReadAction\",\"target\":[\"https:\/\/www.celttv.com.ar\/index.php\/2015\/11\/04\/ayer-fallecio-el-poeta-popular-walter-mosegui\/\"]}]},{\"@type\":\"BreadcrumbList\",\"@id\":\"https:\/\/www.celttv.com.ar\/index.php\/2015\/11\/04\/ayer-fallecio-el-poeta-popular-walter-mosegui\/#breadcrumb\",\"itemListElement\":[{\"@type\":\"ListItem\",\"position\":1,\"name\":\"Inicio\",\"item\":\"https:\/\/www.celttv.com.ar\/\"},{\"@type\":\"ListItem\",\"position\":2,\"name\":\"Ayer falleci\u00f3 el poeta popular Walter Mosegui\"}]},{\"@type\":\"WebSite\",\"@id\":\"https:\/\/www.celttv.com.ar\/#website\",\"url\":\"https:\/\/www.celttv.com.ar\/\",\"name\":\"CELTTV\",\"description\":\"Cooperativa El\u00e9ctrica de Tornquist\",\"publisher\":{\"@id\":\"https:\/\/www.celttv.com.ar\/#organization\"},\"potentialAction\":[{\"@type\":\"SearchAction\",\"target\":{\"@type\":\"EntryPoint\",\"urlTemplate\":\"https:\/\/www.celttv.com.ar\/?s={search_term_string}\"},\"query-input\":\"required name=search_term_string\"}],\"inLanguage\":\"es\"},{\"@type\":\"Organization\",\"@id\":\"https:\/\/www.celttv.com.ar\/#organization\",\"name\":\"CELTTV\",\"url\":\"https:\/\/www.celttv.com.ar\/\",\"sameAs\":[\"https:\/\/www.youtube.com\/channel\/UCz_oIt8Hig64Ub-EmcNPIhg\",\"https:\/\/www.facebook.com\/celtTV\/\"],\"logo\":{\"@type\":\"ImageObject\",\"inLanguage\":\"es\",\"@id\":\"https:\/\/www.celttv.com.ar\/#\/schema\/logo\/image\/\",\"url\":\"http:\/\/www.celttv.com.ar\/wp-content\/uploads\/2022\/08\/logo-1.png\",\"contentUrl\":\"http:\/\/www.celttv.com.ar\/wp-content\/uploads\/2022\/08\/logo-1.png\",\"width\":461,\"height\":159,\"caption\":\"CELTTV\"},\"image\":{\"@id\":\"https:\/\/www.celttv.com.ar\/#\/schema\/logo\/image\/\"}},{\"@type\":\"Person\",\"@id\":\"https:\/\/www.celttv.com.ar\/#\/schema\/person\/6d99c072dba59953809c81446e9d0ace\",\"name\":\"ulises\",\"image\":{\"@type\":\"ImageObject\",\"inLanguage\":\"es\",\"@id\":\"https:\/\/www.celttv.com.ar\/#\/schema\/person\/image\/\",\"url\":\"https:\/\/secure.gravatar.com\/avatar\/7f2c48bdc33b30088f941fb6082e555f2874c98e20cb159d7b92b50eadfce793?s=96&d=mm&r=g\",\"contentUrl\":\"https:\/\/secure.gravatar.com\/avatar\/7f2c48bdc33b30088f941fb6082e555f2874c98e20cb159d7b92b50eadfce793?s=96&d=mm&r=g\",\"caption\":\"ulises\"},\"sameAs\":[\"http:\/\/www.celttv.com.ar\"]}]}<\/script>\n<!-- \/ Yoast SEO plugin. -->","yoast_head_json":{"title":"Ayer falleci\u00f3 el poeta popular Walter Mosegui - CELTTV","description":"Sitio web de noticias de la localidad de Tornquist, provincia de Buenos Aires, Rep\u00fablica Argentina. Contenido propio originado por periodistas de CELTTV, el canal de TV local de la Cooperativa El\u00e9ctrica de Tornquist. Turismo, Pol\u00edtica, Sociedad, Deporte, Cultura y todo el contenido de inter\u00e9s general que la gente del pueblo y la regi\u00f3n debe conocer.","robots":{"index":"index","follow":"follow","max-snippet":"max-snippet:-1","max-image-preview":"max-image-preview:large","max-video-preview":"max-video-preview:-1"},"canonical":"https:\/\/www.celttv.com.ar\/index.php\/2015\/11\/04\/ayer-fallecio-el-poeta-popular-walter-mosegui\/","og_locale":"es_ES","og_type":"article","og_title":"Ayer falleci\u00f3 el poeta popular Walter Mosegui - CELTTV","og_description":"Sitio web de noticias de la localidad de Tornquist, provincia de Buenos Aires, Rep\u00fablica Argentina. Contenido propio originado por periodistas de CELTTV, el canal de TV local de la Cooperativa El\u00e9ctrica de Tornquist. Turismo, Pol\u00edtica, Sociedad, Deporte, Cultura y todo el contenido de inter\u00e9s general que la gente del pueblo y la regi\u00f3n debe conocer.","og_url":"https:\/\/www.celttv.com.ar\/index.php\/2015\/11\/04\/ayer-fallecio-el-poeta-popular-walter-mosegui\/","og_site_name":"CELTTV","article_publisher":"https:\/\/www.facebook.com\/celtTV\/","article_published_time":"2015-11-04T13:42:13+00:00","og_image":[{"url":"http:\/\/www.tvcnoticias.com.ar\/wp-content\/uploads\/2015\/11\/WALTER_MOSEGUI_1C.jpg"}],"author":"ulises","twitter_card":"summary_large_image","twitter_misc":{"Escrito por":"ulises","Tiempo de lectura":"2 minutos"},"schema":{"@context":"https:\/\/schema.org","@graph":[{"@type":"NewsArticle","@id":"https:\/\/www.celttv.com.ar\/index.php\/2015\/11\/04\/ayer-fallecio-el-poeta-popular-walter-mosegui\/#article","isPartOf":{"@id":"https:\/\/www.celttv.com.ar\/index.php\/2015\/11\/04\/ayer-fallecio-el-poeta-popular-walter-mosegui\/"},"author":{"name":"ulises","@id":"https:\/\/www.celttv.com.ar\/#\/schema\/person\/6d99c072dba59953809c81446e9d0ace"},"headline":"Ayer falleci\u00f3 el poeta popular Walter Mosegui","datePublished":"2015-11-04T13:42:13+00:00","dateModified":"2015-11-04T13:42:13+00:00","mainEntityOfPage":{"@id":"https:\/\/www.celttv.com.ar\/index.php\/2015\/11\/04\/ayer-fallecio-el-poeta-popular-walter-mosegui\/"},"wordCount":373,"publisher":{"@id":"https:\/\/www.celttv.com.ar\/#organization"},"articleSection":["Comunidad","Destacadas"],"inLanguage":"es"},{"@type":"WebPage","@id":"https:\/\/www.celttv.com.ar\/index.php\/2015\/11\/04\/ayer-fallecio-el-poeta-popular-walter-mosegui\/","url":"https:\/\/www.celttv.com.ar\/index.php\/2015\/11\/04\/ayer-fallecio-el-poeta-popular-walter-mosegui\/","name":"Ayer falleci\u00f3 el poeta popular Walter Mosegui - CELTTV","isPartOf":{"@id":"https:\/\/www.celttv.com.ar\/#website"},"datePublished":"2015-11-04T13:42:13+00:00","dateModified":"2015-11-04T13:42:13+00:00","description":"Sitio web de noticias de la localidad de Tornquist, provincia de Buenos Aires, Rep\u00fablica Argentina. Contenido propio originado por periodistas de CELTTV, el canal de TV local de la Cooperativa El\u00e9ctrica de Tornquist. Turismo, Pol\u00edtica, Sociedad, Deporte, Cultura y todo el contenido de inter\u00e9s general que la gente del pueblo y la regi\u00f3n debe conocer.","breadcrumb":{"@id":"https:\/\/www.celttv.com.ar\/index.php\/2015\/11\/04\/ayer-fallecio-el-poeta-popular-walter-mosegui\/#breadcrumb"},"inLanguage":"es","potentialAction":[{"@type":"ReadAction","target":["https:\/\/www.celttv.com.ar\/index.php\/2015\/11\/04\/ayer-fallecio-el-poeta-popular-walter-mosegui\/"]}]},{"@type":"BreadcrumbList","@id":"https:\/\/www.celttv.com.ar\/index.php\/2015\/11\/04\/ayer-fallecio-el-poeta-popular-walter-mosegui\/#breadcrumb","itemListElement":[{"@type":"ListItem","position":1,"name":"Inicio","item":"https:\/\/www.celttv.com.ar\/"},{"@type":"ListItem","position":2,"name":"Ayer falleci\u00f3 el poeta popular Walter Mosegui"}]},{"@type":"WebSite","@id":"https:\/\/www.celttv.com.ar\/#website","url":"https:\/\/www.celttv.com.ar\/","name":"CELTTV","description":"Cooperativa El\u00e9ctrica de Tornquist","publisher":{"@id":"https:\/\/www.celttv.com.ar\/#organization"},"potentialAction":[{"@type":"SearchAction","target":{"@type":"EntryPoint","urlTemplate":"https:\/\/www.celttv.com.ar\/?s={search_term_string}"},"query-input":"required name=search_term_string"}],"inLanguage":"es"},{"@type":"Organization","@id":"https:\/\/www.celttv.com.ar\/#organization","name":"CELTTV","url":"https:\/\/www.celttv.com.ar\/","sameAs":["https:\/\/www.youtube.com\/channel\/UCz_oIt8Hig64Ub-EmcNPIhg","https:\/\/www.facebook.com\/celtTV\/"],"logo":{"@type":"ImageObject","inLanguage":"es","@id":"https:\/\/www.celttv.com.ar\/#\/schema\/logo\/image\/","url":"http:\/\/www.celttv.com.ar\/wp-content\/uploads\/2022\/08\/logo-1.png","contentUrl":"http:\/\/www.celttv.com.ar\/wp-content\/uploads\/2022\/08\/logo-1.png","width":461,"height":159,"caption":"CELTTV"},"image":{"@id":"https:\/\/www.celttv.com.ar\/#\/schema\/logo\/image\/"}},{"@type":"Person","@id":"https:\/\/www.celttv.com.ar\/#\/schema\/person\/6d99c072dba59953809c81446e9d0ace","name":"ulises","image":{"@type":"ImageObject","inLanguage":"es","@id":"https:\/\/www.celttv.com.ar\/#\/schema\/person\/image\/","url":"https:\/\/secure.gravatar.com\/avatar\/7f2c48bdc33b30088f941fb6082e555f2874c98e20cb159d7b92b50eadfce793?s=96&d=mm&r=g","contentUrl":"https:\/\/secure.gravatar.com\/avatar\/7f2c48bdc33b30088f941fb6082e555f2874c98e20cb159d7b92b50eadfce793?s=96&d=mm&r=g","caption":"ulises"},"sameAs":["http:\/\/www.celttv.com.ar"]}]}},"_links":{"self":[{"href":"https:\/\/www.celttv.com.ar\/index.php\/wp-json\/wp\/v2\/posts\/29727","targetHints":{"allow":["GET"]}}],"collection":[{"href":"https:\/\/www.celttv.com.ar\/index.php\/wp-json\/wp\/v2\/posts"}],"about":[{"href":"https:\/\/www.celttv.com.ar\/index.php\/wp-json\/wp\/v2\/types\/post"}],"author":[{"embeddable":true,"href":"https:\/\/www.celttv.com.ar\/index.php\/wp-json\/wp\/v2\/users\/1"}],"replies":[{"embeddable":true,"href":"https:\/\/www.celttv.com.ar\/index.php\/wp-json\/wp\/v2\/comments?post=29727"}],"version-history":[{"count":0,"href":"https:\/\/www.celttv.com.ar\/index.php\/wp-json\/wp\/v2\/posts\/29727\/revisions"}],"wp:attachment":[{"href":"https:\/\/www.celttv.com.ar\/index.php\/wp-json\/wp\/v2\/media?parent=29727"}],"wp:term":[{"taxonomy":"category","embeddable":true,"href":"https:\/\/www.celttv.com.ar\/index.php\/wp-json\/wp\/v2\/categories?post=29727"},{"taxonomy":"post_tag","embeddable":true,"href":"https:\/\/www.celttv.com.ar\/index.php\/wp-json\/wp\/v2\/tags?post=29727"}],"curies":[{"name":"wp","href":"https:\/\/api.w.org\/{rel}","templated":true}]}}