{"id":29731,"date":"2015-11-04T14:01:37","date_gmt":"2015-11-04T14:01:37","guid":{"rendered":"http:\/\/www.tvcnoticias.com.ar\/?p=29731"},"modified":"2015-11-04T14:01:37","modified_gmt":"2015-11-04T14:01:37","slug":"union-empato-con-el-puntero-en-el-bosque-video-compacto-y-nota","status":"publish","type":"post","link":"https:\/\/www.celttv.com.ar\/index.php\/2015\/11\/04\/union-empato-con-el-puntero-en-el-bosque-video-compacto-y-nota\/","title":{"rendered":"Uni\u00f3n empat\u00f3 con el puntero en el bosque (video compacto y nota)"},"content":{"rendered":"<p>httpv:\/\/www.youtube.com\/watch?v=RNL32yDEndo<br \/>\nhttpv:\/\/www.youtube.com\/watch?v=kuuqCu-fhF0<\/p>\n<p><a href=\"http:\/\/www.tvcnoticias.com.ar\/?attachment_id=29734\" rel=\"attachment wp-att-29734\"><img loading=\"lazy\" decoding=\"async\" src=\"http:\/\/www.tvcnoticias.com.ar\/wp-content\/uploads\/2015\/11\/unionracing.jpg\" alt=\"\" title=\"unionracing\" width=\"700\" height=\"525\" class=\"alignleft size-full wp-image-29734\" \/><\/a><\/p>\n<p>Uni\u00f3n le empat\u00f3 a Racing en la \u00faltima jugada del partido, y llegar\u00e1 con chances de clasificar a la \u00faltima fecha, aunque depende de otros resultados. Correa abri\u00f3 la cuenta para el Verde, Adaro e Iriarte lo dieron vuelta para la \u201cEstrellita\u201d, pero en el \u00faltimo minuto Schumacher lo igual\u00f3.<\/p>\n<p>Con el grito de gol, pr\u00e1cticamente comenz\u00f3 el partido. Ya que al minuto de juego, una pelota larga en busca deJoaqu\u00edn Correa, \u00e9ste la pelea con Cascallares y queda mano a mano con Del Valle para definir. Casi antes de que lleguen los suplentes al banco, el verde ganaba uno a cero.<\/p>\n<p>La estupenda tarde en Tornquist en cuanto al clima, le ca\u00eda perfecto a Uni\u00f3n que sali\u00f3 despierto, mientras que Racing parec\u00eda que se hab\u00eda quedado en alg\u00fan arroyo de la zona.<\/p>\n<p>Pero de a poco, Racing empez\u00f3 a darse cuenta que estaba en juego y comenz\u00f3 a jugar. Y cuando el equipo carhuense tiene la pelota, para propios y extra\u00f1os da gusto verlo jugar. Porque juega de memoria, porque tocan y van a buscar, porque genera espacios y porque tiene un 9, que a\u00fan sin tocar la pelota genera. Sin embargo hoy, con el extraordinario trabajo de Miguel Castro, Hekel casi ni la toc\u00f3.<\/p>\n<p>A pesar de esto, Racing tocaba pero no era profundo, y si lo era Uni\u00f3n  que con dos o tres toques llegaba al \u00e1rea rival. La \u201cEstrellita\u201d dejaba muchos espacios en defensa y el Verde intentaba aprovecharlos.<\/p>\n<p>En la primera mitad fue mucho m\u00e1s el local, que con Schmidt y Correa generaban las chances mientras que los del medio generaban juego pero a su vez retroced\u00edan r\u00e1pido cuando no la ten\u00edan.<\/p>\n<p>Schmidt tuvo un remate cerca sobre los 17 minutos y a los 40, una doble atajada de Del Valle, primero a Schmidt y luego, con un vuelo a mano cambiada sac\u00e1ndole el gol a Correa. Antes de esto, a los 27 minutos, un penal a Franco. Se encarga Schmidt pero Del Valle lo adivina y lo ataja.<\/p>\n<p>Por Racing, Hekel tuvo la \u00fanica del primer tiempo con un remate desviado.<\/p>\n<p>La segunda mitad arranc\u00f3 con Uni\u00f3n presionando pero con el juego muy friccionado.<\/p>\n<p>A los 10 minutos lleg\u00f3 la igualdad. De una falta dudosa, un tiro libre indirecto, se la tocan a Manuel Adaro que dispara, la pelota pega en el travesa\u00f1o y cuando cae da en la humanidad de Flores y se mete.<\/p>\n<p>De ah\u00ed Uni\u00f3n afloj\u00f3 un poco y dej\u00f3 venir a Racing. A los 24 minutos el segundo del equipo de Ra\u00fal S\u00e1nchez. Un pase de espalda en profundidad para Patahuer, que llega al \u00e1rea, remata y tapa Flores, con la mala fortuna que el rebote le queda a Leonel Iriarte para definir y poner el 2 a 1 en favor de Racing.<\/p>\n<p>All\u00ed Uni\u00f3n fue el busca del empate con todo lo que ten\u00eda y comenz\u00f3 a quedar desprotegido en el fondo. Ten\u00eda que empatar para buscar la victoria y seguir con vida.<\/p>\n<p>Pattahuer y Heckel intentaron dos vaselinas por sobre Flores, pero fueron sacadas en la l\u00ednea por Castro y Sarrat respectivamente.<\/p>\n<p>Terrugi y Correa intentaban de media distancia pero sin punter\u00eda.<\/p>\n<p>Pero en el minuto 47 de partido, Horacio Schumacher (que hab\u00eda pedido seguir en cancha y se fue de nueve), cabece\u00f3 perfecto un centro de Franco, despu\u00e9s de una larga corrida y un muy buen centro y de esa manera el partido mor\u00eda igualado en dos.<\/p>\n<p>Un punto que le sirve a Uni\u00f3n para seguir con vida, pero dependiendo de los resultados de El Progreso y Pe\u00f1arol de Guamin\u00ed. Igualmente para esto, primeramente tiene que ganarle a Independiente de visitante.<\/p>\n<p>Racing, ya con el primer puesto asegurado en la Zona A, descansar\u00e1 para llegar a los cruces de la mejor manera.<\/p>\n<p>Gustavo Bacci<\/p>\n<p>Uni\u00f3n (2): Jos\u00e9 Flores; Juli\u00e1n Sarrat, Horacio Schumacher, Hern\u00e1n Delgado; Federico Franco, Tom\u00e1s Terrugi, Miguel Castro, Maximiliano Banegas; \u00c1ngelo Grassi; Ezequiel Schmidt y Joaqu\u00edn Correa. DT: Carlos Graff.<\/p>\n<p>Cambios: ST: 16\u2019 Nicol\u00e1s Achigar por Schmidt, 39\u2019 Fernando Neudert por Terrugi, 45\u2019 Paulo Bauer por Sarrat.<\/p>\n<p>Supl: Mat\u00edas Crunger.<\/p>\n<p>Racing (2): Leonardo Del Valle; Gast\u00f3n G\u00e1lvez, Gustavo Cascallares, Nicol\u00e1s Alessio, Ariel Pattahuer; Manuel Adaro, Joaqu\u00edn Z\u00e1ngara, Marco Meloni, Leonel Iriarte; Pablo Trecco y Leandro Hekel. DT: Ra\u00fal S\u00e1nchez.<\/p>\n<p>Cambios: ST: 21\u2019 Agust\u00edn Martini por Meloni, 32\u2019 Ar\u00edstedes Ferreyra por Iriarte, 38\u2019 Facundo Rappeti por Trecco.<\/p>\n<p>Supl: Juan Lobay.<\/p>\n<p>Goles: PT: 1\u2019 Correa (U). ST: 10\u2019 Adaro (R), 24\u2019 Iriarte (R), 47\u2019 Schumacher (U).<\/p>\n<p>\u00c1rbitro: Sergio Taryano (6).<\/p>\n<p>Cancha: Estadio Juan Jos\u00e9 Bolletta del Club Uni\u00f3n.<\/p>\n<p>Reserva: Uni\u00f3n 3 \u2013 Racing 1<\/p>\n","protected":false},"excerpt":{"rendered":"<p>httpv:\/\/www.youtube.com\/watch?v=RNL32yDEndo httpv:\/\/www.youtube.com\/watch?v=kuuqCu-fhF0 Uni\u00f3n le empat\u00f3 a Racing en la \u00faltima jugada del partido, y llegar\u00e1 con chances de clasificar a la \u00faltima fecha, aunque depende de otros resultados. Correa abri\u00f3 la cuenta para el Verde, Adaro e Iriarte lo dieron vuelta para la \u201cEstrellita\u201d, pero en el \u00faltimo minuto Schumacher lo igual\u00f3. Con el grito [&hellip;]<\/p>\n","protected":false},"author":1,"featured_media":0,"comment_status":"closed","ping_status":"open","sticky":false,"template":"","format":"standard","meta":{"footnotes":""},"categories":[60,52,64],"tags":[],"class_list":["post-29731","post","type-post","status-publish","format-standard","hentry","category-deporte","category-destacadas","category-videos-destacados"],"yoast_head":"<!-- This site is optimized with the Yoast SEO plugin v19.7.1 - https:\/\/yoast.com\/wordpress\/plugins\/seo\/ -->\n<title>Uni\u00f3n empat\u00f3 con el puntero en el bosque (video compacto y nota) - CELTTV<\/title>\n<meta name=\"description\" content=\"Sitio web de noticias de la localidad de Tornquist, provincia de Buenos Aires, Rep\u00fablica Argentina. Contenido propio originado por periodistas de CELTTV, el canal de TV local de la Cooperativa El\u00e9ctrica de Tornquist. Turismo, Pol\u00edtica, Sociedad, Deporte, Cultura y todo el contenido de inter\u00e9s general que la gente del pueblo y la regi\u00f3n debe conocer.\" \/>\n<meta name=\"robots\" content=\"index, follow, max-snippet:-1, max-image-preview:large, max-video-preview:-1\" \/>\n<link rel=\"canonical\" href=\"https:\/\/www.celttv.com.ar\/index.php\/2015\/11\/04\/union-empato-con-el-puntero-en-el-bosque-video-compacto-y-nota\/\" \/>\n<meta property=\"og:locale\" content=\"es_ES\" \/>\n<meta property=\"og:type\" content=\"article\" \/>\n<meta property=\"og:title\" content=\"Uni\u00f3n empat\u00f3 con el puntero en el bosque (video compacto y nota) - CELTTV\" \/>\n<meta property=\"og:description\" content=\"Sitio web de noticias de la localidad de Tornquist, provincia de Buenos Aires, Rep\u00fablica Argentina. Contenido propio originado por periodistas de CELTTV, el canal de TV local de la Cooperativa El\u00e9ctrica de Tornquist. Turismo, Pol\u00edtica, Sociedad, Deporte, Cultura y todo el contenido de inter\u00e9s general que la gente del pueblo y la regi\u00f3n debe conocer.\" \/>\n<meta property=\"og:url\" content=\"https:\/\/www.celttv.com.ar\/index.php\/2015\/11\/04\/union-empato-con-el-puntero-en-el-bosque-video-compacto-y-nota\/\" \/>\n<meta property=\"og:site_name\" content=\"CELTTV\" \/>\n<meta property=\"article:publisher\" content=\"https:\/\/www.facebook.com\/celtTV\/\" \/>\n<meta property=\"article:published_time\" content=\"2015-11-04T14:01:37+00:00\" \/>\n<meta property=\"og:image\" content=\"http:\/\/www.tvcnoticias.com.ar\/wp-content\/uploads\/2015\/11\/unionracing.jpg\" \/>\n<meta name=\"author\" content=\"ulises\" \/>\n<meta name=\"twitter:card\" content=\"summary_large_image\" \/>\n<meta name=\"twitter:label1\" content=\"Escrito por\" \/>\n\t<meta name=\"twitter:data1\" content=\"ulises\" \/>\n\t<meta name=\"twitter:label2\" content=\"Tiempo de lectura\" \/>\n\t<meta name=\"twitter:data2\" content=\"4 minutos\" \/>\n<script type=\"application\/ld+json\" class=\"yoast-schema-graph\">{\"@context\":\"https:\/\/schema.org\",\"@graph\":[{\"@type\":\"NewsArticle\",\"@id\":\"https:\/\/www.celttv.com.ar\/index.php\/2015\/11\/04\/union-empato-con-el-puntero-en-el-bosque-video-compacto-y-nota\/#article\",\"isPartOf\":{\"@id\":\"https:\/\/www.celttv.com.ar\/index.php\/2015\/11\/04\/union-empato-con-el-puntero-en-el-bosque-video-compacto-y-nota\/\"},\"author\":{\"name\":\"ulises\",\"@id\":\"https:\/\/www.celttv.com.ar\/#\/schema\/person\/6d99c072dba59953809c81446e9d0ace\"},\"headline\":\"Uni\u00f3n empat\u00f3 con el puntero en el bosque (video compacto y nota)\",\"datePublished\":\"2015-11-04T14:01:37+00:00\",\"dateModified\":\"2015-11-04T14:01:37+00:00\",\"mainEntityOfPage\":{\"@id\":\"https:\/\/www.celttv.com.ar\/index.php\/2015\/11\/04\/union-empato-con-el-puntero-en-el-bosque-video-compacto-y-nota\/\"},\"wordCount\":809,\"publisher\":{\"@id\":\"https:\/\/www.celttv.com.ar\/#organization\"},\"articleSection\":[\"Deporte\",\"Destacadas\",\"Videos Destacados\"],\"inLanguage\":\"es\"},{\"@type\":\"WebPage\",\"@id\":\"https:\/\/www.celttv.com.ar\/index.php\/2015\/11\/04\/union-empato-con-el-puntero-en-el-bosque-video-compacto-y-nota\/\",\"url\":\"https:\/\/www.celttv.com.ar\/index.php\/2015\/11\/04\/union-empato-con-el-puntero-en-el-bosque-video-compacto-y-nota\/\",\"name\":\"Uni\u00f3n empat\u00f3 con el puntero en el bosque (video compacto y nota) - CELTTV\",\"isPartOf\":{\"@id\":\"https:\/\/www.celttv.com.ar\/#website\"},\"datePublished\":\"2015-11-04T14:01:37+00:00\",\"dateModified\":\"2015-11-04T14:01:37+00:00\",\"description\":\"Sitio web de noticias de la localidad de Tornquist, provincia de Buenos Aires, Rep\u00fablica Argentina. Contenido propio originado por periodistas de CELTTV, el canal de TV local de la Cooperativa El\u00e9ctrica de Tornquist. Turismo, Pol\u00edtica, Sociedad, Deporte, Cultura y todo el contenido de inter\u00e9s general que la gente del pueblo y la regi\u00f3n debe conocer.\",\"breadcrumb\":{\"@id\":\"https:\/\/www.celttv.com.ar\/index.php\/2015\/11\/04\/union-empato-con-el-puntero-en-el-bosque-video-compacto-y-nota\/#breadcrumb\"},\"inLanguage\":\"es\",\"potentialAction\":[{\"@type\":\"ReadAction\",\"target\":[\"https:\/\/www.celttv.com.ar\/index.php\/2015\/11\/04\/union-empato-con-el-puntero-en-el-bosque-video-compacto-y-nota\/\"]}]},{\"@type\":\"BreadcrumbList\",\"@id\":\"https:\/\/www.celttv.com.ar\/index.php\/2015\/11\/04\/union-empato-con-el-puntero-en-el-bosque-video-compacto-y-nota\/#breadcrumb\",\"itemListElement\":[{\"@type\":\"ListItem\",\"position\":1,\"name\":\"Inicio\",\"item\":\"https:\/\/www.celttv.com.ar\/\"},{\"@type\":\"ListItem\",\"position\":2,\"name\":\"Uni\u00f3n empat\u00f3 con el puntero en el bosque (video compacto y nota)\"}]},{\"@type\":\"WebSite\",\"@id\":\"https:\/\/www.celttv.com.ar\/#website\",\"url\":\"https:\/\/www.celttv.com.ar\/\",\"name\":\"CELTTV\",\"description\":\"Cooperativa El\u00e9ctrica de Tornquist\",\"publisher\":{\"@id\":\"https:\/\/www.celttv.com.ar\/#organization\"},\"potentialAction\":[{\"@type\":\"SearchAction\",\"target\":{\"@type\":\"EntryPoint\",\"urlTemplate\":\"https:\/\/www.celttv.com.ar\/?s={search_term_string}\"},\"query-input\":\"required name=search_term_string\"}],\"inLanguage\":\"es\"},{\"@type\":\"Organization\",\"@id\":\"https:\/\/www.celttv.com.ar\/#organization\",\"name\":\"CELTTV\",\"url\":\"https:\/\/www.celttv.com.ar\/\",\"sameAs\":[\"https:\/\/www.youtube.com\/channel\/UCz_oIt8Hig64Ub-EmcNPIhg\",\"https:\/\/www.facebook.com\/celtTV\/\"],\"logo\":{\"@type\":\"ImageObject\",\"inLanguage\":\"es\",\"@id\":\"https:\/\/www.celttv.com.ar\/#\/schema\/logo\/image\/\",\"url\":\"http:\/\/www.celttv.com.ar\/wp-content\/uploads\/2022\/08\/logo-1.png\",\"contentUrl\":\"http:\/\/www.celttv.com.ar\/wp-content\/uploads\/2022\/08\/logo-1.png\",\"width\":461,\"height\":159,\"caption\":\"CELTTV\"},\"image\":{\"@id\":\"https:\/\/www.celttv.com.ar\/#\/schema\/logo\/image\/\"}},{\"@type\":\"Person\",\"@id\":\"https:\/\/www.celttv.com.ar\/#\/schema\/person\/6d99c072dba59953809c81446e9d0ace\",\"name\":\"ulises\",\"image\":{\"@type\":\"ImageObject\",\"inLanguage\":\"es\",\"@id\":\"https:\/\/www.celttv.com.ar\/#\/schema\/person\/image\/\",\"url\":\"https:\/\/secure.gravatar.com\/avatar\/7f2c48bdc33b30088f941fb6082e555f2874c98e20cb159d7b92b50eadfce793?s=96&d=mm&r=g\",\"contentUrl\":\"https:\/\/secure.gravatar.com\/avatar\/7f2c48bdc33b30088f941fb6082e555f2874c98e20cb159d7b92b50eadfce793?s=96&d=mm&r=g\",\"caption\":\"ulises\"},\"sameAs\":[\"http:\/\/www.celttv.com.ar\"]}]}<\/script>\n<!-- \/ Yoast SEO plugin. -->","yoast_head_json":{"title":"Uni\u00f3n empat\u00f3 con el puntero en el bosque (video compacto y nota) - CELTTV","description":"Sitio web de noticias de la localidad de Tornquist, provincia de Buenos Aires, Rep\u00fablica Argentina. Contenido propio originado por periodistas de CELTTV, el canal de TV local de la Cooperativa El\u00e9ctrica de Tornquist. Turismo, Pol\u00edtica, Sociedad, Deporte, Cultura y todo el contenido de inter\u00e9s general que la gente del pueblo y la regi\u00f3n debe conocer.","robots":{"index":"index","follow":"follow","max-snippet":"max-snippet:-1","max-image-preview":"max-image-preview:large","max-video-preview":"max-video-preview:-1"},"canonical":"https:\/\/www.celttv.com.ar\/index.php\/2015\/11\/04\/union-empato-con-el-puntero-en-el-bosque-video-compacto-y-nota\/","og_locale":"es_ES","og_type":"article","og_title":"Uni\u00f3n empat\u00f3 con el puntero en el bosque (video compacto y nota) - CELTTV","og_description":"Sitio web de noticias de la localidad de Tornquist, provincia de Buenos Aires, Rep\u00fablica Argentina. Contenido propio originado por periodistas de CELTTV, el canal de TV local de la Cooperativa El\u00e9ctrica de Tornquist. Turismo, Pol\u00edtica, Sociedad, Deporte, Cultura y todo el contenido de inter\u00e9s general que la gente del pueblo y la regi\u00f3n debe conocer.","og_url":"https:\/\/www.celttv.com.ar\/index.php\/2015\/11\/04\/union-empato-con-el-puntero-en-el-bosque-video-compacto-y-nota\/","og_site_name":"CELTTV","article_publisher":"https:\/\/www.facebook.com\/celtTV\/","article_published_time":"2015-11-04T14:01:37+00:00","og_image":[{"url":"http:\/\/www.tvcnoticias.com.ar\/wp-content\/uploads\/2015\/11\/unionracing.jpg"}],"author":"ulises","twitter_card":"summary_large_image","twitter_misc":{"Escrito por":"ulises","Tiempo de lectura":"4 minutos"},"schema":{"@context":"https:\/\/schema.org","@graph":[{"@type":"NewsArticle","@id":"https:\/\/www.celttv.com.ar\/index.php\/2015\/11\/04\/union-empato-con-el-puntero-en-el-bosque-video-compacto-y-nota\/#article","isPartOf":{"@id":"https:\/\/www.celttv.com.ar\/index.php\/2015\/11\/04\/union-empato-con-el-puntero-en-el-bosque-video-compacto-y-nota\/"},"author":{"name":"ulises","@id":"https:\/\/www.celttv.com.ar\/#\/schema\/person\/6d99c072dba59953809c81446e9d0ace"},"headline":"Uni\u00f3n empat\u00f3 con el puntero en el bosque (video compacto y nota)","datePublished":"2015-11-04T14:01:37+00:00","dateModified":"2015-11-04T14:01:37+00:00","mainEntityOfPage":{"@id":"https:\/\/www.celttv.com.ar\/index.php\/2015\/11\/04\/union-empato-con-el-puntero-en-el-bosque-video-compacto-y-nota\/"},"wordCount":809,"publisher":{"@id":"https:\/\/www.celttv.com.ar\/#organization"},"articleSection":["Deporte","Destacadas","Videos Destacados"],"inLanguage":"es"},{"@type":"WebPage","@id":"https:\/\/www.celttv.com.ar\/index.php\/2015\/11\/04\/union-empato-con-el-puntero-en-el-bosque-video-compacto-y-nota\/","url":"https:\/\/www.celttv.com.ar\/index.php\/2015\/11\/04\/union-empato-con-el-puntero-en-el-bosque-video-compacto-y-nota\/","name":"Uni\u00f3n empat\u00f3 con el puntero en el bosque (video compacto y nota) - CELTTV","isPartOf":{"@id":"https:\/\/www.celttv.com.ar\/#website"},"datePublished":"2015-11-04T14:01:37+00:00","dateModified":"2015-11-04T14:01:37+00:00","description":"Sitio web de noticias de la localidad de Tornquist, provincia de Buenos Aires, Rep\u00fablica Argentina. Contenido propio originado por periodistas de CELTTV, el canal de TV local de la Cooperativa El\u00e9ctrica de Tornquist. Turismo, Pol\u00edtica, Sociedad, Deporte, Cultura y todo el contenido de inter\u00e9s general que la gente del pueblo y la regi\u00f3n debe conocer.","breadcrumb":{"@id":"https:\/\/www.celttv.com.ar\/index.php\/2015\/11\/04\/union-empato-con-el-puntero-en-el-bosque-video-compacto-y-nota\/#breadcrumb"},"inLanguage":"es","potentialAction":[{"@type":"ReadAction","target":["https:\/\/www.celttv.com.ar\/index.php\/2015\/11\/04\/union-empato-con-el-puntero-en-el-bosque-video-compacto-y-nota\/"]}]},{"@type":"BreadcrumbList","@id":"https:\/\/www.celttv.com.ar\/index.php\/2015\/11\/04\/union-empato-con-el-puntero-en-el-bosque-video-compacto-y-nota\/#breadcrumb","itemListElement":[{"@type":"ListItem","position":1,"name":"Inicio","item":"https:\/\/www.celttv.com.ar\/"},{"@type":"ListItem","position":2,"name":"Uni\u00f3n empat\u00f3 con el puntero en el bosque (video compacto y nota)"}]},{"@type":"WebSite","@id":"https:\/\/www.celttv.com.ar\/#website","url":"https:\/\/www.celttv.com.ar\/","name":"CELTTV","description":"Cooperativa El\u00e9ctrica de Tornquist","publisher":{"@id":"https:\/\/www.celttv.com.ar\/#organization"},"potentialAction":[{"@type":"SearchAction","target":{"@type":"EntryPoint","urlTemplate":"https:\/\/www.celttv.com.ar\/?s={search_term_string}"},"query-input":"required name=search_term_string"}],"inLanguage":"es"},{"@type":"Organization","@id":"https:\/\/www.celttv.com.ar\/#organization","name":"CELTTV","url":"https:\/\/www.celttv.com.ar\/","sameAs":["https:\/\/www.youtube.com\/channel\/UCz_oIt8Hig64Ub-EmcNPIhg","https:\/\/www.facebook.com\/celtTV\/"],"logo":{"@type":"ImageObject","inLanguage":"es","@id":"https:\/\/www.celttv.com.ar\/#\/schema\/logo\/image\/","url":"http:\/\/www.celttv.com.ar\/wp-content\/uploads\/2022\/08\/logo-1.png","contentUrl":"http:\/\/www.celttv.com.ar\/wp-content\/uploads\/2022\/08\/logo-1.png","width":461,"height":159,"caption":"CELTTV"},"image":{"@id":"https:\/\/www.celttv.com.ar\/#\/schema\/logo\/image\/"}},{"@type":"Person","@id":"https:\/\/www.celttv.com.ar\/#\/schema\/person\/6d99c072dba59953809c81446e9d0ace","name":"ulises","image":{"@type":"ImageObject","inLanguage":"es","@id":"https:\/\/www.celttv.com.ar\/#\/schema\/person\/image\/","url":"https:\/\/secure.gravatar.com\/avatar\/7f2c48bdc33b30088f941fb6082e555f2874c98e20cb159d7b92b50eadfce793?s=96&d=mm&r=g","contentUrl":"https:\/\/secure.gravatar.com\/avatar\/7f2c48bdc33b30088f941fb6082e555f2874c98e20cb159d7b92b50eadfce793?s=96&d=mm&r=g","caption":"ulises"},"sameAs":["http:\/\/www.celttv.com.ar"]}]}},"_links":{"self":[{"href":"https:\/\/www.celttv.com.ar\/index.php\/wp-json\/wp\/v2\/posts\/29731","targetHints":{"allow":["GET"]}}],"collection":[{"href":"https:\/\/www.celttv.com.ar\/index.php\/wp-json\/wp\/v2\/posts"}],"about":[{"href":"https:\/\/www.celttv.com.ar\/index.php\/wp-json\/wp\/v2\/types\/post"}],"author":[{"embeddable":true,"href":"https:\/\/www.celttv.com.ar\/index.php\/wp-json\/wp\/v2\/users\/1"}],"replies":[{"embeddable":true,"href":"https:\/\/www.celttv.com.ar\/index.php\/wp-json\/wp\/v2\/comments?post=29731"}],"version-history":[{"count":0,"href":"https:\/\/www.celttv.com.ar\/index.php\/wp-json\/wp\/v2\/posts\/29731\/revisions"}],"wp:attachment":[{"href":"https:\/\/www.celttv.com.ar\/index.php\/wp-json\/wp\/v2\/media?parent=29731"}],"wp:term":[{"taxonomy":"category","embeddable":true,"href":"https:\/\/www.celttv.com.ar\/index.php\/wp-json\/wp\/v2\/categories?post=29731"},{"taxonomy":"post_tag","embeddable":true,"href":"https:\/\/www.celttv.com.ar\/index.php\/wp-json\/wp\/v2\/tags?post=29731"}],"curies":[{"name":"wp","href":"https:\/\/api.w.org\/{rel}","templated":true}]}}