{"id":29769,"date":"2015-11-05T19:55:51","date_gmt":"2015-11-05T19:55:51","guid":{"rendered":"http:\/\/www.tvcnoticias.com.ar\/?p=29769"},"modified":"2015-11-05T19:55:51","modified_gmt":"2015-11-05T19:55:51","slug":"aula-en-accion-una-firme-apuesta-al-conocimiento-videos-y-entrevistas-con-alumnos-y-docentes","status":"publish","type":"post","link":"https:\/\/www.celttv.com.ar\/index.php\/2015\/11\/05\/aula-en-accion-una-firme-apuesta-al-conocimiento-videos-y-entrevistas-con-alumnos-y-docentes\/","title":{"rendered":"&#8220;Aula en Acci\u00f3n&#8221; una firme apuesta al conocimiento (videos y entrevistas con alumnos y docentes)"},"content":{"rendered":"<p><a href=\"http:\/\/www.tvcnoticias.com.ar\/?attachment_id=29770\" rel=\"attachment wp-att-29770\"><img loading=\"lazy\" decoding=\"async\" src=\"http:\/\/www.tvcnoticias.com.ar\/wp-content\/uploads\/2015\/11\/aula-en-accion.jpg\" alt=\"\" title=\"aula en accion\" width=\"656\" height=\"458\" class=\"alignleft size-full wp-image-29770\" \/><\/a><\/p>\n<p>httpv:\/\/www.youtube.com\/watch?v=KQhOq0ENk6Y<br \/>\nhttpv:\/\/www.youtube.com\/watch?v=ZRcH3LSlseg<br \/>\nhttpv:\/\/www.youtube.com\/watch?v=U0UT8IaiYus<br \/>\nhttpv:\/\/www.youtube.com\/watch?v=kvoInC8ZTMY<br \/>\nhttpv:\/\/www.youtube.com\/watch?v=dJ_bDNOyewA<\/p>\n<p> \u201cAULA EN ACCI\u00d3N\u201d, una apuesta renovada en cada edici\u00f3n, presentada por la Unidad Acad\u00e9mica Ernesto Tornquist<\/p>\n<p>Este a\u00f1o la tem\u00e1tica fue,\u201c\u00bfPARA QUE SIRVE HACER CIENCIA EN LA ESCUELA?\u201d   expresado  desde tres escenarios muy bien tratados didacticamente: &#8220;PARA DIVERTIRNOS, PARA COMUNICARNOS, PARA CUIDARNOS\u201d.<\/p>\n<p> Participaron de la muestra los cuatro niveles de ense\u00f1anza del estanlecimiento:  Inicial, Primario, Secundario y Superior trabajando en forma articulada en procesos de investigaci\u00f3n que les permiten a sus alumnos comprometerse con los aprendizajes.<\/p>\n<p> La Jornada se realizo el pasado martes 3 de Noviembre en las distintas dependencias de la Unidad Acad\u00e9mica y recibi\u00f3 la visita de distintos establecimientos educativos, como asi tambi\u00e9n de vecinos que valoraron la activ idad desarrollada por los integrantes de la comunidad educativa en el ex Colegio Nacional. <\/p>\n","protected":false},"excerpt":{"rendered":"<p>httpv:\/\/www.youtube.com\/watch?v=KQhOq0ENk6Y httpv:\/\/www.youtube.com\/watch?v=ZRcH3LSlseg httpv:\/\/www.youtube.com\/watch?v=U0UT8IaiYus httpv:\/\/www.youtube.com\/watch?v=kvoInC8ZTMY httpv:\/\/www.youtube.com\/watch?v=dJ_bDNOyewA \u201cAULA EN ACCI\u00d3N\u201d, una apuesta renovada en cada edici\u00f3n, presentada por la Unidad Acad\u00e9mica Ernesto Tornquist Este a\u00f1o la tem\u00e1tica fue,\u201c\u00bfPARA QUE SIRVE HACER CIENCIA EN LA ESCUELA?\u201d expresado desde tres escenarios muy bien tratados didacticamente: &#8220;PARA DIVERTIRNOS, PARA COMUNICARNOS, PARA CUIDARNOS\u201d. Participaron de la muestra los cuatro niveles de [&hellip;]<\/p>\n","protected":false},"author":1,"featured_media":0,"comment_status":"closed","ping_status":"open","sticky":false,"template":"","format":"standard","meta":{"footnotes":""},"categories":[51,52,64],"tags":[],"class_list":["post-29769","post","type-post","status-publish","format-standard","hentry","category-comunidad","category-destacadas","category-videos-destacados"],"yoast_head":"<!-- This site is optimized with the Yoast SEO plugin v19.7.1 - https:\/\/yoast.com\/wordpress\/plugins\/seo\/ -->\n<title>&quot;Aula en Acci\u00f3n&quot; una firme apuesta al conocimiento (videos y entrevistas con alumnos y docentes) - CELTTV<\/title>\n<meta name=\"description\" content=\"Sitio web de noticias de la localidad de Tornquist, provincia de Buenos Aires, Rep\u00fablica Argentina. Contenido propio originado por periodistas de CELTTV, el canal de TV local de la Cooperativa El\u00e9ctrica de Tornquist. Turismo, Pol\u00edtica, Sociedad, Deporte, Cultura y todo el contenido de inter\u00e9s general que la gente del pueblo y la regi\u00f3n debe conocer.\" \/>\n<meta name=\"robots\" content=\"index, follow, max-snippet:-1, max-image-preview:large, max-video-preview:-1\" \/>\n<link rel=\"canonical\" href=\"https:\/\/www.celttv.com.ar\/index.php\/2015\/11\/05\/aula-en-accion-una-firme-apuesta-al-conocimiento-videos-y-entrevistas-con-alumnos-y-docentes\/\" \/>\n<meta property=\"og:locale\" content=\"es_ES\" \/>\n<meta property=\"og:type\" content=\"article\" \/>\n<meta property=\"og:title\" content=\"&quot;Aula en Acci\u00f3n&quot; una firme apuesta al conocimiento (videos y entrevistas con alumnos y docentes) - CELTTV\" \/>\n<meta property=\"og:description\" content=\"Sitio web de noticias de la localidad de Tornquist, provincia de Buenos Aires, Rep\u00fablica Argentina. Contenido propio originado por periodistas de CELTTV, el canal de TV local de la Cooperativa El\u00e9ctrica de Tornquist. Turismo, Pol\u00edtica, Sociedad, Deporte, Cultura y todo el contenido de inter\u00e9s general que la gente del pueblo y la regi\u00f3n debe conocer.\" \/>\n<meta property=\"og:url\" content=\"https:\/\/www.celttv.com.ar\/index.php\/2015\/11\/05\/aula-en-accion-una-firme-apuesta-al-conocimiento-videos-y-entrevistas-con-alumnos-y-docentes\/\" \/>\n<meta property=\"og:site_name\" content=\"CELTTV\" \/>\n<meta property=\"article:publisher\" content=\"https:\/\/www.facebook.com\/celtTV\/\" \/>\n<meta property=\"article:published_time\" content=\"2015-11-05T19:55:51+00:00\" \/>\n<meta property=\"og:image\" content=\"http:\/\/www.tvcnoticias.com.ar\/wp-content\/uploads\/2015\/11\/aula-en-accion.jpg\" \/>\n<meta name=\"author\" content=\"ulises\" \/>\n<meta name=\"twitter:card\" content=\"summary_large_image\" \/>\n<meta name=\"twitter:label1\" content=\"Escrito por\" \/>\n\t<meta name=\"twitter:data1\" content=\"ulises\" \/>\n\t<meta name=\"twitter:label2\" content=\"Tiempo de lectura\" \/>\n\t<meta name=\"twitter:data2\" content=\"1 minuto\" \/>\n<script type=\"application\/ld+json\" class=\"yoast-schema-graph\">{\"@context\":\"https:\/\/schema.org\",\"@graph\":[{\"@type\":\"NewsArticle\",\"@id\":\"https:\/\/www.celttv.com.ar\/index.php\/2015\/11\/05\/aula-en-accion-una-firme-apuesta-al-conocimiento-videos-y-entrevistas-con-alumnos-y-docentes\/#article\",\"isPartOf\":{\"@id\":\"https:\/\/www.celttv.com.ar\/index.php\/2015\/11\/05\/aula-en-accion-una-firme-apuesta-al-conocimiento-videos-y-entrevistas-con-alumnos-y-docentes\/\"},\"author\":{\"name\":\"ulises\",\"@id\":\"https:\/\/www.celttv.com.ar\/#\/schema\/person\/6d99c072dba59953809c81446e9d0ace\"},\"headline\":\"&#8220;Aula en Acci\u00f3n&#8221; una firme apuesta al conocimiento (videos y entrevistas con alumnos y docentes)\",\"datePublished\":\"2015-11-05T19:55:51+00:00\",\"dateModified\":\"2015-11-05T19:55:51+00:00\",\"mainEntityOfPage\":{\"@id\":\"https:\/\/www.celttv.com.ar\/index.php\/2015\/11\/05\/aula-en-accion-una-firme-apuesta-al-conocimiento-videos-y-entrevistas-con-alumnos-y-docentes\/\"},\"wordCount\":192,\"publisher\":{\"@id\":\"https:\/\/www.celttv.com.ar\/#organization\"},\"articleSection\":[\"Comunidad\",\"Destacadas\",\"Videos Destacados\"],\"inLanguage\":\"es\"},{\"@type\":\"WebPage\",\"@id\":\"https:\/\/www.celttv.com.ar\/index.php\/2015\/11\/05\/aula-en-accion-una-firme-apuesta-al-conocimiento-videos-y-entrevistas-con-alumnos-y-docentes\/\",\"url\":\"https:\/\/www.celttv.com.ar\/index.php\/2015\/11\/05\/aula-en-accion-una-firme-apuesta-al-conocimiento-videos-y-entrevistas-con-alumnos-y-docentes\/\",\"name\":\"\\\"Aula en Acci\u00f3n\\\" una firme apuesta al conocimiento (videos y entrevistas con alumnos y docentes) - CELTTV\",\"isPartOf\":{\"@id\":\"https:\/\/www.celttv.com.ar\/#website\"},\"datePublished\":\"2015-11-05T19:55:51+00:00\",\"dateModified\":\"2015-11-05T19:55:51+00:00\",\"description\":\"Sitio web de noticias de la localidad de Tornquist, provincia de Buenos Aires, Rep\u00fablica Argentina. Contenido propio originado por periodistas de CELTTV, el canal de TV local de la Cooperativa El\u00e9ctrica de Tornquist. Turismo, Pol\u00edtica, Sociedad, Deporte, Cultura y todo el contenido de inter\u00e9s general que la gente del pueblo y la regi\u00f3n debe conocer.\",\"breadcrumb\":{\"@id\":\"https:\/\/www.celttv.com.ar\/index.php\/2015\/11\/05\/aula-en-accion-una-firme-apuesta-al-conocimiento-videos-y-entrevistas-con-alumnos-y-docentes\/#breadcrumb\"},\"inLanguage\":\"es\",\"potentialAction\":[{\"@type\":\"ReadAction\",\"target\":[\"https:\/\/www.celttv.com.ar\/index.php\/2015\/11\/05\/aula-en-accion-una-firme-apuesta-al-conocimiento-videos-y-entrevistas-con-alumnos-y-docentes\/\"]}]},{\"@type\":\"BreadcrumbList\",\"@id\":\"https:\/\/www.celttv.com.ar\/index.php\/2015\/11\/05\/aula-en-accion-una-firme-apuesta-al-conocimiento-videos-y-entrevistas-con-alumnos-y-docentes\/#breadcrumb\",\"itemListElement\":[{\"@type\":\"ListItem\",\"position\":1,\"name\":\"Inicio\",\"item\":\"https:\/\/www.celttv.com.ar\/\"},{\"@type\":\"ListItem\",\"position\":2,\"name\":\"&#8220;Aula en Acci\u00f3n&#8221; una firme apuesta al conocimiento (videos y entrevistas con alumnos y docentes)\"}]},{\"@type\":\"WebSite\",\"@id\":\"https:\/\/www.celttv.com.ar\/#website\",\"url\":\"https:\/\/www.celttv.com.ar\/\",\"name\":\"CELTTV\",\"description\":\"Cooperativa El\u00e9ctrica de Tornquist\",\"publisher\":{\"@id\":\"https:\/\/www.celttv.com.ar\/#organization\"},\"potentialAction\":[{\"@type\":\"SearchAction\",\"target\":{\"@type\":\"EntryPoint\",\"urlTemplate\":\"https:\/\/www.celttv.com.ar\/?s={search_term_string}\"},\"query-input\":\"required name=search_term_string\"}],\"inLanguage\":\"es\"},{\"@type\":\"Organization\",\"@id\":\"https:\/\/www.celttv.com.ar\/#organization\",\"name\":\"CELTTV\",\"url\":\"https:\/\/www.celttv.com.ar\/\",\"sameAs\":[\"https:\/\/www.youtube.com\/channel\/UCz_oIt8Hig64Ub-EmcNPIhg\",\"https:\/\/www.facebook.com\/celtTV\/\"],\"logo\":{\"@type\":\"ImageObject\",\"inLanguage\":\"es\",\"@id\":\"https:\/\/www.celttv.com.ar\/#\/schema\/logo\/image\/\",\"url\":\"http:\/\/www.celttv.com.ar\/wp-content\/uploads\/2022\/08\/logo-1.png\",\"contentUrl\":\"http:\/\/www.celttv.com.ar\/wp-content\/uploads\/2022\/08\/logo-1.png\",\"width\":461,\"height\":159,\"caption\":\"CELTTV\"},\"image\":{\"@id\":\"https:\/\/www.celttv.com.ar\/#\/schema\/logo\/image\/\"}},{\"@type\":\"Person\",\"@id\":\"https:\/\/www.celttv.com.ar\/#\/schema\/person\/6d99c072dba59953809c81446e9d0ace\",\"name\":\"ulises\",\"image\":{\"@type\":\"ImageObject\",\"inLanguage\":\"es\",\"@id\":\"https:\/\/www.celttv.com.ar\/#\/schema\/person\/image\/\",\"url\":\"https:\/\/secure.gravatar.com\/avatar\/7f2c48bdc33b30088f941fb6082e555f2874c98e20cb159d7b92b50eadfce793?s=96&d=mm&r=g\",\"contentUrl\":\"https:\/\/secure.gravatar.com\/avatar\/7f2c48bdc33b30088f941fb6082e555f2874c98e20cb159d7b92b50eadfce793?s=96&d=mm&r=g\",\"caption\":\"ulises\"},\"sameAs\":[\"http:\/\/www.celttv.com.ar\"]}]}<\/script>\n<!-- \/ Yoast SEO plugin. -->","yoast_head_json":{"title":"\"Aula en Acci\u00f3n\" una firme apuesta al conocimiento (videos y entrevistas con alumnos y docentes) - CELTTV","description":"Sitio web de noticias de la localidad de Tornquist, provincia de Buenos Aires, Rep\u00fablica Argentina. Contenido propio originado por periodistas de CELTTV, el canal de TV local de la Cooperativa El\u00e9ctrica de Tornquist. Turismo, Pol\u00edtica, Sociedad, Deporte, Cultura y todo el contenido de inter\u00e9s general que la gente del pueblo y la regi\u00f3n debe conocer.","robots":{"index":"index","follow":"follow","max-snippet":"max-snippet:-1","max-image-preview":"max-image-preview:large","max-video-preview":"max-video-preview:-1"},"canonical":"https:\/\/www.celttv.com.ar\/index.php\/2015\/11\/05\/aula-en-accion-una-firme-apuesta-al-conocimiento-videos-y-entrevistas-con-alumnos-y-docentes\/","og_locale":"es_ES","og_type":"article","og_title":"\"Aula en Acci\u00f3n\" una firme apuesta al conocimiento (videos y entrevistas con alumnos y docentes) - CELTTV","og_description":"Sitio web de noticias de la localidad de Tornquist, provincia de Buenos Aires, Rep\u00fablica Argentina. Contenido propio originado por periodistas de CELTTV, el canal de TV local de la Cooperativa El\u00e9ctrica de Tornquist. Turismo, Pol\u00edtica, Sociedad, Deporte, Cultura y todo el contenido de inter\u00e9s general que la gente del pueblo y la regi\u00f3n debe conocer.","og_url":"https:\/\/www.celttv.com.ar\/index.php\/2015\/11\/05\/aula-en-accion-una-firme-apuesta-al-conocimiento-videos-y-entrevistas-con-alumnos-y-docentes\/","og_site_name":"CELTTV","article_publisher":"https:\/\/www.facebook.com\/celtTV\/","article_published_time":"2015-11-05T19:55:51+00:00","og_image":[{"url":"http:\/\/www.tvcnoticias.com.ar\/wp-content\/uploads\/2015\/11\/aula-en-accion.jpg"}],"author":"ulises","twitter_card":"summary_large_image","twitter_misc":{"Escrito por":"ulises","Tiempo de lectura":"1 minuto"},"schema":{"@context":"https:\/\/schema.org","@graph":[{"@type":"NewsArticle","@id":"https:\/\/www.celttv.com.ar\/index.php\/2015\/11\/05\/aula-en-accion-una-firme-apuesta-al-conocimiento-videos-y-entrevistas-con-alumnos-y-docentes\/#article","isPartOf":{"@id":"https:\/\/www.celttv.com.ar\/index.php\/2015\/11\/05\/aula-en-accion-una-firme-apuesta-al-conocimiento-videos-y-entrevistas-con-alumnos-y-docentes\/"},"author":{"name":"ulises","@id":"https:\/\/www.celttv.com.ar\/#\/schema\/person\/6d99c072dba59953809c81446e9d0ace"},"headline":"&#8220;Aula en Acci\u00f3n&#8221; una firme apuesta al conocimiento (videos y entrevistas con alumnos y docentes)","datePublished":"2015-11-05T19:55:51+00:00","dateModified":"2015-11-05T19:55:51+00:00","mainEntityOfPage":{"@id":"https:\/\/www.celttv.com.ar\/index.php\/2015\/11\/05\/aula-en-accion-una-firme-apuesta-al-conocimiento-videos-y-entrevistas-con-alumnos-y-docentes\/"},"wordCount":192,"publisher":{"@id":"https:\/\/www.celttv.com.ar\/#organization"},"articleSection":["Comunidad","Destacadas","Videos Destacados"],"inLanguage":"es"},{"@type":"WebPage","@id":"https:\/\/www.celttv.com.ar\/index.php\/2015\/11\/05\/aula-en-accion-una-firme-apuesta-al-conocimiento-videos-y-entrevistas-con-alumnos-y-docentes\/","url":"https:\/\/www.celttv.com.ar\/index.php\/2015\/11\/05\/aula-en-accion-una-firme-apuesta-al-conocimiento-videos-y-entrevistas-con-alumnos-y-docentes\/","name":"\"Aula en Acci\u00f3n\" una firme apuesta al conocimiento (videos y entrevistas con alumnos y docentes) - CELTTV","isPartOf":{"@id":"https:\/\/www.celttv.com.ar\/#website"},"datePublished":"2015-11-05T19:55:51+00:00","dateModified":"2015-11-05T19:55:51+00:00","description":"Sitio web de noticias de la localidad de Tornquist, provincia de Buenos Aires, Rep\u00fablica Argentina. Contenido propio originado por periodistas de CELTTV, el canal de TV local de la Cooperativa El\u00e9ctrica de Tornquist. Turismo, Pol\u00edtica, Sociedad, Deporte, Cultura y todo el contenido de inter\u00e9s general que la gente del pueblo y la regi\u00f3n debe conocer.","breadcrumb":{"@id":"https:\/\/www.celttv.com.ar\/index.php\/2015\/11\/05\/aula-en-accion-una-firme-apuesta-al-conocimiento-videos-y-entrevistas-con-alumnos-y-docentes\/#breadcrumb"},"inLanguage":"es","potentialAction":[{"@type":"ReadAction","target":["https:\/\/www.celttv.com.ar\/index.php\/2015\/11\/05\/aula-en-accion-una-firme-apuesta-al-conocimiento-videos-y-entrevistas-con-alumnos-y-docentes\/"]}]},{"@type":"BreadcrumbList","@id":"https:\/\/www.celttv.com.ar\/index.php\/2015\/11\/05\/aula-en-accion-una-firme-apuesta-al-conocimiento-videos-y-entrevistas-con-alumnos-y-docentes\/#breadcrumb","itemListElement":[{"@type":"ListItem","position":1,"name":"Inicio","item":"https:\/\/www.celttv.com.ar\/"},{"@type":"ListItem","position":2,"name":"&#8220;Aula en Acci\u00f3n&#8221; una firme apuesta al conocimiento (videos y entrevistas con alumnos y docentes)"}]},{"@type":"WebSite","@id":"https:\/\/www.celttv.com.ar\/#website","url":"https:\/\/www.celttv.com.ar\/","name":"CELTTV","description":"Cooperativa El\u00e9ctrica de Tornquist","publisher":{"@id":"https:\/\/www.celttv.com.ar\/#organization"},"potentialAction":[{"@type":"SearchAction","target":{"@type":"EntryPoint","urlTemplate":"https:\/\/www.celttv.com.ar\/?s={search_term_string}"},"query-input":"required name=search_term_string"}],"inLanguage":"es"},{"@type":"Organization","@id":"https:\/\/www.celttv.com.ar\/#organization","name":"CELTTV","url":"https:\/\/www.celttv.com.ar\/","sameAs":["https:\/\/www.youtube.com\/channel\/UCz_oIt8Hig64Ub-EmcNPIhg","https:\/\/www.facebook.com\/celtTV\/"],"logo":{"@type":"ImageObject","inLanguage":"es","@id":"https:\/\/www.celttv.com.ar\/#\/schema\/logo\/image\/","url":"http:\/\/www.celttv.com.ar\/wp-content\/uploads\/2022\/08\/logo-1.png","contentUrl":"http:\/\/www.celttv.com.ar\/wp-content\/uploads\/2022\/08\/logo-1.png","width":461,"height":159,"caption":"CELTTV"},"image":{"@id":"https:\/\/www.celttv.com.ar\/#\/schema\/logo\/image\/"}},{"@type":"Person","@id":"https:\/\/www.celttv.com.ar\/#\/schema\/person\/6d99c072dba59953809c81446e9d0ace","name":"ulises","image":{"@type":"ImageObject","inLanguage":"es","@id":"https:\/\/www.celttv.com.ar\/#\/schema\/person\/image\/","url":"https:\/\/secure.gravatar.com\/avatar\/7f2c48bdc33b30088f941fb6082e555f2874c98e20cb159d7b92b50eadfce793?s=96&d=mm&r=g","contentUrl":"https:\/\/secure.gravatar.com\/avatar\/7f2c48bdc33b30088f941fb6082e555f2874c98e20cb159d7b92b50eadfce793?s=96&d=mm&r=g","caption":"ulises"},"sameAs":["http:\/\/www.celttv.com.ar"]}]}},"_links":{"self":[{"href":"https:\/\/www.celttv.com.ar\/index.php\/wp-json\/wp\/v2\/posts\/29769","targetHints":{"allow":["GET"]}}],"collection":[{"href":"https:\/\/www.celttv.com.ar\/index.php\/wp-json\/wp\/v2\/posts"}],"about":[{"href":"https:\/\/www.celttv.com.ar\/index.php\/wp-json\/wp\/v2\/types\/post"}],"author":[{"embeddable":true,"href":"https:\/\/www.celttv.com.ar\/index.php\/wp-json\/wp\/v2\/users\/1"}],"replies":[{"embeddable":true,"href":"https:\/\/www.celttv.com.ar\/index.php\/wp-json\/wp\/v2\/comments?post=29769"}],"version-history":[{"count":0,"href":"https:\/\/www.celttv.com.ar\/index.php\/wp-json\/wp\/v2\/posts\/29769\/revisions"}],"wp:attachment":[{"href":"https:\/\/www.celttv.com.ar\/index.php\/wp-json\/wp\/v2\/media?parent=29769"}],"wp:term":[{"taxonomy":"category","embeddable":true,"href":"https:\/\/www.celttv.com.ar\/index.php\/wp-json\/wp\/v2\/categories?post=29769"},{"taxonomy":"post_tag","embeddable":true,"href":"https:\/\/www.celttv.com.ar\/index.php\/wp-json\/wp\/v2\/tags?post=29769"}],"curies":[{"name":"wp","href":"https:\/\/api.w.org\/{rel}","templated":true}]}}