{"id":29777,"date":"2015-11-17T19:48:29","date_gmt":"2015-11-17T19:48:29","guid":{"rendered":"http:\/\/www.tvcnoticias.com.ar\/?p=29777"},"modified":"2015-11-17T19:48:29","modified_gmt":"2015-11-17T19:48:29","slug":"la-gimnasta-melina-canestracci-se-corono-campeona-nacional-por-equipos","status":"publish","type":"post","link":"https:\/\/www.celttv.com.ar\/index.php\/2015\/11\/17\/la-gimnasta-melina-canestracci-se-corono-campeona-nacional-por-equipos\/","title":{"rendered":"La gimnasta Melina Canestracci se coron\u00f3 campeona nacional por equipos"},"content":{"rendered":"<p><a href=\"http:\/\/www.tvcnoticias.com.ar\/?attachment_id=29780\" rel=\"attachment wp-att-29780\"><img loading=\"lazy\" decoding=\"async\" src=\"http:\/\/www.tvcnoticias.com.ar\/wp-content\/uploads\/2015\/11\/melina-7-Small.jpg\" alt=\"\" title=\"melina 7 (Small)\" width=\"640\" height=\"480\" class=\"alignleft size-full wp-image-29780\" \/><\/a><\/p>\n<p>httpv:\/\/www.youtube.com\/watch?v=SF2O51A71C4<\/p>\n<p>httpv:\/\/www.youtube.com\/watch?v=OUYyBn1dXHA<\/p>\n<p>La coronaci\u00f3n de Melina Canestracci como campeona nacional por equipos, fue el logro destacado de las representantes del distrito en Torneo Nacional Federativo de Nivel C3 y D, que tuvo lugar del \u00faltimo mi\u00e9rcoles a este s\u00e1bado en el CEF N\u00b0 3 de la ciudad de Concepci\u00f3n del Uruguay, provincia de Entre R\u00edos.<br \/>\nCanestracci se consagr\u00f3 en la categor\u00eda Mayor representando a la Provincia de Buenos Aires. Adem\u00e1s, a nivel individual, obtuvo el 3\u00b0 puesto en la final de Suelo y el 5\u00b0 en Salto.<br \/>\nPor otra parte, en la categor\u00eda Juvenil Nivel C3, Camila Botero logr\u00f3 el puesto 30\u00ba de 60 participantes y clasific\u00f3 a la final de Salto, donde consigui\u00f3 el 8\u00b0 lugar.<br \/>\nEn categor\u00eda Juvenil Nivel D, en tanto, Clara Dri concluy\u00f3 en el puesto 24\u00ba y Kiara Maipach en la 28\u00b0 ubicaci\u00f3n, de un total de 56 competidoras.<br \/>\nLas alumnas del Centro Gimn\u00e1stico Tornquist, que representa a la Direcci\u00f3n de Deportes municipal, fueron parte de las 659 gimnastas de 14 provincias que le dieron vida al certamen organizado por la Confederaci\u00f3n Argentina de Gimnasia.<br \/>\nDesde el centro gimn\u00e1stico agradecieron el apoyo de los padres y del director de Deportes de la Municipalidad de Tornquist, prof. Jorge Schmidt, por el apoyo brindado para realizar el viaje y representar a la localidad cabecera y al distrito.<\/p>\n","protected":false},"excerpt":{"rendered":"<p>httpv:\/\/www.youtube.com\/watch?v=SF2O51A71C4 httpv:\/\/www.youtube.com\/watch?v=OUYyBn1dXHA La coronaci\u00f3n de Melina Canestracci como campeona nacional por equipos, fue el logro destacado de las representantes del distrito en Torneo Nacional Federativo de Nivel C3 y D, que tuvo lugar del \u00faltimo mi\u00e9rcoles a este s\u00e1bado en el CEF N\u00b0 3 de la ciudad de Concepci\u00f3n del Uruguay, provincia de Entre R\u00edos. [&hellip;]<\/p>\n","protected":false},"author":1,"featured_media":0,"comment_status":"closed","ping_status":"open","sticky":false,"template":"","format":"standard","meta":{"footnotes":""},"categories":[51,52,64],"tags":[],"class_list":["post-29777","post","type-post","status-publish","format-standard","hentry","category-comunidad","category-destacadas","category-videos-destacados"],"yoast_head":"<!-- This site is optimized with the Yoast SEO plugin v19.7.1 - https:\/\/yoast.com\/wordpress\/plugins\/seo\/ -->\n<title>La gimnasta Melina Canestracci se coron\u00f3 campeona nacional por equipos - CELTTV<\/title>\n<meta name=\"description\" content=\"Sitio web de noticias de la localidad de Tornquist, provincia de Buenos Aires, Rep\u00fablica Argentina. Contenido propio originado por periodistas de CELTTV, el canal de TV local de la Cooperativa El\u00e9ctrica de Tornquist. Turismo, Pol\u00edtica, Sociedad, Deporte, Cultura y todo el contenido de inter\u00e9s general que la gente del pueblo y la regi\u00f3n debe conocer.\" \/>\n<meta name=\"robots\" content=\"index, follow, max-snippet:-1, max-image-preview:large, max-video-preview:-1\" \/>\n<link rel=\"canonical\" href=\"https:\/\/www.celttv.com.ar\/index.php\/2015\/11\/17\/la-gimnasta-melina-canestracci-se-corono-campeona-nacional-por-equipos\/\" \/>\n<meta property=\"og:locale\" content=\"es_ES\" \/>\n<meta property=\"og:type\" content=\"article\" \/>\n<meta property=\"og:title\" content=\"La gimnasta Melina Canestracci se coron\u00f3 campeona nacional por equipos - CELTTV\" \/>\n<meta property=\"og:description\" content=\"Sitio web de noticias de la localidad de Tornquist, provincia de Buenos Aires, Rep\u00fablica Argentina. Contenido propio originado por periodistas de CELTTV, el canal de TV local de la Cooperativa El\u00e9ctrica de Tornquist. Turismo, Pol\u00edtica, Sociedad, Deporte, Cultura y todo el contenido de inter\u00e9s general que la gente del pueblo y la regi\u00f3n debe conocer.\" \/>\n<meta property=\"og:url\" content=\"https:\/\/www.celttv.com.ar\/index.php\/2015\/11\/17\/la-gimnasta-melina-canestracci-se-corono-campeona-nacional-por-equipos\/\" \/>\n<meta property=\"og:site_name\" content=\"CELTTV\" \/>\n<meta property=\"article:publisher\" content=\"https:\/\/www.facebook.com\/celtTV\/\" \/>\n<meta property=\"article:published_time\" content=\"2015-11-17T19:48:29+00:00\" \/>\n<meta property=\"og:image\" content=\"http:\/\/www.tvcnoticias.com.ar\/wp-content\/uploads\/2015\/11\/melina-7-Small.jpg\" \/>\n<meta name=\"author\" content=\"ulises\" \/>\n<meta name=\"twitter:card\" content=\"summary_large_image\" \/>\n<meta name=\"twitter:label1\" content=\"Escrito por\" \/>\n\t<meta name=\"twitter:data1\" content=\"ulises\" \/>\n\t<meta name=\"twitter:label2\" content=\"Tiempo de lectura\" \/>\n\t<meta name=\"twitter:data2\" content=\"1 minuto\" \/>\n<script type=\"application\/ld+json\" class=\"yoast-schema-graph\">{\"@context\":\"https:\/\/schema.org\",\"@graph\":[{\"@type\":\"NewsArticle\",\"@id\":\"https:\/\/www.celttv.com.ar\/index.php\/2015\/11\/17\/la-gimnasta-melina-canestracci-se-corono-campeona-nacional-por-equipos\/#article\",\"isPartOf\":{\"@id\":\"https:\/\/www.celttv.com.ar\/index.php\/2015\/11\/17\/la-gimnasta-melina-canestracci-se-corono-campeona-nacional-por-equipos\/\"},\"author\":{\"name\":\"ulises\",\"@id\":\"https:\/\/www.celttv.com.ar\/#\/schema\/person\/6d99c072dba59953809c81446e9d0ace\"},\"headline\":\"La gimnasta Melina Canestracci se coron\u00f3 campeona nacional por equipos\",\"datePublished\":\"2015-11-17T19:48:29+00:00\",\"dateModified\":\"2015-11-17T19:48:29+00:00\",\"mainEntityOfPage\":{\"@id\":\"https:\/\/www.celttv.com.ar\/index.php\/2015\/11\/17\/la-gimnasta-melina-canestracci-se-corono-campeona-nacional-por-equipos\/\"},\"wordCount\":249,\"publisher\":{\"@id\":\"https:\/\/www.celttv.com.ar\/#organization\"},\"articleSection\":[\"Comunidad\",\"Destacadas\",\"Videos Destacados\"],\"inLanguage\":\"es\"},{\"@type\":\"WebPage\",\"@id\":\"https:\/\/www.celttv.com.ar\/index.php\/2015\/11\/17\/la-gimnasta-melina-canestracci-se-corono-campeona-nacional-por-equipos\/\",\"url\":\"https:\/\/www.celttv.com.ar\/index.php\/2015\/11\/17\/la-gimnasta-melina-canestracci-se-corono-campeona-nacional-por-equipos\/\",\"name\":\"La gimnasta Melina Canestracci se coron\u00f3 campeona nacional por equipos - CELTTV\",\"isPartOf\":{\"@id\":\"https:\/\/www.celttv.com.ar\/#website\"},\"datePublished\":\"2015-11-17T19:48:29+00:00\",\"dateModified\":\"2015-11-17T19:48:29+00:00\",\"description\":\"Sitio web de noticias de la localidad de Tornquist, provincia de Buenos Aires, Rep\u00fablica Argentina. Contenido propio originado por periodistas de CELTTV, el canal de TV local de la Cooperativa El\u00e9ctrica de Tornquist. Turismo, Pol\u00edtica, Sociedad, Deporte, Cultura y todo el contenido de inter\u00e9s general que la gente del pueblo y la regi\u00f3n debe conocer.\",\"breadcrumb\":{\"@id\":\"https:\/\/www.celttv.com.ar\/index.php\/2015\/11\/17\/la-gimnasta-melina-canestracci-se-corono-campeona-nacional-por-equipos\/#breadcrumb\"},\"inLanguage\":\"es\",\"potentialAction\":[{\"@type\":\"ReadAction\",\"target\":[\"https:\/\/www.celttv.com.ar\/index.php\/2015\/11\/17\/la-gimnasta-melina-canestracci-se-corono-campeona-nacional-por-equipos\/\"]}]},{\"@type\":\"BreadcrumbList\",\"@id\":\"https:\/\/www.celttv.com.ar\/index.php\/2015\/11\/17\/la-gimnasta-melina-canestracci-se-corono-campeona-nacional-por-equipos\/#breadcrumb\",\"itemListElement\":[{\"@type\":\"ListItem\",\"position\":1,\"name\":\"Inicio\",\"item\":\"https:\/\/www.celttv.com.ar\/\"},{\"@type\":\"ListItem\",\"position\":2,\"name\":\"La gimnasta Melina Canestracci se coron\u00f3 campeona nacional por equipos\"}]},{\"@type\":\"WebSite\",\"@id\":\"https:\/\/www.celttv.com.ar\/#website\",\"url\":\"https:\/\/www.celttv.com.ar\/\",\"name\":\"CELTTV\",\"description\":\"Cooperativa El\u00e9ctrica de Tornquist\",\"publisher\":{\"@id\":\"https:\/\/www.celttv.com.ar\/#organization\"},\"potentialAction\":[{\"@type\":\"SearchAction\",\"target\":{\"@type\":\"EntryPoint\",\"urlTemplate\":\"https:\/\/www.celttv.com.ar\/?s={search_term_string}\"},\"query-input\":\"required name=search_term_string\"}],\"inLanguage\":\"es\"},{\"@type\":\"Organization\",\"@id\":\"https:\/\/www.celttv.com.ar\/#organization\",\"name\":\"CELTTV\",\"url\":\"https:\/\/www.celttv.com.ar\/\",\"sameAs\":[\"https:\/\/www.youtube.com\/channel\/UCz_oIt8Hig64Ub-EmcNPIhg\",\"https:\/\/www.facebook.com\/celtTV\/\"],\"logo\":{\"@type\":\"ImageObject\",\"inLanguage\":\"es\",\"@id\":\"https:\/\/www.celttv.com.ar\/#\/schema\/logo\/image\/\",\"url\":\"http:\/\/www.celttv.com.ar\/wp-content\/uploads\/2022\/08\/logo-1.png\",\"contentUrl\":\"http:\/\/www.celttv.com.ar\/wp-content\/uploads\/2022\/08\/logo-1.png\",\"width\":461,\"height\":159,\"caption\":\"CELTTV\"},\"image\":{\"@id\":\"https:\/\/www.celttv.com.ar\/#\/schema\/logo\/image\/\"}},{\"@type\":\"Person\",\"@id\":\"https:\/\/www.celttv.com.ar\/#\/schema\/person\/6d99c072dba59953809c81446e9d0ace\",\"name\":\"ulises\",\"image\":{\"@type\":\"ImageObject\",\"inLanguage\":\"es\",\"@id\":\"https:\/\/www.celttv.com.ar\/#\/schema\/person\/image\/\",\"url\":\"https:\/\/secure.gravatar.com\/avatar\/7f2c48bdc33b30088f941fb6082e555f2874c98e20cb159d7b92b50eadfce793?s=96&d=mm&r=g\",\"contentUrl\":\"https:\/\/secure.gravatar.com\/avatar\/7f2c48bdc33b30088f941fb6082e555f2874c98e20cb159d7b92b50eadfce793?s=96&d=mm&r=g\",\"caption\":\"ulises\"},\"sameAs\":[\"http:\/\/www.celttv.com.ar\"]}]}<\/script>\n<!-- \/ Yoast SEO plugin. -->","yoast_head_json":{"title":"La gimnasta Melina Canestracci se coron\u00f3 campeona nacional por equipos - CELTTV","description":"Sitio web de noticias de la localidad de Tornquist, provincia de Buenos Aires, Rep\u00fablica Argentina. Contenido propio originado por periodistas de CELTTV, el canal de TV local de la Cooperativa El\u00e9ctrica de Tornquist. Turismo, Pol\u00edtica, Sociedad, Deporte, Cultura y todo el contenido de inter\u00e9s general que la gente del pueblo y la regi\u00f3n debe conocer.","robots":{"index":"index","follow":"follow","max-snippet":"max-snippet:-1","max-image-preview":"max-image-preview:large","max-video-preview":"max-video-preview:-1"},"canonical":"https:\/\/www.celttv.com.ar\/index.php\/2015\/11\/17\/la-gimnasta-melina-canestracci-se-corono-campeona-nacional-por-equipos\/","og_locale":"es_ES","og_type":"article","og_title":"La gimnasta Melina Canestracci se coron\u00f3 campeona nacional por equipos - CELTTV","og_description":"Sitio web de noticias de la localidad de Tornquist, provincia de Buenos Aires, Rep\u00fablica Argentina. Contenido propio originado por periodistas de CELTTV, el canal de TV local de la Cooperativa El\u00e9ctrica de Tornquist. Turismo, Pol\u00edtica, Sociedad, Deporte, Cultura y todo el contenido de inter\u00e9s general que la gente del pueblo y la regi\u00f3n debe conocer.","og_url":"https:\/\/www.celttv.com.ar\/index.php\/2015\/11\/17\/la-gimnasta-melina-canestracci-se-corono-campeona-nacional-por-equipos\/","og_site_name":"CELTTV","article_publisher":"https:\/\/www.facebook.com\/celtTV\/","article_published_time":"2015-11-17T19:48:29+00:00","og_image":[{"url":"http:\/\/www.tvcnoticias.com.ar\/wp-content\/uploads\/2015\/11\/melina-7-Small.jpg"}],"author":"ulises","twitter_card":"summary_large_image","twitter_misc":{"Escrito por":"ulises","Tiempo de lectura":"1 minuto"},"schema":{"@context":"https:\/\/schema.org","@graph":[{"@type":"NewsArticle","@id":"https:\/\/www.celttv.com.ar\/index.php\/2015\/11\/17\/la-gimnasta-melina-canestracci-se-corono-campeona-nacional-por-equipos\/#article","isPartOf":{"@id":"https:\/\/www.celttv.com.ar\/index.php\/2015\/11\/17\/la-gimnasta-melina-canestracci-se-corono-campeona-nacional-por-equipos\/"},"author":{"name":"ulises","@id":"https:\/\/www.celttv.com.ar\/#\/schema\/person\/6d99c072dba59953809c81446e9d0ace"},"headline":"La gimnasta Melina Canestracci se coron\u00f3 campeona nacional por equipos","datePublished":"2015-11-17T19:48:29+00:00","dateModified":"2015-11-17T19:48:29+00:00","mainEntityOfPage":{"@id":"https:\/\/www.celttv.com.ar\/index.php\/2015\/11\/17\/la-gimnasta-melina-canestracci-se-corono-campeona-nacional-por-equipos\/"},"wordCount":249,"publisher":{"@id":"https:\/\/www.celttv.com.ar\/#organization"},"articleSection":["Comunidad","Destacadas","Videos Destacados"],"inLanguage":"es"},{"@type":"WebPage","@id":"https:\/\/www.celttv.com.ar\/index.php\/2015\/11\/17\/la-gimnasta-melina-canestracci-se-corono-campeona-nacional-por-equipos\/","url":"https:\/\/www.celttv.com.ar\/index.php\/2015\/11\/17\/la-gimnasta-melina-canestracci-se-corono-campeona-nacional-por-equipos\/","name":"La gimnasta Melina Canestracci se coron\u00f3 campeona nacional por equipos - CELTTV","isPartOf":{"@id":"https:\/\/www.celttv.com.ar\/#website"},"datePublished":"2015-11-17T19:48:29+00:00","dateModified":"2015-11-17T19:48:29+00:00","description":"Sitio web de noticias de la localidad de Tornquist, provincia de Buenos Aires, Rep\u00fablica Argentina. Contenido propio originado por periodistas de CELTTV, el canal de TV local de la Cooperativa El\u00e9ctrica de Tornquist. Turismo, Pol\u00edtica, Sociedad, Deporte, Cultura y todo el contenido de inter\u00e9s general que la gente del pueblo y la regi\u00f3n debe conocer.","breadcrumb":{"@id":"https:\/\/www.celttv.com.ar\/index.php\/2015\/11\/17\/la-gimnasta-melina-canestracci-se-corono-campeona-nacional-por-equipos\/#breadcrumb"},"inLanguage":"es","potentialAction":[{"@type":"ReadAction","target":["https:\/\/www.celttv.com.ar\/index.php\/2015\/11\/17\/la-gimnasta-melina-canestracci-se-corono-campeona-nacional-por-equipos\/"]}]},{"@type":"BreadcrumbList","@id":"https:\/\/www.celttv.com.ar\/index.php\/2015\/11\/17\/la-gimnasta-melina-canestracci-se-corono-campeona-nacional-por-equipos\/#breadcrumb","itemListElement":[{"@type":"ListItem","position":1,"name":"Inicio","item":"https:\/\/www.celttv.com.ar\/"},{"@type":"ListItem","position":2,"name":"La gimnasta Melina Canestracci se coron\u00f3 campeona nacional por equipos"}]},{"@type":"WebSite","@id":"https:\/\/www.celttv.com.ar\/#website","url":"https:\/\/www.celttv.com.ar\/","name":"CELTTV","description":"Cooperativa El\u00e9ctrica de Tornquist","publisher":{"@id":"https:\/\/www.celttv.com.ar\/#organization"},"potentialAction":[{"@type":"SearchAction","target":{"@type":"EntryPoint","urlTemplate":"https:\/\/www.celttv.com.ar\/?s={search_term_string}"},"query-input":"required name=search_term_string"}],"inLanguage":"es"},{"@type":"Organization","@id":"https:\/\/www.celttv.com.ar\/#organization","name":"CELTTV","url":"https:\/\/www.celttv.com.ar\/","sameAs":["https:\/\/www.youtube.com\/channel\/UCz_oIt8Hig64Ub-EmcNPIhg","https:\/\/www.facebook.com\/celtTV\/"],"logo":{"@type":"ImageObject","inLanguage":"es","@id":"https:\/\/www.celttv.com.ar\/#\/schema\/logo\/image\/","url":"http:\/\/www.celttv.com.ar\/wp-content\/uploads\/2022\/08\/logo-1.png","contentUrl":"http:\/\/www.celttv.com.ar\/wp-content\/uploads\/2022\/08\/logo-1.png","width":461,"height":159,"caption":"CELTTV"},"image":{"@id":"https:\/\/www.celttv.com.ar\/#\/schema\/logo\/image\/"}},{"@type":"Person","@id":"https:\/\/www.celttv.com.ar\/#\/schema\/person\/6d99c072dba59953809c81446e9d0ace","name":"ulises","image":{"@type":"ImageObject","inLanguage":"es","@id":"https:\/\/www.celttv.com.ar\/#\/schema\/person\/image\/","url":"https:\/\/secure.gravatar.com\/avatar\/7f2c48bdc33b30088f941fb6082e555f2874c98e20cb159d7b92b50eadfce793?s=96&d=mm&r=g","contentUrl":"https:\/\/secure.gravatar.com\/avatar\/7f2c48bdc33b30088f941fb6082e555f2874c98e20cb159d7b92b50eadfce793?s=96&d=mm&r=g","caption":"ulises"},"sameAs":["http:\/\/www.celttv.com.ar"]}]}},"_links":{"self":[{"href":"https:\/\/www.celttv.com.ar\/index.php\/wp-json\/wp\/v2\/posts\/29777","targetHints":{"allow":["GET"]}}],"collection":[{"href":"https:\/\/www.celttv.com.ar\/index.php\/wp-json\/wp\/v2\/posts"}],"about":[{"href":"https:\/\/www.celttv.com.ar\/index.php\/wp-json\/wp\/v2\/types\/post"}],"author":[{"embeddable":true,"href":"https:\/\/www.celttv.com.ar\/index.php\/wp-json\/wp\/v2\/users\/1"}],"replies":[{"embeddable":true,"href":"https:\/\/www.celttv.com.ar\/index.php\/wp-json\/wp\/v2\/comments?post=29777"}],"version-history":[{"count":0,"href":"https:\/\/www.celttv.com.ar\/index.php\/wp-json\/wp\/v2\/posts\/29777\/revisions"}],"wp:attachment":[{"href":"https:\/\/www.celttv.com.ar\/index.php\/wp-json\/wp\/v2\/media?parent=29777"}],"wp:term":[{"taxonomy":"category","embeddable":true,"href":"https:\/\/www.celttv.com.ar\/index.php\/wp-json\/wp\/v2\/categories?post=29777"},{"taxonomy":"post_tag","embeddable":true,"href":"https:\/\/www.celttv.com.ar\/index.php\/wp-json\/wp\/v2\/tags?post=29777"}],"curies":[{"name":"wp","href":"https:\/\/api.w.org\/{rel}","templated":true}]}}