{"id":3157,"date":"2011-11-17T19:48:19","date_gmt":"2011-11-17T19:48:19","guid":{"rendered":"http:\/\/www.tvcnoticias.com.ar\/?p=3157"},"modified":"2011-11-17T19:48:19","modified_gmt":"2011-11-17T19:48:19","slug":"este-campeonato-no-me-gusto-nunca-dijo-ernesto-palenzona-presidente-de-la-liga-regional-de-futbol-de-coronel-suarez","status":"publish","type":"post","link":"https:\/\/www.celttv.com.ar\/index.php\/2011\/11\/17\/este-campeonato-no-me-gusto-nunca-dijo-ernesto-palenzona-presidente-de-la-liga-regional-de-futbol-de-coronel-suarez\/","title":{"rendered":"&#8220;ESTE CAMPEONATO NO ME GUSTO NUNCA&#8221; Dijo Ernesto Palenzona, presidente de la Liga Regional de F\u00fatbol de Coronel Suarez"},"content":{"rendered":"<p>De visita en la localidad de Saavedra cuando se jugaba la final del clausura en reserva entre Pe\u00f1arol de Pigue y Uni\u00f3n de Tornquist, el presidente de la Liga Suarense dej\u00f3 su impresi\u00f3n en relaci\u00f3n a este campeonato y se mostr\u00f3 proclive a un campeonato distinto que podr\u00eda incluir una rueda de todos contra todos y otro sistema\u00a0 mas sofisticado para\u00a0el segundo campeonato. La decisi\u00f3n la tienen los clubes dijo el titular liguista.<img loading=\"lazy\" decoding=\"async\" class=\"aligncenter size-full wp-image-3158\" title=\"PALENZONA (Small)\" src=\"http:\/\/www.tvcnoticias.com.ar\/wp-content\/uploads\/2011\/11\/PALENZONA-Small.jpg\" alt=\"\" width=\"640\" height=\"505\" \/><br \/>\n<a>httpv:\/\/www.youtube.com\/watch?v=uXbXMtG7vko<\/a><\/p>\n","protected":false},"excerpt":{"rendered":"<p>De visita en la localidad de Saavedra cuando se jugaba la final del clausura en reserva entre Pe\u00f1arol de Pigue y Uni\u00f3n de Tornquist, el presidente de la Liga Suarense dej\u00f3 su impresi\u00f3n en relaci\u00f3n a este campeonato y se mostr\u00f3 proclive a un campeonato distinto que podr\u00eda incluir una rueda de todos contra todos [&hellip;]<\/p>\n","protected":false},"author":1,"featured_media":0,"comment_status":"closed","ping_status":"open","sticky":false,"template":"","format":"standard","meta":{"footnotes":""},"categories":[60,52,64],"tags":[],"class_list":["post-3157","post","type-post","status-publish","format-standard","hentry","category-deporte","category-destacadas","category-videos-destacados"],"yoast_head":"<!-- This site is optimized with the Yoast SEO plugin v19.7.1 - https:\/\/yoast.com\/wordpress\/plugins\/seo\/ -->\n<title>&quot;ESTE CAMPEONATO NO ME GUSTO NUNCA&quot; Dijo Ernesto Palenzona, presidente de la Liga Regional de F\u00fatbol de Coronel Suarez - CELTTV<\/title>\n<meta name=\"description\" content=\"Sitio web de noticias de la localidad de Tornquist, provincia de Buenos Aires, Rep\u00fablica Argentina. Contenido propio originado por periodistas de CELTTV, el canal de TV local de la Cooperativa El\u00e9ctrica de Tornquist. Turismo, Pol\u00edtica, Sociedad, Deporte, Cultura y todo el contenido de inter\u00e9s general que la gente del pueblo y la regi\u00f3n debe conocer.\" \/>\n<meta name=\"robots\" content=\"index, follow, max-snippet:-1, max-image-preview:large, max-video-preview:-1\" \/>\n<link rel=\"canonical\" href=\"https:\/\/www.celttv.com.ar\/index.php\/2011\/11\/17\/este-campeonato-no-me-gusto-nunca-dijo-ernesto-palenzona-presidente-de-la-liga-regional-de-futbol-de-coronel-suarez\/\" \/>\n<meta property=\"og:locale\" content=\"es_ES\" \/>\n<meta property=\"og:type\" content=\"article\" \/>\n<meta property=\"og:title\" content=\"&quot;ESTE CAMPEONATO NO ME GUSTO NUNCA&quot; Dijo Ernesto Palenzona, presidente de la Liga Regional de F\u00fatbol de Coronel Suarez - CELTTV\" \/>\n<meta property=\"og:description\" content=\"Sitio web de noticias de la localidad de Tornquist, provincia de Buenos Aires, Rep\u00fablica Argentina. Contenido propio originado por periodistas de CELTTV, el canal de TV local de la Cooperativa El\u00e9ctrica de Tornquist. Turismo, Pol\u00edtica, Sociedad, Deporte, Cultura y todo el contenido de inter\u00e9s general que la gente del pueblo y la regi\u00f3n debe conocer.\" \/>\n<meta property=\"og:url\" content=\"https:\/\/www.celttv.com.ar\/index.php\/2011\/11\/17\/este-campeonato-no-me-gusto-nunca-dijo-ernesto-palenzona-presidente-de-la-liga-regional-de-futbol-de-coronel-suarez\/\" \/>\n<meta property=\"og:site_name\" content=\"CELTTV\" \/>\n<meta property=\"article:publisher\" content=\"https:\/\/www.facebook.com\/celtTV\/\" \/>\n<meta property=\"article:published_time\" content=\"2011-11-17T19:48:19+00:00\" \/>\n<meta property=\"og:image\" content=\"http:\/\/www.tvcnoticias.com.ar\/wp-content\/uploads\/2011\/11\/PALENZONA-Small.jpg\" \/>\n<meta name=\"author\" content=\"ulises\" \/>\n<meta name=\"twitter:card\" content=\"summary_large_image\" \/>\n<meta name=\"twitter:label1\" content=\"Escrito por\" \/>\n\t<meta name=\"twitter:data1\" content=\"ulises\" \/>\n<script type=\"application\/ld+json\" class=\"yoast-schema-graph\">{\"@context\":\"https:\/\/schema.org\",\"@graph\":[{\"@type\":\"NewsArticle\",\"@id\":\"https:\/\/www.celttv.com.ar\/index.php\/2011\/11\/17\/este-campeonato-no-me-gusto-nunca-dijo-ernesto-palenzona-presidente-de-la-liga-regional-de-futbol-de-coronel-suarez\/#article\",\"isPartOf\":{\"@id\":\"https:\/\/www.celttv.com.ar\/index.php\/2011\/11\/17\/este-campeonato-no-me-gusto-nunca-dijo-ernesto-palenzona-presidente-de-la-liga-regional-de-futbol-de-coronel-suarez\/\"},\"author\":{\"name\":\"ulises\",\"@id\":\"https:\/\/www.celttv.com.ar\/#\/schema\/person\/6d99c072dba59953809c81446e9d0ace\"},\"headline\":\"&#8220;ESTE CAMPEONATO NO ME GUSTO NUNCA&#8221; Dijo Ernesto Palenzona, presidente de la Liga Regional de F\u00fatbol de Coronel Suarez\",\"datePublished\":\"2011-11-17T19:48:19+00:00\",\"dateModified\":\"2011-11-17T19:48:19+00:00\",\"mainEntityOfPage\":{\"@id\":\"https:\/\/www.celttv.com.ar\/index.php\/2011\/11\/17\/este-campeonato-no-me-gusto-nunca-dijo-ernesto-palenzona-presidente-de-la-liga-regional-de-futbol-de-coronel-suarez\/\"},\"wordCount\":108,\"publisher\":{\"@id\":\"https:\/\/www.celttv.com.ar\/#organization\"},\"articleSection\":[\"Deporte\",\"Destacadas\",\"Videos Destacados\"],\"inLanguage\":\"es\"},{\"@type\":\"WebPage\",\"@id\":\"https:\/\/www.celttv.com.ar\/index.php\/2011\/11\/17\/este-campeonato-no-me-gusto-nunca-dijo-ernesto-palenzona-presidente-de-la-liga-regional-de-futbol-de-coronel-suarez\/\",\"url\":\"https:\/\/www.celttv.com.ar\/index.php\/2011\/11\/17\/este-campeonato-no-me-gusto-nunca-dijo-ernesto-palenzona-presidente-de-la-liga-regional-de-futbol-de-coronel-suarez\/\",\"name\":\"\\\"ESTE CAMPEONATO NO ME GUSTO NUNCA\\\" Dijo Ernesto Palenzona, presidente de la Liga Regional de F\u00fatbol de Coronel Suarez - CELTTV\",\"isPartOf\":{\"@id\":\"https:\/\/www.celttv.com.ar\/#website\"},\"datePublished\":\"2011-11-17T19:48:19+00:00\",\"dateModified\":\"2011-11-17T19:48:19+00:00\",\"description\":\"Sitio web de noticias de la localidad de Tornquist, provincia de Buenos Aires, Rep\u00fablica Argentina. Contenido propio originado por periodistas de CELTTV, el canal de TV local de la Cooperativa El\u00e9ctrica de Tornquist. Turismo, Pol\u00edtica, Sociedad, Deporte, Cultura y todo el contenido de inter\u00e9s general que la gente del pueblo y la regi\u00f3n debe conocer.\",\"breadcrumb\":{\"@id\":\"https:\/\/www.celttv.com.ar\/index.php\/2011\/11\/17\/este-campeonato-no-me-gusto-nunca-dijo-ernesto-palenzona-presidente-de-la-liga-regional-de-futbol-de-coronel-suarez\/#breadcrumb\"},\"inLanguage\":\"es\",\"potentialAction\":[{\"@type\":\"ReadAction\",\"target\":[\"https:\/\/www.celttv.com.ar\/index.php\/2011\/11\/17\/este-campeonato-no-me-gusto-nunca-dijo-ernesto-palenzona-presidente-de-la-liga-regional-de-futbol-de-coronel-suarez\/\"]}]},{\"@type\":\"BreadcrumbList\",\"@id\":\"https:\/\/www.celttv.com.ar\/index.php\/2011\/11\/17\/este-campeonato-no-me-gusto-nunca-dijo-ernesto-palenzona-presidente-de-la-liga-regional-de-futbol-de-coronel-suarez\/#breadcrumb\",\"itemListElement\":[{\"@type\":\"ListItem\",\"position\":1,\"name\":\"Inicio\",\"item\":\"https:\/\/www.celttv.com.ar\/\"},{\"@type\":\"ListItem\",\"position\":2,\"name\":\"&#8220;ESTE CAMPEONATO NO ME GUSTO NUNCA&#8221; Dijo Ernesto Palenzona, presidente de la Liga Regional de F\u00fatbol de Coronel Suarez\"}]},{\"@type\":\"WebSite\",\"@id\":\"https:\/\/www.celttv.com.ar\/#website\",\"url\":\"https:\/\/www.celttv.com.ar\/\",\"name\":\"CELTTV\",\"description\":\"Cooperativa El\u00e9ctrica de Tornquist\",\"publisher\":{\"@id\":\"https:\/\/www.celttv.com.ar\/#organization\"},\"potentialAction\":[{\"@type\":\"SearchAction\",\"target\":{\"@type\":\"EntryPoint\",\"urlTemplate\":\"https:\/\/www.celttv.com.ar\/?s={search_term_string}\"},\"query-input\":\"required name=search_term_string\"}],\"inLanguage\":\"es\"},{\"@type\":\"Organization\",\"@id\":\"https:\/\/www.celttv.com.ar\/#organization\",\"name\":\"CELTTV\",\"url\":\"https:\/\/www.celttv.com.ar\/\",\"sameAs\":[\"https:\/\/www.youtube.com\/channel\/UCz_oIt8Hig64Ub-EmcNPIhg\",\"https:\/\/www.facebook.com\/celtTV\/\"],\"logo\":{\"@type\":\"ImageObject\",\"inLanguage\":\"es\",\"@id\":\"https:\/\/www.celttv.com.ar\/#\/schema\/logo\/image\/\",\"url\":\"http:\/\/www.celttv.com.ar\/wp-content\/uploads\/2022\/08\/logo-1.png\",\"contentUrl\":\"http:\/\/www.celttv.com.ar\/wp-content\/uploads\/2022\/08\/logo-1.png\",\"width\":461,\"height\":159,\"caption\":\"CELTTV\"},\"image\":{\"@id\":\"https:\/\/www.celttv.com.ar\/#\/schema\/logo\/image\/\"}},{\"@type\":\"Person\",\"@id\":\"https:\/\/www.celttv.com.ar\/#\/schema\/person\/6d99c072dba59953809c81446e9d0ace\",\"name\":\"ulises\",\"image\":{\"@type\":\"ImageObject\",\"inLanguage\":\"es\",\"@id\":\"https:\/\/www.celttv.com.ar\/#\/schema\/person\/image\/\",\"url\":\"https:\/\/secure.gravatar.com\/avatar\/7f2c48bdc33b30088f941fb6082e555f2874c98e20cb159d7b92b50eadfce793?s=96&d=mm&r=g\",\"contentUrl\":\"https:\/\/secure.gravatar.com\/avatar\/7f2c48bdc33b30088f941fb6082e555f2874c98e20cb159d7b92b50eadfce793?s=96&d=mm&r=g\",\"caption\":\"ulises\"},\"sameAs\":[\"http:\/\/www.celttv.com.ar\"]}]}<\/script>\n<!-- \/ Yoast SEO plugin. -->","yoast_head_json":{"title":"\"ESTE CAMPEONATO NO ME GUSTO NUNCA\" Dijo Ernesto Palenzona, presidente de la Liga Regional de F\u00fatbol de Coronel Suarez - CELTTV","description":"Sitio web de noticias de la localidad de Tornquist, provincia de Buenos Aires, Rep\u00fablica Argentina. Contenido propio originado por periodistas de CELTTV, el canal de TV local de la Cooperativa El\u00e9ctrica de Tornquist. Turismo, Pol\u00edtica, Sociedad, Deporte, Cultura y todo el contenido de inter\u00e9s general que la gente del pueblo y la regi\u00f3n debe conocer.","robots":{"index":"index","follow":"follow","max-snippet":"max-snippet:-1","max-image-preview":"max-image-preview:large","max-video-preview":"max-video-preview:-1"},"canonical":"https:\/\/www.celttv.com.ar\/index.php\/2011\/11\/17\/este-campeonato-no-me-gusto-nunca-dijo-ernesto-palenzona-presidente-de-la-liga-regional-de-futbol-de-coronel-suarez\/","og_locale":"es_ES","og_type":"article","og_title":"\"ESTE CAMPEONATO NO ME GUSTO NUNCA\" Dijo Ernesto Palenzona, presidente de la Liga Regional de F\u00fatbol de Coronel Suarez - CELTTV","og_description":"Sitio web de noticias de la localidad de Tornquist, provincia de Buenos Aires, Rep\u00fablica Argentina. Contenido propio originado por periodistas de CELTTV, el canal de TV local de la Cooperativa El\u00e9ctrica de Tornquist. Turismo, Pol\u00edtica, Sociedad, Deporte, Cultura y todo el contenido de inter\u00e9s general que la gente del pueblo y la regi\u00f3n debe conocer.","og_url":"https:\/\/www.celttv.com.ar\/index.php\/2011\/11\/17\/este-campeonato-no-me-gusto-nunca-dijo-ernesto-palenzona-presidente-de-la-liga-regional-de-futbol-de-coronel-suarez\/","og_site_name":"CELTTV","article_publisher":"https:\/\/www.facebook.com\/celtTV\/","article_published_time":"2011-11-17T19:48:19+00:00","og_image":[{"url":"http:\/\/www.tvcnoticias.com.ar\/wp-content\/uploads\/2011\/11\/PALENZONA-Small.jpg"}],"author":"ulises","twitter_card":"summary_large_image","twitter_misc":{"Escrito por":"ulises"},"schema":{"@context":"https:\/\/schema.org","@graph":[{"@type":"NewsArticle","@id":"https:\/\/www.celttv.com.ar\/index.php\/2011\/11\/17\/este-campeonato-no-me-gusto-nunca-dijo-ernesto-palenzona-presidente-de-la-liga-regional-de-futbol-de-coronel-suarez\/#article","isPartOf":{"@id":"https:\/\/www.celttv.com.ar\/index.php\/2011\/11\/17\/este-campeonato-no-me-gusto-nunca-dijo-ernesto-palenzona-presidente-de-la-liga-regional-de-futbol-de-coronel-suarez\/"},"author":{"name":"ulises","@id":"https:\/\/www.celttv.com.ar\/#\/schema\/person\/6d99c072dba59953809c81446e9d0ace"},"headline":"&#8220;ESTE CAMPEONATO NO ME GUSTO NUNCA&#8221; Dijo Ernesto Palenzona, presidente de la Liga Regional de F\u00fatbol de Coronel Suarez","datePublished":"2011-11-17T19:48:19+00:00","dateModified":"2011-11-17T19:48:19+00:00","mainEntityOfPage":{"@id":"https:\/\/www.celttv.com.ar\/index.php\/2011\/11\/17\/este-campeonato-no-me-gusto-nunca-dijo-ernesto-palenzona-presidente-de-la-liga-regional-de-futbol-de-coronel-suarez\/"},"wordCount":108,"publisher":{"@id":"https:\/\/www.celttv.com.ar\/#organization"},"articleSection":["Deporte","Destacadas","Videos Destacados"],"inLanguage":"es"},{"@type":"WebPage","@id":"https:\/\/www.celttv.com.ar\/index.php\/2011\/11\/17\/este-campeonato-no-me-gusto-nunca-dijo-ernesto-palenzona-presidente-de-la-liga-regional-de-futbol-de-coronel-suarez\/","url":"https:\/\/www.celttv.com.ar\/index.php\/2011\/11\/17\/este-campeonato-no-me-gusto-nunca-dijo-ernesto-palenzona-presidente-de-la-liga-regional-de-futbol-de-coronel-suarez\/","name":"\"ESTE CAMPEONATO NO ME GUSTO NUNCA\" Dijo Ernesto Palenzona, presidente de la Liga Regional de F\u00fatbol de Coronel Suarez - CELTTV","isPartOf":{"@id":"https:\/\/www.celttv.com.ar\/#website"},"datePublished":"2011-11-17T19:48:19+00:00","dateModified":"2011-11-17T19:48:19+00:00","description":"Sitio web de noticias de la localidad de Tornquist, provincia de Buenos Aires, Rep\u00fablica Argentina. Contenido propio originado por periodistas de CELTTV, el canal de TV local de la Cooperativa El\u00e9ctrica de Tornquist. Turismo, Pol\u00edtica, Sociedad, Deporte, Cultura y todo el contenido de inter\u00e9s general que la gente del pueblo y la regi\u00f3n debe conocer.","breadcrumb":{"@id":"https:\/\/www.celttv.com.ar\/index.php\/2011\/11\/17\/este-campeonato-no-me-gusto-nunca-dijo-ernesto-palenzona-presidente-de-la-liga-regional-de-futbol-de-coronel-suarez\/#breadcrumb"},"inLanguage":"es","potentialAction":[{"@type":"ReadAction","target":["https:\/\/www.celttv.com.ar\/index.php\/2011\/11\/17\/este-campeonato-no-me-gusto-nunca-dijo-ernesto-palenzona-presidente-de-la-liga-regional-de-futbol-de-coronel-suarez\/"]}]},{"@type":"BreadcrumbList","@id":"https:\/\/www.celttv.com.ar\/index.php\/2011\/11\/17\/este-campeonato-no-me-gusto-nunca-dijo-ernesto-palenzona-presidente-de-la-liga-regional-de-futbol-de-coronel-suarez\/#breadcrumb","itemListElement":[{"@type":"ListItem","position":1,"name":"Inicio","item":"https:\/\/www.celttv.com.ar\/"},{"@type":"ListItem","position":2,"name":"&#8220;ESTE CAMPEONATO NO ME GUSTO NUNCA&#8221; Dijo Ernesto Palenzona, presidente de la Liga Regional de F\u00fatbol de Coronel Suarez"}]},{"@type":"WebSite","@id":"https:\/\/www.celttv.com.ar\/#website","url":"https:\/\/www.celttv.com.ar\/","name":"CELTTV","description":"Cooperativa El\u00e9ctrica de Tornquist","publisher":{"@id":"https:\/\/www.celttv.com.ar\/#organization"},"potentialAction":[{"@type":"SearchAction","target":{"@type":"EntryPoint","urlTemplate":"https:\/\/www.celttv.com.ar\/?s={search_term_string}"},"query-input":"required name=search_term_string"}],"inLanguage":"es"},{"@type":"Organization","@id":"https:\/\/www.celttv.com.ar\/#organization","name":"CELTTV","url":"https:\/\/www.celttv.com.ar\/","sameAs":["https:\/\/www.youtube.com\/channel\/UCz_oIt8Hig64Ub-EmcNPIhg","https:\/\/www.facebook.com\/celtTV\/"],"logo":{"@type":"ImageObject","inLanguage":"es","@id":"https:\/\/www.celttv.com.ar\/#\/schema\/logo\/image\/","url":"http:\/\/www.celttv.com.ar\/wp-content\/uploads\/2022\/08\/logo-1.png","contentUrl":"http:\/\/www.celttv.com.ar\/wp-content\/uploads\/2022\/08\/logo-1.png","width":461,"height":159,"caption":"CELTTV"},"image":{"@id":"https:\/\/www.celttv.com.ar\/#\/schema\/logo\/image\/"}},{"@type":"Person","@id":"https:\/\/www.celttv.com.ar\/#\/schema\/person\/6d99c072dba59953809c81446e9d0ace","name":"ulises","image":{"@type":"ImageObject","inLanguage":"es","@id":"https:\/\/www.celttv.com.ar\/#\/schema\/person\/image\/","url":"https:\/\/secure.gravatar.com\/avatar\/7f2c48bdc33b30088f941fb6082e555f2874c98e20cb159d7b92b50eadfce793?s=96&d=mm&r=g","contentUrl":"https:\/\/secure.gravatar.com\/avatar\/7f2c48bdc33b30088f941fb6082e555f2874c98e20cb159d7b92b50eadfce793?s=96&d=mm&r=g","caption":"ulises"},"sameAs":["http:\/\/www.celttv.com.ar"]}]}},"_links":{"self":[{"href":"https:\/\/www.celttv.com.ar\/index.php\/wp-json\/wp\/v2\/posts\/3157","targetHints":{"allow":["GET"]}}],"collection":[{"href":"https:\/\/www.celttv.com.ar\/index.php\/wp-json\/wp\/v2\/posts"}],"about":[{"href":"https:\/\/www.celttv.com.ar\/index.php\/wp-json\/wp\/v2\/types\/post"}],"author":[{"embeddable":true,"href":"https:\/\/www.celttv.com.ar\/index.php\/wp-json\/wp\/v2\/users\/1"}],"replies":[{"embeddable":true,"href":"https:\/\/www.celttv.com.ar\/index.php\/wp-json\/wp\/v2\/comments?post=3157"}],"version-history":[{"count":0,"href":"https:\/\/www.celttv.com.ar\/index.php\/wp-json\/wp\/v2\/posts\/3157\/revisions"}],"wp:attachment":[{"href":"https:\/\/www.celttv.com.ar\/index.php\/wp-json\/wp\/v2\/media?parent=3157"}],"wp:term":[{"taxonomy":"category","embeddable":true,"href":"https:\/\/www.celttv.com.ar\/index.php\/wp-json\/wp\/v2\/categories?post=3157"},{"taxonomy":"post_tag","embeddable":true,"href":"https:\/\/www.celttv.com.ar\/index.php\/wp-json\/wp\/v2\/tags?post=3157"}],"curies":[{"name":"wp","href":"https:\/\/api.w.org\/{rel}","templated":true}]}}