{"id":33857,"date":"2017-08-17T00:14:48","date_gmt":"2017-08-17T00:14:48","guid":{"rendered":"http:\/\/www.tvcnoticias.com.ar\/?p=33857"},"modified":"2017-08-17T00:14:48","modified_gmt":"2017-08-17T00:14:48","slug":"las-jubilaciones-pensiones-y-asignaciones-aumentaran-1332-desde-el-1o-de-septiembre","status":"publish","type":"post","link":"https:\/\/www.celttv.com.ar\/index.php\/2017\/08\/17\/las-jubilaciones-pensiones-y-asignaciones-aumentaran-1332-desde-el-1o-de-septiembre\/","title":{"rendered":"LAS JUBILACIONES, PENSIONES Y ASIGNACIONES AUMENTAR\u00c1N 13,32% DESDE EL 1\u00ba DE SEPTIEMBRE"},"content":{"rendered":"<p> El jefe de Gabinete de Ministros de la Naci\u00f3n, Marcos Pe\u00f1a, y el Director Ejecutivo de la ANSES, Emilio Basavilbaso, anunciaron hoy en el Sal\u00f3n Pochat de la sede central del organismo previsional que a partir del 1\u00ba de septiembre m\u00e1s de 8,4 millones de personas recibir\u00e1n un aumento en sus prestaciones del 13,32%. De ese total, 6,9 millones son jubilados y pensionados mientras que 1,5 millones son titulares de Pensiones No Contributivas (PNC) y Pensi\u00f3n Universal para el Adulto Mayor (PUAM). <\/p>\n<p>De esta manera, el haber m\u00ednimo jubilatorio pasar\u00e1 de $6394,85 a $7246,64; el m\u00e1ximo, de $46.849,81 a $53.090,20 y la PUAM de $5115,88 a $5797,31.<\/p>\n<p>Durante la conferencia, Pe\u00f1a sostuvo: \u201cCon el anuncio de hoy, el aumento para los jubilados suma un 28% en todo el a\u00f1o. La ANSES est\u00e1 haciendo un trabajo muy importante con los adultos mayores. Con la Reparaci\u00f3n Hist\u00f3rica, por ejemplo, ya m\u00e1s de un mill\u00f3n de jubilados ahora cobra lo que merece. Por otro lado, ya son m\u00e1s de 370 mil personas que acceden al cr\u00e9dito ARGENTA, que ahora incluso se pueden tramitar por Internet\u201d.<\/p>\n<p>Por su parte, Basavilbaso indic\u00f3: \u201cEste aumento beneficia a 8,4 millones de jubilados y pensionados y a 9 millones de titulares de asignaciones. Con la PUAM aumentamos la cobertura, por lo que ahora la Argentina tiene la cobertura previsional m\u00e1s alta de toda la regi\u00f3n. Desde la ANSES tenemos que acompa\u00f1ar a las personas en toda su vida, desde que son ni\u00f1os y hasta que se convierten en adultos mayores\u201d.<\/p>\n<p>El incremento, adem\u00e1s, est\u00e1 destinado a m\u00e1s de 9 millones asignaciones por hijo, que ascender\u00e1 de $1246 a $1412, favoreciendo en forma directa cerca de 3,9 millones de ni\u00f1os en 2,2 millones de familias. En tanto, la Asignaci\u00f3n por Hijo con Discapacidad se elevar\u00e1 de $4064 a $4606.<\/p>\n<p>Tambi\u00e9n estuvo presente durante el acto el ministro de Trabajo, Empleo y Seguridad Social de la Naci\u00f3n, Jorge Triaca. Por parte de la ANSES, acompa\u00f1aron los directores generales de todas las \u00e1reas.<\/p>\n<p>Montos y rangos de AAFF <\/p>\n<p>Los nuevos montos y rangos de ingreso del grupo familiar para trabajadores formales, monotributistas, jubilados y pensionados que cobran AAFF por Hijo e Hijo con Discapacidad quedar\u00e1n conformados de la siguiente manera:<\/p>\n<p>Asignaciones Familiares por Hijo<\/p>\n<p>Rangos<\/p>\n<p>de IGF<\/p>\n<p>Actual<\/p>\n<p>Rangos desde 01-09-17<\/p>\n<p>Valor actual<\/p>\n<p>Valor desde 01-09-17<\/p>\n<p>I<\/p>\n<p>$200 &#8211; $19.344<\/p>\n<p>$200 \u2013 $21.921<\/p>\n<p>$1246<\/p>\n<p>$1412<\/p>\n<p>II<\/p>\n<p>$19.344,01 &#8211; $28.372<\/p>\n<p>$21.921,01 &#8211; $32.152<\/p>\n<p>$838<\/p>\n<p>$950<\/p>\n<p>III<\/p>\n<p>$28.372,01 &#8211; $32.756<\/p>\n<p>$32.152,01 &#8211; $37.120<\/p>\n<p>$504<\/p>\n<p>$572<\/p>\n<p>IV<\/p>\n<p>$32.756,01 &#8211; $73.608<\/p>\n<p>$37.120,01 &#8211; $73.608<\/p>\n<p>$258<\/p>\n<p>$293<\/p>\n<p>*Ninguno de los miembros del grupo familiar puede tener ingresos superiores a $36.804.<\/p>\n<p>Asignaciones Familiares por Hijo con Discapacidad<\/p>\n<p>Rangos<\/p>\n<p>de IGF<\/p>\n<p>Actual<\/p>\n<p>Rangos desde 01-09-17<\/p>\n<p>Valor actual<\/p>\n<p>Valor desde 01-09-17<\/p>\n<p>I<\/p>\n<p>Hasta $19.344<\/p>\n<p>Hasta $21.921<\/p>\n<p>$4064<\/p>\n<p>$4606<\/p>\n<p>II<\/p>\n<p>$19.344,01 &#8211; $28.372<\/p>\n<p>$21.921,01 &#8211; $32.152<\/p>\n<p>$2873<\/p>\n<p>$3256<\/p>\n<p>III<\/p>\n<p>Superior a $28.372,01<\/p>\n<p>Superior a $32.152<\/p>\n<p>$1811<\/p>\n<p>$2053<\/p>\n<p>Asignaciones Familiares por Hijo e Hijo con Discapacidad para monotributistas<\/p>\n<p>Categor\u00edas<\/p>\n<p>Valor actual<\/p>\n<p>Valor desde 01-09-17<\/p>\n<p>Hijo<\/p>\n<p>A, B, C, D<\/p>\n<p>$1246<\/p>\n<p>$1412<\/p>\n<p>E<\/p>\n<p>$838<\/p>\n<p>$950<\/p>\n<p>F<\/p>\n<p>$504<\/p>\n<p>$572<\/p>\n<p>G, H<\/p>\n<p>$258<\/p>\n<p>$293<\/p>\n<p>Hijo con Discapacidad<\/p>\n<p>A, B, C, D<\/p>\n<p>$4064<\/p>\n<p>$4606<\/p>\n<p>E<\/p>\n<p>$2873<\/p>\n<p>$3256<\/p>\n<p>F, G, H, I, J, K<\/p>\n<p>$1811<\/p>\n<p>$2053<\/p>\n<p>Asimismo, a partir del 1\u00ba de septiembre se elevan las asignaciones por Nacimiento, pasando a $1646, por Adopci\u00f3n a $9863, por Matrimonio a $2466, por Ayuda Escolar Anual a $1182 y por C\u00f3nyuge a $339 (para jubilados).<\/p>\n<p> <a href=\"http:\/\/www.tvcnoticias.com.ar\/?attachment_id=33858\" rel=\"attachment wp-att-33858\"><img loading=\"lazy\" decoding=\"async\" src=\"http:\/\/www.celttv.com.ar\/wp-content\/uploads\/2017\/08\/ANSES.jpg\" alt=\"\" width=\"420\" height=\"280\" class=\"alignleft size-full wp-image-33858\" srcset=\"https:\/\/www.celttv.com.ar\/wp-content\/uploads\/2017\/08\/ANSES.jpg 420w, https:\/\/www.celttv.com.ar\/wp-content\/uploads\/2017\/08\/ANSES-300x200.jpg 300w\" sizes=\"auto, (max-width: 420px) 100vw, 420px\" \/><\/a><\/p>\n","protected":false},"excerpt":{"rendered":"<p>El jefe de Gabinete de Ministros de la Naci\u00f3n, Marcos Pe\u00f1a, y el Director Ejecutivo de la ANSES, Emilio Basavilbaso, anunciaron hoy en el Sal\u00f3n Pochat de la sede central del organismo previsional que a partir del 1\u00ba de septiembre m\u00e1s de 8,4 millones de personas recibir\u00e1n un aumento en sus prestaciones del 13,32%. De [&hellip;]<\/p>\n","protected":false},"author":1,"featured_media":33858,"comment_status":"closed","ping_status":"open","sticky":false,"template":"","format":"standard","meta":{"footnotes":""},"categories":[51,52],"tags":[],"class_list":["post-33857","post","type-post","status-publish","format-standard","has-post-thumbnail","hentry","category-comunidad","category-destacadas"],"yoast_head":"<!-- This site is optimized with the Yoast SEO plugin v19.7.1 - https:\/\/yoast.com\/wordpress\/plugins\/seo\/ -->\n<title>LAS JUBILACIONES, PENSIONES Y ASIGNACIONES AUMENTAR\u00c1N 13,32% DESDE EL 1\u00ba DE SEPTIEMBRE - CELTTV<\/title>\n<meta name=\"description\" content=\"Sitio web de noticias de la localidad de Tornquist, provincia de Buenos Aires, Rep\u00fablica Argentina. Contenido propio originado por periodistas de CELTTV, el canal de TV local de la Cooperativa El\u00e9ctrica de Tornquist. Turismo, Pol\u00edtica, Sociedad, Deporte, Cultura y todo el contenido de inter\u00e9s general que la gente del pueblo y la regi\u00f3n debe conocer.\" \/>\n<meta name=\"robots\" content=\"index, follow, max-snippet:-1, max-image-preview:large, max-video-preview:-1\" \/>\n<link rel=\"canonical\" href=\"https:\/\/www.celttv.com.ar\/index.php\/2017\/08\/17\/las-jubilaciones-pensiones-y-asignaciones-aumentaran-1332-desde-el-1o-de-septiembre\/\" \/>\n<meta property=\"og:locale\" content=\"es_ES\" \/>\n<meta property=\"og:type\" content=\"article\" \/>\n<meta property=\"og:title\" content=\"LAS JUBILACIONES, PENSIONES Y ASIGNACIONES AUMENTAR\u00c1N 13,32% DESDE EL 1\u00ba DE SEPTIEMBRE - CELTTV\" \/>\n<meta property=\"og:description\" content=\"Sitio web de noticias de la localidad de Tornquist, provincia de Buenos Aires, Rep\u00fablica Argentina. Contenido propio originado por periodistas de CELTTV, el canal de TV local de la Cooperativa El\u00e9ctrica de Tornquist. Turismo, Pol\u00edtica, Sociedad, Deporte, Cultura y todo el contenido de inter\u00e9s general que la gente del pueblo y la regi\u00f3n debe conocer.\" \/>\n<meta property=\"og:url\" content=\"https:\/\/www.celttv.com.ar\/index.php\/2017\/08\/17\/las-jubilaciones-pensiones-y-asignaciones-aumentaran-1332-desde-el-1o-de-septiembre\/\" \/>\n<meta property=\"og:site_name\" content=\"CELTTV\" \/>\n<meta property=\"article:publisher\" content=\"https:\/\/www.facebook.com\/celtTV\/\" \/>\n<meta property=\"article:published_time\" content=\"2017-08-17T00:14:48+00:00\" \/>\n<meta property=\"og:image\" content=\"https:\/\/www.celttv.com.ar\/wp-content\/uploads\/2017\/08\/ANSES.jpg\" \/>\n\t<meta property=\"og:image:width\" content=\"420\" \/>\n\t<meta property=\"og:image:height\" content=\"280\" \/>\n\t<meta property=\"og:image:type\" content=\"image\/jpeg\" \/>\n<meta name=\"author\" content=\"ulises\" \/>\n<meta name=\"twitter:card\" content=\"summary_large_image\" \/>\n<meta name=\"twitter:label1\" content=\"Escrito por\" \/>\n\t<meta name=\"twitter:data1\" content=\"ulises\" \/>\n\t<meta name=\"twitter:label2\" content=\"Tiempo de lectura\" \/>\n\t<meta name=\"twitter:data2\" content=\"3 minutos\" \/>\n<script type=\"application\/ld+json\" class=\"yoast-schema-graph\">{\"@context\":\"https:\/\/schema.org\",\"@graph\":[{\"@type\":\"NewsArticle\",\"@id\":\"https:\/\/www.celttv.com.ar\/index.php\/2017\/08\/17\/las-jubilaciones-pensiones-y-asignaciones-aumentaran-1332-desde-el-1o-de-septiembre\/#article\",\"isPartOf\":{\"@id\":\"https:\/\/www.celttv.com.ar\/index.php\/2017\/08\/17\/las-jubilaciones-pensiones-y-asignaciones-aumentaran-1332-desde-el-1o-de-septiembre\/\"},\"author\":{\"name\":\"ulises\",\"@id\":\"https:\/\/www.celttv.com.ar\/#\/schema\/person\/6d99c072dba59953809c81446e9d0ace\"},\"headline\":\"LAS JUBILACIONES, PENSIONES Y ASIGNACIONES AUMENTAR\u00c1N 13,32% DESDE EL 1\u00ba DE SEPTIEMBRE\",\"datePublished\":\"2017-08-17T00:14:48+00:00\",\"dateModified\":\"2017-08-17T00:14:48+00:00\",\"mainEntityOfPage\":{\"@id\":\"https:\/\/www.celttv.com.ar\/index.php\/2017\/08\/17\/las-jubilaciones-pensiones-y-asignaciones-aumentaran-1332-desde-el-1o-de-septiembre\/\"},\"wordCount\":532,\"publisher\":{\"@id\":\"https:\/\/www.celttv.com.ar\/#organization\"},\"articleSection\":[\"Comunidad\",\"Destacadas\"],\"inLanguage\":\"es\"},{\"@type\":\"WebPage\",\"@id\":\"https:\/\/www.celttv.com.ar\/index.php\/2017\/08\/17\/las-jubilaciones-pensiones-y-asignaciones-aumentaran-1332-desde-el-1o-de-septiembre\/\",\"url\":\"https:\/\/www.celttv.com.ar\/index.php\/2017\/08\/17\/las-jubilaciones-pensiones-y-asignaciones-aumentaran-1332-desde-el-1o-de-septiembre\/\",\"name\":\"LAS JUBILACIONES, PENSIONES Y ASIGNACIONES AUMENTAR\u00c1N 13,32% DESDE EL 1\u00ba DE SEPTIEMBRE - CELTTV\",\"isPartOf\":{\"@id\":\"https:\/\/www.celttv.com.ar\/#website\"},\"datePublished\":\"2017-08-17T00:14:48+00:00\",\"dateModified\":\"2017-08-17T00:14:48+00:00\",\"description\":\"Sitio web de noticias de la localidad de Tornquist, provincia de Buenos Aires, Rep\u00fablica Argentina. Contenido propio originado por periodistas de CELTTV, el canal de TV local de la Cooperativa El\u00e9ctrica de Tornquist. Turismo, Pol\u00edtica, Sociedad, Deporte, Cultura y todo el contenido de inter\u00e9s general que la gente del pueblo y la regi\u00f3n debe conocer.\",\"breadcrumb\":{\"@id\":\"https:\/\/www.celttv.com.ar\/index.php\/2017\/08\/17\/las-jubilaciones-pensiones-y-asignaciones-aumentaran-1332-desde-el-1o-de-septiembre\/#breadcrumb\"},\"inLanguage\":\"es\",\"potentialAction\":[{\"@type\":\"ReadAction\",\"target\":[\"https:\/\/www.celttv.com.ar\/index.php\/2017\/08\/17\/las-jubilaciones-pensiones-y-asignaciones-aumentaran-1332-desde-el-1o-de-septiembre\/\"]}]},{\"@type\":\"BreadcrumbList\",\"@id\":\"https:\/\/www.celttv.com.ar\/index.php\/2017\/08\/17\/las-jubilaciones-pensiones-y-asignaciones-aumentaran-1332-desde-el-1o-de-septiembre\/#breadcrumb\",\"itemListElement\":[{\"@type\":\"ListItem\",\"position\":1,\"name\":\"Inicio\",\"item\":\"https:\/\/www.celttv.com.ar\/\"},{\"@type\":\"ListItem\",\"position\":2,\"name\":\"LAS JUBILACIONES, PENSIONES Y ASIGNACIONES AUMENTAR\u00c1N 13,32% DESDE EL 1\u00ba DE SEPTIEMBRE\"}]},{\"@type\":\"WebSite\",\"@id\":\"https:\/\/www.celttv.com.ar\/#website\",\"url\":\"https:\/\/www.celttv.com.ar\/\",\"name\":\"CELTTV\",\"description\":\"Cooperativa El\u00e9ctrica de Tornquist\",\"publisher\":{\"@id\":\"https:\/\/www.celttv.com.ar\/#organization\"},\"potentialAction\":[{\"@type\":\"SearchAction\",\"target\":{\"@type\":\"EntryPoint\",\"urlTemplate\":\"https:\/\/www.celttv.com.ar\/?s={search_term_string}\"},\"query-input\":\"required name=search_term_string\"}],\"inLanguage\":\"es\"},{\"@type\":\"Organization\",\"@id\":\"https:\/\/www.celttv.com.ar\/#organization\",\"name\":\"CELTTV\",\"url\":\"https:\/\/www.celttv.com.ar\/\",\"sameAs\":[\"https:\/\/www.youtube.com\/channel\/UCz_oIt8Hig64Ub-EmcNPIhg\",\"https:\/\/www.facebook.com\/celtTV\/\"],\"logo\":{\"@type\":\"ImageObject\",\"inLanguage\":\"es\",\"@id\":\"https:\/\/www.celttv.com.ar\/#\/schema\/logo\/image\/\",\"url\":\"http:\/\/www.celttv.com.ar\/wp-content\/uploads\/2022\/08\/logo-1.png\",\"contentUrl\":\"http:\/\/www.celttv.com.ar\/wp-content\/uploads\/2022\/08\/logo-1.png\",\"width\":461,\"height\":159,\"caption\":\"CELTTV\"},\"image\":{\"@id\":\"https:\/\/www.celttv.com.ar\/#\/schema\/logo\/image\/\"}},{\"@type\":\"Person\",\"@id\":\"https:\/\/www.celttv.com.ar\/#\/schema\/person\/6d99c072dba59953809c81446e9d0ace\",\"name\":\"ulises\",\"image\":{\"@type\":\"ImageObject\",\"inLanguage\":\"es\",\"@id\":\"https:\/\/www.celttv.com.ar\/#\/schema\/person\/image\/\",\"url\":\"https:\/\/secure.gravatar.com\/avatar\/7f2c48bdc33b30088f941fb6082e555f2874c98e20cb159d7b92b50eadfce793?s=96&d=mm&r=g\",\"contentUrl\":\"https:\/\/secure.gravatar.com\/avatar\/7f2c48bdc33b30088f941fb6082e555f2874c98e20cb159d7b92b50eadfce793?s=96&d=mm&r=g\",\"caption\":\"ulises\"},\"sameAs\":[\"http:\/\/www.celttv.com.ar\"]}]}<\/script>\n<!-- \/ Yoast SEO plugin. -->","yoast_head_json":{"title":"LAS JUBILACIONES, PENSIONES Y ASIGNACIONES AUMENTAR\u00c1N 13,32% DESDE EL 1\u00ba DE SEPTIEMBRE - CELTTV","description":"Sitio web de noticias de la localidad de Tornquist, provincia de Buenos Aires, Rep\u00fablica Argentina. Contenido propio originado por periodistas de CELTTV, el canal de TV local de la Cooperativa El\u00e9ctrica de Tornquist. Turismo, Pol\u00edtica, Sociedad, Deporte, Cultura y todo el contenido de inter\u00e9s general que la gente del pueblo y la regi\u00f3n debe conocer.","robots":{"index":"index","follow":"follow","max-snippet":"max-snippet:-1","max-image-preview":"max-image-preview:large","max-video-preview":"max-video-preview:-1"},"canonical":"https:\/\/www.celttv.com.ar\/index.php\/2017\/08\/17\/las-jubilaciones-pensiones-y-asignaciones-aumentaran-1332-desde-el-1o-de-septiembre\/","og_locale":"es_ES","og_type":"article","og_title":"LAS JUBILACIONES, PENSIONES Y ASIGNACIONES AUMENTAR\u00c1N 13,32% DESDE EL 1\u00ba DE SEPTIEMBRE - CELTTV","og_description":"Sitio web de noticias de la localidad de Tornquist, provincia de Buenos Aires, Rep\u00fablica Argentina. Contenido propio originado por periodistas de CELTTV, el canal de TV local de la Cooperativa El\u00e9ctrica de Tornquist. Turismo, Pol\u00edtica, Sociedad, Deporte, Cultura y todo el contenido de inter\u00e9s general que la gente del pueblo y la regi\u00f3n debe conocer.","og_url":"https:\/\/www.celttv.com.ar\/index.php\/2017\/08\/17\/las-jubilaciones-pensiones-y-asignaciones-aumentaran-1332-desde-el-1o-de-septiembre\/","og_site_name":"CELTTV","article_publisher":"https:\/\/www.facebook.com\/celtTV\/","article_published_time":"2017-08-17T00:14:48+00:00","og_image":[{"width":420,"height":280,"url":"https:\/\/www.celttv.com.ar\/wp-content\/uploads\/2017\/08\/ANSES.jpg","type":"image\/jpeg"}],"author":"ulises","twitter_card":"summary_large_image","twitter_misc":{"Escrito por":"ulises","Tiempo de lectura":"3 minutos"},"schema":{"@context":"https:\/\/schema.org","@graph":[{"@type":"NewsArticle","@id":"https:\/\/www.celttv.com.ar\/index.php\/2017\/08\/17\/las-jubilaciones-pensiones-y-asignaciones-aumentaran-1332-desde-el-1o-de-septiembre\/#article","isPartOf":{"@id":"https:\/\/www.celttv.com.ar\/index.php\/2017\/08\/17\/las-jubilaciones-pensiones-y-asignaciones-aumentaran-1332-desde-el-1o-de-septiembre\/"},"author":{"name":"ulises","@id":"https:\/\/www.celttv.com.ar\/#\/schema\/person\/6d99c072dba59953809c81446e9d0ace"},"headline":"LAS JUBILACIONES, PENSIONES Y ASIGNACIONES AUMENTAR\u00c1N 13,32% DESDE EL 1\u00ba DE SEPTIEMBRE","datePublished":"2017-08-17T00:14:48+00:00","dateModified":"2017-08-17T00:14:48+00:00","mainEntityOfPage":{"@id":"https:\/\/www.celttv.com.ar\/index.php\/2017\/08\/17\/las-jubilaciones-pensiones-y-asignaciones-aumentaran-1332-desde-el-1o-de-septiembre\/"},"wordCount":532,"publisher":{"@id":"https:\/\/www.celttv.com.ar\/#organization"},"articleSection":["Comunidad","Destacadas"],"inLanguage":"es"},{"@type":"WebPage","@id":"https:\/\/www.celttv.com.ar\/index.php\/2017\/08\/17\/las-jubilaciones-pensiones-y-asignaciones-aumentaran-1332-desde-el-1o-de-septiembre\/","url":"https:\/\/www.celttv.com.ar\/index.php\/2017\/08\/17\/las-jubilaciones-pensiones-y-asignaciones-aumentaran-1332-desde-el-1o-de-septiembre\/","name":"LAS JUBILACIONES, PENSIONES Y ASIGNACIONES AUMENTAR\u00c1N 13,32% DESDE EL 1\u00ba DE SEPTIEMBRE - CELTTV","isPartOf":{"@id":"https:\/\/www.celttv.com.ar\/#website"},"datePublished":"2017-08-17T00:14:48+00:00","dateModified":"2017-08-17T00:14:48+00:00","description":"Sitio web de noticias de la localidad de Tornquist, provincia de Buenos Aires, Rep\u00fablica Argentina. Contenido propio originado por periodistas de CELTTV, el canal de TV local de la Cooperativa El\u00e9ctrica de Tornquist. Turismo, Pol\u00edtica, Sociedad, Deporte, Cultura y todo el contenido de inter\u00e9s general que la gente del pueblo y la regi\u00f3n debe conocer.","breadcrumb":{"@id":"https:\/\/www.celttv.com.ar\/index.php\/2017\/08\/17\/las-jubilaciones-pensiones-y-asignaciones-aumentaran-1332-desde-el-1o-de-septiembre\/#breadcrumb"},"inLanguage":"es","potentialAction":[{"@type":"ReadAction","target":["https:\/\/www.celttv.com.ar\/index.php\/2017\/08\/17\/las-jubilaciones-pensiones-y-asignaciones-aumentaran-1332-desde-el-1o-de-septiembre\/"]}]},{"@type":"BreadcrumbList","@id":"https:\/\/www.celttv.com.ar\/index.php\/2017\/08\/17\/las-jubilaciones-pensiones-y-asignaciones-aumentaran-1332-desde-el-1o-de-septiembre\/#breadcrumb","itemListElement":[{"@type":"ListItem","position":1,"name":"Inicio","item":"https:\/\/www.celttv.com.ar\/"},{"@type":"ListItem","position":2,"name":"LAS JUBILACIONES, PENSIONES Y ASIGNACIONES AUMENTAR\u00c1N 13,32% DESDE EL 1\u00ba DE SEPTIEMBRE"}]},{"@type":"WebSite","@id":"https:\/\/www.celttv.com.ar\/#website","url":"https:\/\/www.celttv.com.ar\/","name":"CELTTV","description":"Cooperativa El\u00e9ctrica de Tornquist","publisher":{"@id":"https:\/\/www.celttv.com.ar\/#organization"},"potentialAction":[{"@type":"SearchAction","target":{"@type":"EntryPoint","urlTemplate":"https:\/\/www.celttv.com.ar\/?s={search_term_string}"},"query-input":"required name=search_term_string"}],"inLanguage":"es"},{"@type":"Organization","@id":"https:\/\/www.celttv.com.ar\/#organization","name":"CELTTV","url":"https:\/\/www.celttv.com.ar\/","sameAs":["https:\/\/www.youtube.com\/channel\/UCz_oIt8Hig64Ub-EmcNPIhg","https:\/\/www.facebook.com\/celtTV\/"],"logo":{"@type":"ImageObject","inLanguage":"es","@id":"https:\/\/www.celttv.com.ar\/#\/schema\/logo\/image\/","url":"http:\/\/www.celttv.com.ar\/wp-content\/uploads\/2022\/08\/logo-1.png","contentUrl":"http:\/\/www.celttv.com.ar\/wp-content\/uploads\/2022\/08\/logo-1.png","width":461,"height":159,"caption":"CELTTV"},"image":{"@id":"https:\/\/www.celttv.com.ar\/#\/schema\/logo\/image\/"}},{"@type":"Person","@id":"https:\/\/www.celttv.com.ar\/#\/schema\/person\/6d99c072dba59953809c81446e9d0ace","name":"ulises","image":{"@type":"ImageObject","inLanguage":"es","@id":"https:\/\/www.celttv.com.ar\/#\/schema\/person\/image\/","url":"https:\/\/secure.gravatar.com\/avatar\/7f2c48bdc33b30088f941fb6082e555f2874c98e20cb159d7b92b50eadfce793?s=96&d=mm&r=g","contentUrl":"https:\/\/secure.gravatar.com\/avatar\/7f2c48bdc33b30088f941fb6082e555f2874c98e20cb159d7b92b50eadfce793?s=96&d=mm&r=g","caption":"ulises"},"sameAs":["http:\/\/www.celttv.com.ar"]}]}},"_links":{"self":[{"href":"https:\/\/www.celttv.com.ar\/index.php\/wp-json\/wp\/v2\/posts\/33857","targetHints":{"allow":["GET"]}}],"collection":[{"href":"https:\/\/www.celttv.com.ar\/index.php\/wp-json\/wp\/v2\/posts"}],"about":[{"href":"https:\/\/www.celttv.com.ar\/index.php\/wp-json\/wp\/v2\/types\/post"}],"author":[{"embeddable":true,"href":"https:\/\/www.celttv.com.ar\/index.php\/wp-json\/wp\/v2\/users\/1"}],"replies":[{"embeddable":true,"href":"https:\/\/www.celttv.com.ar\/index.php\/wp-json\/wp\/v2\/comments?post=33857"}],"version-history":[{"count":0,"href":"https:\/\/www.celttv.com.ar\/index.php\/wp-json\/wp\/v2\/posts\/33857\/revisions"}],"wp:featuredmedia":[{"embeddable":true,"href":"https:\/\/www.celttv.com.ar\/index.php\/wp-json\/wp\/v2\/media\/33858"}],"wp:attachment":[{"href":"https:\/\/www.celttv.com.ar\/index.php\/wp-json\/wp\/v2\/media?parent=33857"}],"wp:term":[{"taxonomy":"category","embeddable":true,"href":"https:\/\/www.celttv.com.ar\/index.php\/wp-json\/wp\/v2\/categories?post=33857"},{"taxonomy":"post_tag","embeddable":true,"href":"https:\/\/www.celttv.com.ar\/index.php\/wp-json\/wp\/v2\/tags?post=33857"}],"curies":[{"name":"wp","href":"https:\/\/api.w.org\/{rel}","templated":true}]}}