{"id":33891,"date":"2017-08-23T23:50:48","date_gmt":"2017-08-23T23:50:48","guid":{"rendered":"http:\/\/www.tvcnoticias.com.ar\/?p=33891"},"modified":"2017-08-23T23:50:48","modified_gmt":"2017-08-23T23:50:48","slug":"ariel-guarco-es-candidato-a-presidir-la-alianza-cooperativa-internacional","status":"publish","type":"post","link":"https:\/\/www.celttv.com.ar\/index.php\/2017\/08\/23\/ariel-guarco-es-candidato-a-presidir-la-alianza-cooperativa-internacional\/","title":{"rendered":"Ariel Guarco es candidato a presidir la Alianza Cooperativa Internacional"},"content":{"rendered":"<p><a href=\"http:\/\/www.tvcnoticias.com.ar\/?attachment_id=33892\" rel=\"attachment wp-att-33892\"><img loading=\"lazy\" decoding=\"async\" src=\"http:\/\/www.tvcnoticias.com.ar\/wp-content\/uploads\/2017\/08\/ARIEL-GUARCO-450x263.jpg\" alt=\"\" width=\"450\" height=\"263\" class=\"alignleft size-medium wp-image-33892\" \/><\/a>Podr\u00e1 ser electo en la asamblea que se llevar\u00e1 adelante en Kuala Lumpur, Malasia, el 17 de noviembre. Est\u00e1 iniciando una gira por las cuatro Regiones de la m\u00e1xima organizaci\u00f3n sectorial a nivel global. Su plataforma ya recogi\u00f3 fuertes apoyos tanto en Argentina como a nivel continental y en otros pa\u00edses del mundo.<\/p>\n<p>El titular de la Confederaci\u00f3n Cooperativa de la Rep\u00fablica Argentina hizo oficial en los \u00faltimos d\u00edas su postulaci\u00f3n a la presidencia de la Alianza Cooperativa Internacional, que se definir\u00e1 el 17 de noviembre en Kuala Lumpur, Malasia.<br \/>\nGuarco, surgido de la federaci\u00f3n bonaerense de servicios p\u00fablicos, Fedecoba, y de la Cooperativa de Coronel Pringles, est\u00e1 hace seis a\u00f1os al frente de la Confederaci\u00f3n y, desde 2013, milita en el \u00e1mbito internacional por un cooperativismo m\u00e1s abierto, genuino y cercano a sus bases.<br \/>\nA la hora de impulsar su postulaci\u00f3n, el movimiento cooperativo argentino consider\u00f3 cruciales para renovar el liderazgo de la Alianza varias de sus cualidades dirigenciales, como la trayectoria, la coherencia y el compromiso. La Confederaci\u00f3n, puntualmente, aprob\u00f3 por unanimidad la propuesta en una asamblea a mediados de julio. Del mismo modo ratificaron su apoyo las otras entidades nacionales socias de la Alianza.<br \/>\nHace algunos d\u00edas hubo fuertes expresiones de respaldo en el Consejo de Administraci\u00f3n de Cooperativas de las Am\u00e9ricas, de la cual Guarco es vicepresidente segundo, y se vienen subrayando puntos en com\u00fan en otras latitudes respecto de la plataforma presentada por el candidato. En las pr\u00f3ximas semanas, est\u00e1n previstas visitas a las cuatro regiones: Am\u00e9ricas, Europa, Asia-Pac\u00edfico y \u00c1frica.<br \/>\n\u201cEl germen cooperativista que prendi\u00f3 en m\u00ed hace tantos a\u00f1os en mi pueblo fue luego enriquecido en el di\u00e1logo con colegas de todas las latitudes, que comparten la necesidad de consolidar a nuestro movimiento desde las bases\u201d, se\u00f1al\u00f3 Guarco en un mensaje a la hora de lanzar la candidatura.<br \/>\n\u201cNuestra Alianza Cooperativa Internacional, fundada en 1895, integra hoy a m\u00e1s de 300 organizaciones, de m\u00e1s de 100 pa\u00edses, que representan a casi 1.000 millones de personas de todo el mundo. \u00bfPodemos imaginar la potencia de un movimiento de esta magnitud si est\u00e1 fielmente representado por sus l\u00edderes globales?\u201d<\/p>\n","protected":false},"excerpt":{"rendered":"<p>Podr\u00e1 ser electo en la asamblea que se llevar\u00e1 adelante en Kuala Lumpur, Malasia, el 17 de noviembre. Est\u00e1 iniciando una gira por las cuatro Regiones de la m\u00e1xima organizaci\u00f3n sectorial a nivel global. Su plataforma ya recogi\u00f3 fuertes apoyos tanto en Argentina como a nivel continental y en otros pa\u00edses del mundo. El titular [&hellip;]<\/p>\n","protected":false},"author":1,"featured_media":33892,"comment_status":"closed","ping_status":"open","sticky":false,"template":"","format":"standard","meta":{"footnotes":""},"categories":[51,52],"tags":[],"class_list":["post-33891","post","type-post","status-publish","format-standard","has-post-thumbnail","hentry","category-comunidad","category-destacadas"],"yoast_head":"<!-- This site is optimized with the Yoast SEO plugin v19.7.1 - https:\/\/yoast.com\/wordpress\/plugins\/seo\/ -->\n<title>Ariel Guarco es candidato a presidir la Alianza Cooperativa Internacional - CELTTV<\/title>\n<meta name=\"description\" content=\"Sitio web de noticias de la localidad de Tornquist, provincia de Buenos Aires, Rep\u00fablica Argentina. Contenido propio originado por periodistas de CELTTV, el canal de TV local de la Cooperativa El\u00e9ctrica de Tornquist. Turismo, Pol\u00edtica, Sociedad, Deporte, Cultura y todo el contenido de inter\u00e9s general que la gente del pueblo y la regi\u00f3n debe conocer.\" \/>\n<meta name=\"robots\" content=\"index, follow, max-snippet:-1, max-image-preview:large, max-video-preview:-1\" \/>\n<link rel=\"canonical\" href=\"https:\/\/www.celttv.com.ar\/index.php\/2017\/08\/23\/ariel-guarco-es-candidato-a-presidir-la-alianza-cooperativa-internacional\/\" \/>\n<meta property=\"og:locale\" content=\"es_ES\" \/>\n<meta property=\"og:type\" content=\"article\" \/>\n<meta property=\"og:title\" content=\"Ariel Guarco es candidato a presidir la Alianza Cooperativa Internacional - CELTTV\" \/>\n<meta property=\"og:description\" content=\"Sitio web de noticias de la localidad de Tornquist, provincia de Buenos Aires, Rep\u00fablica Argentina. Contenido propio originado por periodistas de CELTTV, el canal de TV local de la Cooperativa El\u00e9ctrica de Tornquist. Turismo, Pol\u00edtica, Sociedad, Deporte, Cultura y todo el contenido de inter\u00e9s general que la gente del pueblo y la regi\u00f3n debe conocer.\" \/>\n<meta property=\"og:url\" content=\"https:\/\/www.celttv.com.ar\/index.php\/2017\/08\/23\/ariel-guarco-es-candidato-a-presidir-la-alianza-cooperativa-internacional\/\" \/>\n<meta property=\"og:site_name\" content=\"CELTTV\" \/>\n<meta property=\"article:publisher\" content=\"https:\/\/www.facebook.com\/celtTV\/\" \/>\n<meta property=\"article:published_time\" content=\"2017-08-23T23:50:48+00:00\" \/>\n<meta property=\"og:image\" content=\"https:\/\/www.celttv.com.ar\/wp-content\/uploads\/2017\/08\/ARIEL-GUARCO.jpg\" \/>\n\t<meta property=\"og:image:width\" content=\"600\" \/>\n\t<meta property=\"og:image:height\" content=\"350\" \/>\n\t<meta property=\"og:image:type\" content=\"image\/jpeg\" \/>\n<meta name=\"author\" content=\"ulises\" \/>\n<meta name=\"twitter:card\" content=\"summary_large_image\" \/>\n<meta name=\"twitter:label1\" content=\"Escrito por\" \/>\n\t<meta name=\"twitter:data1\" content=\"ulises\" \/>\n\t<meta name=\"twitter:label2\" content=\"Tiempo de lectura\" \/>\n\t<meta name=\"twitter:data2\" content=\"2 minutos\" \/>\n<script type=\"application\/ld+json\" class=\"yoast-schema-graph\">{\"@context\":\"https:\/\/schema.org\",\"@graph\":[{\"@type\":\"NewsArticle\",\"@id\":\"https:\/\/www.celttv.com.ar\/index.php\/2017\/08\/23\/ariel-guarco-es-candidato-a-presidir-la-alianza-cooperativa-internacional\/#article\",\"isPartOf\":{\"@id\":\"https:\/\/www.celttv.com.ar\/index.php\/2017\/08\/23\/ariel-guarco-es-candidato-a-presidir-la-alianza-cooperativa-internacional\/\"},\"author\":{\"name\":\"ulises\",\"@id\":\"https:\/\/www.celttv.com.ar\/#\/schema\/person\/6d99c072dba59953809c81446e9d0ace\"},\"headline\":\"Ariel Guarco es candidato a presidir la Alianza Cooperativa Internacional\",\"datePublished\":\"2017-08-23T23:50:48+00:00\",\"dateModified\":\"2017-08-23T23:50:48+00:00\",\"mainEntityOfPage\":{\"@id\":\"https:\/\/www.celttv.com.ar\/index.php\/2017\/08\/23\/ariel-guarco-es-candidato-a-presidir-la-alianza-cooperativa-internacional\/\"},\"wordCount\":386,\"publisher\":{\"@id\":\"https:\/\/www.celttv.com.ar\/#organization\"},\"articleSection\":[\"Comunidad\",\"Destacadas\"],\"inLanguage\":\"es\"},{\"@type\":\"WebPage\",\"@id\":\"https:\/\/www.celttv.com.ar\/index.php\/2017\/08\/23\/ariel-guarco-es-candidato-a-presidir-la-alianza-cooperativa-internacional\/\",\"url\":\"https:\/\/www.celttv.com.ar\/index.php\/2017\/08\/23\/ariel-guarco-es-candidato-a-presidir-la-alianza-cooperativa-internacional\/\",\"name\":\"Ariel Guarco es candidato a presidir la Alianza Cooperativa Internacional - CELTTV\",\"isPartOf\":{\"@id\":\"https:\/\/www.celttv.com.ar\/#website\"},\"datePublished\":\"2017-08-23T23:50:48+00:00\",\"dateModified\":\"2017-08-23T23:50:48+00:00\",\"description\":\"Sitio web de noticias de la localidad de Tornquist, provincia de Buenos Aires, Rep\u00fablica Argentina. Contenido propio originado por periodistas de CELTTV, el canal de TV local de la Cooperativa El\u00e9ctrica de Tornquist. Turismo, Pol\u00edtica, Sociedad, Deporte, Cultura y todo el contenido de inter\u00e9s general que la gente del pueblo y la regi\u00f3n debe conocer.\",\"breadcrumb\":{\"@id\":\"https:\/\/www.celttv.com.ar\/index.php\/2017\/08\/23\/ariel-guarco-es-candidato-a-presidir-la-alianza-cooperativa-internacional\/#breadcrumb\"},\"inLanguage\":\"es\",\"potentialAction\":[{\"@type\":\"ReadAction\",\"target\":[\"https:\/\/www.celttv.com.ar\/index.php\/2017\/08\/23\/ariel-guarco-es-candidato-a-presidir-la-alianza-cooperativa-internacional\/\"]}]},{\"@type\":\"BreadcrumbList\",\"@id\":\"https:\/\/www.celttv.com.ar\/index.php\/2017\/08\/23\/ariel-guarco-es-candidato-a-presidir-la-alianza-cooperativa-internacional\/#breadcrumb\",\"itemListElement\":[{\"@type\":\"ListItem\",\"position\":1,\"name\":\"Inicio\",\"item\":\"https:\/\/www.celttv.com.ar\/\"},{\"@type\":\"ListItem\",\"position\":2,\"name\":\"Ariel Guarco es candidato a presidir la Alianza Cooperativa Internacional\"}]},{\"@type\":\"WebSite\",\"@id\":\"https:\/\/www.celttv.com.ar\/#website\",\"url\":\"https:\/\/www.celttv.com.ar\/\",\"name\":\"CELTTV\",\"description\":\"Cooperativa El\u00e9ctrica de Tornquist\",\"publisher\":{\"@id\":\"https:\/\/www.celttv.com.ar\/#organization\"},\"potentialAction\":[{\"@type\":\"SearchAction\",\"target\":{\"@type\":\"EntryPoint\",\"urlTemplate\":\"https:\/\/www.celttv.com.ar\/?s={search_term_string}\"},\"query-input\":\"required name=search_term_string\"}],\"inLanguage\":\"es\"},{\"@type\":\"Organization\",\"@id\":\"https:\/\/www.celttv.com.ar\/#organization\",\"name\":\"CELTTV\",\"url\":\"https:\/\/www.celttv.com.ar\/\",\"sameAs\":[\"https:\/\/www.youtube.com\/channel\/UCz_oIt8Hig64Ub-EmcNPIhg\",\"https:\/\/www.facebook.com\/celtTV\/\"],\"logo\":{\"@type\":\"ImageObject\",\"inLanguage\":\"es\",\"@id\":\"https:\/\/www.celttv.com.ar\/#\/schema\/logo\/image\/\",\"url\":\"http:\/\/www.celttv.com.ar\/wp-content\/uploads\/2022\/08\/logo-1.png\",\"contentUrl\":\"http:\/\/www.celttv.com.ar\/wp-content\/uploads\/2022\/08\/logo-1.png\",\"width\":461,\"height\":159,\"caption\":\"CELTTV\"},\"image\":{\"@id\":\"https:\/\/www.celttv.com.ar\/#\/schema\/logo\/image\/\"}},{\"@type\":\"Person\",\"@id\":\"https:\/\/www.celttv.com.ar\/#\/schema\/person\/6d99c072dba59953809c81446e9d0ace\",\"name\":\"ulises\",\"image\":{\"@type\":\"ImageObject\",\"inLanguage\":\"es\",\"@id\":\"https:\/\/www.celttv.com.ar\/#\/schema\/person\/image\/\",\"url\":\"https:\/\/secure.gravatar.com\/avatar\/7f2c48bdc33b30088f941fb6082e555f2874c98e20cb159d7b92b50eadfce793?s=96&d=mm&r=g\",\"contentUrl\":\"https:\/\/secure.gravatar.com\/avatar\/7f2c48bdc33b30088f941fb6082e555f2874c98e20cb159d7b92b50eadfce793?s=96&d=mm&r=g\",\"caption\":\"ulises\"},\"sameAs\":[\"http:\/\/www.celttv.com.ar\"]}]}<\/script>\n<!-- \/ Yoast SEO plugin. -->","yoast_head_json":{"title":"Ariel Guarco es candidato a presidir la Alianza Cooperativa Internacional - CELTTV","description":"Sitio web de noticias de la localidad de Tornquist, provincia de Buenos Aires, Rep\u00fablica Argentina. Contenido propio originado por periodistas de CELTTV, el canal de TV local de la Cooperativa El\u00e9ctrica de Tornquist. Turismo, Pol\u00edtica, Sociedad, Deporte, Cultura y todo el contenido de inter\u00e9s general que la gente del pueblo y la regi\u00f3n debe conocer.","robots":{"index":"index","follow":"follow","max-snippet":"max-snippet:-1","max-image-preview":"max-image-preview:large","max-video-preview":"max-video-preview:-1"},"canonical":"https:\/\/www.celttv.com.ar\/index.php\/2017\/08\/23\/ariel-guarco-es-candidato-a-presidir-la-alianza-cooperativa-internacional\/","og_locale":"es_ES","og_type":"article","og_title":"Ariel Guarco es candidato a presidir la Alianza Cooperativa Internacional - CELTTV","og_description":"Sitio web de noticias de la localidad de Tornquist, provincia de Buenos Aires, Rep\u00fablica Argentina. Contenido propio originado por periodistas de CELTTV, el canal de TV local de la Cooperativa El\u00e9ctrica de Tornquist. Turismo, Pol\u00edtica, Sociedad, Deporte, Cultura y todo el contenido de inter\u00e9s general que la gente del pueblo y la regi\u00f3n debe conocer.","og_url":"https:\/\/www.celttv.com.ar\/index.php\/2017\/08\/23\/ariel-guarco-es-candidato-a-presidir-la-alianza-cooperativa-internacional\/","og_site_name":"CELTTV","article_publisher":"https:\/\/www.facebook.com\/celtTV\/","article_published_time":"2017-08-23T23:50:48+00:00","og_image":[{"width":600,"height":350,"url":"https:\/\/www.celttv.com.ar\/wp-content\/uploads\/2017\/08\/ARIEL-GUARCO.jpg","type":"image\/jpeg"}],"author":"ulises","twitter_card":"summary_large_image","twitter_misc":{"Escrito por":"ulises","Tiempo de lectura":"2 minutos"},"schema":{"@context":"https:\/\/schema.org","@graph":[{"@type":"NewsArticle","@id":"https:\/\/www.celttv.com.ar\/index.php\/2017\/08\/23\/ariel-guarco-es-candidato-a-presidir-la-alianza-cooperativa-internacional\/#article","isPartOf":{"@id":"https:\/\/www.celttv.com.ar\/index.php\/2017\/08\/23\/ariel-guarco-es-candidato-a-presidir-la-alianza-cooperativa-internacional\/"},"author":{"name":"ulises","@id":"https:\/\/www.celttv.com.ar\/#\/schema\/person\/6d99c072dba59953809c81446e9d0ace"},"headline":"Ariel Guarco es candidato a presidir la Alianza Cooperativa Internacional","datePublished":"2017-08-23T23:50:48+00:00","dateModified":"2017-08-23T23:50:48+00:00","mainEntityOfPage":{"@id":"https:\/\/www.celttv.com.ar\/index.php\/2017\/08\/23\/ariel-guarco-es-candidato-a-presidir-la-alianza-cooperativa-internacional\/"},"wordCount":386,"publisher":{"@id":"https:\/\/www.celttv.com.ar\/#organization"},"articleSection":["Comunidad","Destacadas"],"inLanguage":"es"},{"@type":"WebPage","@id":"https:\/\/www.celttv.com.ar\/index.php\/2017\/08\/23\/ariel-guarco-es-candidato-a-presidir-la-alianza-cooperativa-internacional\/","url":"https:\/\/www.celttv.com.ar\/index.php\/2017\/08\/23\/ariel-guarco-es-candidato-a-presidir-la-alianza-cooperativa-internacional\/","name":"Ariel Guarco es candidato a presidir la Alianza Cooperativa Internacional - CELTTV","isPartOf":{"@id":"https:\/\/www.celttv.com.ar\/#website"},"datePublished":"2017-08-23T23:50:48+00:00","dateModified":"2017-08-23T23:50:48+00:00","description":"Sitio web de noticias de la localidad de Tornquist, provincia de Buenos Aires, Rep\u00fablica Argentina. Contenido propio originado por periodistas de CELTTV, el canal de TV local de la Cooperativa El\u00e9ctrica de Tornquist. Turismo, Pol\u00edtica, Sociedad, Deporte, Cultura y todo el contenido de inter\u00e9s general que la gente del pueblo y la regi\u00f3n debe conocer.","breadcrumb":{"@id":"https:\/\/www.celttv.com.ar\/index.php\/2017\/08\/23\/ariel-guarco-es-candidato-a-presidir-la-alianza-cooperativa-internacional\/#breadcrumb"},"inLanguage":"es","potentialAction":[{"@type":"ReadAction","target":["https:\/\/www.celttv.com.ar\/index.php\/2017\/08\/23\/ariel-guarco-es-candidato-a-presidir-la-alianza-cooperativa-internacional\/"]}]},{"@type":"BreadcrumbList","@id":"https:\/\/www.celttv.com.ar\/index.php\/2017\/08\/23\/ariel-guarco-es-candidato-a-presidir-la-alianza-cooperativa-internacional\/#breadcrumb","itemListElement":[{"@type":"ListItem","position":1,"name":"Inicio","item":"https:\/\/www.celttv.com.ar\/"},{"@type":"ListItem","position":2,"name":"Ariel Guarco es candidato a presidir la Alianza Cooperativa Internacional"}]},{"@type":"WebSite","@id":"https:\/\/www.celttv.com.ar\/#website","url":"https:\/\/www.celttv.com.ar\/","name":"CELTTV","description":"Cooperativa El\u00e9ctrica de Tornquist","publisher":{"@id":"https:\/\/www.celttv.com.ar\/#organization"},"potentialAction":[{"@type":"SearchAction","target":{"@type":"EntryPoint","urlTemplate":"https:\/\/www.celttv.com.ar\/?s={search_term_string}"},"query-input":"required name=search_term_string"}],"inLanguage":"es"},{"@type":"Organization","@id":"https:\/\/www.celttv.com.ar\/#organization","name":"CELTTV","url":"https:\/\/www.celttv.com.ar\/","sameAs":["https:\/\/www.youtube.com\/channel\/UCz_oIt8Hig64Ub-EmcNPIhg","https:\/\/www.facebook.com\/celtTV\/"],"logo":{"@type":"ImageObject","inLanguage":"es","@id":"https:\/\/www.celttv.com.ar\/#\/schema\/logo\/image\/","url":"http:\/\/www.celttv.com.ar\/wp-content\/uploads\/2022\/08\/logo-1.png","contentUrl":"http:\/\/www.celttv.com.ar\/wp-content\/uploads\/2022\/08\/logo-1.png","width":461,"height":159,"caption":"CELTTV"},"image":{"@id":"https:\/\/www.celttv.com.ar\/#\/schema\/logo\/image\/"}},{"@type":"Person","@id":"https:\/\/www.celttv.com.ar\/#\/schema\/person\/6d99c072dba59953809c81446e9d0ace","name":"ulises","image":{"@type":"ImageObject","inLanguage":"es","@id":"https:\/\/www.celttv.com.ar\/#\/schema\/person\/image\/","url":"https:\/\/secure.gravatar.com\/avatar\/7f2c48bdc33b30088f941fb6082e555f2874c98e20cb159d7b92b50eadfce793?s=96&d=mm&r=g","contentUrl":"https:\/\/secure.gravatar.com\/avatar\/7f2c48bdc33b30088f941fb6082e555f2874c98e20cb159d7b92b50eadfce793?s=96&d=mm&r=g","caption":"ulises"},"sameAs":["http:\/\/www.celttv.com.ar"]}]}},"_links":{"self":[{"href":"https:\/\/www.celttv.com.ar\/index.php\/wp-json\/wp\/v2\/posts\/33891","targetHints":{"allow":["GET"]}}],"collection":[{"href":"https:\/\/www.celttv.com.ar\/index.php\/wp-json\/wp\/v2\/posts"}],"about":[{"href":"https:\/\/www.celttv.com.ar\/index.php\/wp-json\/wp\/v2\/types\/post"}],"author":[{"embeddable":true,"href":"https:\/\/www.celttv.com.ar\/index.php\/wp-json\/wp\/v2\/users\/1"}],"replies":[{"embeddable":true,"href":"https:\/\/www.celttv.com.ar\/index.php\/wp-json\/wp\/v2\/comments?post=33891"}],"version-history":[{"count":0,"href":"https:\/\/www.celttv.com.ar\/index.php\/wp-json\/wp\/v2\/posts\/33891\/revisions"}],"wp:featuredmedia":[{"embeddable":true,"href":"https:\/\/www.celttv.com.ar\/index.php\/wp-json\/wp\/v2\/media\/33892"}],"wp:attachment":[{"href":"https:\/\/www.celttv.com.ar\/index.php\/wp-json\/wp\/v2\/media?parent=33891"}],"wp:term":[{"taxonomy":"category","embeddable":true,"href":"https:\/\/www.celttv.com.ar\/index.php\/wp-json\/wp\/v2\/categories?post=33891"},{"taxonomy":"post_tag","embeddable":true,"href":"https:\/\/www.celttv.com.ar\/index.php\/wp-json\/wp\/v2\/tags?post=33891"}],"curies":[{"name":"wp","href":"https:\/\/api.w.org\/{rel}","templated":true}]}}