{"id":3395,"date":"2011-11-26T18:01:25","date_gmt":"2011-11-26T18:01:25","guid":{"rendered":"http:\/\/www.tvcnoticias.com.ar\/?p=3395"},"modified":"2011-11-26T18:01:25","modified_gmt":"2011-11-26T18:01:25","slug":"el-periodista-alejandro-apo-y-el-turco-sanjurjo-en-sierra-de-la-ventana-y-en-dialogo-con-magazine-sport-video-entrevistas","status":"publish","type":"post","link":"https:\/\/www.celttv.com.ar\/index.php\/2011\/11\/26\/el-periodista-alejandro-apo-y-el-turco-sanjurjo-en-sierra-de-la-ventana-y-en-dialogo-con-magazine-sport-video-entrevistas\/","title":{"rendered":"EL PERIODISTA ALEJANDRO APO Y EL &#8220;TURCO&#8221; SANJURJO EN SIERRA DE LA VENTANA Y EN DIALOGO CON MAGAZINE SPORT (video entrevistas)"},"content":{"rendered":"<p><img loading=\"lazy\" decoding=\"async\" class=\"aligncenter size-full wp-image-3396\" title=\"ALEJANDRO APO (Small)\" src=\"http:\/\/www.tvcnoticias.com.ar\/wp-content\/uploads\/2011\/11\/ALEJANDRO-APO-Small.jpg\" alt=\"\" width=\"640\" height=\"540\" \/><br \/>\nM\u00e1s de doscientas personas se hicieron presentes en la Sede del Club Atl\u00e9tico Ventana, para disfrutar plenamente del show de Alejandro Apo y el Turco Sanjurjo.<br \/>\nGracias al Instituto de Previsi\u00f3n Social de laProvincia de Buenos Aires que lo hizo posible; al Presidente Lic. Javier Mazza; Omar Quintana (Director) y Federico Paradela responsable del \u00e1rea de Cultura del organismo Provincial.<br \/>\nGracias tambi\u00e9n a Juan Carlos, asistente de Alejo Apo; gracias sub comisi\u00f3n de B\u00e1squet por la onda y los servicios prestados, gracias socios y colaboradores del Club.<br \/>\nEspecialmente gracias Dr. Marcelo Feli\u00fa; Gustavo Mandar\u00e1 y Carlitos Arrigoni.<br \/>\nGracias JO-LU-NAN; Familia Dube; Peter Schumacher; Dardo Fernandez; Alejandro Gonz\u00e1lez; Hugo Kloster; Verduler\u00eda TOTO; Sergio Nervi; Gast\u00f3n Llad\u00f3.<br \/>\nEsperemos contar muy pronto con otro espect\u00e1culo de categor\u00eda que eleva a Sierra de la Ventana y a toda la Comarca.<br \/>\nGracias a los vecinos de Tornquist, Saldungaray; Pu\u00e1n; Coronel Su\u00e1rez; Pigu\u00e9, Bah\u00eda Blanca y Coronel Pringles que se acercaron a disfrutar de una noche m\u00e1gica.<br \/>\nLa pelota hoy m\u00e1s que nunca&#8230;no se mancha.<br \/>\nAgradecemos a Carlos Dana por hacer la gesti\u00f3n gracias a la cual Magazine Sport pudo dialogar ampliamente, en conferencia de prensa, con el prestigioso periodista deportivo.-<br \/>\nNota realizada por el periodista Roberto Mutti<br \/>\n<a href=\"http:\/\/www.youtube.com\/watch?v=FGPFO_fnwXw\">httpv:\/\/www.youtube.com\/watch?v=FGPFO_fnwXw<\/a><br \/>\n<a href=\"http:\/\/www.youtube.com\/watch?v=2vTuDECBOuQ\">httpv:\/\/www.youtube.com\/watch?v=2vTuDECBOuQ<\/a><br \/>\n<a>httpv:\/\/www.youtube.com\/watch?v=AxKTjkraB0w<\/a><\/p>\n","protected":false},"excerpt":{"rendered":"<p>M\u00e1s de doscientas personas se hicieron presentes en la Sede del Club Atl\u00e9tico Ventana, para disfrutar plenamente del show de Alejandro Apo y el Turco Sanjurjo. Gracias al Instituto de Previsi\u00f3n Social de laProvincia de Buenos Aires que lo hizo posible; al Presidente Lic. Javier Mazza; Omar Quintana (Director) y Federico Paradela responsable del \u00e1rea [&hellip;]<\/p>\n","protected":false},"author":1,"featured_media":0,"comment_status":"closed","ping_status":"open","sticky":false,"template":"","format":"standard","meta":{"footnotes":""},"categories":[60,52,56,64],"tags":[],"class_list":["post-3395","post","type-post","status-publish","format-standard","hentry","category-deporte","category-destacadas","category-espectaculos","category-videos-destacados"],"yoast_head":"<!-- This site is optimized with the Yoast SEO plugin v19.7.1 - https:\/\/yoast.com\/wordpress\/plugins\/seo\/ -->\n<title>EL PERIODISTA ALEJANDRO APO Y EL &quot;TURCO&quot; SANJURJO EN SIERRA DE LA VENTANA Y EN DIALOGO CON MAGAZINE SPORT (video entrevistas) - CELTTV<\/title>\n<meta name=\"description\" content=\"Sitio web de noticias de la localidad de Tornquist, provincia de Buenos Aires, Rep\u00fablica Argentina. Contenido propio originado por periodistas de CELTTV, el canal de TV local de la Cooperativa El\u00e9ctrica de Tornquist. Turismo, Pol\u00edtica, Sociedad, Deporte, Cultura y todo el contenido de inter\u00e9s general que la gente del pueblo y la regi\u00f3n debe conocer.\" \/>\n<meta name=\"robots\" content=\"index, follow, max-snippet:-1, max-image-preview:large, max-video-preview:-1\" \/>\n<link rel=\"canonical\" href=\"https:\/\/www.celttv.com.ar\/index.php\/2011\/11\/26\/el-periodista-alejandro-apo-y-el-turco-sanjurjo-en-sierra-de-la-ventana-y-en-dialogo-con-magazine-sport-video-entrevistas\/\" \/>\n<meta property=\"og:locale\" content=\"es_ES\" \/>\n<meta property=\"og:type\" content=\"article\" \/>\n<meta property=\"og:title\" content=\"EL PERIODISTA ALEJANDRO APO Y EL &quot;TURCO&quot; SANJURJO EN SIERRA DE LA VENTANA Y EN DIALOGO CON MAGAZINE SPORT (video entrevistas) - CELTTV\" \/>\n<meta property=\"og:description\" content=\"Sitio web de noticias de la localidad de Tornquist, provincia de Buenos Aires, Rep\u00fablica Argentina. Contenido propio originado por periodistas de CELTTV, el canal de TV local de la Cooperativa El\u00e9ctrica de Tornquist. Turismo, Pol\u00edtica, Sociedad, Deporte, Cultura y todo el contenido de inter\u00e9s general que la gente del pueblo y la regi\u00f3n debe conocer.\" \/>\n<meta property=\"og:url\" content=\"https:\/\/www.celttv.com.ar\/index.php\/2011\/11\/26\/el-periodista-alejandro-apo-y-el-turco-sanjurjo-en-sierra-de-la-ventana-y-en-dialogo-con-magazine-sport-video-entrevistas\/\" \/>\n<meta property=\"og:site_name\" content=\"CELTTV\" \/>\n<meta property=\"article:publisher\" content=\"https:\/\/www.facebook.com\/celtTV\/\" \/>\n<meta property=\"article:published_time\" content=\"2011-11-26T18:01:25+00:00\" \/>\n<meta property=\"og:image\" content=\"http:\/\/www.tvcnoticias.com.ar\/wp-content\/uploads\/2011\/11\/ALEJANDRO-APO-Small.jpg\" \/>\n<meta name=\"author\" content=\"ulises\" \/>\n<meta name=\"twitter:card\" content=\"summary_large_image\" \/>\n<meta name=\"twitter:label1\" content=\"Escrito por\" \/>\n\t<meta name=\"twitter:data1\" content=\"ulises\" \/>\n\t<meta name=\"twitter:label2\" content=\"Tiempo de lectura\" \/>\n\t<meta name=\"twitter:data2\" content=\"1 minuto\" \/>\n<script type=\"application\/ld+json\" class=\"yoast-schema-graph\">{\"@context\":\"https:\/\/schema.org\",\"@graph\":[{\"@type\":\"NewsArticle\",\"@id\":\"https:\/\/www.celttv.com.ar\/index.php\/2011\/11\/26\/el-periodista-alejandro-apo-y-el-turco-sanjurjo-en-sierra-de-la-ventana-y-en-dialogo-con-magazine-sport-video-entrevistas\/#article\",\"isPartOf\":{\"@id\":\"https:\/\/www.celttv.com.ar\/index.php\/2011\/11\/26\/el-periodista-alejandro-apo-y-el-turco-sanjurjo-en-sierra-de-la-ventana-y-en-dialogo-con-magazine-sport-video-entrevistas\/\"},\"author\":{\"name\":\"ulises\",\"@id\":\"https:\/\/www.celttv.com.ar\/#\/schema\/person\/6d99c072dba59953809c81446e9d0ace\"},\"headline\":\"EL PERIODISTA ALEJANDRO APO Y EL &#8220;TURCO&#8221; SANJURJO EN SIERRA DE LA VENTANA Y EN DIALOGO CON MAGAZINE SPORT (video entrevistas)\",\"datePublished\":\"2011-11-26T18:01:25+00:00\",\"dateModified\":\"2011-11-26T18:01:25+00:00\",\"mainEntityOfPage\":{\"@id\":\"https:\/\/www.celttv.com.ar\/index.php\/2011\/11\/26\/el-periodista-alejandro-apo-y-el-turco-sanjurjo-en-sierra-de-la-ventana-y-en-dialogo-con-magazine-sport-video-entrevistas\/\"},\"wordCount\":265,\"publisher\":{\"@id\":\"https:\/\/www.celttv.com.ar\/#organization\"},\"articleSection\":[\"Deporte\",\"Destacadas\",\"Espect\u00e1culos\",\"Videos Destacados\"],\"inLanguage\":\"es\"},{\"@type\":\"WebPage\",\"@id\":\"https:\/\/www.celttv.com.ar\/index.php\/2011\/11\/26\/el-periodista-alejandro-apo-y-el-turco-sanjurjo-en-sierra-de-la-ventana-y-en-dialogo-con-magazine-sport-video-entrevistas\/\",\"url\":\"https:\/\/www.celttv.com.ar\/index.php\/2011\/11\/26\/el-periodista-alejandro-apo-y-el-turco-sanjurjo-en-sierra-de-la-ventana-y-en-dialogo-con-magazine-sport-video-entrevistas\/\",\"name\":\"EL PERIODISTA ALEJANDRO APO Y EL \\\"TURCO\\\" SANJURJO EN SIERRA DE LA VENTANA Y EN DIALOGO CON MAGAZINE SPORT (video entrevistas) - CELTTV\",\"isPartOf\":{\"@id\":\"https:\/\/www.celttv.com.ar\/#website\"},\"datePublished\":\"2011-11-26T18:01:25+00:00\",\"dateModified\":\"2011-11-26T18:01:25+00:00\",\"description\":\"Sitio web de noticias de la localidad de Tornquist, provincia de Buenos Aires, Rep\u00fablica Argentina. Contenido propio originado por periodistas de CELTTV, el canal de TV local de la Cooperativa El\u00e9ctrica de Tornquist. Turismo, Pol\u00edtica, Sociedad, Deporte, Cultura y todo el contenido de inter\u00e9s general que la gente del pueblo y la regi\u00f3n debe conocer.\",\"breadcrumb\":{\"@id\":\"https:\/\/www.celttv.com.ar\/index.php\/2011\/11\/26\/el-periodista-alejandro-apo-y-el-turco-sanjurjo-en-sierra-de-la-ventana-y-en-dialogo-con-magazine-sport-video-entrevistas\/#breadcrumb\"},\"inLanguage\":\"es\",\"potentialAction\":[{\"@type\":\"ReadAction\",\"target\":[\"https:\/\/www.celttv.com.ar\/index.php\/2011\/11\/26\/el-periodista-alejandro-apo-y-el-turco-sanjurjo-en-sierra-de-la-ventana-y-en-dialogo-con-magazine-sport-video-entrevistas\/\"]}]},{\"@type\":\"BreadcrumbList\",\"@id\":\"https:\/\/www.celttv.com.ar\/index.php\/2011\/11\/26\/el-periodista-alejandro-apo-y-el-turco-sanjurjo-en-sierra-de-la-ventana-y-en-dialogo-con-magazine-sport-video-entrevistas\/#breadcrumb\",\"itemListElement\":[{\"@type\":\"ListItem\",\"position\":1,\"name\":\"Inicio\",\"item\":\"https:\/\/www.celttv.com.ar\/\"},{\"@type\":\"ListItem\",\"position\":2,\"name\":\"EL PERIODISTA ALEJANDRO APO Y EL &#8220;TURCO&#8221; SANJURJO EN SIERRA DE LA VENTANA Y EN DIALOGO CON MAGAZINE SPORT (video entrevistas)\"}]},{\"@type\":\"WebSite\",\"@id\":\"https:\/\/www.celttv.com.ar\/#website\",\"url\":\"https:\/\/www.celttv.com.ar\/\",\"name\":\"CELTTV\",\"description\":\"Cooperativa El\u00e9ctrica de Tornquist\",\"publisher\":{\"@id\":\"https:\/\/www.celttv.com.ar\/#organization\"},\"potentialAction\":[{\"@type\":\"SearchAction\",\"target\":{\"@type\":\"EntryPoint\",\"urlTemplate\":\"https:\/\/www.celttv.com.ar\/?s={search_term_string}\"},\"query-input\":\"required name=search_term_string\"}],\"inLanguage\":\"es\"},{\"@type\":\"Organization\",\"@id\":\"https:\/\/www.celttv.com.ar\/#organization\",\"name\":\"CELTTV\",\"url\":\"https:\/\/www.celttv.com.ar\/\",\"sameAs\":[\"https:\/\/www.youtube.com\/channel\/UCz_oIt8Hig64Ub-EmcNPIhg\",\"https:\/\/www.facebook.com\/celtTV\/\"],\"logo\":{\"@type\":\"ImageObject\",\"inLanguage\":\"es\",\"@id\":\"https:\/\/www.celttv.com.ar\/#\/schema\/logo\/image\/\",\"url\":\"http:\/\/www.celttv.com.ar\/wp-content\/uploads\/2022\/08\/logo-1.png\",\"contentUrl\":\"http:\/\/www.celttv.com.ar\/wp-content\/uploads\/2022\/08\/logo-1.png\",\"width\":461,\"height\":159,\"caption\":\"CELTTV\"},\"image\":{\"@id\":\"https:\/\/www.celttv.com.ar\/#\/schema\/logo\/image\/\"}},{\"@type\":\"Person\",\"@id\":\"https:\/\/www.celttv.com.ar\/#\/schema\/person\/6d99c072dba59953809c81446e9d0ace\",\"name\":\"ulises\",\"image\":{\"@type\":\"ImageObject\",\"inLanguage\":\"es\",\"@id\":\"https:\/\/www.celttv.com.ar\/#\/schema\/person\/image\/\",\"url\":\"https:\/\/secure.gravatar.com\/avatar\/7f2c48bdc33b30088f941fb6082e555f2874c98e20cb159d7b92b50eadfce793?s=96&d=mm&r=g\",\"contentUrl\":\"https:\/\/secure.gravatar.com\/avatar\/7f2c48bdc33b30088f941fb6082e555f2874c98e20cb159d7b92b50eadfce793?s=96&d=mm&r=g\",\"caption\":\"ulises\"},\"sameAs\":[\"http:\/\/www.celttv.com.ar\"]}]}<\/script>\n<!-- \/ Yoast SEO plugin. -->","yoast_head_json":{"title":"EL PERIODISTA ALEJANDRO APO Y EL \"TURCO\" SANJURJO EN SIERRA DE LA VENTANA Y EN DIALOGO CON MAGAZINE SPORT (video entrevistas) - CELTTV","description":"Sitio web de noticias de la localidad de Tornquist, provincia de Buenos Aires, Rep\u00fablica Argentina. Contenido propio originado por periodistas de CELTTV, el canal de TV local de la Cooperativa El\u00e9ctrica de Tornquist. Turismo, Pol\u00edtica, Sociedad, Deporte, Cultura y todo el contenido de inter\u00e9s general que la gente del pueblo y la regi\u00f3n debe conocer.","robots":{"index":"index","follow":"follow","max-snippet":"max-snippet:-1","max-image-preview":"max-image-preview:large","max-video-preview":"max-video-preview:-1"},"canonical":"https:\/\/www.celttv.com.ar\/index.php\/2011\/11\/26\/el-periodista-alejandro-apo-y-el-turco-sanjurjo-en-sierra-de-la-ventana-y-en-dialogo-con-magazine-sport-video-entrevistas\/","og_locale":"es_ES","og_type":"article","og_title":"EL PERIODISTA ALEJANDRO APO Y EL \"TURCO\" SANJURJO EN SIERRA DE LA VENTANA Y EN DIALOGO CON MAGAZINE SPORT (video entrevistas) - CELTTV","og_description":"Sitio web de noticias de la localidad de Tornquist, provincia de Buenos Aires, Rep\u00fablica Argentina. Contenido propio originado por periodistas de CELTTV, el canal de TV local de la Cooperativa El\u00e9ctrica de Tornquist. Turismo, Pol\u00edtica, Sociedad, Deporte, Cultura y todo el contenido de inter\u00e9s general que la gente del pueblo y la regi\u00f3n debe conocer.","og_url":"https:\/\/www.celttv.com.ar\/index.php\/2011\/11\/26\/el-periodista-alejandro-apo-y-el-turco-sanjurjo-en-sierra-de-la-ventana-y-en-dialogo-con-magazine-sport-video-entrevistas\/","og_site_name":"CELTTV","article_publisher":"https:\/\/www.facebook.com\/celtTV\/","article_published_time":"2011-11-26T18:01:25+00:00","og_image":[{"url":"http:\/\/www.tvcnoticias.com.ar\/wp-content\/uploads\/2011\/11\/ALEJANDRO-APO-Small.jpg"}],"author":"ulises","twitter_card":"summary_large_image","twitter_misc":{"Escrito por":"ulises","Tiempo de lectura":"1 minuto"},"schema":{"@context":"https:\/\/schema.org","@graph":[{"@type":"NewsArticle","@id":"https:\/\/www.celttv.com.ar\/index.php\/2011\/11\/26\/el-periodista-alejandro-apo-y-el-turco-sanjurjo-en-sierra-de-la-ventana-y-en-dialogo-con-magazine-sport-video-entrevistas\/#article","isPartOf":{"@id":"https:\/\/www.celttv.com.ar\/index.php\/2011\/11\/26\/el-periodista-alejandro-apo-y-el-turco-sanjurjo-en-sierra-de-la-ventana-y-en-dialogo-con-magazine-sport-video-entrevistas\/"},"author":{"name":"ulises","@id":"https:\/\/www.celttv.com.ar\/#\/schema\/person\/6d99c072dba59953809c81446e9d0ace"},"headline":"EL PERIODISTA ALEJANDRO APO Y EL &#8220;TURCO&#8221; SANJURJO EN SIERRA DE LA VENTANA Y EN DIALOGO CON MAGAZINE SPORT (video entrevistas)","datePublished":"2011-11-26T18:01:25+00:00","dateModified":"2011-11-26T18:01:25+00:00","mainEntityOfPage":{"@id":"https:\/\/www.celttv.com.ar\/index.php\/2011\/11\/26\/el-periodista-alejandro-apo-y-el-turco-sanjurjo-en-sierra-de-la-ventana-y-en-dialogo-con-magazine-sport-video-entrevistas\/"},"wordCount":265,"publisher":{"@id":"https:\/\/www.celttv.com.ar\/#organization"},"articleSection":["Deporte","Destacadas","Espect\u00e1culos","Videos Destacados"],"inLanguage":"es"},{"@type":"WebPage","@id":"https:\/\/www.celttv.com.ar\/index.php\/2011\/11\/26\/el-periodista-alejandro-apo-y-el-turco-sanjurjo-en-sierra-de-la-ventana-y-en-dialogo-con-magazine-sport-video-entrevistas\/","url":"https:\/\/www.celttv.com.ar\/index.php\/2011\/11\/26\/el-periodista-alejandro-apo-y-el-turco-sanjurjo-en-sierra-de-la-ventana-y-en-dialogo-con-magazine-sport-video-entrevistas\/","name":"EL PERIODISTA ALEJANDRO APO Y EL \"TURCO\" SANJURJO EN SIERRA DE LA VENTANA Y EN DIALOGO CON MAGAZINE SPORT (video entrevistas) - CELTTV","isPartOf":{"@id":"https:\/\/www.celttv.com.ar\/#website"},"datePublished":"2011-11-26T18:01:25+00:00","dateModified":"2011-11-26T18:01:25+00:00","description":"Sitio web de noticias de la localidad de Tornquist, provincia de Buenos Aires, Rep\u00fablica Argentina. Contenido propio originado por periodistas de CELTTV, el canal de TV local de la Cooperativa El\u00e9ctrica de Tornquist. Turismo, Pol\u00edtica, Sociedad, Deporte, Cultura y todo el contenido de inter\u00e9s general que la gente del pueblo y la regi\u00f3n debe conocer.","breadcrumb":{"@id":"https:\/\/www.celttv.com.ar\/index.php\/2011\/11\/26\/el-periodista-alejandro-apo-y-el-turco-sanjurjo-en-sierra-de-la-ventana-y-en-dialogo-con-magazine-sport-video-entrevistas\/#breadcrumb"},"inLanguage":"es","potentialAction":[{"@type":"ReadAction","target":["https:\/\/www.celttv.com.ar\/index.php\/2011\/11\/26\/el-periodista-alejandro-apo-y-el-turco-sanjurjo-en-sierra-de-la-ventana-y-en-dialogo-con-magazine-sport-video-entrevistas\/"]}]},{"@type":"BreadcrumbList","@id":"https:\/\/www.celttv.com.ar\/index.php\/2011\/11\/26\/el-periodista-alejandro-apo-y-el-turco-sanjurjo-en-sierra-de-la-ventana-y-en-dialogo-con-magazine-sport-video-entrevistas\/#breadcrumb","itemListElement":[{"@type":"ListItem","position":1,"name":"Inicio","item":"https:\/\/www.celttv.com.ar\/"},{"@type":"ListItem","position":2,"name":"EL PERIODISTA ALEJANDRO APO Y EL &#8220;TURCO&#8221; SANJURJO EN SIERRA DE LA VENTANA Y EN DIALOGO CON MAGAZINE SPORT (video entrevistas)"}]},{"@type":"WebSite","@id":"https:\/\/www.celttv.com.ar\/#website","url":"https:\/\/www.celttv.com.ar\/","name":"CELTTV","description":"Cooperativa El\u00e9ctrica de Tornquist","publisher":{"@id":"https:\/\/www.celttv.com.ar\/#organization"},"potentialAction":[{"@type":"SearchAction","target":{"@type":"EntryPoint","urlTemplate":"https:\/\/www.celttv.com.ar\/?s={search_term_string}"},"query-input":"required name=search_term_string"}],"inLanguage":"es"},{"@type":"Organization","@id":"https:\/\/www.celttv.com.ar\/#organization","name":"CELTTV","url":"https:\/\/www.celttv.com.ar\/","sameAs":["https:\/\/www.youtube.com\/channel\/UCz_oIt8Hig64Ub-EmcNPIhg","https:\/\/www.facebook.com\/celtTV\/"],"logo":{"@type":"ImageObject","inLanguage":"es","@id":"https:\/\/www.celttv.com.ar\/#\/schema\/logo\/image\/","url":"http:\/\/www.celttv.com.ar\/wp-content\/uploads\/2022\/08\/logo-1.png","contentUrl":"http:\/\/www.celttv.com.ar\/wp-content\/uploads\/2022\/08\/logo-1.png","width":461,"height":159,"caption":"CELTTV"},"image":{"@id":"https:\/\/www.celttv.com.ar\/#\/schema\/logo\/image\/"}},{"@type":"Person","@id":"https:\/\/www.celttv.com.ar\/#\/schema\/person\/6d99c072dba59953809c81446e9d0ace","name":"ulises","image":{"@type":"ImageObject","inLanguage":"es","@id":"https:\/\/www.celttv.com.ar\/#\/schema\/person\/image\/","url":"https:\/\/secure.gravatar.com\/avatar\/7f2c48bdc33b30088f941fb6082e555f2874c98e20cb159d7b92b50eadfce793?s=96&d=mm&r=g","contentUrl":"https:\/\/secure.gravatar.com\/avatar\/7f2c48bdc33b30088f941fb6082e555f2874c98e20cb159d7b92b50eadfce793?s=96&d=mm&r=g","caption":"ulises"},"sameAs":["http:\/\/www.celttv.com.ar"]}]}},"_links":{"self":[{"href":"https:\/\/www.celttv.com.ar\/index.php\/wp-json\/wp\/v2\/posts\/3395","targetHints":{"allow":["GET"]}}],"collection":[{"href":"https:\/\/www.celttv.com.ar\/index.php\/wp-json\/wp\/v2\/posts"}],"about":[{"href":"https:\/\/www.celttv.com.ar\/index.php\/wp-json\/wp\/v2\/types\/post"}],"author":[{"embeddable":true,"href":"https:\/\/www.celttv.com.ar\/index.php\/wp-json\/wp\/v2\/users\/1"}],"replies":[{"embeddable":true,"href":"https:\/\/www.celttv.com.ar\/index.php\/wp-json\/wp\/v2\/comments?post=3395"}],"version-history":[{"count":0,"href":"https:\/\/www.celttv.com.ar\/index.php\/wp-json\/wp\/v2\/posts\/3395\/revisions"}],"wp:attachment":[{"href":"https:\/\/www.celttv.com.ar\/index.php\/wp-json\/wp\/v2\/media?parent=3395"}],"wp:term":[{"taxonomy":"category","embeddable":true,"href":"https:\/\/www.celttv.com.ar\/index.php\/wp-json\/wp\/v2\/categories?post=3395"},{"taxonomy":"post_tag","embeddable":true,"href":"https:\/\/www.celttv.com.ar\/index.php\/wp-json\/wp\/v2\/tags?post=3395"}],"curies":[{"name":"wp","href":"https:\/\/api.w.org\/{rel}","templated":true}]}}