{"id":33964,"date":"2017-09-21T19:33:20","date_gmt":"2017-09-21T19:33:20","guid":{"rendered":"http:\/\/www.tvcnoticias.com.ar\/?p=33964"},"modified":"2017-09-21T19:33:20","modified_gmt":"2017-09-21T19:33:20","slug":"se-presento-la-primera-etapa-del-proyecto-medicion-de-huella-de-carbono","status":"publish","type":"post","link":"https:\/\/www.celttv.com.ar\/index.php\/2017\/09\/21\/se-presento-la-primera-etapa-del-proyecto-medicion-de-huella-de-carbono\/","title":{"rendered":"Se present\u00f3 la  primera etapa del proyecto \u201cMedici\u00f3n de Huella de carbono\u201d"},"content":{"rendered":"<p><a href=\"http:\/\/www.observadorserrano.com.ar\/shop\/detallenot.asp?notid=2119%20\">videos y notas aqui<\/a><\/p>\n<p>Una nueva y concreta acci\u00f3n sum\u00f3 el municipio  en beneficio del medio ambiente: el desarrollo de la \u201cHuella de Carbono\u201d, una herramienta que permite conocer cu\u00e1l es el impacto de nuestra actividad en el ambiente.<br \/>\nContar con dicha informaci\u00f3n posibilita el desarrollo de pol\u00edticas espec\u00edficas para su reducci\u00f3n.<br \/>\nEl pasado martes 19,  se llev\u00f3 a cabo en la Sala de Situaciones del municipio la presentaci\u00f3n de la primera etapa del proyecto \u201cMedici\u00f3n de Huella de carbono\u201d realizado por el Grupo de Estudios en Ingenier\u00eda Ambiental (GEIA) de la Universidad Tecnol\u00f3gica Nacional, en el marco del convenio firmado con este municipio. Esta iniciativa surgi\u00f3 a trav\u00e9s de Enrique Moreno, asesor de la Cooperativa Obrera, quien present\u00f3 la propuesta al municipio.<br \/>\nLos gases de efecto invernadero (GEI) surgidos de actividades humanas<br \/>\n(agropecuarias, ganaderas, industriales, etc.) generan mayores emisiones de GEI, lo que aumenta el efecto invernadero provocando el cambio clim\u00e1tico y sus consecuencias.<br \/>\nMelisa Herrada, responsable del \u00e1rea de Medio Ambiente municipal expres\u00f3: \u201cEste es el comienzo de un gran trabajo. Ac\u00e1 se muestra la problem\u00e1tica, y hay que empezar a buscar soluciones. Pero, para conocer el problema y empezar a trabajar, primero hay que saber el n\u00famero de lo que realmente emite\u201d.<br \/>\nAloma Sartor, ingeniera y docente de la UTN, indic\u00f3 que \u201cel desaf\u00edo es tener un diagn\u00f3stico y ver a donde vale la pena la estrategia para mejorar las acciones de los planes. Los residuos son una fracci\u00f3n importante de generaci\u00f3n de emisiones y hay que tratar de mejorar su gesti\u00f3n recuperando elementos que no vayan a parar a los basurales. Tambi\u00e9n el consumo el\u00e9ctrico es muy importante en el impacto, ya que todav\u00eda tenemos una matriz energ\u00e9tica basada en recursos no renovables. Por eso debemos trabajar en eficiencia-consciencia energ\u00e9tica y cambiar, por ejemplo, las tecnolog\u00edas de iluminaci\u00f3n p\u00fablica\u201d.<br \/>\n<div id='gallery_1' class='gallery galleryid-33964 gallery-columns-3 gallery-size-thumbnail'><figure class='gallery-item'>\n            <div class='gallery-icon landscape'>\n                <a href='https:\/\/www.celttv.com.ar\/wp-content\/uploads\/2017\/09\/DSC_0149-1600x1200-1.jpg'><img loading=\"lazy\" decoding=\"async\" width=\"150\" height=\"150\" src=\"\" class=\"attachment-thumbnail size-thumbnail lazyload\" alt=\"\" data-src=\"https:\/\/www.celttv.com.ar\/wp-content\/uploads\/2017\/09\/DSC_0149-1600x1200-1-150x150.jpg\" data-sizes=\"auto\" data-srcset=\"https:\/\/www.celttv.com.ar\/wp-content\/uploads\/2017\/09\/DSC_0149-1600x1200-1-150x150.jpg 150w, https:\/\/www.celttv.com.ar\/wp-content\/uploads\/2017\/09\/DSC_0149-1600x1200-1-75x75.jpg 75w\" data-expand=\"700\" \/><\/a>\n            <\/div><\/figure><figure class='gallery-item'>\n            <div class='gallery-icon landscape'>\n                <a href='https:\/\/www.celttv.com.ar\/wp-content\/uploads\/2017\/09\/DSC_0151-1600x1200-1.jpg'><img loading=\"lazy\" decoding=\"async\" width=\"150\" height=\"150\" src=\"\" class=\"attachment-thumbnail size-thumbnail lazyload\" alt=\"\" data-src=\"https:\/\/www.celttv.com.ar\/wp-content\/uploads\/2017\/09\/DSC_0151-1600x1200-1-150x150.jpg\" data-sizes=\"auto\" data-srcset=\"https:\/\/www.celttv.com.ar\/wp-content\/uploads\/2017\/09\/DSC_0151-1600x1200-1-150x150.jpg 150w, https:\/\/www.celttv.com.ar\/wp-content\/uploads\/2017\/09\/DSC_0151-1600x1200-1-75x75.jpg 75w\" data-expand=\"700\" \/><\/a>\n            <\/div><\/figure><figure class='gallery-item'>\n            <div class='gallery-icon landscape'>\n                <a href='https:\/\/www.celttv.com.ar\/wp-content\/uploads\/2017\/09\/DSC_0153-1600x1200-1.jpg'><img loading=\"lazy\" decoding=\"async\" width=\"150\" height=\"150\" src=\"\" class=\"attachment-thumbnail size-thumbnail lazyload\" alt=\"\" data-src=\"https:\/\/www.celttv.com.ar\/wp-content\/uploads\/2017\/09\/DSC_0153-1600x1200-1-150x150.jpg\" data-sizes=\"auto\" data-srcset=\"https:\/\/www.celttv.com.ar\/wp-content\/uploads\/2017\/09\/DSC_0153-1600x1200-1-150x150.jpg 150w, https:\/\/www.celttv.com.ar\/wp-content\/uploads\/2017\/09\/DSC_0153-1600x1200-1-75x75.jpg 75w\" data-expand=\"700\" \/><\/a>\n            <\/div><\/figure><br style=\"clear: both\" \/><figure class='gallery-item'>\n            <div class='gallery-icon landscape'>\n                <a href='https:\/\/www.celttv.com.ar\/wp-content\/uploads\/2017\/09\/DSC_0162-1600x1200-1.jpg'><img loading=\"lazy\" decoding=\"async\" width=\"150\" height=\"150\" src=\"\" class=\"attachment-thumbnail size-thumbnail lazyload\" alt=\"\" data-src=\"https:\/\/www.celttv.com.ar\/wp-content\/uploads\/2017\/09\/DSC_0162-1600x1200-1-150x150.jpg\" data-sizes=\"auto\" data-srcset=\"https:\/\/www.celttv.com.ar\/wp-content\/uploads\/2017\/09\/DSC_0162-1600x1200-1-150x150.jpg 150w, https:\/\/www.celttv.com.ar\/wp-content\/uploads\/2017\/09\/DSC_0162-1600x1200-1-75x75.jpg 75w\" data-expand=\"700\" \/><\/a>\n            <\/div><\/figure><figure class='gallery-item'>\n            <div class='gallery-icon landscape'>\n                <a href='https:\/\/www.celttv.com.ar\/wp-content\/uploads\/2017\/09\/DSC_0163-1600x1200-1.jpg'><img loading=\"lazy\" decoding=\"async\" width=\"150\" height=\"150\" src=\"\" class=\"attachment-thumbnail size-thumbnail lazyload\" alt=\"\" data-src=\"https:\/\/www.celttv.com.ar\/wp-content\/uploads\/2017\/09\/DSC_0163-1600x1200-1-150x150.jpg\" data-sizes=\"auto\" data-srcset=\"https:\/\/www.celttv.com.ar\/wp-content\/uploads\/2017\/09\/DSC_0163-1600x1200-1-150x150.jpg 150w, https:\/\/www.celttv.com.ar\/wp-content\/uploads\/2017\/09\/DSC_0163-1600x1200-1-75x75.jpg 75w\" data-expand=\"700\" \/><\/a>\n            <\/div><\/figure><figure class='gallery-item'>\n            <div class='gallery-icon landscape'>\n                <a href='https:\/\/www.celttv.com.ar\/wp-content\/uploads\/2017\/09\/DSC_0170-1600x1200-1.jpg'><img loading=\"lazy\" decoding=\"async\" width=\"150\" height=\"150\" src=\"\" class=\"attachment-thumbnail size-thumbnail lazyload\" alt=\"\" data-src=\"https:\/\/www.celttv.com.ar\/wp-content\/uploads\/2017\/09\/DSC_0170-1600x1200-1-150x150.jpg\" data-sizes=\"auto\" data-srcset=\"https:\/\/www.celttv.com.ar\/wp-content\/uploads\/2017\/09\/DSC_0170-1600x1200-1-150x150.jpg 150w, https:\/\/www.celttv.com.ar\/wp-content\/uploads\/2017\/09\/DSC_0170-1600x1200-1-75x75.jpg 75w\" data-expand=\"700\" \/><\/a>\n            <\/div><\/figure><br style=\"clear: both\" \/><figure class='gallery-item'>\n            <div class='gallery-icon landscape'>\n                <a href='https:\/\/www.celttv.com.ar\/wp-content\/uploads\/2017\/09\/DSC_0171-1600x1200-1.jpg'><img loading=\"lazy\" decoding=\"async\" width=\"150\" height=\"150\" src=\"\" class=\"attachment-thumbnail size-thumbnail lazyload\" alt=\"\" data-src=\"https:\/\/www.celttv.com.ar\/wp-content\/uploads\/2017\/09\/DSC_0171-1600x1200-1-150x150.jpg\" data-sizes=\"auto\" data-srcset=\"https:\/\/www.celttv.com.ar\/wp-content\/uploads\/2017\/09\/DSC_0171-1600x1200-1-150x150.jpg 150w, https:\/\/www.celttv.com.ar\/wp-content\/uploads\/2017\/09\/DSC_0171-1600x1200-1-75x75.jpg 75w\" data-expand=\"700\" \/><\/a>\n            <\/div><\/figure><figure class='gallery-item'>\n            <div class='gallery-icon landscape'>\n                <a href='https:\/\/www.celttv.com.ar\/wp-content\/uploads\/2017\/09\/DSC_0172-1600x1200-1.jpg'><img loading=\"lazy\" decoding=\"async\" width=\"150\" height=\"150\" src=\"\" class=\"attachment-thumbnail size-thumbnail lazyload\" alt=\"\" data-src=\"https:\/\/www.celttv.com.ar\/wp-content\/uploads\/2017\/09\/DSC_0172-1600x1200-1-150x150.jpg\" data-sizes=\"auto\" data-srcset=\"https:\/\/www.celttv.com.ar\/wp-content\/uploads\/2017\/09\/DSC_0172-1600x1200-1-150x150.jpg 150w, https:\/\/www.celttv.com.ar\/wp-content\/uploads\/2017\/09\/DSC_0172-1600x1200-1-75x75.jpg 75w\" data-expand=\"700\" \/><\/a>\n            <\/div><\/figure><figure class='gallery-item'>\n            <div class='gallery-icon landscape'>\n                <a href='https:\/\/www.celttv.com.ar\/wp-content\/uploads\/2017\/09\/DSC_0173-1600x1200-1.jpg'><img loading=\"lazy\" decoding=\"async\" width=\"150\" height=\"150\" src=\"\" class=\"attachment-thumbnail size-thumbnail lazyload\" alt=\"\" data-src=\"https:\/\/www.celttv.com.ar\/wp-content\/uploads\/2017\/09\/DSC_0173-1600x1200-1-150x150.jpg\" data-sizes=\"auto\" data-srcset=\"https:\/\/www.celttv.com.ar\/wp-content\/uploads\/2017\/09\/DSC_0173-1600x1200-1-150x150.jpg 150w, https:\/\/www.celttv.com.ar\/wp-content\/uploads\/2017\/09\/DSC_0173-1600x1200-1-75x75.jpg 75w\" data-expand=\"700\" \/><\/a>\n            <\/div><\/figure><br style=\"clear: both\" \/><figure class='gallery-item'>\n            <div class='gallery-icon landscape'>\n                <a href='https:\/\/www.celttv.com.ar\/wp-content\/uploads\/2017\/09\/HUELLA-1.jpeg'><img loading=\"lazy\" decoding=\"async\" width=\"150\" height=\"150\" src=\"\" class=\"attachment-thumbnail size-thumbnail lazyload\" alt=\"\" data-src=\"https:\/\/www.celttv.com.ar\/wp-content\/uploads\/2017\/09\/HUELLA-1-150x150.jpeg\" data-sizes=\"auto\" data-srcset=\"https:\/\/www.celttv.com.ar\/wp-content\/uploads\/2017\/09\/HUELLA-1-150x150.jpeg 150w, https:\/\/www.celttv.com.ar\/wp-content\/uploads\/2017\/09\/HUELLA-1-75x75.jpeg 75w\" data-expand=\"700\" \/><\/a>\n            <\/div><\/figure><figure class='gallery-item'>\n            <div class='gallery-icon landscape'>\n                <a href='https:\/\/www.celttv.com.ar\/wp-content\/uploads\/2017\/09\/HUELLA-ALOMA.jpg'><img loading=\"lazy\" decoding=\"async\" width=\"150\" height=\"150\" src=\"\" class=\"attachment-thumbnail size-thumbnail lazyload\" alt=\"\" data-src=\"https:\/\/www.celttv.com.ar\/wp-content\/uploads\/2017\/09\/HUELLA-ALOMA-150x150.jpg\" data-sizes=\"auto\" data-srcset=\"https:\/\/www.celttv.com.ar\/wp-content\/uploads\/2017\/09\/HUELLA-ALOMA-150x150.jpg 150w, https:\/\/www.celttv.com.ar\/wp-content\/uploads\/2017\/09\/HUELLA-ALOMA-75x75.jpg 75w\" data-expand=\"700\" \/><\/a>\n            <\/div><\/figure><figure class='gallery-item'>\n            <div class='gallery-icon landscape'>\n                <a href='https:\/\/www.celttv.com.ar\/wp-content\/uploads\/2017\/09\/HUELLA-MARCACCIO.jpg'><img loading=\"lazy\" decoding=\"async\" width=\"150\" height=\"150\" src=\"\" class=\"attachment-thumbnail size-thumbnail lazyload\" alt=\"\" data-src=\"https:\/\/www.celttv.com.ar\/wp-content\/uploads\/2017\/09\/HUELLA-MARCACCIO-150x150.jpg\" data-sizes=\"auto\" data-srcset=\"https:\/\/www.celttv.com.ar\/wp-content\/uploads\/2017\/09\/HUELLA-MARCACCIO-150x150.jpg 150w, https:\/\/www.celttv.com.ar\/wp-content\/uploads\/2017\/09\/HUELLA-MARCACCIO-75x75.jpg 75w\" data-expand=\"700\" \/><\/a>\n            <\/div><\/figure><br style=\"clear: both\" \/><figure class='gallery-item'>\n            <div class='gallery-icon landscape'>\n                <a href='https:\/\/www.celttv.com.ar\/wp-content\/uploads\/2017\/09\/HUELLA-MELISA.jpg'><img loading=\"lazy\" decoding=\"async\" width=\"150\" height=\"150\" src=\"\" class=\"attachment-thumbnail size-thumbnail lazyload\" alt=\"\" data-src=\"https:\/\/www.celttv.com.ar\/wp-content\/uploads\/2017\/09\/HUELLA-MELISA-150x150.jpg\" data-sizes=\"auto\" data-srcset=\"https:\/\/www.celttv.com.ar\/wp-content\/uploads\/2017\/09\/HUELLA-MELISA-150x150.jpg 150w, https:\/\/www.celttv.com.ar\/wp-content\/uploads\/2017\/09\/HUELLA-MELISA-75x75.jpg 75w\" data-expand=\"700\" \/><\/a>\n            <\/div><\/figure><figure class='gallery-item'>\n            <div class='gallery-icon landscape'>\n                <a href='https:\/\/www.celttv.com.ar\/wp-content\/uploads\/2017\/09\/HUELLA-MORENO.jpg'><img loading=\"lazy\" decoding=\"async\" width=\"150\" height=\"150\" src=\"\" class=\"attachment-thumbnail size-thumbnail lazyload\" alt=\"\" data-src=\"https:\/\/www.celttv.com.ar\/wp-content\/uploads\/2017\/09\/HUELLA-MORENO-150x150.jpg\" data-sizes=\"auto\" data-srcset=\"https:\/\/www.celttv.com.ar\/wp-content\/uploads\/2017\/09\/HUELLA-MORENO-150x150.jpg 150w, https:\/\/www.celttv.com.ar\/wp-content\/uploads\/2017\/09\/HUELLA-MORENO-75x75.jpg 75w\" data-expand=\"700\" \/><\/a>\n            <\/div><\/figure><figure class='gallery-item'>\n            <div class='gallery-icon landscape'>\n                <a href='https:\/\/www.celttv.com.ar\/wp-content\/uploads\/2017\/09\/HUELLA-NEGRO.jpg'><img loading=\"lazy\" decoding=\"async\" width=\"150\" height=\"150\" src=\"\" class=\"attachment-thumbnail size-thumbnail lazyload\" alt=\"\" data-src=\"https:\/\/www.celttv.com.ar\/wp-content\/uploads\/2017\/09\/HUELLA-NEGRO-150x150.jpg\" data-sizes=\"auto\" data-srcset=\"https:\/\/www.celttv.com.ar\/wp-content\/uploads\/2017\/09\/HUELLA-NEGRO-150x150.jpg 150w, https:\/\/www.celttv.com.ar\/wp-content\/uploads\/2017\/09\/HUELLA-NEGRO-75x75.jpg 75w\" data-expand=\"700\" \/><\/a>\n            <\/div><\/figure><br style=\"clear: both\" \/><figure class='gallery-item'>\n            <div class='gallery-icon landscape'>\n                <a href='https:\/\/www.celttv.com.ar\/wp-content\/uploads\/2017\/09\/WhatsApp-Image-2017-09-21-at-10.11.16-AM-1.jpeg'><img loading=\"lazy\" decoding=\"async\" width=\"150\" height=\"150\" src=\"\" class=\"attachment-thumbnail size-thumbnail lazyload\" alt=\"\" data-src=\"https:\/\/www.celttv.com.ar\/wp-content\/uploads\/2017\/09\/WhatsApp-Image-2017-09-21-at-10.11.16-AM-1-150x150.jpeg\" data-sizes=\"auto\" data-srcset=\"https:\/\/www.celttv.com.ar\/wp-content\/uploads\/2017\/09\/WhatsApp-Image-2017-09-21-at-10.11.16-AM-1-150x150.jpeg 150w, https:\/\/www.celttv.com.ar\/wp-content\/uploads\/2017\/09\/WhatsApp-Image-2017-09-21-at-10.11.16-AM-1-75x75.jpeg 75w\" data-expand=\"700\" \/><\/a>\n            <\/div><\/figure><figure class='gallery-item'>\n            <div class='gallery-icon landscape'>\n                <a href='https:\/\/www.celttv.com.ar\/wp-content\/uploads\/2017\/09\/WhatsApp-Image-2017-09-21-at-10.11.16-AM.jpeg'><img loading=\"lazy\" decoding=\"async\" width=\"150\" height=\"150\" src=\"\" class=\"attachment-thumbnail size-thumbnail lazyload\" alt=\"\" data-src=\"https:\/\/www.celttv.com.ar\/wp-content\/uploads\/2017\/09\/WhatsApp-Image-2017-09-21-at-10.11.16-AM-150x150.jpeg\" data-sizes=\"auto\" data-srcset=\"https:\/\/www.celttv.com.ar\/wp-content\/uploads\/2017\/09\/WhatsApp-Image-2017-09-21-at-10.11.16-AM-150x150.jpeg 150w, https:\/\/www.celttv.com.ar\/wp-content\/uploads\/2017\/09\/WhatsApp-Image-2017-09-21-at-10.11.16-AM-75x75.jpeg 75w\" data-expand=\"700\" \/><\/a>\n            <\/div><\/figure><figure class='gallery-item'>\n            <div class='gallery-icon landscape'>\n                <a href='https:\/\/www.celttv.com.ar\/wp-content\/uploads\/2017\/09\/WhatsApp-Image-2017-09-21-at-10.11.17-AM-1.jpeg'><img loading=\"lazy\" decoding=\"async\" width=\"150\" height=\"150\" src=\"\" class=\"attachment-thumbnail size-thumbnail lazyload\" alt=\"\" data-src=\"https:\/\/www.celttv.com.ar\/wp-content\/uploads\/2017\/09\/WhatsApp-Image-2017-09-21-at-10.11.17-AM-1-150x150.jpeg\" data-sizes=\"auto\" data-srcset=\"https:\/\/www.celttv.com.ar\/wp-content\/uploads\/2017\/09\/WhatsApp-Image-2017-09-21-at-10.11.17-AM-1-150x150.jpeg 150w, https:\/\/www.celttv.com.ar\/wp-content\/uploads\/2017\/09\/WhatsApp-Image-2017-09-21-at-10.11.17-AM-1-75x75.jpeg 75w\" data-expand=\"700\" \/><\/a>\n            <\/div><\/figure><br style=\"clear: both\" \/><figure class='gallery-item'>\n            <div class='gallery-icon landscape'>\n                <a href='https:\/\/www.celttv.com.ar\/wp-content\/uploads\/2017\/09\/WhatsApp-Image-2017-09-21-at-10.11.17-AM.jpeg'><img loading=\"lazy\" decoding=\"async\" width=\"150\" height=\"150\" src=\"\" class=\"attachment-thumbnail size-thumbnail lazyload\" alt=\"\" data-src=\"https:\/\/www.celttv.com.ar\/wp-content\/uploads\/2017\/09\/WhatsApp-Image-2017-09-21-at-10.11.17-AM-150x150.jpeg\" data-sizes=\"auto\" data-srcset=\"https:\/\/www.celttv.com.ar\/wp-content\/uploads\/2017\/09\/WhatsApp-Image-2017-09-21-at-10.11.17-AM-150x150.jpeg 150w, https:\/\/www.celttv.com.ar\/wp-content\/uploads\/2017\/09\/WhatsApp-Image-2017-09-21-at-10.11.17-AM-75x75.jpeg 75w\" data-expand=\"700\" \/><\/a>\n            <\/div><\/figure><figure class='gallery-item'>\n            <div class='gallery-icon landscape'>\n                <a href='https:\/\/www.celttv.com.ar\/wp-content\/uploads\/2017\/09\/WhatsApp-Image-2017-09-21-at-10.11.18-AM-1.jpeg'><img loading=\"lazy\" decoding=\"async\" width=\"150\" height=\"150\" src=\"\" class=\"attachment-thumbnail size-thumbnail lazyload\" alt=\"\" data-src=\"https:\/\/www.celttv.com.ar\/wp-content\/uploads\/2017\/09\/WhatsApp-Image-2017-09-21-at-10.11.18-AM-1-150x150.jpeg\" data-sizes=\"auto\" data-srcset=\"https:\/\/www.celttv.com.ar\/wp-content\/uploads\/2017\/09\/WhatsApp-Image-2017-09-21-at-10.11.18-AM-1-150x150.jpeg 150w, https:\/\/www.celttv.com.ar\/wp-content\/uploads\/2017\/09\/WhatsApp-Image-2017-09-21-at-10.11.18-AM-1-75x75.jpeg 75w\" data-expand=\"700\" \/><\/a>\n            <\/div><\/figure><figure class='gallery-item'>\n            <div class='gallery-icon landscape'>\n                <a href='https:\/\/www.celttv.com.ar\/wp-content\/uploads\/2017\/09\/WhatsApp-Image-2017-09-21-at-10.11.18-AM.jpeg'><img loading=\"lazy\" decoding=\"async\" width=\"150\" height=\"150\" src=\"\" class=\"attachment-thumbnail size-thumbnail lazyload\" alt=\"\" data-src=\"https:\/\/www.celttv.com.ar\/wp-content\/uploads\/2017\/09\/WhatsApp-Image-2017-09-21-at-10.11.18-AM-150x150.jpeg\" data-sizes=\"auto\" data-srcset=\"https:\/\/www.celttv.com.ar\/wp-content\/uploads\/2017\/09\/WhatsApp-Image-2017-09-21-at-10.11.18-AM-150x150.jpeg 150w, https:\/\/www.celttv.com.ar\/wp-content\/uploads\/2017\/09\/WhatsApp-Image-2017-09-21-at-10.11.18-AM-75x75.jpeg 75w\" data-expand=\"700\" \/><\/a>\n            <\/div><\/figure><br style=\"clear: both\" \/>\n        <\/div>\n","protected":false},"excerpt":{"rendered":"<p>videos y notas aqui Una nueva y concreta acci\u00f3n sum\u00f3 el municipio en beneficio del medio ambiente: el desarrollo de la \u201cHuella de Carbono\u201d, una herramienta que permite conocer cu\u00e1l es el impacto de nuestra actividad en el ambiente. Contar con dicha informaci\u00f3n posibilita el desarrollo de pol\u00edticas espec\u00edficas para su reducci\u00f3n. El pasado martes [&hellip;]<\/p>\n","protected":false},"author":1,"featured_media":33985,"comment_status":"closed","ping_status":"open","sticky":false,"template":"","format":"standard","meta":{"footnotes":""},"categories":[51,52,59],"tags":[],"class_list":["post-33964","post","type-post","status-publish","format-standard","has-post-thumbnail","hentry","category-comunidad","category-destacadas","category-municipales"],"yoast_head":"<!-- This site is optimized with the Yoast SEO plugin v19.7.1 - https:\/\/yoast.com\/wordpress\/plugins\/seo\/ -->\n<title>Se present\u00f3 la primera etapa del proyecto \u201cMedici\u00f3n de Huella de carbono\u201d - CELTTV<\/title>\n<meta name=\"description\" content=\"Sitio web de noticias de la localidad de Tornquist, provincia de Buenos Aires, Rep\u00fablica Argentina. Contenido propio originado por periodistas de CELTTV, el canal de TV local de la Cooperativa El\u00e9ctrica de Tornquist. Turismo, Pol\u00edtica, Sociedad, Deporte, Cultura y todo el contenido de inter\u00e9s general que la gente del pueblo y la regi\u00f3n debe conocer.\" \/>\n<meta name=\"robots\" content=\"index, follow, max-snippet:-1, max-image-preview:large, max-video-preview:-1\" \/>\n<link rel=\"canonical\" href=\"https:\/\/www.celttv.com.ar\/index.php\/2017\/09\/21\/se-presento-la-primera-etapa-del-proyecto-medicion-de-huella-de-carbono\/\" \/>\n<meta property=\"og:locale\" content=\"es_ES\" \/>\n<meta property=\"og:type\" content=\"article\" \/>\n<meta property=\"og:title\" content=\"Se present\u00f3 la primera etapa del proyecto \u201cMedici\u00f3n de Huella de carbono\u201d - CELTTV\" \/>\n<meta property=\"og:description\" content=\"Sitio web de noticias de la localidad de Tornquist, provincia de Buenos Aires, Rep\u00fablica Argentina. Contenido propio originado por periodistas de CELTTV, el canal de TV local de la Cooperativa El\u00e9ctrica de Tornquist. Turismo, Pol\u00edtica, Sociedad, Deporte, Cultura y todo el contenido de inter\u00e9s general que la gente del pueblo y la regi\u00f3n debe conocer.\" \/>\n<meta property=\"og:url\" content=\"https:\/\/www.celttv.com.ar\/index.php\/2017\/09\/21\/se-presento-la-primera-etapa-del-proyecto-medicion-de-huella-de-carbono\/\" \/>\n<meta property=\"og:site_name\" content=\"CELTTV\" \/>\n<meta property=\"article:publisher\" content=\"https:\/\/www.facebook.com\/celtTV\/\" \/>\n<meta property=\"article:published_time\" content=\"2017-09-21T19:33:20+00:00\" \/>\n<meta property=\"og:image\" content=\"https:\/\/www.celttv.com.ar\/wp-content\/uploads\/2017\/09\/WhatsApp-Image-2017-09-21-at-10.11.18-AM.jpeg\" \/>\n\t<meta property=\"og:image:width\" content=\"1213\" \/>\n\t<meta property=\"og:image:height\" content=\"768\" \/>\n\t<meta property=\"og:image:type\" content=\"image\/jpeg\" \/>\n<meta name=\"author\" content=\"ulises\" \/>\n<meta name=\"twitter:card\" content=\"summary_large_image\" \/>\n<meta name=\"twitter:label1\" content=\"Escrito por\" \/>\n\t<meta name=\"twitter:data1\" content=\"ulises\" \/>\n\t<meta name=\"twitter:label2\" content=\"Tiempo de lectura\" \/>\n\t<meta name=\"twitter:data2\" content=\"2 minutos\" \/>\n<script type=\"application\/ld+json\" class=\"yoast-schema-graph\">{\"@context\":\"https:\/\/schema.org\",\"@graph\":[{\"@type\":\"NewsArticle\",\"@id\":\"https:\/\/www.celttv.com.ar\/index.php\/2017\/09\/21\/se-presento-la-primera-etapa-del-proyecto-medicion-de-huella-de-carbono\/#article\",\"isPartOf\":{\"@id\":\"https:\/\/www.celttv.com.ar\/index.php\/2017\/09\/21\/se-presento-la-primera-etapa-del-proyecto-medicion-de-huella-de-carbono\/\"},\"author\":{\"name\":\"ulises\",\"@id\":\"https:\/\/www.celttv.com.ar\/#\/schema\/person\/6d99c072dba59953809c81446e9d0ace\"},\"headline\":\"Se present\u00f3 la primera etapa del proyecto \u201cMedici\u00f3n de Huella de carbono\u201d\",\"datePublished\":\"2017-09-21T19:33:20+00:00\",\"dateModified\":\"2017-09-21T19:33:20+00:00\",\"mainEntityOfPage\":{\"@id\":\"https:\/\/www.celttv.com.ar\/index.php\/2017\/09\/21\/se-presento-la-primera-etapa-del-proyecto-medicion-de-huella-de-carbono\/\"},\"wordCount\":344,\"publisher\":{\"@id\":\"https:\/\/www.celttv.com.ar\/#organization\"},\"articleSection\":[\"Comunidad\",\"Destacadas\",\"Municipales\"],\"inLanguage\":\"es\"},{\"@type\":\"WebPage\",\"@id\":\"https:\/\/www.celttv.com.ar\/index.php\/2017\/09\/21\/se-presento-la-primera-etapa-del-proyecto-medicion-de-huella-de-carbono\/\",\"url\":\"https:\/\/www.celttv.com.ar\/index.php\/2017\/09\/21\/se-presento-la-primera-etapa-del-proyecto-medicion-de-huella-de-carbono\/\",\"name\":\"Se present\u00f3 la primera etapa del proyecto \u201cMedici\u00f3n de Huella de carbono\u201d - CELTTV\",\"isPartOf\":{\"@id\":\"https:\/\/www.celttv.com.ar\/#website\"},\"datePublished\":\"2017-09-21T19:33:20+00:00\",\"dateModified\":\"2017-09-21T19:33:20+00:00\",\"description\":\"Sitio web de noticias de la localidad de Tornquist, provincia de Buenos Aires, Rep\u00fablica Argentina. Contenido propio originado por periodistas de CELTTV, el canal de TV local de la Cooperativa El\u00e9ctrica de Tornquist. Turismo, Pol\u00edtica, Sociedad, Deporte, Cultura y todo el contenido de inter\u00e9s general que la gente del pueblo y la regi\u00f3n debe conocer.\",\"breadcrumb\":{\"@id\":\"https:\/\/www.celttv.com.ar\/index.php\/2017\/09\/21\/se-presento-la-primera-etapa-del-proyecto-medicion-de-huella-de-carbono\/#breadcrumb\"},\"inLanguage\":\"es\",\"potentialAction\":[{\"@type\":\"ReadAction\",\"target\":[\"https:\/\/www.celttv.com.ar\/index.php\/2017\/09\/21\/se-presento-la-primera-etapa-del-proyecto-medicion-de-huella-de-carbono\/\"]}]},{\"@type\":\"BreadcrumbList\",\"@id\":\"https:\/\/www.celttv.com.ar\/index.php\/2017\/09\/21\/se-presento-la-primera-etapa-del-proyecto-medicion-de-huella-de-carbono\/#breadcrumb\",\"itemListElement\":[{\"@type\":\"ListItem\",\"position\":1,\"name\":\"Inicio\",\"item\":\"https:\/\/www.celttv.com.ar\/\"},{\"@type\":\"ListItem\",\"position\":2,\"name\":\"Se present\u00f3 la primera etapa del proyecto \u201cMedici\u00f3n de Huella de carbono\u201d\"}]},{\"@type\":\"WebSite\",\"@id\":\"https:\/\/www.celttv.com.ar\/#website\",\"url\":\"https:\/\/www.celttv.com.ar\/\",\"name\":\"CELTTV\",\"description\":\"Cooperativa El\u00e9ctrica de Tornquist\",\"publisher\":{\"@id\":\"https:\/\/www.celttv.com.ar\/#organization\"},\"potentialAction\":[{\"@type\":\"SearchAction\",\"target\":{\"@type\":\"EntryPoint\",\"urlTemplate\":\"https:\/\/www.celttv.com.ar\/?s={search_term_string}\"},\"query-input\":\"required name=search_term_string\"}],\"inLanguage\":\"es\"},{\"@type\":\"Organization\",\"@id\":\"https:\/\/www.celttv.com.ar\/#organization\",\"name\":\"CELTTV\",\"url\":\"https:\/\/www.celttv.com.ar\/\",\"sameAs\":[\"https:\/\/www.youtube.com\/channel\/UCz_oIt8Hig64Ub-EmcNPIhg\",\"https:\/\/www.facebook.com\/celtTV\/\"],\"logo\":{\"@type\":\"ImageObject\",\"inLanguage\":\"es\",\"@id\":\"https:\/\/www.celttv.com.ar\/#\/schema\/logo\/image\/\",\"url\":\"http:\/\/www.celttv.com.ar\/wp-content\/uploads\/2022\/08\/logo-1.png\",\"contentUrl\":\"http:\/\/www.celttv.com.ar\/wp-content\/uploads\/2022\/08\/logo-1.png\",\"width\":461,\"height\":159,\"caption\":\"CELTTV\"},\"image\":{\"@id\":\"https:\/\/www.celttv.com.ar\/#\/schema\/logo\/image\/\"}},{\"@type\":\"Person\",\"@id\":\"https:\/\/www.celttv.com.ar\/#\/schema\/person\/6d99c072dba59953809c81446e9d0ace\",\"name\":\"ulises\",\"image\":{\"@type\":\"ImageObject\",\"inLanguage\":\"es\",\"@id\":\"https:\/\/www.celttv.com.ar\/#\/schema\/person\/image\/\",\"url\":\"https:\/\/secure.gravatar.com\/avatar\/7f2c48bdc33b30088f941fb6082e555f2874c98e20cb159d7b92b50eadfce793?s=96&d=mm&r=g\",\"contentUrl\":\"https:\/\/secure.gravatar.com\/avatar\/7f2c48bdc33b30088f941fb6082e555f2874c98e20cb159d7b92b50eadfce793?s=96&d=mm&r=g\",\"caption\":\"ulises\"},\"sameAs\":[\"http:\/\/www.celttv.com.ar\"]}]}<\/script>\n<!-- \/ Yoast SEO plugin. -->","yoast_head_json":{"title":"Se present\u00f3 la primera etapa del proyecto \u201cMedici\u00f3n de Huella de carbono\u201d - CELTTV","description":"Sitio web de noticias de la localidad de Tornquist, provincia de Buenos Aires, Rep\u00fablica Argentina. Contenido propio originado por periodistas de CELTTV, el canal de TV local de la Cooperativa El\u00e9ctrica de Tornquist. Turismo, Pol\u00edtica, Sociedad, Deporte, Cultura y todo el contenido de inter\u00e9s general que la gente del pueblo y la regi\u00f3n debe conocer.","robots":{"index":"index","follow":"follow","max-snippet":"max-snippet:-1","max-image-preview":"max-image-preview:large","max-video-preview":"max-video-preview:-1"},"canonical":"https:\/\/www.celttv.com.ar\/index.php\/2017\/09\/21\/se-presento-la-primera-etapa-del-proyecto-medicion-de-huella-de-carbono\/","og_locale":"es_ES","og_type":"article","og_title":"Se present\u00f3 la primera etapa del proyecto \u201cMedici\u00f3n de Huella de carbono\u201d - CELTTV","og_description":"Sitio web de noticias de la localidad de Tornquist, provincia de Buenos Aires, Rep\u00fablica Argentina. Contenido propio originado por periodistas de CELTTV, el canal de TV local de la Cooperativa El\u00e9ctrica de Tornquist. Turismo, Pol\u00edtica, Sociedad, Deporte, Cultura y todo el contenido de inter\u00e9s general que la gente del pueblo y la regi\u00f3n debe conocer.","og_url":"https:\/\/www.celttv.com.ar\/index.php\/2017\/09\/21\/se-presento-la-primera-etapa-del-proyecto-medicion-de-huella-de-carbono\/","og_site_name":"CELTTV","article_publisher":"https:\/\/www.facebook.com\/celtTV\/","article_published_time":"2017-09-21T19:33:20+00:00","og_image":[{"width":1213,"height":768,"url":"https:\/\/www.celttv.com.ar\/wp-content\/uploads\/2017\/09\/WhatsApp-Image-2017-09-21-at-10.11.18-AM.jpeg","type":"image\/jpeg"}],"author":"ulises","twitter_card":"summary_large_image","twitter_misc":{"Escrito por":"ulises","Tiempo de lectura":"2 minutos"},"schema":{"@context":"https:\/\/schema.org","@graph":[{"@type":"NewsArticle","@id":"https:\/\/www.celttv.com.ar\/index.php\/2017\/09\/21\/se-presento-la-primera-etapa-del-proyecto-medicion-de-huella-de-carbono\/#article","isPartOf":{"@id":"https:\/\/www.celttv.com.ar\/index.php\/2017\/09\/21\/se-presento-la-primera-etapa-del-proyecto-medicion-de-huella-de-carbono\/"},"author":{"name":"ulises","@id":"https:\/\/www.celttv.com.ar\/#\/schema\/person\/6d99c072dba59953809c81446e9d0ace"},"headline":"Se present\u00f3 la primera etapa del proyecto \u201cMedici\u00f3n de Huella de carbono\u201d","datePublished":"2017-09-21T19:33:20+00:00","dateModified":"2017-09-21T19:33:20+00:00","mainEntityOfPage":{"@id":"https:\/\/www.celttv.com.ar\/index.php\/2017\/09\/21\/se-presento-la-primera-etapa-del-proyecto-medicion-de-huella-de-carbono\/"},"wordCount":344,"publisher":{"@id":"https:\/\/www.celttv.com.ar\/#organization"},"articleSection":["Comunidad","Destacadas","Municipales"],"inLanguage":"es"},{"@type":"WebPage","@id":"https:\/\/www.celttv.com.ar\/index.php\/2017\/09\/21\/se-presento-la-primera-etapa-del-proyecto-medicion-de-huella-de-carbono\/","url":"https:\/\/www.celttv.com.ar\/index.php\/2017\/09\/21\/se-presento-la-primera-etapa-del-proyecto-medicion-de-huella-de-carbono\/","name":"Se present\u00f3 la primera etapa del proyecto \u201cMedici\u00f3n de Huella de carbono\u201d - CELTTV","isPartOf":{"@id":"https:\/\/www.celttv.com.ar\/#website"},"datePublished":"2017-09-21T19:33:20+00:00","dateModified":"2017-09-21T19:33:20+00:00","description":"Sitio web de noticias de la localidad de Tornquist, provincia de Buenos Aires, Rep\u00fablica Argentina. Contenido propio originado por periodistas de CELTTV, el canal de TV local de la Cooperativa El\u00e9ctrica de Tornquist. Turismo, Pol\u00edtica, Sociedad, Deporte, Cultura y todo el contenido de inter\u00e9s general que la gente del pueblo y la regi\u00f3n debe conocer.","breadcrumb":{"@id":"https:\/\/www.celttv.com.ar\/index.php\/2017\/09\/21\/se-presento-la-primera-etapa-del-proyecto-medicion-de-huella-de-carbono\/#breadcrumb"},"inLanguage":"es","potentialAction":[{"@type":"ReadAction","target":["https:\/\/www.celttv.com.ar\/index.php\/2017\/09\/21\/se-presento-la-primera-etapa-del-proyecto-medicion-de-huella-de-carbono\/"]}]},{"@type":"BreadcrumbList","@id":"https:\/\/www.celttv.com.ar\/index.php\/2017\/09\/21\/se-presento-la-primera-etapa-del-proyecto-medicion-de-huella-de-carbono\/#breadcrumb","itemListElement":[{"@type":"ListItem","position":1,"name":"Inicio","item":"https:\/\/www.celttv.com.ar\/"},{"@type":"ListItem","position":2,"name":"Se present\u00f3 la primera etapa del proyecto \u201cMedici\u00f3n de Huella de carbono\u201d"}]},{"@type":"WebSite","@id":"https:\/\/www.celttv.com.ar\/#website","url":"https:\/\/www.celttv.com.ar\/","name":"CELTTV","description":"Cooperativa El\u00e9ctrica de Tornquist","publisher":{"@id":"https:\/\/www.celttv.com.ar\/#organization"},"potentialAction":[{"@type":"SearchAction","target":{"@type":"EntryPoint","urlTemplate":"https:\/\/www.celttv.com.ar\/?s={search_term_string}"},"query-input":"required name=search_term_string"}],"inLanguage":"es"},{"@type":"Organization","@id":"https:\/\/www.celttv.com.ar\/#organization","name":"CELTTV","url":"https:\/\/www.celttv.com.ar\/","sameAs":["https:\/\/www.youtube.com\/channel\/UCz_oIt8Hig64Ub-EmcNPIhg","https:\/\/www.facebook.com\/celtTV\/"],"logo":{"@type":"ImageObject","inLanguage":"es","@id":"https:\/\/www.celttv.com.ar\/#\/schema\/logo\/image\/","url":"http:\/\/www.celttv.com.ar\/wp-content\/uploads\/2022\/08\/logo-1.png","contentUrl":"http:\/\/www.celttv.com.ar\/wp-content\/uploads\/2022\/08\/logo-1.png","width":461,"height":159,"caption":"CELTTV"},"image":{"@id":"https:\/\/www.celttv.com.ar\/#\/schema\/logo\/image\/"}},{"@type":"Person","@id":"https:\/\/www.celttv.com.ar\/#\/schema\/person\/6d99c072dba59953809c81446e9d0ace","name":"ulises","image":{"@type":"ImageObject","inLanguage":"es","@id":"https:\/\/www.celttv.com.ar\/#\/schema\/person\/image\/","url":"https:\/\/secure.gravatar.com\/avatar\/7f2c48bdc33b30088f941fb6082e555f2874c98e20cb159d7b92b50eadfce793?s=96&d=mm&r=g","contentUrl":"https:\/\/secure.gravatar.com\/avatar\/7f2c48bdc33b30088f941fb6082e555f2874c98e20cb159d7b92b50eadfce793?s=96&d=mm&r=g","caption":"ulises"},"sameAs":["http:\/\/www.celttv.com.ar"]}]}},"_links":{"self":[{"href":"https:\/\/www.celttv.com.ar\/index.php\/wp-json\/wp\/v2\/posts\/33964","targetHints":{"allow":["GET"]}}],"collection":[{"href":"https:\/\/www.celttv.com.ar\/index.php\/wp-json\/wp\/v2\/posts"}],"about":[{"href":"https:\/\/www.celttv.com.ar\/index.php\/wp-json\/wp\/v2\/types\/post"}],"author":[{"embeddable":true,"href":"https:\/\/www.celttv.com.ar\/index.php\/wp-json\/wp\/v2\/users\/1"}],"replies":[{"embeddable":true,"href":"https:\/\/www.celttv.com.ar\/index.php\/wp-json\/wp\/v2\/comments?post=33964"}],"version-history":[{"count":0,"href":"https:\/\/www.celttv.com.ar\/index.php\/wp-json\/wp\/v2\/posts\/33964\/revisions"}],"wp:featuredmedia":[{"embeddable":true,"href":"https:\/\/www.celttv.com.ar\/index.php\/wp-json\/wp\/v2\/media\/33985"}],"wp:attachment":[{"href":"https:\/\/www.celttv.com.ar\/index.php\/wp-json\/wp\/v2\/media?parent=33964"}],"wp:term":[{"taxonomy":"category","embeddable":true,"href":"https:\/\/www.celttv.com.ar\/index.php\/wp-json\/wp\/v2\/categories?post=33964"},{"taxonomy":"post_tag","embeddable":true,"href":"https:\/\/www.celttv.com.ar\/index.php\/wp-json\/wp\/v2\/tags?post=33964"}],"curies":[{"name":"wp","href":"https:\/\/api.w.org\/{rel}","templated":true}]}}