{"id":341,"date":"2011-07-29T02:08:52","date_gmt":"2011-07-29T02:08:52","guid":{"rendered":"http:\/\/www.tvcnoticias.com.ar\/?p=341"},"modified":"2011-07-29T02:08:52","modified_gmt":"2011-07-29T02:08:52","slug":"plan-de-ordenamiento-territorial-de-la-comarca","status":"publish","type":"post","link":"https:\/\/www.celttv.com.ar\/index.php\/2011\/07\/29\/plan-de-ordenamiento-territorial-de-la-comarca\/","title":{"rendered":"PLAN DE ORDENAMIENTO TERRITORIAL DE LA COMARCA"},"content":{"rendered":"<p>Se trabaja en la revisi\u00f3n del plan<br \/>\nEn el marco de la Ley Provincial N\u00ba 8.912\/77 de Ordenamiento Territorial y Uso del Suelo, el Departamento Ejecutivo Municipal dio inicio al proceso de revisi\u00f3n del Plan de Ordenamiento Territorial de la Comarca de la Sierra de la Ventana \u2013 Partido de Tornquist, compendio normativo en vigencia en nuestro Distrito desde el a\u00f1o 2002.-<br \/>\nEl Ordenamiento Territorial como Pol\u00edtica de Estado, constituye una herramienta fundamental, toda vez que constituye un Instrumento a trav\u00e9s del cual se orienta y administra el desarrollo del territorio.-<br \/>\nEn este contexto, se entendi\u00f3 como de suma importancia proceder a la revisi\u00f3n del Plan de Ordenamiento Territorial, acorde a las transformaciones que ha registrado nuestro Distrito en los \u00faltimos a\u00f1os, y teniendo en cuenta que su puesta en pr\u00e1ctica data de fines del a\u00f1o 2002 (sancionado mediante Ordenanza Municipal N\u00ba 1461\/02 y convalidado por Decreto del Poder Ejecutivo Provincial N\u00ba 1821\/02).-<br \/>\nLa etapa de revisi\u00f3n del Plan de Ordenamiento, comenz\u00f3 a partir de un trabajo en conjunto desarrollado entre la Secretar\u00eda de Obras y Servicios P\u00fablicos del Municipio y el Honorable Concejo Deliberante, que implic\u00f3 la realizaci\u00f3n de varias reuniones en las cuales pudieron exponerse distintas inquietudes vinculadas a los efectos producidos en el territorio a partir de la puesta en pr\u00e1ctica del Plan de Ordenamiento en nuestro Distrito.-<br \/>\nA partir de ah\u00ed, comenz\u00f3 un nueva etapa de evaluaci\u00f3n de la Ordenanza que implica la participaci\u00f3n ciudadana, a trav\u00e9s de las Instituciones Intermedias y Organizaciones Barriales de las distintas localidades involucradas en la Normativa en actual revisi\u00f3n.-<br \/>\nA tal efecto se convoc\u00f3, en primera instancia, a la Asociaci\u00f3n para el Desarrollo Tur\u00edstico de la Comarca de Sierra de la Ventana que, a partir de la exposici\u00f3n de las distintas inquietudes, se logr\u00f3 obtener una importante visi\u00f3n integral de todo el Distrito (Corredor Tur\u00edstico que conforman las Rutas Pciales. N\u00ba 72 y 76 y cada una de las distintas localidades que lo integran), en relaci\u00f3n a la aplicaci\u00f3n del Plan de Ordenamiento y a las propuestas de revisi\u00f3n del mismo.-<br \/>\nPosteriormente, el pasado d\u00eda mi\u00e9rcoles, se realiz\u00f3 una reuni\u00f3n de similares caracter\u00edsticas con integrantes de la C\u00e1mara de Comercio, Industria y Turismo de Tornquist. Dicha reuni\u00f3n se concentr\u00f3 principalmente en los efectos producidos desde la puesta en vigencia de la Normativa en la ciudad cabecera de Distrito y su sector circundante, y en el Corredor Tur\u00edstico conformado a lo largo de la Ruta Pcial. N\u00ba 76.-<br \/>\nEstas reuniones de participaci\u00f3n ciudadana, tienen como principal objetivo acercar inquietudes y opiniones vinculadas a la puesta en pr\u00e1ctica de la Normativa vigente y, de esta forma, contribuir en la revisi\u00f3n de la misma, entendiendo al planeamiento urbano como un proceso din\u00e1mico en concordancia con el desarrollo registrado en nuestro Distrito en los \u00faltimos a\u00f1os.-<br \/>\nUna vez concluidas las reuniones con las distintas Instituciones, el Departamento Ejecutivo Municipal elaborar\u00e1 una propuesta de modificaci\u00f3n del Plan de Ordenamiento, la cual ser\u00e1 remitida para su convalidaci\u00f3n al Honorable Concejo Deliberante, para su posterior remisi\u00f3n a los Organismos Provinciales correspondientes.-<br \/>\n\u00a0<a rel=\"attachment wp-att-342\" href=\"http:\/\/www.tvcnoticias.com.ar\/?attachment_id=342\"><img loading=\"lazy\" decoding=\"async\" class=\"aligncenter size-full wp-image-342\" title=\"Asociaci\u00c3\u00b3n_de_Turismo_1[1] (Small)\" src=\"http:\/\/www.tvcnoticias.com.ar\/wp-content\/uploads\/2011\/07\/Asociaci\u00c3\u00b3n_de_Turismo_11-Small.jpg\" alt=\"\" width=\"640\" height=\"480\" \/><\/a><br \/>\n<a rel=\"attachment wp-att-343\" href=\"http:\/\/www.tvcnoticias.com.ar\/?attachment_id=343\"><img loading=\"lazy\" decoding=\"async\" class=\"aligncenter size-full wp-image-343\" title=\"Asociaci\u00c3\u00b3n_de_Turismo_2[1] (Small)\" src=\"http:\/\/www.tvcnoticias.com.ar\/wp-content\/uploads\/2011\/07\/Asociaci\u00c3\u00b3n_de_Turismo_21-Small.jpg\" alt=\"\" width=\"640\" height=\"480\" \/><\/a><\/p>\n","protected":false},"excerpt":{"rendered":"<p>Se trabaja en la revisi\u00f3n del plan En el marco de la Ley Provincial N\u00ba 8.912\/77 de Ordenamiento Territorial y Uso del Suelo, el Departamento Ejecutivo Municipal dio inicio al proceso de revisi\u00f3n del Plan de Ordenamiento Territorial de la Comarca de la Sierra de la Ventana \u2013 Partido de Tornquist, compendio normativo en vigencia [&hellip;]<\/p>\n","protected":false},"author":1,"featured_media":0,"comment_status":"closed","ping_status":"open","sticky":false,"template":"","format":"standard","meta":{"footnotes":""},"categories":[52,53],"tags":[],"class_list":["post-341","post","type-post","status-publish","format-standard","hentry","category-destacadas","category-politica"],"yoast_head":"<!-- This site is optimized with the Yoast SEO plugin v19.7.1 - https:\/\/yoast.com\/wordpress\/plugins\/seo\/ -->\n<title>PLAN DE ORDENAMIENTO TERRITORIAL DE LA COMARCA - CELTTV<\/title>\n<meta name=\"description\" content=\"Sitio web de noticias de la localidad de Tornquist, provincia de Buenos Aires, Rep\u00fablica Argentina. Contenido propio originado por periodistas de CELTTV, el canal de TV local de la Cooperativa El\u00e9ctrica de Tornquist. Turismo, Pol\u00edtica, Sociedad, Deporte, Cultura y todo el contenido de inter\u00e9s general que la gente del pueblo y la regi\u00f3n debe conocer.\" \/>\n<meta name=\"robots\" content=\"index, follow, max-snippet:-1, max-image-preview:large, max-video-preview:-1\" \/>\n<link rel=\"canonical\" href=\"https:\/\/www.celttv.com.ar\/index.php\/2011\/07\/29\/plan-de-ordenamiento-territorial-de-la-comarca\/\" \/>\n<meta property=\"og:locale\" content=\"es_ES\" \/>\n<meta property=\"og:type\" content=\"article\" \/>\n<meta property=\"og:title\" content=\"PLAN DE ORDENAMIENTO TERRITORIAL DE LA COMARCA - CELTTV\" \/>\n<meta property=\"og:description\" content=\"Sitio web de noticias de la localidad de Tornquist, provincia de Buenos Aires, Rep\u00fablica Argentina. Contenido propio originado por periodistas de CELTTV, el canal de TV local de la Cooperativa El\u00e9ctrica de Tornquist. Turismo, Pol\u00edtica, Sociedad, Deporte, Cultura y todo el contenido de inter\u00e9s general que la gente del pueblo y la regi\u00f3n debe conocer.\" \/>\n<meta property=\"og:url\" content=\"https:\/\/www.celttv.com.ar\/index.php\/2011\/07\/29\/plan-de-ordenamiento-territorial-de-la-comarca\/\" \/>\n<meta property=\"og:site_name\" content=\"CELTTV\" \/>\n<meta property=\"article:publisher\" content=\"https:\/\/www.facebook.com\/celtTV\/\" \/>\n<meta property=\"article:published_time\" content=\"2011-07-29T02:08:52+00:00\" \/>\n<meta name=\"author\" content=\"ulises\" \/>\n<meta name=\"twitter:card\" content=\"summary_large_image\" \/>\n<meta name=\"twitter:label1\" content=\"Escrito por\" \/>\n\t<meta name=\"twitter:data1\" content=\"ulises\" \/>\n\t<meta name=\"twitter:label2\" content=\"Tiempo de lectura\" \/>\n\t<meta name=\"twitter:data2\" content=\"3 minutos\" \/>\n<script type=\"application\/ld+json\" class=\"yoast-schema-graph\">{\"@context\":\"https:\/\/schema.org\",\"@graph\":[{\"@type\":\"NewsArticle\",\"@id\":\"https:\/\/www.celttv.com.ar\/index.php\/2011\/07\/29\/plan-de-ordenamiento-territorial-de-la-comarca\/#article\",\"isPartOf\":{\"@id\":\"https:\/\/www.celttv.com.ar\/index.php\/2011\/07\/29\/plan-de-ordenamiento-territorial-de-la-comarca\/\"},\"author\":{\"name\":\"ulises\",\"@id\":\"https:\/\/www.celttv.com.ar\/#\/schema\/person\/6d99c072dba59953809c81446e9d0ace\"},\"headline\":\"PLAN DE ORDENAMIENTO TERRITORIAL DE LA COMARCA\",\"datePublished\":\"2011-07-29T02:08:52+00:00\",\"dateModified\":\"2011-07-29T02:08:52+00:00\",\"mainEntityOfPage\":{\"@id\":\"https:\/\/www.celttv.com.ar\/index.php\/2011\/07\/29\/plan-de-ordenamiento-territorial-de-la-comarca\/\"},\"wordCount\":552,\"publisher\":{\"@id\":\"https:\/\/www.celttv.com.ar\/#organization\"},\"articleSection\":[\"Destacadas\",\"Pol\u00edtica\"],\"inLanguage\":\"es\"},{\"@type\":\"WebPage\",\"@id\":\"https:\/\/www.celttv.com.ar\/index.php\/2011\/07\/29\/plan-de-ordenamiento-territorial-de-la-comarca\/\",\"url\":\"https:\/\/www.celttv.com.ar\/index.php\/2011\/07\/29\/plan-de-ordenamiento-territorial-de-la-comarca\/\",\"name\":\"PLAN DE ORDENAMIENTO TERRITORIAL DE LA COMARCA - CELTTV\",\"isPartOf\":{\"@id\":\"https:\/\/www.celttv.com.ar\/#website\"},\"datePublished\":\"2011-07-29T02:08:52+00:00\",\"dateModified\":\"2011-07-29T02:08:52+00:00\",\"description\":\"Sitio web de noticias de la localidad de Tornquist, provincia de Buenos Aires, Rep\u00fablica Argentina. Contenido propio originado por periodistas de CELTTV, el canal de TV local de la Cooperativa El\u00e9ctrica de Tornquist. Turismo, Pol\u00edtica, Sociedad, Deporte, Cultura y todo el contenido de inter\u00e9s general que la gente del pueblo y la regi\u00f3n debe conocer.\",\"breadcrumb\":{\"@id\":\"https:\/\/www.celttv.com.ar\/index.php\/2011\/07\/29\/plan-de-ordenamiento-territorial-de-la-comarca\/#breadcrumb\"},\"inLanguage\":\"es\",\"potentialAction\":[{\"@type\":\"ReadAction\",\"target\":[\"https:\/\/www.celttv.com.ar\/index.php\/2011\/07\/29\/plan-de-ordenamiento-territorial-de-la-comarca\/\"]}]},{\"@type\":\"BreadcrumbList\",\"@id\":\"https:\/\/www.celttv.com.ar\/index.php\/2011\/07\/29\/plan-de-ordenamiento-territorial-de-la-comarca\/#breadcrumb\",\"itemListElement\":[{\"@type\":\"ListItem\",\"position\":1,\"name\":\"Inicio\",\"item\":\"https:\/\/www.celttv.com.ar\/\"},{\"@type\":\"ListItem\",\"position\":2,\"name\":\"PLAN DE ORDENAMIENTO TERRITORIAL DE LA COMARCA\"}]},{\"@type\":\"WebSite\",\"@id\":\"https:\/\/www.celttv.com.ar\/#website\",\"url\":\"https:\/\/www.celttv.com.ar\/\",\"name\":\"CELTTV\",\"description\":\"Cooperativa El\u00e9ctrica de Tornquist\",\"publisher\":{\"@id\":\"https:\/\/www.celttv.com.ar\/#organization\"},\"potentialAction\":[{\"@type\":\"SearchAction\",\"target\":{\"@type\":\"EntryPoint\",\"urlTemplate\":\"https:\/\/www.celttv.com.ar\/?s={search_term_string}\"},\"query-input\":\"required name=search_term_string\"}],\"inLanguage\":\"es\"},{\"@type\":\"Organization\",\"@id\":\"https:\/\/www.celttv.com.ar\/#organization\",\"name\":\"CELTTV\",\"url\":\"https:\/\/www.celttv.com.ar\/\",\"sameAs\":[\"https:\/\/www.youtube.com\/channel\/UCz_oIt8Hig64Ub-EmcNPIhg\",\"https:\/\/www.facebook.com\/celtTV\/\"],\"logo\":{\"@type\":\"ImageObject\",\"inLanguage\":\"es\",\"@id\":\"https:\/\/www.celttv.com.ar\/#\/schema\/logo\/image\/\",\"url\":\"http:\/\/www.celttv.com.ar\/wp-content\/uploads\/2022\/08\/logo-1.png\",\"contentUrl\":\"http:\/\/www.celttv.com.ar\/wp-content\/uploads\/2022\/08\/logo-1.png\",\"width\":461,\"height\":159,\"caption\":\"CELTTV\"},\"image\":{\"@id\":\"https:\/\/www.celttv.com.ar\/#\/schema\/logo\/image\/\"}},{\"@type\":\"Person\",\"@id\":\"https:\/\/www.celttv.com.ar\/#\/schema\/person\/6d99c072dba59953809c81446e9d0ace\",\"name\":\"ulises\",\"image\":{\"@type\":\"ImageObject\",\"inLanguage\":\"es\",\"@id\":\"https:\/\/www.celttv.com.ar\/#\/schema\/person\/image\/\",\"url\":\"https:\/\/secure.gravatar.com\/avatar\/7f2c48bdc33b30088f941fb6082e555f2874c98e20cb159d7b92b50eadfce793?s=96&d=mm&r=g\",\"contentUrl\":\"https:\/\/secure.gravatar.com\/avatar\/7f2c48bdc33b30088f941fb6082e555f2874c98e20cb159d7b92b50eadfce793?s=96&d=mm&r=g\",\"caption\":\"ulises\"},\"sameAs\":[\"http:\/\/www.celttv.com.ar\"]}]}<\/script>\n<!-- \/ Yoast SEO plugin. -->","yoast_head_json":{"title":"PLAN DE ORDENAMIENTO TERRITORIAL DE LA COMARCA - CELTTV","description":"Sitio web de noticias de la localidad de Tornquist, provincia de Buenos Aires, Rep\u00fablica Argentina. Contenido propio originado por periodistas de CELTTV, el canal de TV local de la Cooperativa El\u00e9ctrica de Tornquist. Turismo, Pol\u00edtica, Sociedad, Deporte, Cultura y todo el contenido de inter\u00e9s general que la gente del pueblo y la regi\u00f3n debe conocer.","robots":{"index":"index","follow":"follow","max-snippet":"max-snippet:-1","max-image-preview":"max-image-preview:large","max-video-preview":"max-video-preview:-1"},"canonical":"https:\/\/www.celttv.com.ar\/index.php\/2011\/07\/29\/plan-de-ordenamiento-territorial-de-la-comarca\/","og_locale":"es_ES","og_type":"article","og_title":"PLAN DE ORDENAMIENTO TERRITORIAL DE LA COMARCA - CELTTV","og_description":"Sitio web de noticias de la localidad de Tornquist, provincia de Buenos Aires, Rep\u00fablica Argentina. Contenido propio originado por periodistas de CELTTV, el canal de TV local de la Cooperativa El\u00e9ctrica de Tornquist. Turismo, Pol\u00edtica, Sociedad, Deporte, Cultura y todo el contenido de inter\u00e9s general que la gente del pueblo y la regi\u00f3n debe conocer.","og_url":"https:\/\/www.celttv.com.ar\/index.php\/2011\/07\/29\/plan-de-ordenamiento-territorial-de-la-comarca\/","og_site_name":"CELTTV","article_publisher":"https:\/\/www.facebook.com\/celtTV\/","article_published_time":"2011-07-29T02:08:52+00:00","author":"ulises","twitter_card":"summary_large_image","twitter_misc":{"Escrito por":"ulises","Tiempo de lectura":"3 minutos"},"schema":{"@context":"https:\/\/schema.org","@graph":[{"@type":"NewsArticle","@id":"https:\/\/www.celttv.com.ar\/index.php\/2011\/07\/29\/plan-de-ordenamiento-territorial-de-la-comarca\/#article","isPartOf":{"@id":"https:\/\/www.celttv.com.ar\/index.php\/2011\/07\/29\/plan-de-ordenamiento-territorial-de-la-comarca\/"},"author":{"name":"ulises","@id":"https:\/\/www.celttv.com.ar\/#\/schema\/person\/6d99c072dba59953809c81446e9d0ace"},"headline":"PLAN DE ORDENAMIENTO TERRITORIAL DE LA COMARCA","datePublished":"2011-07-29T02:08:52+00:00","dateModified":"2011-07-29T02:08:52+00:00","mainEntityOfPage":{"@id":"https:\/\/www.celttv.com.ar\/index.php\/2011\/07\/29\/plan-de-ordenamiento-territorial-de-la-comarca\/"},"wordCount":552,"publisher":{"@id":"https:\/\/www.celttv.com.ar\/#organization"},"articleSection":["Destacadas","Pol\u00edtica"],"inLanguage":"es"},{"@type":"WebPage","@id":"https:\/\/www.celttv.com.ar\/index.php\/2011\/07\/29\/plan-de-ordenamiento-territorial-de-la-comarca\/","url":"https:\/\/www.celttv.com.ar\/index.php\/2011\/07\/29\/plan-de-ordenamiento-territorial-de-la-comarca\/","name":"PLAN DE ORDENAMIENTO TERRITORIAL DE LA COMARCA - CELTTV","isPartOf":{"@id":"https:\/\/www.celttv.com.ar\/#website"},"datePublished":"2011-07-29T02:08:52+00:00","dateModified":"2011-07-29T02:08:52+00:00","description":"Sitio web de noticias de la localidad de Tornquist, provincia de Buenos Aires, Rep\u00fablica Argentina. Contenido propio originado por periodistas de CELTTV, el canal de TV local de la Cooperativa El\u00e9ctrica de Tornquist. Turismo, Pol\u00edtica, Sociedad, Deporte, Cultura y todo el contenido de inter\u00e9s general que la gente del pueblo y la regi\u00f3n debe conocer.","breadcrumb":{"@id":"https:\/\/www.celttv.com.ar\/index.php\/2011\/07\/29\/plan-de-ordenamiento-territorial-de-la-comarca\/#breadcrumb"},"inLanguage":"es","potentialAction":[{"@type":"ReadAction","target":["https:\/\/www.celttv.com.ar\/index.php\/2011\/07\/29\/plan-de-ordenamiento-territorial-de-la-comarca\/"]}]},{"@type":"BreadcrumbList","@id":"https:\/\/www.celttv.com.ar\/index.php\/2011\/07\/29\/plan-de-ordenamiento-territorial-de-la-comarca\/#breadcrumb","itemListElement":[{"@type":"ListItem","position":1,"name":"Inicio","item":"https:\/\/www.celttv.com.ar\/"},{"@type":"ListItem","position":2,"name":"PLAN DE ORDENAMIENTO TERRITORIAL DE LA COMARCA"}]},{"@type":"WebSite","@id":"https:\/\/www.celttv.com.ar\/#website","url":"https:\/\/www.celttv.com.ar\/","name":"CELTTV","description":"Cooperativa El\u00e9ctrica de Tornquist","publisher":{"@id":"https:\/\/www.celttv.com.ar\/#organization"},"potentialAction":[{"@type":"SearchAction","target":{"@type":"EntryPoint","urlTemplate":"https:\/\/www.celttv.com.ar\/?s={search_term_string}"},"query-input":"required name=search_term_string"}],"inLanguage":"es"},{"@type":"Organization","@id":"https:\/\/www.celttv.com.ar\/#organization","name":"CELTTV","url":"https:\/\/www.celttv.com.ar\/","sameAs":["https:\/\/www.youtube.com\/channel\/UCz_oIt8Hig64Ub-EmcNPIhg","https:\/\/www.facebook.com\/celtTV\/"],"logo":{"@type":"ImageObject","inLanguage":"es","@id":"https:\/\/www.celttv.com.ar\/#\/schema\/logo\/image\/","url":"http:\/\/www.celttv.com.ar\/wp-content\/uploads\/2022\/08\/logo-1.png","contentUrl":"http:\/\/www.celttv.com.ar\/wp-content\/uploads\/2022\/08\/logo-1.png","width":461,"height":159,"caption":"CELTTV"},"image":{"@id":"https:\/\/www.celttv.com.ar\/#\/schema\/logo\/image\/"}},{"@type":"Person","@id":"https:\/\/www.celttv.com.ar\/#\/schema\/person\/6d99c072dba59953809c81446e9d0ace","name":"ulises","image":{"@type":"ImageObject","inLanguage":"es","@id":"https:\/\/www.celttv.com.ar\/#\/schema\/person\/image\/","url":"https:\/\/secure.gravatar.com\/avatar\/7f2c48bdc33b30088f941fb6082e555f2874c98e20cb159d7b92b50eadfce793?s=96&d=mm&r=g","contentUrl":"https:\/\/secure.gravatar.com\/avatar\/7f2c48bdc33b30088f941fb6082e555f2874c98e20cb159d7b92b50eadfce793?s=96&d=mm&r=g","caption":"ulises"},"sameAs":["http:\/\/www.celttv.com.ar"]}]}},"_links":{"self":[{"href":"https:\/\/www.celttv.com.ar\/index.php\/wp-json\/wp\/v2\/posts\/341","targetHints":{"allow":["GET"]}}],"collection":[{"href":"https:\/\/www.celttv.com.ar\/index.php\/wp-json\/wp\/v2\/posts"}],"about":[{"href":"https:\/\/www.celttv.com.ar\/index.php\/wp-json\/wp\/v2\/types\/post"}],"author":[{"embeddable":true,"href":"https:\/\/www.celttv.com.ar\/index.php\/wp-json\/wp\/v2\/users\/1"}],"replies":[{"embeddable":true,"href":"https:\/\/www.celttv.com.ar\/index.php\/wp-json\/wp\/v2\/comments?post=341"}],"version-history":[{"count":0,"href":"https:\/\/www.celttv.com.ar\/index.php\/wp-json\/wp\/v2\/posts\/341\/revisions"}],"wp:attachment":[{"href":"https:\/\/www.celttv.com.ar\/index.php\/wp-json\/wp\/v2\/media?parent=341"}],"wp:term":[{"taxonomy":"category","embeddable":true,"href":"https:\/\/www.celttv.com.ar\/index.php\/wp-json\/wp\/v2\/categories?post=341"},{"taxonomy":"post_tag","embeddable":true,"href":"https:\/\/www.celttv.com.ar\/index.php\/wp-json\/wp\/v2\/tags?post=341"}],"curies":[{"name":"wp","href":"https:\/\/api.w.org\/{rel}","templated":true}]}}